{"id":13669,"date":"2022-08-03T14:15:34","date_gmt":"2022-08-03T14:15:34","guid":{"rendered":"https:\/\/laprensacristiana.com\/?p=13669"},"modified":"2022-08-03T14:15:35","modified_gmt":"2022-08-03T14:15:35","slug":"el-alfarero","status":"publish","type":"post","link":"https:\/\/laprensacristiana.com\/?p=13669","title":{"rendered":"El alfarero"},"content":{"rendered":"\n<p>Jerem\u00edas 18:4&nbsp;\u201cY la vasija de barro que estaba haciendo se ech\u00f3&nbsp;a perder en la mano del alfarero; as\u00ed&nbsp;que volvi\u00f3&nbsp;a hacer de ella otra vasija, seg\u00fan le pareci\u00f3&nbsp;mejor al alfarero hacerla\u201d<\/p>\n\n\n\n<p>La paciencia que el Se\u00f1or tiene para con nosotros es admirable. Bueno, hablo por mi, porque a lo largo de mi vida, de los a\u00f1os que he pasado caminando por este mundo, en el cual he cometido una serie b\u00e1rbara de errores y yerros,&nbsp;\u00e9l ha tenido que empezar una y otra vez conmigo.<\/p>\n\n\n\n<p>No se cansa de rehacerme. No se agota su Misericordia ni su paciencia la cual hasta hoy me ha sostenido. &nbsp;Predico su Palabra desde hace unos a\u00f1os. He estudiado en algunas universidades y he recibido diplomados que me han ayudado a incrementar mi acervo cultural con respecto a su Palabra. Pero\u2026<\/p>\n\n\n\n<p>Siempre hay un pero.<\/p>\n\n\n\n<p>Una y otra vez me vuelvo a desarmar. &nbsp;Especialmente cuando las cosas que no quiero hacer y las hago, como Pablo que luchaba a brazo partido contra esos deseos internos de desobedecer al Se\u00f1or y no poder agradarle como&nbsp;\u00e9l se lo merece.<\/p>\n\n\n\n<p>A Jerem\u00edas le pusieron un buen deber que hacer: Ir a la casa del alfarero en donde este trabajaba con el barro haciendo vasijas. Me imagino al profeta parado en los dinteles de la puerta del taller del artesano viendo como mov\u00eda la rueda con el pie y con sus manos tomaba el barro del cual, seg\u00fan&nbsp;\u00e9l, saldr\u00eda una vasija hermosa y bien hecha.<\/p>\n\n\n\n<p>Pero no fue as\u00ed. Con asombro vio que el barro se resquebrajaba sin darle tiempo al hombre que la estaba haciendo de detener esa ca\u00edda. Inevitablemente, el alfarero tomaba el mont\u00f3n de barro sin forma, amorfa y sin cansarse, volv\u00eda a poner el barro en el centro de su plato para empezar de nuevo. Sin cansarse. Sin detenerse a averiguar qu\u00e9&nbsp;hab\u00eda pasado. Solo lo volv\u00eda &nbsp;poner en su lugar y, moj\u00e1ndose las manos con agua, empezaba otra vez a levantar aquel trozo de barro hasta llegar a hacer lo que ten\u00eda en mente.<\/p>\n\n\n\n<p>Jerem\u00edas observa todo el proceso y viendo el trabajo incansable del alfarero, escucha la Voz de Dios que le explica que eso que est\u00e1&nbsp;viendo f\u00edsicamente, es lo que&nbsp;\u00e9l hace con nosotros. En mi, especialmente. Es por eso que esta historia habla de mi vida, de mis procesos, de mis ca\u00eddas y levantadas. De ese inmenso amor de Dios por mi que no lo merezco ni lo estaba buscando como deb\u00eda ser.<\/p>\n\n\n\n<p>Y creo que en este punto de mi escrito es bueno preguntarle a usted:&nbsp;\u00bfCuantas veces se ha desarmado en su vida? &nbsp;\u00bfCuantas cosas se han desarmado en su existencia? Quiz\u00e1&nbsp;se desarm\u00f3&nbsp;su matrimonio y ya no lo pudo rehacer. O sus hijos se echaron a perder por falta de atenci\u00f3n, de darles tiempo o disciplina. Seguramente se ech\u00f3&nbsp;a perder un buen trabajo que ten\u00eda porque llegaba tarde, porque se sinti\u00f3&nbsp;indispensable o porque no fue respetuoso.<\/p>\n\n\n\n<p>No tenemos porqu\u00e9&nbsp;sentir verg\u00fcenza de nosotros mismos al darnos cuenta que, como la vasija del alfarero, tambi\u00e9n hemos necesitado que se nos levante vez tras vez mientras nos llega el d\u00eda final. &nbsp;Como la vasija que Dios est\u00e1&nbsp;haciendo, por momentos nos echamos a perder por una pasi\u00f3n desordenada, por darle rienda suelta a nuestras herencias pecaminosas o porque no le ponemos freno al caballo de ira que llevamos dentro.<\/p>\n\n\n\n<p>Es indudable que en el proceso de nuestro caminar muchas veces nos hemos echado a perder porque no supimos manejar debidamente las finanzas cuando las tuvimos y hemos tenido que empezar de cero, cancelar deudas que no debimos adquirir, dejar ir personas que solo nos vampirizaban, que nos chupaban la energ\u00eda pero que en nuestro coraz\u00f3n sent\u00edamos que no pod\u00edamos vivir sin ellas. &nbsp;Nos echamos a perder cuando en alguna reuni\u00f3n dijimos algo o hicimos algo que despu\u00e9s se convirti\u00f3&nbsp;en verg\u00fcenza y humillaci\u00f3n.&nbsp;<\/p>\n\n\n\n<p>Jerem\u00edas est\u00e1&nbsp;observando nuestras vidas. Est\u00e1&nbsp;viendo como somos realmente, pero lo m\u00e1s importante de todo, Jerem\u00edas est\u00e1&nbsp;recibiendo un mensaje de consuelo, un mensaje de b\u00e1lsamo de parte del Se\u00f1or que le dice que eso que ve es lo mismo que nos sucede a nosotros. Que como el Alfarero perfecto, no nos dejar\u00e1&nbsp;sin forma, sin identidad, sin que se sepa qu\u00e9&nbsp;ha hecho&nbsp;\u00e9l por nosotros. Y al leer la historia del alfarero, nos damos cuenta que somos muy bendecidos por el Amor de nuestro Dios que no nos dejar\u00e1&nbsp;ca\u00eddos, no nos abandonar\u00e1&nbsp;a nuestra suerte y mostrar\u00e1&nbsp;al mundo que aunque somos vasijas de barro,&nbsp;\u00e9l se ocupa de estar siempre presente en nuestras falencias o en nuestros momentos m\u00e1s feos.<\/p>\n","protected":false},"excerpt":{"rendered":"<p>Jerem\u00edas 18:4&nbsp;\u201cY la vasija de barro que estaba haciendo se ech\u00f3&nbsp;a perder en la mano del alfarero; as\u00ed&nbsp;que volvi\u00f3&nbsp;a hacer de ella otra vasija, seg\u00fan le pareci\u00f3&nbsp;mejor al alfarero hacerla\u201d La paciencia que el Se\u00f1or tiene para con nosotros es admirable. Bueno, hablo por mi, porque a lo largo de mi vida, de los a\u00f1os [&hellip;]<\/p>\n","protected":false},"author":3,"featured_media":13562,"comment_status":"open","ping_status":"open","sticky":false,"template":"","format":"standard","meta":[],"categories":[36],"tags":[],"yoast_head":"<!-- This site is optimized with the Yoast SEO plugin v20.8 - https:\/\/yoast.com\/wordpress\/plugins\/seo\/ -->\n<title>El alfarero - La Prensa Cristiana<\/title>\n<meta name=\"robots\" content=\"index, follow, max-snippet:-1, max-image-preview:large, max-video-preview:-1\" \/>\n<link rel=\"canonical\" href=\"https:\/\/laprensacristiana.com\/?p=13669\" \/>\n<meta property=\"og:locale\" content=\"es_ES\" \/>\n<meta property=\"og:type\" content=\"article\" \/>\n<meta property=\"og:title\" content=\"El alfarero - La Prensa Cristiana\" \/>\n<meta property=\"og:description\" content=\"Jerem\u00edas 18:4&nbsp;\u201cY la vasija de barro que estaba haciendo se ech\u00f3&nbsp;a perder en la mano del alfarero; as\u00ed&nbsp;que volvi\u00f3&nbsp;a hacer de ella otra vasija, seg\u00fan le pareci\u00f3&nbsp;mejor al alfarero hacerla\u201d La paciencia que el Se\u00f1or tiene para con nosotros es admirable. Bueno, hablo por mi, porque a lo largo de mi vida, de los a\u00f1os [&hellip;]\" \/>\n<meta property=\"og:url\" content=\"https:\/\/laprensacristiana.com\/?p=13669\" \/>\n<meta property=\"og:site_name\" content=\"La Prensa Cristiana\" \/>\n<meta property=\"article:published_time\" content=\"2022-08-03T14:15:34+00:00\" \/>\n<meta property=\"article:modified_time\" content=\"2022-08-03T14:15:35+00:00\" \/>\n<meta property=\"og:image\" content=\"https:\/\/laprensacristiana.com\/wp-content\/uploads\/2022\/07\/538DDCB1-2E77-43B1-93CC-AFB815D9545F.png\" \/>\n\t<meta property=\"og:image:width\" content=\"1280\" \/>\n\t<meta property=\"og:image:height\" content=\"714\" \/>\n\t<meta property=\"og:image:type\" content=\"image\/png\" \/>\n<meta name=\"author\" content=\"EDITOR\" \/>\n<meta name=\"twitter:card\" content=\"summary_large_image\" \/>\n<meta name=\"twitter:label1\" content=\"Escrito por\" \/>\n\t<meta name=\"twitter:data1\" content=\"EDITOR\" \/>\n\t<meta name=\"twitter:label2\" content=\"Tiempo de lectura\" \/>\n\t<meta name=\"twitter:data2\" content=\"4 minutos\" \/>\n<script type=\"application\/ld+json\" class=\"yoast-schema-graph\">{\"@context\":\"https:\/\/schema.org\",\"@graph\":[{\"@type\":\"WebPage\",\"@id\":\"https:\/\/laprensacristiana.com\/?p=13669\",\"url\":\"https:\/\/laprensacristiana.com\/?p=13669\",\"name\":\"El alfarero - La Prensa Cristiana\",\"isPartOf\":{\"@id\":\"https:\/\/laprensacristiana.com\/#website\"},\"datePublished\":\"2022-08-03T14:15:34+00:00\",\"dateModified\":\"2022-08-03T14:15:35+00:00\",\"author\":{\"@id\":\"https:\/\/laprensacristiana.com\/#\/schema\/person\/3e7d82c6bfd6b1fa67010f8f7cd5256e\"},\"breadcrumb\":{\"@id\":\"https:\/\/laprensacristiana.com\/?p=13669#breadcrumb\"},\"inLanguage\":\"es\",\"potentialAction\":[{\"@type\":\"ReadAction\",\"target\":[\"https:\/\/laprensacristiana.com\/?p=13669\"]}]},{\"@type\":\"BreadcrumbList\",\"@id\":\"https:\/\/laprensacristiana.com\/?p=13669#breadcrumb\",\"itemListElement\":[{\"@type\":\"ListItem\",\"position\":1,\"name\":\"Portada\",\"item\":\"https:\/\/laprensacristiana.com\/\"},{\"@type\":\"ListItem\",\"position\":2,\"name\":\"El alfarero\"}]},{\"@type\":\"WebSite\",\"@id\":\"https:\/\/laprensacristiana.com\/#website\",\"url\":\"https:\/\/laprensacristiana.com\/\",\"name\":\"La Prensa Cristiana\",\"description\":\"Anunciando Las Buenas Nuevas\",\"potentialAction\":[{\"@type\":\"SearchAction\",\"target\":{\"@type\":\"EntryPoint\",\"urlTemplate\":\"https:\/\/laprensacristiana.com\/?s={search_term_string}\"},\"query-input\":\"required name=search_term_string\"}],\"inLanguage\":\"es\"},{\"@type\":\"Person\",\"@id\":\"https:\/\/laprensacristiana.com\/#\/schema\/person\/3e7d82c6bfd6b1fa67010f8f7cd5256e\",\"name\":\"EDITOR\",\"image\":{\"@type\":\"ImageObject\",\"inLanguage\":\"es\",\"@id\":\"https:\/\/laprensacristiana.com\/#\/schema\/person\/image\/\",\"url\":\"https:\/\/secure.gravatar.com\/avatar\/72069dfb6c13772d9e8381e3638666d2?s=96&d=mm&r=g\",\"contentUrl\":\"https:\/\/secure.gravatar.com\/avatar\/72069dfb6c13772d9e8381e3638666d2?s=96&d=mm&r=g\",\"caption\":\"EDITOR\"},\"url\":\"https:\/\/laprensacristiana.com\/?author=3\"}]}<\/script>\n<!-- \/ Yoast SEO plugin. -->","yoast_head_json":{"title":"El alfarero - La Prensa Cristiana","robots":{"index":"index","follow":"follow","max-snippet":"max-snippet:-1","max-image-preview":"max-image-preview:large","max-video-preview":"max-video-preview:-1"},"canonical":"https:\/\/laprensacristiana.com\/?p=13669","og_locale":"es_ES","og_type":"article","og_title":"El alfarero - La Prensa Cristiana","og_description":"Jerem\u00edas 18:4&nbsp;\u201cY la vasija de barro que estaba haciendo se ech\u00f3&nbsp;a perder en la mano del alfarero; as\u00ed&nbsp;que volvi\u00f3&nbsp;a hacer de ella otra vasija, seg\u00fan le pareci\u00f3&nbsp;mejor al alfarero hacerla\u201d La paciencia que el Se\u00f1or tiene para con nosotros es admirable. Bueno, hablo por mi, porque a lo largo de mi vida, de los a\u00f1os [&hellip;]","og_url":"https:\/\/laprensacristiana.com\/?p=13669","og_site_name":"La Prensa Cristiana","article_published_time":"2022-08-03T14:15:34+00:00","article_modified_time":"2022-08-03T14:15:35+00:00","og_image":[{"width":1280,"height":714,"url":"https:\/\/laprensacristiana.com\/wp-content\/uploads\/2022\/07\/538DDCB1-2E77-43B1-93CC-AFB815D9545F.png","type":"image\/png"}],"author":"EDITOR","twitter_card":"summary_large_image","twitter_misc":{"Escrito por":"EDITOR","Tiempo de lectura":"4 minutos"},"schema":{"@context":"https:\/\/schema.org","@graph":[{"@type":"WebPage","@id":"https:\/\/laprensacristiana.com\/?p=13669","url":"https:\/\/laprensacristiana.com\/?p=13669","name":"El alfarero - La Prensa Cristiana","isPartOf":{"@id":"https:\/\/laprensacristiana.com\/#website"},"datePublished":"2022-08-03T14:15:34+00:00","dateModified":"2022-08-03T14:15:35+00:00","author":{"@id":"https:\/\/laprensacristiana.com\/#\/schema\/person\/3e7d82c6bfd6b1fa67010f8f7cd5256e"},"breadcrumb":{"@id":"https:\/\/laprensacristiana.com\/?p=13669#breadcrumb"},"inLanguage":"es","potentialAction":[{"@type":"ReadAction","target":["https:\/\/laprensacristiana.com\/?p=13669"]}]},{"@type":"BreadcrumbList","@id":"https:\/\/laprensacristiana.com\/?p=13669#breadcrumb","itemListElement":[{"@type":"ListItem","position":1,"name":"Portada","item":"https:\/\/laprensacristiana.com\/"},{"@type":"ListItem","position":2,"name":"El alfarero"}]},{"@type":"WebSite","@id":"https:\/\/laprensacristiana.com\/#website","url":"https:\/\/laprensacristiana.com\/","name":"La Prensa Cristiana","description":"Anunciando Las Buenas Nuevas","potentialAction":[{"@type":"SearchAction","target":{"@type":"EntryPoint","urlTemplate":"https:\/\/laprensacristiana.com\/?s={search_term_string}"},"query-input":"required name=search_term_string"}],"inLanguage":"es"},{"@type":"Person","@id":"https:\/\/laprensacristiana.com\/#\/schema\/person\/3e7d82c6bfd6b1fa67010f8f7cd5256e","name":"EDITOR","image":{"@type":"ImageObject","inLanguage":"es","@id":"https:\/\/laprensacristiana.com\/#\/schema\/person\/image\/","url":"https:\/\/secure.gravatar.com\/avatar\/72069dfb6c13772d9e8381e3638666d2?s=96&d=mm&r=g","contentUrl":"https:\/\/secure.gravatar.com\/avatar\/72069dfb6c13772d9e8381e3638666d2?s=96&d=mm&r=g","caption":"EDITOR"},"url":"https:\/\/laprensacristiana.com\/?author=3"}]}},"_links":{"self":[{"href":"https:\/\/laprensacristiana.com\/index.php?rest_route=\/wp\/v2\/posts\/13669"}],"collection":[{"href":"https:\/\/laprensacristiana.com\/index.php?rest_route=\/wp\/v2\/posts"}],"about":[{"href":"https:\/\/laprensacristiana.com\/index.php?rest_route=\/wp\/v2\/types\/post"}],"author":[{"embeddable":true,"href":"https:\/\/laprensacristiana.com\/index.php?rest_route=\/wp\/v2\/users\/3"}],"replies":[{"embeddable":true,"href":"https:\/\/laprensacristiana.com\/index.php?rest_route=%2Fwp%2Fv2%2Fcomments&post=13669"}],"version-history":[{"count":1,"href":"https:\/\/laprensacristiana.com\/index.php?rest_route=\/wp\/v2\/posts\/13669\/revisions"}],"predecessor-version":[{"id":13670,"href":"https:\/\/laprensacristiana.com\/index.php?rest_route=\/wp\/v2\/posts\/13669\/revisions\/13670"}],"wp:featuredmedia":[{"embeddable":true,"href":"https:\/\/laprensacristiana.com\/index.php?rest_route=\/wp\/v2\/media\/13562"}],"wp:attachment":[{"href":"https:\/\/laprensacristiana.com\/index.php?rest_route=%2Fwp%2Fv2%2Fmedia&parent=13669"}],"wp:term":[{"taxonomy":"category","embeddable":true,"href":"https:\/\/laprensacristiana.com\/index.php?rest_route=%2Fwp%2Fv2%2Fcategories&post=13669"},{"taxonomy":"post_tag","embeddable":true,"href":"https:\/\/laprensacristiana.com\/index.php?rest_route=%2Fwp%2Fv2%2Ftags&post=13669"}],"curies":[{"name":"wp","href":"https:\/\/api.w.org\/{rel}","templated":true}]}}