{"id":13689,"date":"2022-08-07T23:17:46","date_gmt":"2022-08-07T23:17:46","guid":{"rendered":"https:\/\/laprensacristiana.com\/?p=13689"},"modified":"2022-08-07T23:17:47","modified_gmt":"2022-08-07T23:17:47","slug":"de-pronto-un-no-cae-bien","status":"publish","type":"post","link":"https:\/\/laprensacristiana.com\/?p=13689","title":{"rendered":"De pronto un \u00abNO\u00bb, cae bien"},"content":{"rendered":"\n<p>Mateo 10:5 \u201cA estos doce envi\u00f3 Jes\u00fas despu\u00e9s de instruirlos, diciendo: No vay\u00e1is por el camino de los gentiles, y no entr\u00e9is en ninguna ciudad de los samaritanos\u2026\u201d<\/p>\n\n\n\n<p>Hasta el a\u00f1o dos mil cinco, mi agenda estuvo saturada de compromisos en varias iglesias del pa\u00eds.&nbsp; Sin af\u00e1n de parecer orgulloso o pretencioso, el Se\u00f1or, sin darme cuenta, me estaba ense\u00f1ando cosas que yo no sab\u00eda.&nbsp; Por algo el profeta dice: Clama a m\u00ed y yo te responder\u00e9. Esas palabras est\u00e1n escritas en muchas paredes de congregaciones como un mantra, como una declaraci\u00f3n de fe, pero lo que no ponen es el resto: Y te mostrar\u00e9 cosas grandes y ocultas que t\u00fa no conoces. Esa es la parte que yo necesitaba conocer.<\/p>\n\n\n\n<p>Y la \u00fanica manera de hacerlo fue meterme de cabeza en el ministerio de la Palabra de modo que muchas iglesias me agendaban para sus campa\u00f1as anuales. Claro, sin temor debo confesar que me sent\u00ed en la pin\u00e1culo de mi llamado. Iba de un lugar a otro y a veces hasta aceptaba compromisos dobles cada d\u00eda. Una pr\u00e9dica a las siete de la noche en un lugar y otra a las once de la noche cerrando alguna vigilia. Era un caos ministerial y yo no lo sab\u00eda.<\/p>\n\n\n\n<p>Hasta que lleg\u00f3 el colapso. Mi esposa se atrevi\u00f3 a hablarme del asunto, mi pastor me llam\u00f3 desde Guatemala para ponerme en mi lugar y fue entonces que ca\u00ed en la cuenta de algo: Yo no sab\u00eda decir no. Y en ese af\u00e1n de agradar a los pastores que me invitaban constantemente a sus iglesias fui cayendo en un estr\u00e9s terrible, en miedos en la carretera y en un gasto enorme de energ\u00eda interna.<\/p>\n\n\n\n<p>Mi vida espiritual sufri\u00f3 las consecuencias. Mi congregaci\u00f3n sufri\u00f3 tambi\u00e9n las consecuencias porque tuve que empezar a delegar a otras personas para que sacaran adelante los compromisos propios de mi segunda obligaci\u00f3n: atender el reba\u00f1o que Dios me hab\u00eda confiado. Si, el segundo, porque el primero fue mi esposa que se empez\u00f3 a sentir sola y relegada por mi abandono como esposo.<\/p>\n\n\n\n<p>La rega\u00f1ada de mi pastor, como dijo David, me cay\u00f3 en lugares deleitosos. Me hizo ver que de cuando en cuando hay que decir \u201cno\u201d.&nbsp; No fue f\u00e1cil para mi hacerlo, pero el Esp\u00edritu Santo tuvo compasi\u00f3n de mi vida y mi salud y me convenci\u00f3 de que el consejo de mi pastor ven\u00eda de \u00c9l y que con su ayuda podr\u00eda hacerlo.<\/p>\n\n\n\n<p>Ahora que recuerdo ese episodio de mi vida me pongo a pensar: \u00bfCuantas personas han ca\u00eddo en alg\u00fan pecado sexual o pornogr\u00e1fico por no saber decir no?<\/p>\n\n\n\n<p>Cuantas mujeres se han visto envueltas en una relaci\u00f3n pecaminosa que ha puesto en peligro no solo sus virtudes y sus valores pero tambi\u00e9n su hogar o su matrimonio, todo porque no supieron decir no?<\/p>\n\n\n\n<p>Se\u00f1oritas que han perdido su valor \u00edntimo al haber cedido a las peticiones de un p\u00edcaro que se aprovech\u00f3 de ellas y las dejaron abandonadas con un hijo bastardo porque en su momento no supieron decir no.<\/p>\n\n\n\n<p>Pastores que han perdido su ministerio porque se vieron envueltos en&nbsp; una relaci\u00f3n prohibida por la Biblia que ellos mismos ense\u00f1aban, todo porque no supieron decir no a sus impulsos varoniles.<\/p>\n\n\n\n<p>Jesus les dijo a sus ayudantes que no fueran a predicarles a los gentiles ni a los samaritanos. Me imagino m\u00e1s de una frente arrugada y ojos inquisidores viendo y escuchando a Jesus darles ese tipo de instrucciones. \u00bfAcaso no ten\u00edan que ir a todos los lugares a predicar que el Reino de Dios se hab\u00eda acercado? &nbsp;\u00bfAcaso no estaban ellos siendo capacitados para llevar las Buenas Nuevas a todo aquel que se cruzara en su camino?&nbsp; \u00bfNo hab\u00eda dicho Jesus que \u00e9l hab\u00eda venido a salvar al mundo?&nbsp; \u00bfEntonces?&nbsp; \u00bfPor qu\u00e9 ese NO tan rotundo del Se\u00f1or para que ellos no fueran a cumplir su misi\u00f3n?<\/p>\n\n\n\n<p>Esas son las \u201ccosas ocultas que t\u00fa no conoces\u201d. El tiempo de los gentiles no hab\u00eda llegado. Iba a haber un tiempo dise\u00f1ado por el Padre para que Jesus y sus disc\u00edpulos fueran a la gentilidad. Pero por el momento, mis amigos disc\u00edpulos, solo a Jerusalem y a las ovejas perdidas de la Casa de Israel. Los dem\u00e1s ya tendr\u00e1n su oportunidad.&nbsp; Cornelio y Jairo se lo demostrar\u00e1n. Pero hoy no. As\u00ed de sencillo.<\/p>\n\n\n\n<p>Si nosotros no aprendemos de la historia, escribiremos nuestra propia historia. Y eso duele. Preg\u00fantele a una madre soltera si ha sido f\u00e1cil criar sola a un hijo. Preg\u00fantele a una mujer golpeada y abusada por un borracho si ha sido f\u00e1cil su vida matrimonial. O hable con un predicador \u201cmuy\u201d solicitado como yo que tuve que aprender mi lecci\u00f3n en carne propia.<\/p>\n\n\n\n<p>Todo por no saber que de cuando en cuando\u2026hay que decir \u201cno\u2026\u201d<\/p>\n","protected":false},"excerpt":{"rendered":"<p>Mateo 10:5 \u201cA estos doce envi\u00f3 Jes\u00fas despu\u00e9s de instruirlos, diciendo: No vay\u00e1is por el camino de los gentiles, y no entr\u00e9is en ninguna ciudad de los samaritanos\u2026\u201d Hasta el a\u00f1o dos mil cinco, mi agenda estuvo saturada de compromisos en varias iglesias del pa\u00eds.&nbsp; Sin af\u00e1n de parecer orgulloso o pretencioso, el Se\u00f1or, sin [&hellip;]<\/p>\n","protected":false},"author":3,"featured_media":13562,"comment_status":"open","ping_status":"open","sticky":false,"template":"","format":"standard","meta":[],"categories":[36],"tags":[],"yoast_head":"<!-- This site is optimized with the Yoast SEO plugin v20.8 - https:\/\/yoast.com\/wordpress\/plugins\/seo\/ -->\n<title>De pronto un &quot;NO&quot;, cae bien - La Prensa Cristiana<\/title>\n<meta name=\"robots\" content=\"index, follow, max-snippet:-1, max-image-preview:large, max-video-preview:-1\" \/>\n<link rel=\"canonical\" href=\"https:\/\/laprensacristiana.com\/?p=13689\" \/>\n<meta property=\"og:locale\" content=\"es_ES\" \/>\n<meta property=\"og:type\" content=\"article\" \/>\n<meta property=\"og:title\" content=\"De pronto un &quot;NO&quot;, cae bien - La Prensa Cristiana\" \/>\n<meta property=\"og:description\" content=\"Mateo 10:5 \u201cA estos doce envi\u00f3 Jes\u00fas despu\u00e9s de instruirlos, diciendo: No vay\u00e1is por el camino de los gentiles, y no entr\u00e9is en ninguna ciudad de los samaritanos\u2026\u201d Hasta el a\u00f1o dos mil cinco, mi agenda estuvo saturada de compromisos en varias iglesias del pa\u00eds.&nbsp; Sin af\u00e1n de parecer orgulloso o pretencioso, el Se\u00f1or, sin [&hellip;]\" \/>\n<meta property=\"og:url\" content=\"https:\/\/laprensacristiana.com\/?p=13689\" \/>\n<meta property=\"og:site_name\" content=\"La Prensa Cristiana\" \/>\n<meta property=\"article:published_time\" content=\"2022-08-07T23:17:46+00:00\" \/>\n<meta property=\"article:modified_time\" content=\"2022-08-07T23:17:47+00:00\" \/>\n<meta property=\"og:image\" content=\"https:\/\/laprensacristiana.com\/wp-content\/uploads\/2022\/07\/538DDCB1-2E77-43B1-93CC-AFB815D9545F.png\" \/>\n\t<meta property=\"og:image:width\" content=\"1280\" \/>\n\t<meta property=\"og:image:height\" content=\"714\" \/>\n\t<meta property=\"og:image:type\" content=\"image\/png\" \/>\n<meta name=\"author\" content=\"EDITOR\" \/>\n<meta name=\"twitter:card\" content=\"summary_large_image\" \/>\n<meta name=\"twitter:label1\" content=\"Escrito por\" \/>\n\t<meta name=\"twitter:data1\" content=\"EDITOR\" \/>\n\t<meta name=\"twitter:label2\" content=\"Tiempo de lectura\" \/>\n\t<meta name=\"twitter:data2\" content=\"4 minutos\" \/>\n<script type=\"application\/ld+json\" class=\"yoast-schema-graph\">{\"@context\":\"https:\/\/schema.org\",\"@graph\":[{\"@type\":\"WebPage\",\"@id\":\"https:\/\/laprensacristiana.com\/?p=13689\",\"url\":\"https:\/\/laprensacristiana.com\/?p=13689\",\"name\":\"De pronto un \\\"NO\\\", cae bien - La Prensa Cristiana\",\"isPartOf\":{\"@id\":\"https:\/\/laprensacristiana.com\/#website\"},\"datePublished\":\"2022-08-07T23:17:46+00:00\",\"dateModified\":\"2022-08-07T23:17:47+00:00\",\"author\":{\"@id\":\"https:\/\/laprensacristiana.com\/#\/schema\/person\/3e7d82c6bfd6b1fa67010f8f7cd5256e\"},\"breadcrumb\":{\"@id\":\"https:\/\/laprensacristiana.com\/?p=13689#breadcrumb\"},\"inLanguage\":\"es\",\"potentialAction\":[{\"@type\":\"ReadAction\",\"target\":[\"https:\/\/laprensacristiana.com\/?p=13689\"]}]},{\"@type\":\"BreadcrumbList\",\"@id\":\"https:\/\/laprensacristiana.com\/?p=13689#breadcrumb\",\"itemListElement\":[{\"@type\":\"ListItem\",\"position\":1,\"name\":\"Portada\",\"item\":\"https:\/\/laprensacristiana.com\/\"},{\"@type\":\"ListItem\",\"position\":2,\"name\":\"De pronto un \u00abNO\u00bb, cae bien\"}]},{\"@type\":\"WebSite\",\"@id\":\"https:\/\/laprensacristiana.com\/#website\",\"url\":\"https:\/\/laprensacristiana.com\/\",\"name\":\"La Prensa Cristiana\",\"description\":\"Anunciando Las Buenas Nuevas\",\"potentialAction\":[{\"@type\":\"SearchAction\",\"target\":{\"@type\":\"EntryPoint\",\"urlTemplate\":\"https:\/\/laprensacristiana.com\/?s={search_term_string}\"},\"query-input\":\"required name=search_term_string\"}],\"inLanguage\":\"es\"},{\"@type\":\"Person\",\"@id\":\"https:\/\/laprensacristiana.com\/#\/schema\/person\/3e7d82c6bfd6b1fa67010f8f7cd5256e\",\"name\":\"EDITOR\",\"image\":{\"@type\":\"ImageObject\",\"inLanguage\":\"es\",\"@id\":\"https:\/\/laprensacristiana.com\/#\/schema\/person\/image\/\",\"url\":\"https:\/\/secure.gravatar.com\/avatar\/72069dfb6c13772d9e8381e3638666d2?s=96&d=mm&r=g\",\"contentUrl\":\"https:\/\/secure.gravatar.com\/avatar\/72069dfb6c13772d9e8381e3638666d2?s=96&d=mm&r=g\",\"caption\":\"EDITOR\"},\"url\":\"https:\/\/laprensacristiana.com\/?author=3\"}]}<\/script>\n<!-- \/ Yoast SEO plugin. -->","yoast_head_json":{"title":"De pronto un \"NO\", cae bien - La Prensa Cristiana","robots":{"index":"index","follow":"follow","max-snippet":"max-snippet:-1","max-image-preview":"max-image-preview:large","max-video-preview":"max-video-preview:-1"},"canonical":"https:\/\/laprensacristiana.com\/?p=13689","og_locale":"es_ES","og_type":"article","og_title":"De pronto un \"NO\", cae bien - La Prensa Cristiana","og_description":"Mateo 10:5 \u201cA estos doce envi\u00f3 Jes\u00fas despu\u00e9s de instruirlos, diciendo: No vay\u00e1is por el camino de los gentiles, y no entr\u00e9is en ninguna ciudad de los samaritanos\u2026\u201d Hasta el a\u00f1o dos mil cinco, mi agenda estuvo saturada de compromisos en varias iglesias del pa\u00eds.&nbsp; Sin af\u00e1n de parecer orgulloso o pretencioso, el Se\u00f1or, sin [&hellip;]","og_url":"https:\/\/laprensacristiana.com\/?p=13689","og_site_name":"La Prensa Cristiana","article_published_time":"2022-08-07T23:17:46+00:00","article_modified_time":"2022-08-07T23:17:47+00:00","og_image":[{"width":1280,"height":714,"url":"https:\/\/laprensacristiana.com\/wp-content\/uploads\/2022\/07\/538DDCB1-2E77-43B1-93CC-AFB815D9545F.png","type":"image\/png"}],"author":"EDITOR","twitter_card":"summary_large_image","twitter_misc":{"Escrito por":"EDITOR","Tiempo de lectura":"4 minutos"},"schema":{"@context":"https:\/\/schema.org","@graph":[{"@type":"WebPage","@id":"https:\/\/laprensacristiana.com\/?p=13689","url":"https:\/\/laprensacristiana.com\/?p=13689","name":"De pronto un \"NO\", cae bien - La Prensa Cristiana","isPartOf":{"@id":"https:\/\/laprensacristiana.com\/#website"},"datePublished":"2022-08-07T23:17:46+00:00","dateModified":"2022-08-07T23:17:47+00:00","author":{"@id":"https:\/\/laprensacristiana.com\/#\/schema\/person\/3e7d82c6bfd6b1fa67010f8f7cd5256e"},"breadcrumb":{"@id":"https:\/\/laprensacristiana.com\/?p=13689#breadcrumb"},"inLanguage":"es","potentialAction":[{"@type":"ReadAction","target":["https:\/\/laprensacristiana.com\/?p=13689"]}]},{"@type":"BreadcrumbList","@id":"https:\/\/laprensacristiana.com\/?p=13689#breadcrumb","itemListElement":[{"@type":"ListItem","position":1,"name":"Portada","item":"https:\/\/laprensacristiana.com\/"},{"@type":"ListItem","position":2,"name":"De pronto un \u00abNO\u00bb, cae bien"}]},{"@type":"WebSite","@id":"https:\/\/laprensacristiana.com\/#website","url":"https:\/\/laprensacristiana.com\/","name":"La Prensa Cristiana","description":"Anunciando Las Buenas Nuevas","potentialAction":[{"@type":"SearchAction","target":{"@type":"EntryPoint","urlTemplate":"https:\/\/laprensacristiana.com\/?s={search_term_string}"},"query-input":"required name=search_term_string"}],"inLanguage":"es"},{"@type":"Person","@id":"https:\/\/laprensacristiana.com\/#\/schema\/person\/3e7d82c6bfd6b1fa67010f8f7cd5256e","name":"EDITOR","image":{"@type":"ImageObject","inLanguage":"es","@id":"https:\/\/laprensacristiana.com\/#\/schema\/person\/image\/","url":"https:\/\/secure.gravatar.com\/avatar\/72069dfb6c13772d9e8381e3638666d2?s=96&d=mm&r=g","contentUrl":"https:\/\/secure.gravatar.com\/avatar\/72069dfb6c13772d9e8381e3638666d2?s=96&d=mm&r=g","caption":"EDITOR"},"url":"https:\/\/laprensacristiana.com\/?author=3"}]}},"_links":{"self":[{"href":"https:\/\/laprensacristiana.com\/index.php?rest_route=\/wp\/v2\/posts\/13689"}],"collection":[{"href":"https:\/\/laprensacristiana.com\/index.php?rest_route=\/wp\/v2\/posts"}],"about":[{"href":"https:\/\/laprensacristiana.com\/index.php?rest_route=\/wp\/v2\/types\/post"}],"author":[{"embeddable":true,"href":"https:\/\/laprensacristiana.com\/index.php?rest_route=\/wp\/v2\/users\/3"}],"replies":[{"embeddable":true,"href":"https:\/\/laprensacristiana.com\/index.php?rest_route=%2Fwp%2Fv2%2Fcomments&post=13689"}],"version-history":[{"count":1,"href":"https:\/\/laprensacristiana.com\/index.php?rest_route=\/wp\/v2\/posts\/13689\/revisions"}],"predecessor-version":[{"id":13690,"href":"https:\/\/laprensacristiana.com\/index.php?rest_route=\/wp\/v2\/posts\/13689\/revisions\/13690"}],"wp:featuredmedia":[{"embeddable":true,"href":"https:\/\/laprensacristiana.com\/index.php?rest_route=\/wp\/v2\/media\/13562"}],"wp:attachment":[{"href":"https:\/\/laprensacristiana.com\/index.php?rest_route=%2Fwp%2Fv2%2Fmedia&parent=13689"}],"wp:term":[{"taxonomy":"category","embeddable":true,"href":"https:\/\/laprensacristiana.com\/index.php?rest_route=%2Fwp%2Fv2%2Fcategories&post=13689"},{"taxonomy":"post_tag","embeddable":true,"href":"https:\/\/laprensacristiana.com\/index.php?rest_route=%2Fwp%2Fv2%2Ftags&post=13689"}],"curies":[{"name":"wp","href":"https:\/\/api.w.org\/{rel}","templated":true}]}}