{"id":13698,"date":"2022-08-07T23:25:25","date_gmt":"2022-08-07T23:25:25","guid":{"rendered":"https:\/\/laprensacristiana.com\/?p=13698"},"modified":"2022-08-07T23:26:49","modified_gmt":"2022-08-07T23:26:49","slug":"taber-realiza-maraton-de-predicadores","status":"publish","type":"post","link":"https:\/\/laprensacristiana.com\/?p=13698","title":{"rendered":"Taber realiza marat\u00f3n de predicadores"},"content":{"rendered":"\n<p>Este domingo 07 de agosto el Tabern\u00e1culo B\u00edblico Bautista Amigos de Israel, realiz\u00f3 una marat\u00f3n de predicadores desde las 6:00 de la ma\u00f1ana hasta las 12:00 del mediod\u00eda.<\/p>\n\n\n\n<p>La marat\u00f3n ten\u00eda por nombre: \u201c6K para Cristo\u201d, con su eslogan \u00a1Nunca te rindas!, nombre alusivo no a 6 kil\u00f3metros por correr sino a 6 pr\u00e9dicas por escuchar, las cuales eran: 1. Actitud, 2. Recurso, 3. Teolog\u00eda, 4. Fe, 5. Amor, 6. Esperanza, desarrollada por los predicadores:<\/p>\n\n\n\n<p>1. Lic. Cecilia de Sosa &#8211; ACTITUD<\/p>\n\n\n\n<p>2. Hna Paty &#8211; RECURSO<\/p>\n\n\n\n<p>3. Pastor Giovanni Casamalhuapa &#8211; TEOLOG\u00cdA<\/p>\n\n\n\n<p>4. Pastor Edgar L\u00f3pez Bertrand Jr. &#8211; FE<\/p>\n\n\n\n<p>5. Pastor Fernando Salguero &#8211; AMOR<\/p>\n\n\n\n<p>6. Pastor Jorge Aguirre &#8211; ESPERANZA<\/p>\n\n\n\n<p>Seg\u00fan expres\u00f3 el pastor general del Taber en su intervenci\u00f3n el pastor Edgar L\u00f3pez Bertrand Jr. \u201cLa fe es la piedra angular del cristianismo, sin demostrar fe y confianza en Dios, no tenemos lugar con \u00c9l\u201d.<\/p>\n\n\n\n<p>Seg\u00fan expres\u00f3 el pastor general del Taber en su intervenci\u00f3n el pastor Edgar L\u00f3pez Bertrand Jr. \u201cLa fe es la piedra angular del cristianismo, sin demostrar fe y confianza en Dios, no tenemos lugar con \u00c9l\u201d.<\/p>\n\n\n\n<p>Tambi\u00e9n hicieron entrega del libro: \u201cEl arte de la supervivencia\u201d, escrito por el pastor Chip Ingram, en el cual se describe c\u00f3mo se puede experimentar el gozo de Dios en tiempos dif\u00edciles.<\/p>\n","protected":false},"excerpt":{"rendered":"<p>Este domingo 07 de agosto el Tabern\u00e1culo B\u00edblico Bautista Amigos de Israel, realiz\u00f3 una marat\u00f3n de predicadores desde las 6:00 de la ma\u00f1ana hasta las 12:00 del mediod\u00eda. La marat\u00f3n ten\u00eda por nombre: \u201c6K para Cristo\u201d, con su eslogan \u00a1Nunca te rindas!, nombre alusivo no a 6 kil\u00f3metros por correr sino a 6 pr\u00e9dicas por [&hellip;]<\/p>\n","protected":false},"author":3,"featured_media":13687,"comment_status":"open","ping_status":"open","sticky":false,"template":"","format":"standard","meta":[],"categories":[56],"tags":[],"yoast_head":"<!-- This site is optimized with the Yoast SEO plugin v20.8 - https:\/\/yoast.com\/wordpress\/plugins\/seo\/ -->\n<title>Taber realiza marat\u00f3n de predicadores - La Prensa Cristiana<\/title>\n<meta name=\"robots\" content=\"index, follow, max-snippet:-1, max-image-preview:large, max-video-preview:-1\" \/>\n<link rel=\"canonical\" href=\"https:\/\/laprensacristiana.com\/?p=13698\" \/>\n<meta property=\"og:locale\" content=\"es_ES\" \/>\n<meta property=\"og:type\" content=\"article\" \/>\n<meta property=\"og:title\" content=\"Taber realiza marat\u00f3n de predicadores - La Prensa Cristiana\" \/>\n<meta property=\"og:description\" content=\"Este domingo 07 de agosto el Tabern\u00e1culo B\u00edblico Bautista Amigos de Israel, realiz\u00f3 una marat\u00f3n de predicadores desde las 6:00 de la ma\u00f1ana hasta las 12:00 del mediod\u00eda. La marat\u00f3n ten\u00eda por nombre: \u201c6K para Cristo\u201d, con su eslogan \u00a1Nunca te rindas!, nombre alusivo no a 6 kil\u00f3metros por correr sino a 6 pr\u00e9dicas por [&hellip;]\" \/>\n<meta property=\"og:url\" content=\"https:\/\/laprensacristiana.com\/?p=13698\" \/>\n<meta property=\"og:site_name\" content=\"La Prensa Cristiana\" \/>\n<meta property=\"article:published_time\" content=\"2022-08-07T23:25:25+00:00\" \/>\n<meta property=\"article:modified_time\" content=\"2022-08-07T23:26:49+00:00\" \/>\n<meta property=\"og:image\" content=\"https:\/\/laprensacristiana.com\/wp-content\/uploads\/2022\/08\/9f5e0cf0-9385-4546-9147-4df84a438901.jpeg\" \/>\n\t<meta property=\"og:image:width\" content=\"1024\" \/>\n\t<meta property=\"og:image:height\" content=\"776\" \/>\n\t<meta property=\"og:image:type\" content=\"image\/jpeg\" \/>\n<meta name=\"author\" content=\"EDITOR\" \/>\n<meta name=\"twitter:card\" content=\"summary_large_image\" \/>\n<meta name=\"twitter:label1\" content=\"Escrito por\" \/>\n\t<meta name=\"twitter:data1\" content=\"EDITOR\" \/>\n\t<meta name=\"twitter:label2\" content=\"Tiempo de lectura\" \/>\n\t<meta name=\"twitter:data2\" content=\"1 minuto\" \/>\n<script type=\"application\/ld+json\" class=\"yoast-schema-graph\">{\"@context\":\"https:\/\/schema.org\",\"@graph\":[{\"@type\":\"WebPage\",\"@id\":\"https:\/\/laprensacristiana.com\/?p=13698\",\"url\":\"https:\/\/laprensacristiana.com\/?p=13698\",\"name\":\"Taber realiza marat\u00f3n de predicadores - La Prensa Cristiana\",\"isPartOf\":{\"@id\":\"https:\/\/laprensacristiana.com\/#website\"},\"datePublished\":\"2022-08-07T23:25:25+00:00\",\"dateModified\":\"2022-08-07T23:26:49+00:00\",\"author\":{\"@id\":\"https:\/\/laprensacristiana.com\/#\/schema\/person\/3e7d82c6bfd6b1fa67010f8f7cd5256e\"},\"breadcrumb\":{\"@id\":\"https:\/\/laprensacristiana.com\/?p=13698#breadcrumb\"},\"inLanguage\":\"es\",\"potentialAction\":[{\"@type\":\"ReadAction\",\"target\":[\"https:\/\/laprensacristiana.com\/?p=13698\"]}]},{\"@type\":\"BreadcrumbList\",\"@id\":\"https:\/\/laprensacristiana.com\/?p=13698#breadcrumb\",\"itemListElement\":[{\"@type\":\"ListItem\",\"position\":1,\"name\":\"Portada\",\"item\":\"https:\/\/laprensacristiana.com\/\"},{\"@type\":\"ListItem\",\"position\":2,\"name\":\"Taber realiza marat\u00f3n de predicadores\"}]},{\"@type\":\"WebSite\",\"@id\":\"https:\/\/laprensacristiana.com\/#website\",\"url\":\"https:\/\/laprensacristiana.com\/\",\"name\":\"La Prensa Cristiana\",\"description\":\"Anunciando Las Buenas Nuevas\",\"potentialAction\":[{\"@type\":\"SearchAction\",\"target\":{\"@type\":\"EntryPoint\",\"urlTemplate\":\"https:\/\/laprensacristiana.com\/?s={search_term_string}\"},\"query-input\":\"required name=search_term_string\"}],\"inLanguage\":\"es\"},{\"@type\":\"Person\",\"@id\":\"https:\/\/laprensacristiana.com\/#\/schema\/person\/3e7d82c6bfd6b1fa67010f8f7cd5256e\",\"name\":\"EDITOR\",\"image\":{\"@type\":\"ImageObject\",\"inLanguage\":\"es\",\"@id\":\"https:\/\/laprensacristiana.com\/#\/schema\/person\/image\/\",\"url\":\"https:\/\/secure.gravatar.com\/avatar\/72069dfb6c13772d9e8381e3638666d2?s=96&d=mm&r=g\",\"contentUrl\":\"https:\/\/secure.gravatar.com\/avatar\/72069dfb6c13772d9e8381e3638666d2?s=96&d=mm&r=g\",\"caption\":\"EDITOR\"},\"url\":\"https:\/\/laprensacristiana.com\/?author=3\"}]}<\/script>\n<!-- \/ Yoast SEO plugin. -->","yoast_head_json":{"title":"Taber realiza marat\u00f3n de predicadores - La Prensa Cristiana","robots":{"index":"index","follow":"follow","max-snippet":"max-snippet:-1","max-image-preview":"max-image-preview:large","max-video-preview":"max-video-preview:-1"},"canonical":"https:\/\/laprensacristiana.com\/?p=13698","og_locale":"es_ES","og_type":"article","og_title":"Taber realiza marat\u00f3n de predicadores - La Prensa Cristiana","og_description":"Este domingo 07 de agosto el Tabern\u00e1culo B\u00edblico Bautista Amigos de Israel, realiz\u00f3 una marat\u00f3n de predicadores desde las 6:00 de la ma\u00f1ana hasta las 12:00 del mediod\u00eda. La marat\u00f3n ten\u00eda por nombre: \u201c6K para Cristo\u201d, con su eslogan \u00a1Nunca te rindas!, nombre alusivo no a 6 kil\u00f3metros por correr sino a 6 pr\u00e9dicas por [&hellip;]","og_url":"https:\/\/laprensacristiana.com\/?p=13698","og_site_name":"La Prensa Cristiana","article_published_time":"2022-08-07T23:25:25+00:00","article_modified_time":"2022-08-07T23:26:49+00:00","og_image":[{"width":1024,"height":776,"url":"https:\/\/laprensacristiana.com\/wp-content\/uploads\/2022\/08\/9f5e0cf0-9385-4546-9147-4df84a438901.jpeg","type":"image\/jpeg"}],"author":"EDITOR","twitter_card":"summary_large_image","twitter_misc":{"Escrito por":"EDITOR","Tiempo de lectura":"1 minuto"},"schema":{"@context":"https:\/\/schema.org","@graph":[{"@type":"WebPage","@id":"https:\/\/laprensacristiana.com\/?p=13698","url":"https:\/\/laprensacristiana.com\/?p=13698","name":"Taber realiza marat\u00f3n de predicadores - La Prensa Cristiana","isPartOf":{"@id":"https:\/\/laprensacristiana.com\/#website"},"datePublished":"2022-08-07T23:25:25+00:00","dateModified":"2022-08-07T23:26:49+00:00","author":{"@id":"https:\/\/laprensacristiana.com\/#\/schema\/person\/3e7d82c6bfd6b1fa67010f8f7cd5256e"},"breadcrumb":{"@id":"https:\/\/laprensacristiana.com\/?p=13698#breadcrumb"},"inLanguage":"es","potentialAction":[{"@type":"ReadAction","target":["https:\/\/laprensacristiana.com\/?p=13698"]}]},{"@type":"BreadcrumbList","@id":"https:\/\/laprensacristiana.com\/?p=13698#breadcrumb","itemListElement":[{"@type":"ListItem","position":1,"name":"Portada","item":"https:\/\/laprensacristiana.com\/"},{"@type":"ListItem","position":2,"name":"Taber realiza marat\u00f3n de predicadores"}]},{"@type":"WebSite","@id":"https:\/\/laprensacristiana.com\/#website","url":"https:\/\/laprensacristiana.com\/","name":"La Prensa Cristiana","description":"Anunciando Las Buenas Nuevas","potentialAction":[{"@type":"SearchAction","target":{"@type":"EntryPoint","urlTemplate":"https:\/\/laprensacristiana.com\/?s={search_term_string}"},"query-input":"required name=search_term_string"}],"inLanguage":"es"},{"@type":"Person","@id":"https:\/\/laprensacristiana.com\/#\/schema\/person\/3e7d82c6bfd6b1fa67010f8f7cd5256e","name":"EDITOR","image":{"@type":"ImageObject","inLanguage":"es","@id":"https:\/\/laprensacristiana.com\/#\/schema\/person\/image\/","url":"https:\/\/secure.gravatar.com\/avatar\/72069dfb6c13772d9e8381e3638666d2?s=96&d=mm&r=g","contentUrl":"https:\/\/secure.gravatar.com\/avatar\/72069dfb6c13772d9e8381e3638666d2?s=96&d=mm&r=g","caption":"EDITOR"},"url":"https:\/\/laprensacristiana.com\/?author=3"}]}},"_links":{"self":[{"href":"https:\/\/laprensacristiana.com\/index.php?rest_route=\/wp\/v2\/posts\/13698"}],"collection":[{"href":"https:\/\/laprensacristiana.com\/index.php?rest_route=\/wp\/v2\/posts"}],"about":[{"href":"https:\/\/laprensacristiana.com\/index.php?rest_route=\/wp\/v2\/types\/post"}],"author":[{"embeddable":true,"href":"https:\/\/laprensacristiana.com\/index.php?rest_route=\/wp\/v2\/users\/3"}],"replies":[{"embeddable":true,"href":"https:\/\/laprensacristiana.com\/index.php?rest_route=%2Fwp%2Fv2%2Fcomments&post=13698"}],"version-history":[{"count":2,"href":"https:\/\/laprensacristiana.com\/index.php?rest_route=\/wp\/v2\/posts\/13698\/revisions"}],"predecessor-version":[{"id":13700,"href":"https:\/\/laprensacristiana.com\/index.php?rest_route=\/wp\/v2\/posts\/13698\/revisions\/13700"}],"wp:featuredmedia":[{"embeddable":true,"href":"https:\/\/laprensacristiana.com\/index.php?rest_route=\/wp\/v2\/media\/13687"}],"wp:attachment":[{"href":"https:\/\/laprensacristiana.com\/index.php?rest_route=%2Fwp%2Fv2%2Fmedia&parent=13698"}],"wp:term":[{"taxonomy":"category","embeddable":true,"href":"https:\/\/laprensacristiana.com\/index.php?rest_route=%2Fwp%2Fv2%2Fcategories&post=13698"},{"taxonomy":"post_tag","embeddable":true,"href":"https:\/\/laprensacristiana.com\/index.php?rest_route=%2Fwp%2Fv2%2Ftags&post=13698"}],"curies":[{"name":"wp","href":"https:\/\/api.w.org\/{rel}","templated":true}]}}