{"id":13706,"date":"2022-08-10T22:56:04","date_gmt":"2022-08-10T22:56:04","guid":{"rendered":"https:\/\/laprensacristiana.com\/?p=13706"},"modified":"2022-08-10T22:56:05","modified_gmt":"2022-08-10T22:56:05","slug":"en-el-dia-del-periodista","status":"publish","type":"post","link":"https:\/\/laprensacristiana.com\/?p=13706","title":{"rendered":"En el D\u00eda del Periodista"},"content":{"rendered":"\n<p>Este art\u00edculo tenemos que escribirlo o reescribirlo en varias fechas (comenzando en Junio en la Argentina), para recordar que tambi\u00e9n se debe rendirle un homenaje al periodista (de varios o de todos los lugares\u2026)<\/p>\n\n\n\n<p>Se hace dif\u00edcil la tarea, lo reconocemos. Porque como nunca antes en la historia, se habla y se escribe acerca del periodismo y de los periodistas para halagarlos o para criticarlos.<\/p>\n\n\n\n<p>Lo m\u00e1s com\u00fan es agregar ep\u00edtetos como \u201ccorruptos\u201d, \u201cvendidos\u201d, \u201caprovechados\u201d, \u201cvividores\u201d, o lo m\u00e1s nuevo: \u201clos copia y pega (o copy y paste).<\/p>\n\n\n\n<p>Pero, son pocos o casi inexistentes adjetivos como \u201cperiodistas independientes\u201d, \u201cobjetivos\u201d, \u201cprofesionales\u201d, \u201carriesgados\u201d, \u201chonestos\u201d.<\/p>\n\n\n\n<p>\u00bfPor qu\u00e9 el periodismo se encuentra bajo ataque hoy d\u00eda? Otra cosa, \u00bfpor qu\u00e9, este tema encuentra con pocos simpatizantes e incluso con pocos lectores, cuando escribimos sobre lo mismo?<\/p>\n\n\n\n<p>Lo sabemos, por experiencia, porque no hace mucho pusimos un tema en una de las redes sociales (publicado por un peri\u00f3dico) acerca de la muerte de algunos reporteros, ocurridas en diversos pa\u00edses del mundo, que no gener\u00f3 muchas \u201csimpat\u00eda\u201d entre los lectores.<\/p>\n\n\n\n<p>Pero, y a pesar de esa falta de respuesta, nosotros creemos que la labor de los periodistas es de vital importancia en el tiempo que vivimos. De lo contrario, no sabr\u00edamos mucho de esas cosas un poco tenebrosas que se tejen al interior de gobiernos, empresas y organizaciones \u201csin fines de lucro\u201d \u2026<\/p>\n\n\n\n<p>Por eso hoy, celebramos el D\u00eda del Periodista y nos asociamos a todos aquellos hombres y mujeres que sin hacer caso del d\u00eda feriado o de la hora de la noche, est\u00e1n alertas para reportar y escribir eso que es importante que se sepa.<\/p>\n\n\n\n<p>Y, sin embargo, debemos tambi\u00e9n exhortar a hombre y mujeres que se dedican a la noble labor period\u00edstica a que no cejen en su af\u00e1n de ser y de sonar realistas, objetivos y a la vez sensibles a las necesidades y situaciones que viven aquellos que sin quererlo pasan a ser el objeto de una investigaci\u00f3n o de un reportaje.<\/p>\n\n\n\n<p>Y claro, hay aqu\u00ed una nota quiz\u00e1 muy interesada, porque, y \u00bfqui\u00e9n podr\u00eda negarlo?, es posible que nosotros lleguemos a ser el centro de una nota en un medio de comunicaci\u00f3n de quien nos gustar\u00eda que informara los dos \u00e1ngulos de una noticia\u2026 y m\u00e1s a\u00fan, \u00a1cuando se trata de nosotros!<\/p>\n\n\n\n<p>(guillermo.serrano@ideasyvoces.com)<\/p>\n","protected":false},"excerpt":{"rendered":"<p>Este art\u00edculo tenemos que escribirlo o reescribirlo en varias fechas (comenzando en Junio en la Argentina), para recordar que tambi\u00e9n se debe rendirle un homenaje al periodista (de varios o de todos los lugares\u2026) Se hace dif\u00edcil la tarea, lo reconocemos. Porque como nunca antes en la historia, se habla y se escribe acerca del [&hellip;]<\/p>\n","protected":false},"author":3,"featured_media":12615,"comment_status":"open","ping_status":"open","sticky":false,"template":"","format":"standard","meta":[],"categories":[113],"tags":[],"yoast_head":"<!-- This site is optimized with the Yoast SEO plugin v20.8 - https:\/\/yoast.com\/wordpress\/plugins\/seo\/ -->\n<title>En el D\u00eda del Periodista - La Prensa Cristiana<\/title>\n<meta name=\"robots\" content=\"index, follow, max-snippet:-1, max-image-preview:large, max-video-preview:-1\" \/>\n<link rel=\"canonical\" href=\"https:\/\/laprensacristiana.com\/?p=13706\" \/>\n<meta property=\"og:locale\" content=\"es_ES\" \/>\n<meta property=\"og:type\" content=\"article\" \/>\n<meta property=\"og:title\" content=\"En el D\u00eda del Periodista - La Prensa Cristiana\" \/>\n<meta property=\"og:description\" content=\"Este art\u00edculo tenemos que escribirlo o reescribirlo en varias fechas (comenzando en Junio en la Argentina), para recordar que tambi\u00e9n se debe rendirle un homenaje al periodista (de varios o de todos los lugares\u2026) Se hace dif\u00edcil la tarea, lo reconocemos. Porque como nunca antes en la historia, se habla y se escribe acerca del [&hellip;]\" \/>\n<meta property=\"og:url\" content=\"https:\/\/laprensacristiana.com\/?p=13706\" \/>\n<meta property=\"og:site_name\" content=\"La Prensa Cristiana\" \/>\n<meta property=\"article:published_time\" content=\"2022-08-10T22:56:04+00:00\" \/>\n<meta property=\"article:modified_time\" content=\"2022-08-10T22:56:05+00:00\" \/>\n<meta property=\"og:image\" content=\"https:\/\/laprensacristiana.com\/wp-content\/uploads\/2021\/10\/WhatsApp-Image-2021-10-04-at-7.31.46-AM.jpeg\" \/>\n\t<meta property=\"og:image:width\" content=\"487\" \/>\n\t<meta property=\"og:image:height\" content=\"330\" \/>\n\t<meta property=\"og:image:type\" content=\"image\/jpeg\" \/>\n<meta name=\"author\" content=\"EDITOR\" \/>\n<meta name=\"twitter:card\" content=\"summary_large_image\" \/>\n<meta name=\"twitter:label1\" content=\"Escrito por\" \/>\n\t<meta name=\"twitter:data1\" content=\"EDITOR\" \/>\n\t<meta name=\"twitter:label2\" content=\"Tiempo de lectura\" \/>\n\t<meta name=\"twitter:data2\" content=\"2 minutos\" \/>\n<script type=\"application\/ld+json\" class=\"yoast-schema-graph\">{\"@context\":\"https:\/\/schema.org\",\"@graph\":[{\"@type\":\"WebPage\",\"@id\":\"https:\/\/laprensacristiana.com\/?p=13706\",\"url\":\"https:\/\/laprensacristiana.com\/?p=13706\",\"name\":\"En el D\u00eda del Periodista - La Prensa Cristiana\",\"isPartOf\":{\"@id\":\"https:\/\/laprensacristiana.com\/#website\"},\"datePublished\":\"2022-08-10T22:56:04+00:00\",\"dateModified\":\"2022-08-10T22:56:05+00:00\",\"author\":{\"@id\":\"https:\/\/laprensacristiana.com\/#\/schema\/person\/3e7d82c6bfd6b1fa67010f8f7cd5256e\"},\"breadcrumb\":{\"@id\":\"https:\/\/laprensacristiana.com\/?p=13706#breadcrumb\"},\"inLanguage\":\"es\",\"potentialAction\":[{\"@type\":\"ReadAction\",\"target\":[\"https:\/\/laprensacristiana.com\/?p=13706\"]}]},{\"@type\":\"BreadcrumbList\",\"@id\":\"https:\/\/laprensacristiana.com\/?p=13706#breadcrumb\",\"itemListElement\":[{\"@type\":\"ListItem\",\"position\":1,\"name\":\"Portada\",\"item\":\"https:\/\/laprensacristiana.com\/\"},{\"@type\":\"ListItem\",\"position\":2,\"name\":\"En el D\u00eda del Periodista\"}]},{\"@type\":\"WebSite\",\"@id\":\"https:\/\/laprensacristiana.com\/#website\",\"url\":\"https:\/\/laprensacristiana.com\/\",\"name\":\"La Prensa Cristiana\",\"description\":\"Anunciando Las Buenas Nuevas\",\"potentialAction\":[{\"@type\":\"SearchAction\",\"target\":{\"@type\":\"EntryPoint\",\"urlTemplate\":\"https:\/\/laprensacristiana.com\/?s={search_term_string}\"},\"query-input\":\"required name=search_term_string\"}],\"inLanguage\":\"es\"},{\"@type\":\"Person\",\"@id\":\"https:\/\/laprensacristiana.com\/#\/schema\/person\/3e7d82c6bfd6b1fa67010f8f7cd5256e\",\"name\":\"EDITOR\",\"image\":{\"@type\":\"ImageObject\",\"inLanguage\":\"es\",\"@id\":\"https:\/\/laprensacristiana.com\/#\/schema\/person\/image\/\",\"url\":\"https:\/\/secure.gravatar.com\/avatar\/72069dfb6c13772d9e8381e3638666d2?s=96&d=mm&r=g\",\"contentUrl\":\"https:\/\/secure.gravatar.com\/avatar\/72069dfb6c13772d9e8381e3638666d2?s=96&d=mm&r=g\",\"caption\":\"EDITOR\"},\"url\":\"https:\/\/laprensacristiana.com\/?author=3\"}]}<\/script>\n<!-- \/ Yoast SEO plugin. -->","yoast_head_json":{"title":"En el D\u00eda del Periodista - La Prensa Cristiana","robots":{"index":"index","follow":"follow","max-snippet":"max-snippet:-1","max-image-preview":"max-image-preview:large","max-video-preview":"max-video-preview:-1"},"canonical":"https:\/\/laprensacristiana.com\/?p=13706","og_locale":"es_ES","og_type":"article","og_title":"En el D\u00eda del Periodista - La Prensa Cristiana","og_description":"Este art\u00edculo tenemos que escribirlo o reescribirlo en varias fechas (comenzando en Junio en la Argentina), para recordar que tambi\u00e9n se debe rendirle un homenaje al periodista (de varios o de todos los lugares\u2026) Se hace dif\u00edcil la tarea, lo reconocemos. Porque como nunca antes en la historia, se habla y se escribe acerca del [&hellip;]","og_url":"https:\/\/laprensacristiana.com\/?p=13706","og_site_name":"La Prensa Cristiana","article_published_time":"2022-08-10T22:56:04+00:00","article_modified_time":"2022-08-10T22:56:05+00:00","og_image":[{"width":487,"height":330,"url":"https:\/\/laprensacristiana.com\/wp-content\/uploads\/2021\/10\/WhatsApp-Image-2021-10-04-at-7.31.46-AM.jpeg","type":"image\/jpeg"}],"author":"EDITOR","twitter_card":"summary_large_image","twitter_misc":{"Escrito por":"EDITOR","Tiempo de lectura":"2 minutos"},"schema":{"@context":"https:\/\/schema.org","@graph":[{"@type":"WebPage","@id":"https:\/\/laprensacristiana.com\/?p=13706","url":"https:\/\/laprensacristiana.com\/?p=13706","name":"En el D\u00eda del Periodista - La Prensa Cristiana","isPartOf":{"@id":"https:\/\/laprensacristiana.com\/#website"},"datePublished":"2022-08-10T22:56:04+00:00","dateModified":"2022-08-10T22:56:05+00:00","author":{"@id":"https:\/\/laprensacristiana.com\/#\/schema\/person\/3e7d82c6bfd6b1fa67010f8f7cd5256e"},"breadcrumb":{"@id":"https:\/\/laprensacristiana.com\/?p=13706#breadcrumb"},"inLanguage":"es","potentialAction":[{"@type":"ReadAction","target":["https:\/\/laprensacristiana.com\/?p=13706"]}]},{"@type":"BreadcrumbList","@id":"https:\/\/laprensacristiana.com\/?p=13706#breadcrumb","itemListElement":[{"@type":"ListItem","position":1,"name":"Portada","item":"https:\/\/laprensacristiana.com\/"},{"@type":"ListItem","position":2,"name":"En el D\u00eda del Periodista"}]},{"@type":"WebSite","@id":"https:\/\/laprensacristiana.com\/#website","url":"https:\/\/laprensacristiana.com\/","name":"La Prensa Cristiana","description":"Anunciando Las Buenas Nuevas","potentialAction":[{"@type":"SearchAction","target":{"@type":"EntryPoint","urlTemplate":"https:\/\/laprensacristiana.com\/?s={search_term_string}"},"query-input":"required name=search_term_string"}],"inLanguage":"es"},{"@type":"Person","@id":"https:\/\/laprensacristiana.com\/#\/schema\/person\/3e7d82c6bfd6b1fa67010f8f7cd5256e","name":"EDITOR","image":{"@type":"ImageObject","inLanguage":"es","@id":"https:\/\/laprensacristiana.com\/#\/schema\/person\/image\/","url":"https:\/\/secure.gravatar.com\/avatar\/72069dfb6c13772d9e8381e3638666d2?s=96&d=mm&r=g","contentUrl":"https:\/\/secure.gravatar.com\/avatar\/72069dfb6c13772d9e8381e3638666d2?s=96&d=mm&r=g","caption":"EDITOR"},"url":"https:\/\/laprensacristiana.com\/?author=3"}]}},"_links":{"self":[{"href":"https:\/\/laprensacristiana.com\/index.php?rest_route=\/wp\/v2\/posts\/13706"}],"collection":[{"href":"https:\/\/laprensacristiana.com\/index.php?rest_route=\/wp\/v2\/posts"}],"about":[{"href":"https:\/\/laprensacristiana.com\/index.php?rest_route=\/wp\/v2\/types\/post"}],"author":[{"embeddable":true,"href":"https:\/\/laprensacristiana.com\/index.php?rest_route=\/wp\/v2\/users\/3"}],"replies":[{"embeddable":true,"href":"https:\/\/laprensacristiana.com\/index.php?rest_route=%2Fwp%2Fv2%2Fcomments&post=13706"}],"version-history":[{"count":1,"href":"https:\/\/laprensacristiana.com\/index.php?rest_route=\/wp\/v2\/posts\/13706\/revisions"}],"predecessor-version":[{"id":13707,"href":"https:\/\/laprensacristiana.com\/index.php?rest_route=\/wp\/v2\/posts\/13706\/revisions\/13707"}],"wp:featuredmedia":[{"embeddable":true,"href":"https:\/\/laprensacristiana.com\/index.php?rest_route=\/wp\/v2\/media\/12615"}],"wp:attachment":[{"href":"https:\/\/laprensacristiana.com\/index.php?rest_route=%2Fwp%2Fv2%2Fmedia&parent=13706"}],"wp:term":[{"taxonomy":"category","embeddable":true,"href":"https:\/\/laprensacristiana.com\/index.php?rest_route=%2Fwp%2Fv2%2Fcategories&post=13706"},{"taxonomy":"post_tag","embeddable":true,"href":"https:\/\/laprensacristiana.com\/index.php?rest_route=%2Fwp%2Fv2%2Ftags&post=13706"}],"curies":[{"name":"wp","href":"https:\/\/api.w.org\/{rel}","templated":true}]}}