{"id":13711,"date":"2022-08-12T02:06:33","date_gmt":"2022-08-12T02:06:33","guid":{"rendered":"https:\/\/laprensacristiana.com\/?p=13711"},"modified":"2022-08-12T02:06:35","modified_gmt":"2022-08-12T02:06:35","slug":"seras-tu-la-nueva-cancion-de-gonzalo-de-leon","status":"publish","type":"post","link":"https:\/\/laprensacristiana.com\/?p=13711","title":{"rendered":"\u201c\u00bfSer\u00e1s t\u00fa?\u201d La nueva canci\u00f3n de Gonzalo de Le\u00f3n"},"content":{"rendered":"\n<p>El artista urbano Gonzalo de Le\u00f3n ha realizado el lanzamiento a trav\u00e9s de las plataformas sociales de la canci\u00f3n: \u201c\u00bfSer\u00e1s t\u00fa?\u201d.&nbsp;&nbsp;<\/p>\n\n\n\n<p>Seg\u00fan el artista *\u00bfSER\u00c1S T\u00da?* es una canci\u00f3n que hizo pensando en la persona que Dios tiene guardada para \u00e9l: \u201cAunque en este momento a\u00fan no la conozco estoy seguro que Dios la est\u00e1 preparando para mi. Creo que como hijos de Dios y lo digo en sentido personal muchas veces nos desesperamos y cometemos errores en nuestra \u00e1rea sentimental, por eso hice esta canci\u00f3n para que cada uno de nosotros entendamos que Dios tiene grandes promesas para cada uno, pero tambi\u00e9n Dios se preocupa de qui\u00e9n ser\u00e1 la persona que est\u00e1 con nosotros a nuestro lado\u201d, indic\u00f3.<\/p>\n\n\n\n<p>Adem\u00e1s explic\u00f3 que vivimos en una \u00e9poca en la que el amor ya no es lo m\u00e1s importante, pero considera que existen pocas personas enfocadas en agradar a Dios en todas las \u00e1reas de nuestra vida y el \u00e1rea del amor, el noviazgo, encontrar a la persona indicada para casarse es una de ellas.&nbsp;<\/p>\n\n\n\n<figure class=\"wp-block-embed-youtube wp-block-embed is-type-video is-provider-youtube wp-embed-aspect-16-9 wp-has-aspect-ratio\"><div class=\"wp-block-embed__wrapper\">\n<iframe loading=\"lazy\" title=\"Gonzalo de Le\u00f3n - \u00bfSer\u00e1s T\u00fa? \ud83d\udc69\ud83c\udffd\u200d\u2764\ufe0f\u200d\ud83d\udc8b\u200d\ud83d\udc68\ud83c\udffb (Video Oficial)\" width=\"696\" height=\"392\" src=\"https:\/\/www.youtube.com\/embed\/V2GxHxgXBFo?feature=oembed&#038;enablejsapi=1\" frameborder=\"0\" allow=\"accelerometer; autoplay; clipboard-write; encrypted-media; gyroscope; picture-in-picture; web-share\" referrerpolicy=\"strict-origin-when-cross-origin\" allowfullscreen><\/iframe>\n<\/div><\/figure>\n","protected":false},"excerpt":{"rendered":"<p>El artista urbano Gonzalo de Le\u00f3n ha realizado el lanzamiento a trav\u00e9s de las plataformas sociales de la canci\u00f3n: \u201c\u00bfSer\u00e1s t\u00fa?\u201d.&nbsp;&nbsp; Seg\u00fan el artista *\u00bfSER\u00c1S T\u00da?* es una canci\u00f3n que hizo pensando en la persona que Dios tiene guardada para \u00e9l: \u201cAunque en este momento a\u00fan no la conozco estoy seguro que Dios la est\u00e1 [&hellip;]<\/p>\n","protected":false},"author":3,"featured_media":13712,"comment_status":"open","ping_status":"open","sticky":false,"template":"","format":"standard","meta":[],"categories":[114,1],"tags":[],"yoast_head":"<!-- This site is optimized with the Yoast SEO plugin v20.8 - https:\/\/yoast.com\/wordpress\/plugins\/seo\/ -->\n<title>\u201c\u00bfSer\u00e1s t\u00fa?\u201d La nueva canci\u00f3n de Gonzalo de Le\u00f3n - La Prensa Cristiana<\/title>\n<meta name=\"robots\" content=\"index, follow, max-snippet:-1, max-image-preview:large, max-video-preview:-1\" \/>\n<link rel=\"canonical\" href=\"https:\/\/laprensacristiana.com\/?p=13711\" \/>\n<meta property=\"og:locale\" content=\"es_ES\" \/>\n<meta property=\"og:type\" content=\"article\" \/>\n<meta property=\"og:title\" content=\"\u201c\u00bfSer\u00e1s t\u00fa?\u201d La nueva canci\u00f3n de Gonzalo de Le\u00f3n - La Prensa Cristiana\" \/>\n<meta property=\"og:description\" content=\"El artista urbano Gonzalo de Le\u00f3n ha realizado el lanzamiento a trav\u00e9s de las plataformas sociales de la canci\u00f3n: \u201c\u00bfSer\u00e1s t\u00fa?\u201d.&nbsp;&nbsp; Seg\u00fan el artista *\u00bfSER\u00c1S T\u00da?* es una canci\u00f3n que hizo pensando en la persona que Dios tiene guardada para \u00e9l: \u201cAunque en este momento a\u00fan no la conozco estoy seguro que Dios la est\u00e1 [&hellip;]\" \/>\n<meta property=\"og:url\" content=\"https:\/\/laprensacristiana.com\/?p=13711\" \/>\n<meta property=\"og:site_name\" content=\"La Prensa Cristiana\" \/>\n<meta property=\"article:published_time\" content=\"2022-08-12T02:06:33+00:00\" \/>\n<meta property=\"article:modified_time\" content=\"2022-08-12T02:06:35+00:00\" \/>\n<meta property=\"og:image\" content=\"https:\/\/laprensacristiana.com\/wp-content\/uploads\/2022\/08\/CF5D6405-96D0-4043-A4B8-742A3776D29E.jpeg\" \/>\n\t<meta property=\"og:image:width\" content=\"1080\" \/>\n\t<meta property=\"og:image:height\" content=\"1080\" \/>\n\t<meta property=\"og:image:type\" content=\"image\/jpeg\" \/>\n<meta name=\"author\" content=\"EDITOR\" \/>\n<meta name=\"twitter:card\" content=\"summary_large_image\" \/>\n<meta name=\"twitter:label1\" content=\"Escrito por\" \/>\n\t<meta name=\"twitter:data1\" content=\"EDITOR\" \/>\n\t<meta name=\"twitter:label2\" content=\"Tiempo de lectura\" \/>\n\t<meta name=\"twitter:data2\" content=\"1 minuto\" \/>\n<script type=\"application\/ld+json\" class=\"yoast-schema-graph\">{\"@context\":\"https:\/\/schema.org\",\"@graph\":[{\"@type\":\"WebPage\",\"@id\":\"https:\/\/laprensacristiana.com\/?p=13711\",\"url\":\"https:\/\/laprensacristiana.com\/?p=13711\",\"name\":\"\u201c\u00bfSer\u00e1s t\u00fa?\u201d La nueva canci\u00f3n de Gonzalo de Le\u00f3n - La Prensa Cristiana\",\"isPartOf\":{\"@id\":\"https:\/\/laprensacristiana.com\/#website\"},\"datePublished\":\"2022-08-12T02:06:33+00:00\",\"dateModified\":\"2022-08-12T02:06:35+00:00\",\"author\":{\"@id\":\"https:\/\/laprensacristiana.com\/#\/schema\/person\/3e7d82c6bfd6b1fa67010f8f7cd5256e\"},\"breadcrumb\":{\"@id\":\"https:\/\/laprensacristiana.com\/?p=13711#breadcrumb\"},\"inLanguage\":\"es\",\"potentialAction\":[{\"@type\":\"ReadAction\",\"target\":[\"https:\/\/laprensacristiana.com\/?p=13711\"]}]},{\"@type\":\"BreadcrumbList\",\"@id\":\"https:\/\/laprensacristiana.com\/?p=13711#breadcrumb\",\"itemListElement\":[{\"@type\":\"ListItem\",\"position\":1,\"name\":\"Portada\",\"item\":\"https:\/\/laprensacristiana.com\/\"},{\"@type\":\"ListItem\",\"position\":2,\"name\":\"\u201c\u00bfSer\u00e1s t\u00fa?\u201d La nueva canci\u00f3n de Gonzalo de Le\u00f3n\"}]},{\"@type\":\"WebSite\",\"@id\":\"https:\/\/laprensacristiana.com\/#website\",\"url\":\"https:\/\/laprensacristiana.com\/\",\"name\":\"La Prensa Cristiana\",\"description\":\"Anunciando Las Buenas Nuevas\",\"potentialAction\":[{\"@type\":\"SearchAction\",\"target\":{\"@type\":\"EntryPoint\",\"urlTemplate\":\"https:\/\/laprensacristiana.com\/?s={search_term_string}\"},\"query-input\":\"required name=search_term_string\"}],\"inLanguage\":\"es\"},{\"@type\":\"Person\",\"@id\":\"https:\/\/laprensacristiana.com\/#\/schema\/person\/3e7d82c6bfd6b1fa67010f8f7cd5256e\",\"name\":\"EDITOR\",\"image\":{\"@type\":\"ImageObject\",\"inLanguage\":\"es\",\"@id\":\"https:\/\/laprensacristiana.com\/#\/schema\/person\/image\/\",\"url\":\"https:\/\/secure.gravatar.com\/avatar\/72069dfb6c13772d9e8381e3638666d2?s=96&d=mm&r=g\",\"contentUrl\":\"https:\/\/secure.gravatar.com\/avatar\/72069dfb6c13772d9e8381e3638666d2?s=96&d=mm&r=g\",\"caption\":\"EDITOR\"},\"url\":\"https:\/\/laprensacristiana.com\/?author=3\"}]}<\/script>\n<!-- \/ Yoast SEO plugin. -->","yoast_head_json":{"title":"\u201c\u00bfSer\u00e1s t\u00fa?\u201d La nueva canci\u00f3n de Gonzalo de Le\u00f3n - La Prensa Cristiana","robots":{"index":"index","follow":"follow","max-snippet":"max-snippet:-1","max-image-preview":"max-image-preview:large","max-video-preview":"max-video-preview:-1"},"canonical":"https:\/\/laprensacristiana.com\/?p=13711","og_locale":"es_ES","og_type":"article","og_title":"\u201c\u00bfSer\u00e1s t\u00fa?\u201d La nueva canci\u00f3n de Gonzalo de Le\u00f3n - La Prensa Cristiana","og_description":"El artista urbano Gonzalo de Le\u00f3n ha realizado el lanzamiento a trav\u00e9s de las plataformas sociales de la canci\u00f3n: \u201c\u00bfSer\u00e1s t\u00fa?\u201d.&nbsp;&nbsp; Seg\u00fan el artista *\u00bfSER\u00c1S T\u00da?* es una canci\u00f3n que hizo pensando en la persona que Dios tiene guardada para \u00e9l: \u201cAunque en este momento a\u00fan no la conozco estoy seguro que Dios la est\u00e1 [&hellip;]","og_url":"https:\/\/laprensacristiana.com\/?p=13711","og_site_name":"La Prensa Cristiana","article_published_time":"2022-08-12T02:06:33+00:00","article_modified_time":"2022-08-12T02:06:35+00:00","og_image":[{"width":1080,"height":1080,"url":"https:\/\/laprensacristiana.com\/wp-content\/uploads\/2022\/08\/CF5D6405-96D0-4043-A4B8-742A3776D29E.jpeg","type":"image\/jpeg"}],"author":"EDITOR","twitter_card":"summary_large_image","twitter_misc":{"Escrito por":"EDITOR","Tiempo de lectura":"1 minuto"},"schema":{"@context":"https:\/\/schema.org","@graph":[{"@type":"WebPage","@id":"https:\/\/laprensacristiana.com\/?p=13711","url":"https:\/\/laprensacristiana.com\/?p=13711","name":"\u201c\u00bfSer\u00e1s t\u00fa?\u201d La nueva canci\u00f3n de Gonzalo de Le\u00f3n - La Prensa Cristiana","isPartOf":{"@id":"https:\/\/laprensacristiana.com\/#website"},"datePublished":"2022-08-12T02:06:33+00:00","dateModified":"2022-08-12T02:06:35+00:00","author":{"@id":"https:\/\/laprensacristiana.com\/#\/schema\/person\/3e7d82c6bfd6b1fa67010f8f7cd5256e"},"breadcrumb":{"@id":"https:\/\/laprensacristiana.com\/?p=13711#breadcrumb"},"inLanguage":"es","potentialAction":[{"@type":"ReadAction","target":["https:\/\/laprensacristiana.com\/?p=13711"]}]},{"@type":"BreadcrumbList","@id":"https:\/\/laprensacristiana.com\/?p=13711#breadcrumb","itemListElement":[{"@type":"ListItem","position":1,"name":"Portada","item":"https:\/\/laprensacristiana.com\/"},{"@type":"ListItem","position":2,"name":"\u201c\u00bfSer\u00e1s t\u00fa?\u201d La nueva canci\u00f3n de Gonzalo de Le\u00f3n"}]},{"@type":"WebSite","@id":"https:\/\/laprensacristiana.com\/#website","url":"https:\/\/laprensacristiana.com\/","name":"La Prensa Cristiana","description":"Anunciando Las Buenas Nuevas","potentialAction":[{"@type":"SearchAction","target":{"@type":"EntryPoint","urlTemplate":"https:\/\/laprensacristiana.com\/?s={search_term_string}"},"query-input":"required name=search_term_string"}],"inLanguage":"es"},{"@type":"Person","@id":"https:\/\/laprensacristiana.com\/#\/schema\/person\/3e7d82c6bfd6b1fa67010f8f7cd5256e","name":"EDITOR","image":{"@type":"ImageObject","inLanguage":"es","@id":"https:\/\/laprensacristiana.com\/#\/schema\/person\/image\/","url":"https:\/\/secure.gravatar.com\/avatar\/72069dfb6c13772d9e8381e3638666d2?s=96&d=mm&r=g","contentUrl":"https:\/\/secure.gravatar.com\/avatar\/72069dfb6c13772d9e8381e3638666d2?s=96&d=mm&r=g","caption":"EDITOR"},"url":"https:\/\/laprensacristiana.com\/?author=3"}]}},"_links":{"self":[{"href":"https:\/\/laprensacristiana.com\/index.php?rest_route=\/wp\/v2\/posts\/13711"}],"collection":[{"href":"https:\/\/laprensacristiana.com\/index.php?rest_route=\/wp\/v2\/posts"}],"about":[{"href":"https:\/\/laprensacristiana.com\/index.php?rest_route=\/wp\/v2\/types\/post"}],"author":[{"embeddable":true,"href":"https:\/\/laprensacristiana.com\/index.php?rest_route=\/wp\/v2\/users\/3"}],"replies":[{"embeddable":true,"href":"https:\/\/laprensacristiana.com\/index.php?rest_route=%2Fwp%2Fv2%2Fcomments&post=13711"}],"version-history":[{"count":1,"href":"https:\/\/laprensacristiana.com\/index.php?rest_route=\/wp\/v2\/posts\/13711\/revisions"}],"predecessor-version":[{"id":13713,"href":"https:\/\/laprensacristiana.com\/index.php?rest_route=\/wp\/v2\/posts\/13711\/revisions\/13713"}],"wp:featuredmedia":[{"embeddable":true,"href":"https:\/\/laprensacristiana.com\/index.php?rest_route=\/wp\/v2\/media\/13712"}],"wp:attachment":[{"href":"https:\/\/laprensacristiana.com\/index.php?rest_route=%2Fwp%2Fv2%2Fmedia&parent=13711"}],"wp:term":[{"taxonomy":"category","embeddable":true,"href":"https:\/\/laprensacristiana.com\/index.php?rest_route=%2Fwp%2Fv2%2Fcategories&post=13711"},{"taxonomy":"post_tag","embeddable":true,"href":"https:\/\/laprensacristiana.com\/index.php?rest_route=%2Fwp%2Fv2%2Ftags&post=13711"}],"curies":[{"name":"wp","href":"https:\/\/api.w.org\/{rel}","templated":true}]}}