{"id":13723,"date":"2022-08-15T17:11:29","date_gmt":"2022-08-15T17:11:29","guid":{"rendered":"https:\/\/laprensacristiana.com\/?p=13723"},"modified":"2022-08-15T17:11:31","modified_gmt":"2022-08-15T17:11:31","slug":"el-poder-de-la-palabra","status":"publish","type":"post","link":"https:\/\/laprensacristiana.com\/?p=13723","title":{"rendered":"El poder de la palabra"},"content":{"rendered":"\n<p>Lo hemos dicho en varios art\u00edculos, citas y&nbsp;&#8211; \u00a1c\u00f3mo&nbsp;no! &#8211;&nbsp;en las redes sociales, reaccionando a lo que hoy se llama \u201cposteos\u201d de esos medios de contacto y de informaci\u00f3n: la palabra tiene un poder que va m\u00e1s all\u00e1 de la l\u00f3gica o de la raz\u00f3n.<\/p>\n\n\n\n<p>Y esto es lo que ha tra\u00eddo consecuencias, casi tr\u00e1gicas, al escritor&nbsp;Salman Rushdie&nbsp;cuando un extremista lo atac\u00f3&nbsp;con 10 pu\u00f1aladas, que obligaron a Rushdie a permanecer en una sala de urgencia y conectado a un respirador, en la ciudad de Nueva York.<\/p>\n\n\n\n<p>Pero, \u00bfqui\u00e9n es este escritor y con tal poder en la palabra?&nbsp;Salman Rushdie, naci\u00f3 en&nbsp;Bombay, India, el19 de junio de 1947.&nbsp;Es un escritor y ensayista brit\u00e1nico-estadounidense de origen indio, cuyas dos novelas m\u00e1s famosas son&nbsp;\u201cHijos de la medianoche\u201d(Midnight&#8217;s Children, 1981) y&nbsp;\u201cLos versos sat\u00e1nicos\u201d(The Satanic Verses, 1988). Su estilo ha sido comparado con el realismo m\u00e1gico hispanoamericano, y la mayor parte de sus obras de ficci\u00f3n han suscitado varias pol\u00e9micas por su cr\u00edtica a las diferentes ideolog\u00edas pol\u00edticas y sociales. Su obra, que combina el realismo m\u00e1gico con la ficci\u00f3n hist\u00f3rica, se ocupa principalmente de las numerosas conexiones, interrupciones y migraciones entre las civilizaciones orientales y occidentales, y gran parte de su ficci\u00f3n se desarrolla en el subcontinente indio.<\/p>\n\n\n\n<p>Rushdie hab\u00eda estado viviendo bajo la amenaza de un intento de asesinato desde 1989, unos seis meses despu\u00e9s de la publicaci\u00f3n de su novela \u201cThe Satanic Verses\u201d. El libro ficcion\u00f3 partes de la vida del profeta Mahoma con representaciones que ofendieron a algunos musulmanes que cre\u00edan que la novela era una blasfemia. El ayatol\u00e1 Ruhollah homeini, quien dirigi\u00f3 Ir\u00e1n despu\u00e9s de la revoluci\u00f3n de 1979, emiti\u00f3 un edicto conocido como fatua el 14 de febrero de 1989.&nbsp;Ordenaba a los musulmanes que mataran a Rushdie.<\/p>\n\n\n\n<p>Y parece que tal dicto&nbsp;sigue en efecto, por lo que sabemos hasta ahora y por la raz\u00f3n que su atacante se sinti\u00f3 que deb\u00eda llevar a cabo su intento de asesinato.<\/p>\n\n\n\n<p>Nosotros pensamos que las religiones -todas ellas- son dignas de respeto, porque a fin de cuenta, se asientan en aquella parte subjetiva que llamamos alma o esp\u00edritu y a la cual se llega por el tr\u00e1nsito de la fe.&nbsp;<\/p>\n\n\n\n<p>Es por eso que la novela de Dan Brown \u201cEl c\u00f3digo de Dan Vinci\u201d provoc\u00f3 tanto esc\u00e1ndalo en las diversas ramas del cristianismo y en&nbsp;sus voceros m\u00e1s reconocidos&nbsp;por los adherentes de tal religi\u00f3n.&nbsp;<\/p>\n\n\n\n<p>Y, volvemos al titulo de esta columna: nos encontramos aqu\u00ed con el poder de la palabra, una vez m\u00e1s. Porque es por ella, por la palabra, que nos conectamos con argumentos y tramas que pueden&nbsp;halagarnos o provocar sentimientos de odio. \u00bfNo lo vemos en la obra de los dramaturgos, cuando las representaciones teatrales logran sacar lo m\u00e1s \u00edntimo de nuestras emociones ante declaraciones de amor o de pasi\u00f3n que nos transportan en el tiempo a nuestras propias realidades que logramos ocultar? \u00bfO tambi\u00e9n pueden las mismas obras, en otros segmentos hacernos apretar los manos llevados por sentimientos de ira, de frustraci\u00f3n y hasta de odio, cuando el autor toca esa otra parte de nuestro ser, aquella que reservamos y ocultamos hasta cuando sea necesario revelar?<\/p>\n\n\n\n<p>Alguien, hace unos&nbsp;dos&nbsp;mil&nbsp;a\u00f1os, declar\u00f3 que su palabra no era de \u00e9l sino de aquel que le hab\u00eda enviado. Algunos le creyeron, pero otros no y quer\u00edan matarlo, sin entender que el poder de la palabra sigue teniendo efecto, y que va m\u00e1s all\u00e1 de l\u00edmites temporales.&nbsp;<\/p>\n\n\n\n<p>(<a href=\"mailto:guillermo.serrano@ideasyvoces.com\">guillermo.serrano@ideasyvoces.com<\/a>)<\/p>\n","protected":false},"excerpt":{"rendered":"<p>Lo hemos dicho en varios art\u00edculos, citas y&nbsp;&#8211; \u00a1c\u00f3mo&nbsp;no! &#8211;&nbsp;en las redes sociales, reaccionando a lo que hoy se llama \u201cposteos\u201d de esos medios de contacto y de informaci\u00f3n: la palabra tiene un poder que va m\u00e1s all\u00e1 de la l\u00f3gica o de la raz\u00f3n. Y esto es lo que ha tra\u00eddo consecuencias, casi tr\u00e1gicas, [&hellip;]<\/p>\n","protected":false},"author":3,"featured_media":12615,"comment_status":"open","ping_status":"open","sticky":false,"template":"","format":"standard","meta":[],"categories":[113],"tags":[],"yoast_head":"<!-- This site is optimized with the Yoast SEO plugin v20.8 - https:\/\/yoast.com\/wordpress\/plugins\/seo\/ -->\n<title>El poder de la palabra - La Prensa Cristiana<\/title>\n<meta name=\"robots\" content=\"index, follow, max-snippet:-1, max-image-preview:large, max-video-preview:-1\" \/>\n<link rel=\"canonical\" href=\"https:\/\/laprensacristiana.com\/?p=13723\" \/>\n<meta property=\"og:locale\" content=\"es_ES\" \/>\n<meta property=\"og:type\" content=\"article\" \/>\n<meta property=\"og:title\" content=\"El poder de la palabra - La Prensa Cristiana\" \/>\n<meta property=\"og:description\" content=\"Lo hemos dicho en varios art\u00edculos, citas y&nbsp;&#8211; \u00a1c\u00f3mo&nbsp;no! &#8211;&nbsp;en las redes sociales, reaccionando a lo que hoy se llama \u201cposteos\u201d de esos medios de contacto y de informaci\u00f3n: la palabra tiene un poder que va m\u00e1s all\u00e1 de la l\u00f3gica o de la raz\u00f3n. Y esto es lo que ha tra\u00eddo consecuencias, casi tr\u00e1gicas, [&hellip;]\" \/>\n<meta property=\"og:url\" content=\"https:\/\/laprensacristiana.com\/?p=13723\" \/>\n<meta property=\"og:site_name\" content=\"La Prensa Cristiana\" \/>\n<meta property=\"article:published_time\" content=\"2022-08-15T17:11:29+00:00\" \/>\n<meta property=\"article:modified_time\" content=\"2022-08-15T17:11:31+00:00\" \/>\n<meta property=\"og:image\" content=\"https:\/\/laprensacristiana.com\/wp-content\/uploads\/2021\/10\/WhatsApp-Image-2021-10-04-at-7.31.46-AM.jpeg\" \/>\n\t<meta property=\"og:image:width\" content=\"487\" \/>\n\t<meta property=\"og:image:height\" content=\"330\" \/>\n\t<meta property=\"og:image:type\" content=\"image\/jpeg\" \/>\n<meta name=\"author\" content=\"EDITOR\" \/>\n<meta name=\"twitter:card\" content=\"summary_large_image\" \/>\n<meta name=\"twitter:label1\" content=\"Escrito por\" \/>\n\t<meta name=\"twitter:data1\" content=\"EDITOR\" \/>\n\t<meta name=\"twitter:label2\" content=\"Tiempo de lectura\" \/>\n\t<meta name=\"twitter:data2\" content=\"3 minutos\" \/>\n<script type=\"application\/ld+json\" class=\"yoast-schema-graph\">{\"@context\":\"https:\/\/schema.org\",\"@graph\":[{\"@type\":\"WebPage\",\"@id\":\"https:\/\/laprensacristiana.com\/?p=13723\",\"url\":\"https:\/\/laprensacristiana.com\/?p=13723\",\"name\":\"El poder de la palabra - La Prensa Cristiana\",\"isPartOf\":{\"@id\":\"https:\/\/laprensacristiana.com\/#website\"},\"datePublished\":\"2022-08-15T17:11:29+00:00\",\"dateModified\":\"2022-08-15T17:11:31+00:00\",\"author\":{\"@id\":\"https:\/\/laprensacristiana.com\/#\/schema\/person\/3e7d82c6bfd6b1fa67010f8f7cd5256e\"},\"breadcrumb\":{\"@id\":\"https:\/\/laprensacristiana.com\/?p=13723#breadcrumb\"},\"inLanguage\":\"es\",\"potentialAction\":[{\"@type\":\"ReadAction\",\"target\":[\"https:\/\/laprensacristiana.com\/?p=13723\"]}]},{\"@type\":\"BreadcrumbList\",\"@id\":\"https:\/\/laprensacristiana.com\/?p=13723#breadcrumb\",\"itemListElement\":[{\"@type\":\"ListItem\",\"position\":1,\"name\":\"Portada\",\"item\":\"https:\/\/laprensacristiana.com\/\"},{\"@type\":\"ListItem\",\"position\":2,\"name\":\"El poder de la palabra\"}]},{\"@type\":\"WebSite\",\"@id\":\"https:\/\/laprensacristiana.com\/#website\",\"url\":\"https:\/\/laprensacristiana.com\/\",\"name\":\"La Prensa Cristiana\",\"description\":\"Anunciando Las Buenas Nuevas\",\"potentialAction\":[{\"@type\":\"SearchAction\",\"target\":{\"@type\":\"EntryPoint\",\"urlTemplate\":\"https:\/\/laprensacristiana.com\/?s={search_term_string}\"},\"query-input\":\"required name=search_term_string\"}],\"inLanguage\":\"es\"},{\"@type\":\"Person\",\"@id\":\"https:\/\/laprensacristiana.com\/#\/schema\/person\/3e7d82c6bfd6b1fa67010f8f7cd5256e\",\"name\":\"EDITOR\",\"image\":{\"@type\":\"ImageObject\",\"inLanguage\":\"es\",\"@id\":\"https:\/\/laprensacristiana.com\/#\/schema\/person\/image\/\",\"url\":\"https:\/\/secure.gravatar.com\/avatar\/72069dfb6c13772d9e8381e3638666d2?s=96&d=mm&r=g\",\"contentUrl\":\"https:\/\/secure.gravatar.com\/avatar\/72069dfb6c13772d9e8381e3638666d2?s=96&d=mm&r=g\",\"caption\":\"EDITOR\"},\"url\":\"https:\/\/laprensacristiana.com\/?author=3\"}]}<\/script>\n<!-- \/ Yoast SEO plugin. -->","yoast_head_json":{"title":"El poder de la palabra - La Prensa Cristiana","robots":{"index":"index","follow":"follow","max-snippet":"max-snippet:-1","max-image-preview":"max-image-preview:large","max-video-preview":"max-video-preview:-1"},"canonical":"https:\/\/laprensacristiana.com\/?p=13723","og_locale":"es_ES","og_type":"article","og_title":"El poder de la palabra - La Prensa Cristiana","og_description":"Lo hemos dicho en varios art\u00edculos, citas y&nbsp;&#8211; \u00a1c\u00f3mo&nbsp;no! &#8211;&nbsp;en las redes sociales, reaccionando a lo que hoy se llama \u201cposteos\u201d de esos medios de contacto y de informaci\u00f3n: la palabra tiene un poder que va m\u00e1s all\u00e1 de la l\u00f3gica o de la raz\u00f3n. Y esto es lo que ha tra\u00eddo consecuencias, casi tr\u00e1gicas, [&hellip;]","og_url":"https:\/\/laprensacristiana.com\/?p=13723","og_site_name":"La Prensa Cristiana","article_published_time":"2022-08-15T17:11:29+00:00","article_modified_time":"2022-08-15T17:11:31+00:00","og_image":[{"width":487,"height":330,"url":"https:\/\/laprensacristiana.com\/wp-content\/uploads\/2021\/10\/WhatsApp-Image-2021-10-04-at-7.31.46-AM.jpeg","type":"image\/jpeg"}],"author":"EDITOR","twitter_card":"summary_large_image","twitter_misc":{"Escrito por":"EDITOR","Tiempo de lectura":"3 minutos"},"schema":{"@context":"https:\/\/schema.org","@graph":[{"@type":"WebPage","@id":"https:\/\/laprensacristiana.com\/?p=13723","url":"https:\/\/laprensacristiana.com\/?p=13723","name":"El poder de la palabra - La Prensa Cristiana","isPartOf":{"@id":"https:\/\/laprensacristiana.com\/#website"},"datePublished":"2022-08-15T17:11:29+00:00","dateModified":"2022-08-15T17:11:31+00:00","author":{"@id":"https:\/\/laprensacristiana.com\/#\/schema\/person\/3e7d82c6bfd6b1fa67010f8f7cd5256e"},"breadcrumb":{"@id":"https:\/\/laprensacristiana.com\/?p=13723#breadcrumb"},"inLanguage":"es","potentialAction":[{"@type":"ReadAction","target":["https:\/\/laprensacristiana.com\/?p=13723"]}]},{"@type":"BreadcrumbList","@id":"https:\/\/laprensacristiana.com\/?p=13723#breadcrumb","itemListElement":[{"@type":"ListItem","position":1,"name":"Portada","item":"https:\/\/laprensacristiana.com\/"},{"@type":"ListItem","position":2,"name":"El poder de la palabra"}]},{"@type":"WebSite","@id":"https:\/\/laprensacristiana.com\/#website","url":"https:\/\/laprensacristiana.com\/","name":"La Prensa Cristiana","description":"Anunciando Las Buenas Nuevas","potentialAction":[{"@type":"SearchAction","target":{"@type":"EntryPoint","urlTemplate":"https:\/\/laprensacristiana.com\/?s={search_term_string}"},"query-input":"required name=search_term_string"}],"inLanguage":"es"},{"@type":"Person","@id":"https:\/\/laprensacristiana.com\/#\/schema\/person\/3e7d82c6bfd6b1fa67010f8f7cd5256e","name":"EDITOR","image":{"@type":"ImageObject","inLanguage":"es","@id":"https:\/\/laprensacristiana.com\/#\/schema\/person\/image\/","url":"https:\/\/secure.gravatar.com\/avatar\/72069dfb6c13772d9e8381e3638666d2?s=96&d=mm&r=g","contentUrl":"https:\/\/secure.gravatar.com\/avatar\/72069dfb6c13772d9e8381e3638666d2?s=96&d=mm&r=g","caption":"EDITOR"},"url":"https:\/\/laprensacristiana.com\/?author=3"}]}},"_links":{"self":[{"href":"https:\/\/laprensacristiana.com\/index.php?rest_route=\/wp\/v2\/posts\/13723"}],"collection":[{"href":"https:\/\/laprensacristiana.com\/index.php?rest_route=\/wp\/v2\/posts"}],"about":[{"href":"https:\/\/laprensacristiana.com\/index.php?rest_route=\/wp\/v2\/types\/post"}],"author":[{"embeddable":true,"href":"https:\/\/laprensacristiana.com\/index.php?rest_route=\/wp\/v2\/users\/3"}],"replies":[{"embeddable":true,"href":"https:\/\/laprensacristiana.com\/index.php?rest_route=%2Fwp%2Fv2%2Fcomments&post=13723"}],"version-history":[{"count":1,"href":"https:\/\/laprensacristiana.com\/index.php?rest_route=\/wp\/v2\/posts\/13723\/revisions"}],"predecessor-version":[{"id":13724,"href":"https:\/\/laprensacristiana.com\/index.php?rest_route=\/wp\/v2\/posts\/13723\/revisions\/13724"}],"wp:featuredmedia":[{"embeddable":true,"href":"https:\/\/laprensacristiana.com\/index.php?rest_route=\/wp\/v2\/media\/12615"}],"wp:attachment":[{"href":"https:\/\/laprensacristiana.com\/index.php?rest_route=%2Fwp%2Fv2%2Fmedia&parent=13723"}],"wp:term":[{"taxonomy":"category","embeddable":true,"href":"https:\/\/laprensacristiana.com\/index.php?rest_route=%2Fwp%2Fv2%2Fcategories&post=13723"},{"taxonomy":"post_tag","embeddable":true,"href":"https:\/\/laprensacristiana.com\/index.php?rest_route=%2Fwp%2Fv2%2Ftags&post=13723"}],"curies":[{"name":"wp","href":"https:\/\/api.w.org\/{rel}","templated":true}]}}