{"id":13749,"date":"2022-08-29T16:37:28","date_gmt":"2022-08-29T16:37:28","guid":{"rendered":"https:\/\/laprensacristiana.com\/?p=13749"},"modified":"2022-08-29T16:37:29","modified_gmt":"2022-08-29T16:37:29","slug":"la-insatisfaccion-fenomeno-de-nuestros-tiempos","status":"publish","type":"post","link":"https:\/\/laprensacristiana.com\/?p=13749","title":{"rendered":"La insatisfacci\u00f3n, fen\u00f3meno de nuestros tiempos"},"content":{"rendered":"\n<p>Fue el presidente norteamericano&nbsp;John F. Kennedy,&nbsp;quien&nbsp;afirm\u00f3 que la vida es una tr\u00e1gica&nbsp;aventura. Supropia&nbsp;existencia, fue una gr\u00e1fica ilustraci\u00f3n de su comentario, a\u00fan m\u00e1s quiz\u00e1,&nbsp;que nuestra propia experiencia\u2026<\/p>\n\n\n\n<p>\u201cA&nbsp;fines de 2020, un destacado acad\u00e9mico espa\u00f1ol plante\u00f3 la pregunta: \u00bfPor qu\u00e9 las sociedades latinoamericanas est\u00e1n tan enojadas? Y apunt\u00f3 a la realidad cr\u00edtica de ese momento, con fuertes manifestaciones en varios pa\u00edses del continente, entre otros Chile. Remarc\u00f3 que miles de latinoamericanos salieron a las calles a protestar contra decisiones que consideraban injustas, reclamando un cambio de rumbo de los gobiernos, pero tambi\u00e9n una nueva forma de relacionarse con sus instituciones. Lo que no dijo es c\u00f3mo ese enojo no estaba s\u00f3lo en las calles, sino tambi\u00e9n en las redes sociales, impregn\u00e1ndolas de iras y denostaciones donde el debate racional era el gran ausente\u201d (ex presidente chileno Ricardo Lagos, en una columna del peri\u00f3dico La Tercera del domingo 28 de agosto de 2022).<\/p>\n\n\n\n<p>Los pa\u00edses del mundo marchan, protestan, y desfilan por la calles, avenidas&nbsp;y espacios p\u00fablicos para&nbsp;demandar&nbsp;cambios en sus leyes, constituciones&nbsp;y mayormente en el reparto de las utilidades que producen sus productos y manufacturas.<\/p>\n\n\n\n<p>Y surge entonces la discusi\u00f3n sobre qu\u00e9 es lo que produce el bienestar que proviene del dinero invertido: \u00bfla inversi\u00f3n de capitales nacionales o for\u00e1neos?, o, la otra opini\u00f3n, tan valida como a anterior: el bienestar producido por el dinero se encuentra en los trabajadores que producen bienes para el consumo humano y animal.<\/p>\n\n\n\n<p>Las preguntas anteriores, tan viejas como las revoluciones que ha conocido la humanidad, no encuentran&nbsp;una respuesta f\u00e1cil o que sea de com\u00fan acuerdo.<\/p>\n\n\n\n<p>Y la insatisfacci\u00f3n mencionada antes se traduce en demandas de nuevas constituciones (Chile, M\u00e9xico, Colombia, Per\u00fa) o cambios de sistemas monetarios en su relaci\u00f3n con la moneda \u201cdura\u201d: el d\u00f3lar (Argentina, El Salvador, Venezuela).<\/p>\n\n\n\n<p>Las redes sociales -que ha suplantado los medios tradicionales de informaci\u00f3n-&nbsp;se inflaman con dichos, proclamas y denuncias, algunas de ellas muy sarc\u00e1sticas y en algunos casos, ofensivas, contra lo que hasta hace un poco tiempo atr\u00e1s era alguna situaci\u00f3n resistida&nbsp;y a todas luces, injusta, pero que se aceptaba a rega\u00f1adientes\u2026<\/p>\n\n\n\n<p>Ya no. No hay reparos en insultar y en denostar a todo aquel que no coincida con&nbsp;las ideas&nbsp;y prejuicios&nbsp;de aquel que se atrinchera en esas redes.&nbsp;Se le atribuye a&nbsp;Lutero, el reformado del siglo 16, quien habr\u00eda dichoque todos&nbsp;llevamos un papa dentro de nosotros\u2026<\/p>\n\n\n\n<p>Todos nosotros -seres humanos, al fin y al cabo- buscamos y quiz\u00e1 anhelamos algo que nos satisfaga en la vida. Pero tambi\u00e9n necesitamos alguna gu\u00eda que nos d\u00e9&nbsp;alguna perspectiva en aquello que deseamos para que no nos destruyamos como individuos y como sociedad.&nbsp;&nbsp;Quiz\u00e1 a\u00fan estemos a tiempo de lograr el punto de equilibrio necesario para que podamos alcanzar lo que la mayor\u00eda de las constituciones del mundo proclaman: que tengamos una vida digna y de bienestar.<\/p>\n\n\n\n<p>(guillermo.serrano@ideasyvoces.com)<\/p>\n","protected":false},"excerpt":{"rendered":"<p>Fue el presidente norteamericano&nbsp;John F. Kennedy,&nbsp;quien&nbsp;afirm\u00f3 que la vida es una tr\u00e1gica&nbsp;aventura. Supropia&nbsp;existencia, fue una gr\u00e1fica ilustraci\u00f3n de su comentario, a\u00fan m\u00e1s quiz\u00e1,&nbsp;que nuestra propia experiencia\u2026 \u201cA&nbsp;fines de 2020, un destacado acad\u00e9mico espa\u00f1ol plante\u00f3 la pregunta: \u00bfPor qu\u00e9 las sociedades latinoamericanas est\u00e1n tan enojadas? Y apunt\u00f3 a la realidad cr\u00edtica de ese momento, con fuertes [&hellip;]<\/p>\n","protected":false},"author":3,"featured_media":12597,"comment_status":"open","ping_status":"open","sticky":false,"template":"","format":"standard","meta":[],"categories":[113],"tags":[],"yoast_head":"<!-- This site is optimized with the Yoast SEO plugin v20.8 - https:\/\/yoast.com\/wordpress\/plugins\/seo\/ -->\n<title>La insatisfacci\u00f3n, fen\u00f3meno de nuestros tiempos - La Prensa Cristiana<\/title>\n<meta name=\"robots\" content=\"index, follow, max-snippet:-1, max-image-preview:large, max-video-preview:-1\" \/>\n<link rel=\"canonical\" href=\"https:\/\/laprensacristiana.com\/?p=13749\" \/>\n<meta property=\"og:locale\" content=\"es_ES\" \/>\n<meta property=\"og:type\" content=\"article\" \/>\n<meta property=\"og:title\" content=\"La insatisfacci\u00f3n, fen\u00f3meno de nuestros tiempos - La Prensa Cristiana\" \/>\n<meta property=\"og:description\" content=\"Fue el presidente norteamericano&nbsp;John F. Kennedy,&nbsp;quien&nbsp;afirm\u00f3 que la vida es una tr\u00e1gica&nbsp;aventura. Supropia&nbsp;existencia, fue una gr\u00e1fica ilustraci\u00f3n de su comentario, a\u00fan m\u00e1s quiz\u00e1,&nbsp;que nuestra propia experiencia\u2026 \u201cA&nbsp;fines de 2020, un destacado acad\u00e9mico espa\u00f1ol plante\u00f3 la pregunta: \u00bfPor qu\u00e9 las sociedades latinoamericanas est\u00e1n tan enojadas? Y apunt\u00f3 a la realidad cr\u00edtica de ese momento, con fuertes [&hellip;]\" \/>\n<meta property=\"og:url\" content=\"https:\/\/laprensacristiana.com\/?p=13749\" \/>\n<meta property=\"og:site_name\" content=\"La Prensa Cristiana\" \/>\n<meta property=\"article:published_time\" content=\"2022-08-29T16:37:28+00:00\" \/>\n<meta property=\"article:modified_time\" content=\"2022-08-29T16:37:29+00:00\" \/>\n<meta property=\"og:image\" content=\"https:\/\/laprensacristiana.com\/wp-content\/uploads\/2021\/09\/WhatsApp-Image-2021-09-27-at-08.58.18.jpeg\" \/>\n\t<meta property=\"og:image:width\" content=\"487\" \/>\n\t<meta property=\"og:image:height\" content=\"330\" \/>\n\t<meta property=\"og:image:type\" content=\"image\/jpeg\" \/>\n<meta name=\"author\" content=\"EDITOR\" \/>\n<meta name=\"twitter:card\" content=\"summary_large_image\" \/>\n<meta name=\"twitter:label1\" content=\"Escrito por\" \/>\n\t<meta name=\"twitter:data1\" content=\"EDITOR\" \/>\n\t<meta name=\"twitter:label2\" content=\"Tiempo de lectura\" \/>\n\t<meta name=\"twitter:data2\" content=\"3 minutos\" \/>\n<script type=\"application\/ld+json\" class=\"yoast-schema-graph\">{\"@context\":\"https:\/\/schema.org\",\"@graph\":[{\"@type\":\"WebPage\",\"@id\":\"https:\/\/laprensacristiana.com\/?p=13749\",\"url\":\"https:\/\/laprensacristiana.com\/?p=13749\",\"name\":\"La insatisfacci\u00f3n, fen\u00f3meno de nuestros tiempos - La Prensa Cristiana\",\"isPartOf\":{\"@id\":\"https:\/\/laprensacristiana.com\/#website\"},\"datePublished\":\"2022-08-29T16:37:28+00:00\",\"dateModified\":\"2022-08-29T16:37:29+00:00\",\"author\":{\"@id\":\"https:\/\/laprensacristiana.com\/#\/schema\/person\/3e7d82c6bfd6b1fa67010f8f7cd5256e\"},\"breadcrumb\":{\"@id\":\"https:\/\/laprensacristiana.com\/?p=13749#breadcrumb\"},\"inLanguage\":\"es\",\"potentialAction\":[{\"@type\":\"ReadAction\",\"target\":[\"https:\/\/laprensacristiana.com\/?p=13749\"]}]},{\"@type\":\"BreadcrumbList\",\"@id\":\"https:\/\/laprensacristiana.com\/?p=13749#breadcrumb\",\"itemListElement\":[{\"@type\":\"ListItem\",\"position\":1,\"name\":\"Portada\",\"item\":\"https:\/\/laprensacristiana.com\/\"},{\"@type\":\"ListItem\",\"position\":2,\"name\":\"La insatisfacci\u00f3n, fen\u00f3meno de nuestros tiempos\"}]},{\"@type\":\"WebSite\",\"@id\":\"https:\/\/laprensacristiana.com\/#website\",\"url\":\"https:\/\/laprensacristiana.com\/\",\"name\":\"La Prensa Cristiana\",\"description\":\"Anunciando Las Buenas Nuevas\",\"potentialAction\":[{\"@type\":\"SearchAction\",\"target\":{\"@type\":\"EntryPoint\",\"urlTemplate\":\"https:\/\/laprensacristiana.com\/?s={search_term_string}\"},\"query-input\":\"required name=search_term_string\"}],\"inLanguage\":\"es\"},{\"@type\":\"Person\",\"@id\":\"https:\/\/laprensacristiana.com\/#\/schema\/person\/3e7d82c6bfd6b1fa67010f8f7cd5256e\",\"name\":\"EDITOR\",\"image\":{\"@type\":\"ImageObject\",\"inLanguage\":\"es\",\"@id\":\"https:\/\/laprensacristiana.com\/#\/schema\/person\/image\/\",\"url\":\"https:\/\/secure.gravatar.com\/avatar\/72069dfb6c13772d9e8381e3638666d2?s=96&d=mm&r=g\",\"contentUrl\":\"https:\/\/secure.gravatar.com\/avatar\/72069dfb6c13772d9e8381e3638666d2?s=96&d=mm&r=g\",\"caption\":\"EDITOR\"},\"url\":\"https:\/\/laprensacristiana.com\/?author=3\"}]}<\/script>\n<!-- \/ Yoast SEO plugin. -->","yoast_head_json":{"title":"La insatisfacci\u00f3n, fen\u00f3meno de nuestros tiempos - La Prensa Cristiana","robots":{"index":"index","follow":"follow","max-snippet":"max-snippet:-1","max-image-preview":"max-image-preview:large","max-video-preview":"max-video-preview:-1"},"canonical":"https:\/\/laprensacristiana.com\/?p=13749","og_locale":"es_ES","og_type":"article","og_title":"La insatisfacci\u00f3n, fen\u00f3meno de nuestros tiempos - La Prensa Cristiana","og_description":"Fue el presidente norteamericano&nbsp;John F. Kennedy,&nbsp;quien&nbsp;afirm\u00f3 que la vida es una tr\u00e1gica&nbsp;aventura. Supropia&nbsp;existencia, fue una gr\u00e1fica ilustraci\u00f3n de su comentario, a\u00fan m\u00e1s quiz\u00e1,&nbsp;que nuestra propia experiencia\u2026 \u201cA&nbsp;fines de 2020, un destacado acad\u00e9mico espa\u00f1ol plante\u00f3 la pregunta: \u00bfPor qu\u00e9 las sociedades latinoamericanas est\u00e1n tan enojadas? Y apunt\u00f3 a la realidad cr\u00edtica de ese momento, con fuertes [&hellip;]","og_url":"https:\/\/laprensacristiana.com\/?p=13749","og_site_name":"La Prensa Cristiana","article_published_time":"2022-08-29T16:37:28+00:00","article_modified_time":"2022-08-29T16:37:29+00:00","og_image":[{"width":487,"height":330,"url":"https:\/\/laprensacristiana.com\/wp-content\/uploads\/2021\/09\/WhatsApp-Image-2021-09-27-at-08.58.18.jpeg","type":"image\/jpeg"}],"author":"EDITOR","twitter_card":"summary_large_image","twitter_misc":{"Escrito por":"EDITOR","Tiempo de lectura":"3 minutos"},"schema":{"@context":"https:\/\/schema.org","@graph":[{"@type":"WebPage","@id":"https:\/\/laprensacristiana.com\/?p=13749","url":"https:\/\/laprensacristiana.com\/?p=13749","name":"La insatisfacci\u00f3n, fen\u00f3meno de nuestros tiempos - La Prensa Cristiana","isPartOf":{"@id":"https:\/\/laprensacristiana.com\/#website"},"datePublished":"2022-08-29T16:37:28+00:00","dateModified":"2022-08-29T16:37:29+00:00","author":{"@id":"https:\/\/laprensacristiana.com\/#\/schema\/person\/3e7d82c6bfd6b1fa67010f8f7cd5256e"},"breadcrumb":{"@id":"https:\/\/laprensacristiana.com\/?p=13749#breadcrumb"},"inLanguage":"es","potentialAction":[{"@type":"ReadAction","target":["https:\/\/laprensacristiana.com\/?p=13749"]}]},{"@type":"BreadcrumbList","@id":"https:\/\/laprensacristiana.com\/?p=13749#breadcrumb","itemListElement":[{"@type":"ListItem","position":1,"name":"Portada","item":"https:\/\/laprensacristiana.com\/"},{"@type":"ListItem","position":2,"name":"La insatisfacci\u00f3n, fen\u00f3meno de nuestros tiempos"}]},{"@type":"WebSite","@id":"https:\/\/laprensacristiana.com\/#website","url":"https:\/\/laprensacristiana.com\/","name":"La Prensa Cristiana","description":"Anunciando Las Buenas Nuevas","potentialAction":[{"@type":"SearchAction","target":{"@type":"EntryPoint","urlTemplate":"https:\/\/laprensacristiana.com\/?s={search_term_string}"},"query-input":"required name=search_term_string"}],"inLanguage":"es"},{"@type":"Person","@id":"https:\/\/laprensacristiana.com\/#\/schema\/person\/3e7d82c6bfd6b1fa67010f8f7cd5256e","name":"EDITOR","image":{"@type":"ImageObject","inLanguage":"es","@id":"https:\/\/laprensacristiana.com\/#\/schema\/person\/image\/","url":"https:\/\/secure.gravatar.com\/avatar\/72069dfb6c13772d9e8381e3638666d2?s=96&d=mm&r=g","contentUrl":"https:\/\/secure.gravatar.com\/avatar\/72069dfb6c13772d9e8381e3638666d2?s=96&d=mm&r=g","caption":"EDITOR"},"url":"https:\/\/laprensacristiana.com\/?author=3"}]}},"_links":{"self":[{"href":"https:\/\/laprensacristiana.com\/index.php?rest_route=\/wp\/v2\/posts\/13749"}],"collection":[{"href":"https:\/\/laprensacristiana.com\/index.php?rest_route=\/wp\/v2\/posts"}],"about":[{"href":"https:\/\/laprensacristiana.com\/index.php?rest_route=\/wp\/v2\/types\/post"}],"author":[{"embeddable":true,"href":"https:\/\/laprensacristiana.com\/index.php?rest_route=\/wp\/v2\/users\/3"}],"replies":[{"embeddable":true,"href":"https:\/\/laprensacristiana.com\/index.php?rest_route=%2Fwp%2Fv2%2Fcomments&post=13749"}],"version-history":[{"count":1,"href":"https:\/\/laprensacristiana.com\/index.php?rest_route=\/wp\/v2\/posts\/13749\/revisions"}],"predecessor-version":[{"id":13750,"href":"https:\/\/laprensacristiana.com\/index.php?rest_route=\/wp\/v2\/posts\/13749\/revisions\/13750"}],"wp:featuredmedia":[{"embeddable":true,"href":"https:\/\/laprensacristiana.com\/index.php?rest_route=\/wp\/v2\/media\/12597"}],"wp:attachment":[{"href":"https:\/\/laprensacristiana.com\/index.php?rest_route=%2Fwp%2Fv2%2Fmedia&parent=13749"}],"wp:term":[{"taxonomy":"category","embeddable":true,"href":"https:\/\/laprensacristiana.com\/index.php?rest_route=%2Fwp%2Fv2%2Fcategories&post=13749"},{"taxonomy":"post_tag","embeddable":true,"href":"https:\/\/laprensacristiana.com\/index.php?rest_route=%2Fwp%2Fv2%2Ftags&post=13749"}],"curies":[{"name":"wp","href":"https:\/\/api.w.org\/{rel}","templated":true}]}}