{"id":13756,"date":"2022-09-02T22:05:57","date_gmt":"2022-09-02T22:05:57","guid":{"rendered":"https:\/\/laprensacristiana.com\/?p=13756"},"modified":"2022-09-02T22:05:58","modified_gmt":"2022-09-02T22:05:58","slug":"principios-y-valores-cristianos-como-pilares-fundamentales-en-la-vida-de-un-servidor","status":"publish","type":"post","link":"https:\/\/laprensacristiana.com\/?p=13756","title":{"rendered":"\u00abPrincipios y valores cristianos, como pilares fundamentales en la vida de un servidor\u00bb"},"content":{"rendered":"\n<p>Por: Jos\u00e9 Andr\u00e9s Hern\u00e1ndez \/ Impulsador del talento y desarrollo humano, econ\u00f3mico y social.<\/p>\n\n\n\n<p>Hay un dicho muy popular que dice: \u00abQuien no vive para servir, no sirve para vivir\u00bb. Y por eso vivo agradecido con Dios el gran legado que mi&nbsp;padre (QDDG) me inculc\u00f3 y mi madre sigue ense\u00f1ando, de basar mi actuar en el respeto, servir al pr\u00f3jimo y ayudar hasta donde mis posibilidades me lo permitan. Somos fieles creyentes que sirviendo a nuestro semejante le estamos sirviendo y honrando a Dios.<\/p>\n\n\n\n<p>Son esos principios y valores cristianos los que definen nuestro actuar, y encaminan el testimonio de vida y ejemplo que brindamos d\u00eda a d\u00eda, podemos caer en errores porque es de humanos equivocarnos, pero as\u00ed debemos tambi\u00e9n enmendarlos, no solo con palabras sino con acciones, as\u00ed, estaremos siendo parte de la soluci\u00f3n al problema de la p\u00e9rdida de estos principios y valores.<\/p>\n\n\n\n<p>Vivo agradecido por haber nacido en una familia emprendedora, que me ense\u00f1\u00f3 a trabajar con esfuerzo, impulsando el talento y desarrollo humano, econ\u00f3mico y social.<\/p>\n\n\n\n<p>Cada d\u00eda nuestro compromiso es seguir honrando a Dios a trav\u00e9s del servicio: a nuestros hermanos emprendedores, a nuestros hermanos agricultores; en apoyo constante a las mujeres, madres solteras, jefas de hogar que luchan d\u00eda a d\u00eda con todas las barreras sociales y estereotipos que les impide avanzar. Tenemos un reto de muchos a\u00f1os, queda mucho por hacer, en el cual todos nos tenemos que unir, para reactivar e&nbsp;impulsar a nuestros hermanos emprendedores, para hacer competitivos a los sectores productivos, que son los que nos generan los ingresos que necesita el gobierno para impulsar el desarrollo social. Es importante seguir con esa lucha y esfuerzo que hemos venido abanderando, porque nosotros venimos de ese sector, el cual ha estado olvidado y aun as\u00ed&nbsp; dinamizan la econom\u00eda del pa\u00eds, junto&nbsp; al esfuerzo de nuestros hermanos en el exterior; que si no fuera por esa remesa que mandan, el pa\u00eds estuviera enfrentado una cris mayor.<\/p>\n\n\n\n<p>Si nosotros de verdad, proponemos alternativas de soluci\u00f3n, aplicando las leyes como se debe hacer o creando leyes que incluyan a todos los sectores productivos, como por ejemplo una Ley de Fomento Agropecuario, que sirva para incentivar al peque\u00f1o y mediano agricultor y para hacer competitivos estos sectores de la econom\u00eda del pa\u00eds, en el que se encuentra la verdadera f\u00e1brica de empleo; lograr\u00edamos&nbsp; garantizar la soberan\u00eda alimentaria en nuestro pa\u00eds; para que en momentos de crisis no tengamos que importar nuestros alimentos&nbsp; y podamos ser autosuficientes para producir por lo menos la canasta b\u00e1sica que estamos llevando a la mesa de la familia salvadore\u00f1a. Esto ayudar\u00eda a frenar la migraci\u00f3n y la desintegraci\u00f3n familiar, pues los hermanos ya no tendr\u00edan que salir de la frontera a buscar oportunidades y realizar sus sue\u00f1os.<\/p>\n\n\n\n<p>No vamos a parar de apoyar a las personas que m\u00e1s lo necesitan; me llena de orgullo poder servir a m\u00e1s comunidades, sin importar si estoy en pol\u00edtica o no, sea tiempo de campa\u00f1a o no, porque nuestro caminar debe ser basado en hechos no en palabras.<\/p>\n\n\n\n<p>Invito a todas las personas que muchas veces nos critican, a sumar esfuerzos para poder ser verdaderos transformadores sociales, practicante de los valores cristianos y ejemplo de vida para futuras generaciones.<\/p>\n\n\n\n<figure class=\"wp-block-gallery columns-3 is-cropped wp-block-gallery-1 is-layout-flex\"><ul class=\"blocks-gallery-grid\"><li class=\"blocks-gallery-item\"><figure><img decoding=\"async\" loading=\"lazy\" width=\"1024\" height=\"768\" src=\"https:\/\/laprensacristiana.com\/wp-content\/uploads\/2022\/09\/WhatsApp-Image-2022-08-27-at-9.37.35-PM-1-1024x768.jpeg\" alt=\"\" data-id=\"13758\" data-full-url=\"https:\/\/laprensacristiana.com\/wp-content\/uploads\/2022\/09\/WhatsApp-Image-2022-08-27-at-9.37.35-PM-1.jpeg\" data-link=\"https:\/\/laprensacristiana.com\/?attachment_id=13758\" class=\"wp-image-13758\" srcset=\"https:\/\/laprensacristiana.com\/wp-content\/uploads\/2022\/09\/WhatsApp-Image-2022-08-27-at-9.37.35-PM-1-1024x768.jpeg 1024w, https:\/\/laprensacristiana.com\/wp-content\/uploads\/2022\/09\/WhatsApp-Image-2022-08-27-at-9.37.35-PM-1-300x225.jpeg 300w, https:\/\/laprensacristiana.com\/wp-content\/uploads\/2022\/09\/WhatsApp-Image-2022-08-27-at-9.37.35-PM-1-768x576.jpeg 768w, https:\/\/laprensacristiana.com\/wp-content\/uploads\/2022\/09\/WhatsApp-Image-2022-08-27-at-9.37.35-PM-1-696x522.jpeg 696w, https:\/\/laprensacristiana.com\/wp-content\/uploads\/2022\/09\/WhatsApp-Image-2022-08-27-at-9.37.35-PM-1-1068x801.jpeg 1068w, https:\/\/laprensacristiana.com\/wp-content\/uploads\/2022\/09\/WhatsApp-Image-2022-08-27-at-9.37.35-PM-1-600x450.jpeg 600w, https:\/\/laprensacristiana.com\/wp-content\/uploads\/2022\/09\/WhatsApp-Image-2022-08-27-at-9.37.35-PM-1.jpeg 1119w\" sizes=\"(max-width: 1024px) 100vw, 1024px\" \/><\/figure><\/li><li class=\"blocks-gallery-item\"><figure><img decoding=\"async\" loading=\"lazy\" width=\"1024\" height=\"768\" src=\"https:\/\/laprensacristiana.com\/wp-content\/uploads\/2022\/09\/WhatsApp-Image-2022-08-27-at-9.37.35-PM-1024x768.jpeg\" alt=\"\" data-id=\"13759\" data-full-url=\"https:\/\/laprensacristiana.com\/wp-content\/uploads\/2022\/09\/WhatsApp-Image-2022-08-27-at-9.37.35-PM.jpeg\" data-link=\"https:\/\/laprensacristiana.com\/?attachment_id=13759\" class=\"wp-image-13759\" srcset=\"https:\/\/laprensacristiana.com\/wp-content\/uploads\/2022\/09\/WhatsApp-Image-2022-08-27-at-9.37.35-PM-1024x768.jpeg 1024w, https:\/\/laprensacristiana.com\/wp-content\/uploads\/2022\/09\/WhatsApp-Image-2022-08-27-at-9.37.35-PM-300x225.jpeg 300w, https:\/\/laprensacristiana.com\/wp-content\/uploads\/2022\/09\/WhatsApp-Image-2022-08-27-at-9.37.35-PM-768x576.jpeg 768w, https:\/\/laprensacristiana.com\/wp-content\/uploads\/2022\/09\/WhatsApp-Image-2022-08-27-at-9.37.35-PM-1536x1152.jpeg 1536w, https:\/\/laprensacristiana.com\/wp-content\/uploads\/2022\/09\/WhatsApp-Image-2022-08-27-at-9.37.35-PM-696x522.jpeg 696w, https:\/\/laprensacristiana.com\/wp-content\/uploads\/2022\/09\/WhatsApp-Image-2022-08-27-at-9.37.35-PM-1068x801.jpeg 1068w, https:\/\/laprensacristiana.com\/wp-content\/uploads\/2022\/09\/WhatsApp-Image-2022-08-27-at-9.37.35-PM-600x450.jpeg 600w, https:\/\/laprensacristiana.com\/wp-content\/uploads\/2022\/09\/WhatsApp-Image-2022-08-27-at-9.37.35-PM.jpeg 1600w\" sizes=\"(max-width: 1024px) 100vw, 1024px\" \/><\/figure><\/li><li class=\"blocks-gallery-item\"><figure><img decoding=\"async\" loading=\"lazy\" width=\"1024\" height=\"768\" src=\"https:\/\/laprensacristiana.com\/wp-content\/uploads\/2022\/09\/WhatsApp-Image-2022-08-27-at-9.37.36-PM-2-1024x768.jpeg\" alt=\"\" data-id=\"13760\" data-full-url=\"https:\/\/laprensacristiana.com\/wp-content\/uploads\/2022\/09\/WhatsApp-Image-2022-08-27-at-9.37.36-PM-2.jpeg\" data-link=\"https:\/\/laprensacristiana.com\/?attachment_id=13760\" class=\"wp-image-13760\" srcset=\"https:\/\/laprensacristiana.com\/wp-content\/uploads\/2022\/09\/WhatsApp-Image-2022-08-27-at-9.37.36-PM-2-1024x768.jpeg 1024w, https:\/\/laprensacristiana.com\/wp-content\/uploads\/2022\/09\/WhatsApp-Image-2022-08-27-at-9.37.36-PM-2-300x225.jpeg 300w, https:\/\/laprensacristiana.com\/wp-content\/uploads\/2022\/09\/WhatsApp-Image-2022-08-27-at-9.37.36-PM-2-768x576.jpeg 768w, https:\/\/laprensacristiana.com\/wp-content\/uploads\/2022\/09\/WhatsApp-Image-2022-08-27-at-9.37.36-PM-2-696x522.jpeg 696w, https:\/\/laprensacristiana.com\/wp-content\/uploads\/2022\/09\/WhatsApp-Image-2022-08-27-at-9.37.36-PM-2-1068x801.jpeg 1068w, https:\/\/laprensacristiana.com\/wp-content\/uploads\/2022\/09\/WhatsApp-Image-2022-08-27-at-9.37.36-PM-2-600x450.jpeg 600w, https:\/\/laprensacristiana.com\/wp-content\/uploads\/2022\/09\/WhatsApp-Image-2022-08-27-at-9.37.36-PM-2.jpeg 1119w\" sizes=\"(max-width: 1024px) 100vw, 1024px\" \/><\/figure><\/li><li class=\"blocks-gallery-item\"><figure><img decoding=\"async\" loading=\"lazy\" width=\"1024\" height=\"768\" src=\"https:\/\/laprensacristiana.com\/wp-content\/uploads\/2022\/09\/WhatsApp-Image-2022-08-27-at-9.37.36-PM-3-1024x768.jpeg\" alt=\"\" data-id=\"13761\" data-full-url=\"https:\/\/laprensacristiana.com\/wp-content\/uploads\/2022\/09\/WhatsApp-Image-2022-08-27-at-9.37.36-PM-3.jpeg\" data-link=\"https:\/\/laprensacristiana.com\/?attachment_id=13761\" class=\"wp-image-13761\" srcset=\"https:\/\/laprensacristiana.com\/wp-content\/uploads\/2022\/09\/WhatsApp-Image-2022-08-27-at-9.37.36-PM-3-1024x768.jpeg 1024w, https:\/\/laprensacristiana.com\/wp-content\/uploads\/2022\/09\/WhatsApp-Image-2022-08-27-at-9.37.36-PM-3-300x225.jpeg 300w, https:\/\/laprensacristiana.com\/wp-content\/uploads\/2022\/09\/WhatsApp-Image-2022-08-27-at-9.37.36-PM-3-768x576.jpeg 768w, https:\/\/laprensacristiana.com\/wp-content\/uploads\/2022\/09\/WhatsApp-Image-2022-08-27-at-9.37.36-PM-3-1536x1152.jpeg 1536w, https:\/\/laprensacristiana.com\/wp-content\/uploads\/2022\/09\/WhatsApp-Image-2022-08-27-at-9.37.36-PM-3-696x522.jpeg 696w, https:\/\/laprensacristiana.com\/wp-content\/uploads\/2022\/09\/WhatsApp-Image-2022-08-27-at-9.37.36-PM-3-1068x801.jpeg 1068w, https:\/\/laprensacristiana.com\/wp-content\/uploads\/2022\/09\/WhatsApp-Image-2022-08-27-at-9.37.36-PM-3-600x450.jpeg 600w, https:\/\/laprensacristiana.com\/wp-content\/uploads\/2022\/09\/WhatsApp-Image-2022-08-27-at-9.37.36-PM-3.jpeg 1600w\" sizes=\"(max-width: 1024px) 100vw, 1024px\" \/><\/figure><\/li><li class=\"blocks-gallery-item\"><figure><img decoding=\"async\" loading=\"lazy\" width=\"1024\" height=\"768\" src=\"https:\/\/laprensacristiana.com\/wp-content\/uploads\/2022\/09\/WhatsApp-Image-2022-08-27-at-9.37.36-PM-1024x768.jpeg\" alt=\"\" data-id=\"13762\" data-full-url=\"https:\/\/laprensacristiana.com\/wp-content\/uploads\/2022\/09\/WhatsApp-Image-2022-08-27-at-9.37.36-PM.jpeg\" data-link=\"https:\/\/laprensacristiana.com\/?attachment_id=13762\" class=\"wp-image-13762\" srcset=\"https:\/\/laprensacristiana.com\/wp-content\/uploads\/2022\/09\/WhatsApp-Image-2022-08-27-at-9.37.36-PM-1024x768.jpeg 1024w, https:\/\/laprensacristiana.com\/wp-content\/uploads\/2022\/09\/WhatsApp-Image-2022-08-27-at-9.37.36-PM-300x225.jpeg 300w, https:\/\/laprensacristiana.com\/wp-content\/uploads\/2022\/09\/WhatsApp-Image-2022-08-27-at-9.37.36-PM-768x576.jpeg 768w, https:\/\/laprensacristiana.com\/wp-content\/uploads\/2022\/09\/WhatsApp-Image-2022-08-27-at-9.37.36-PM-696x522.jpeg 696w, https:\/\/laprensacristiana.com\/wp-content\/uploads\/2022\/09\/WhatsApp-Image-2022-08-27-at-9.37.36-PM-1068x801.jpeg 1068w, https:\/\/laprensacristiana.com\/wp-content\/uploads\/2022\/09\/WhatsApp-Image-2022-08-27-at-9.37.36-PM-600x450.jpeg 600w, https:\/\/laprensacristiana.com\/wp-content\/uploads\/2022\/09\/WhatsApp-Image-2022-08-27-at-9.37.36-PM.jpeg 1119w\" sizes=\"(max-width: 1024px) 100vw, 1024px\" \/><\/figure><\/li><\/ul><\/figure>\n","protected":false},"excerpt":{"rendered":"<p>Por: Jos\u00e9 Andr\u00e9s Hern\u00e1ndez \/ Impulsador del talento y desarrollo humano, econ\u00f3mico y social. Hay un dicho muy popular que dice: \u00abQuien no vive para servir, no sirve para vivir\u00bb. Y por eso vivo agradecido con Dios el gran legado que mi&nbsp;padre (QDDG) me inculc\u00f3 y mi madre sigue ense\u00f1ando, de basar mi actuar en [&hellip;]<\/p>\n","protected":false},"author":3,"featured_media":13757,"comment_status":"open","ping_status":"open","sticky":false,"template":"","format":"standard","meta":[],"categories":[56],"tags":[],"yoast_head":"<!-- This site is optimized with the Yoast SEO plugin v20.8 - https:\/\/yoast.com\/wordpress\/plugins\/seo\/ -->\n<title>&quot;Principios y valores cristianos, como pilares fundamentales en la vida de un servidor&quot; - La Prensa Cristiana<\/title>\n<meta name=\"robots\" content=\"index, follow, max-snippet:-1, max-image-preview:large, max-video-preview:-1\" \/>\n<link rel=\"canonical\" href=\"https:\/\/laprensacristiana.com\/?p=13756\" \/>\n<meta property=\"og:locale\" content=\"es_ES\" \/>\n<meta property=\"og:type\" content=\"article\" \/>\n<meta property=\"og:title\" content=\"&quot;Principios y valores cristianos, como pilares fundamentales en la vida de un servidor&quot; - La Prensa Cristiana\" \/>\n<meta property=\"og:description\" content=\"Por: Jos\u00e9 Andr\u00e9s Hern\u00e1ndez \/ Impulsador del talento y desarrollo humano, econ\u00f3mico y social. Hay un dicho muy popular que dice: \u00abQuien no vive para servir, no sirve para vivir\u00bb. Y por eso vivo agradecido con Dios el gran legado que mi&nbsp;padre (QDDG) me inculc\u00f3 y mi madre sigue ense\u00f1ando, de basar mi actuar en [&hellip;]\" \/>\n<meta property=\"og:url\" content=\"https:\/\/laprensacristiana.com\/?p=13756\" \/>\n<meta property=\"og:site_name\" content=\"La Prensa Cristiana\" \/>\n<meta property=\"article:published_time\" content=\"2022-09-02T22:05:57+00:00\" \/>\n<meta property=\"article:modified_time\" content=\"2022-09-02T22:05:58+00:00\" \/>\n<meta property=\"og:image\" content=\"https:\/\/laprensacristiana.com\/wp-content\/uploads\/2022\/09\/WhatsApp-Image-2022-08-27-at-9.37.36-PM-1.jpeg\" \/>\n\t<meta property=\"og:image:width\" content=\"1600\" \/>\n\t<meta property=\"og:image:height\" content=\"1200\" \/>\n\t<meta property=\"og:image:type\" content=\"image\/jpeg\" \/>\n<meta name=\"author\" content=\"EDITOR\" \/>\n<meta name=\"twitter:card\" content=\"summary_large_image\" \/>\n<meta name=\"twitter:label1\" content=\"Escrito por\" \/>\n\t<meta name=\"twitter:data1\" content=\"EDITOR\" \/>\n\t<meta name=\"twitter:label2\" content=\"Tiempo de lectura\" \/>\n\t<meta name=\"twitter:data2\" content=\"3 minutos\" \/>\n<script type=\"application\/ld+json\" class=\"yoast-schema-graph\">{\"@context\":\"https:\/\/schema.org\",\"@graph\":[{\"@type\":\"WebPage\",\"@id\":\"https:\/\/laprensacristiana.com\/?p=13756\",\"url\":\"https:\/\/laprensacristiana.com\/?p=13756\",\"name\":\"\\\"Principios y valores cristianos, como pilares fundamentales en la vida de un servidor\\\" - La Prensa Cristiana\",\"isPartOf\":{\"@id\":\"https:\/\/laprensacristiana.com\/#website\"},\"datePublished\":\"2022-09-02T22:05:57+00:00\",\"dateModified\":\"2022-09-02T22:05:58+00:00\",\"author\":{\"@id\":\"https:\/\/laprensacristiana.com\/#\/schema\/person\/3e7d82c6bfd6b1fa67010f8f7cd5256e\"},\"breadcrumb\":{\"@id\":\"https:\/\/laprensacristiana.com\/?p=13756#breadcrumb\"},\"inLanguage\":\"es\",\"potentialAction\":[{\"@type\":\"ReadAction\",\"target\":[\"https:\/\/laprensacristiana.com\/?p=13756\"]}]},{\"@type\":\"BreadcrumbList\",\"@id\":\"https:\/\/laprensacristiana.com\/?p=13756#breadcrumb\",\"itemListElement\":[{\"@type\":\"ListItem\",\"position\":1,\"name\":\"Portada\",\"item\":\"https:\/\/laprensacristiana.com\/\"},{\"@type\":\"ListItem\",\"position\":2,\"name\":\"\u00abPrincipios y valores cristianos, como pilares fundamentales en la vida de un servidor\u00bb\"}]},{\"@type\":\"WebSite\",\"@id\":\"https:\/\/laprensacristiana.com\/#website\",\"url\":\"https:\/\/laprensacristiana.com\/\",\"name\":\"La Prensa Cristiana\",\"description\":\"Anunciando Las Buenas Nuevas\",\"potentialAction\":[{\"@type\":\"SearchAction\",\"target\":{\"@type\":\"EntryPoint\",\"urlTemplate\":\"https:\/\/laprensacristiana.com\/?s={search_term_string}\"},\"query-input\":\"required name=search_term_string\"}],\"inLanguage\":\"es\"},{\"@type\":\"Person\",\"@id\":\"https:\/\/laprensacristiana.com\/#\/schema\/person\/3e7d82c6bfd6b1fa67010f8f7cd5256e\",\"name\":\"EDITOR\",\"image\":{\"@type\":\"ImageObject\",\"inLanguage\":\"es\",\"@id\":\"https:\/\/laprensacristiana.com\/#\/schema\/person\/image\/\",\"url\":\"https:\/\/secure.gravatar.com\/avatar\/72069dfb6c13772d9e8381e3638666d2?s=96&d=mm&r=g\",\"contentUrl\":\"https:\/\/secure.gravatar.com\/avatar\/72069dfb6c13772d9e8381e3638666d2?s=96&d=mm&r=g\",\"caption\":\"EDITOR\"},\"url\":\"https:\/\/laprensacristiana.com\/?author=3\"}]}<\/script>\n<!-- \/ Yoast SEO plugin. -->","yoast_head_json":{"title":"\"Principios y valores cristianos, como pilares fundamentales en la vida de un servidor\" - La Prensa Cristiana","robots":{"index":"index","follow":"follow","max-snippet":"max-snippet:-1","max-image-preview":"max-image-preview:large","max-video-preview":"max-video-preview:-1"},"canonical":"https:\/\/laprensacristiana.com\/?p=13756","og_locale":"es_ES","og_type":"article","og_title":"\"Principios y valores cristianos, como pilares fundamentales en la vida de un servidor\" - La Prensa Cristiana","og_description":"Por: Jos\u00e9 Andr\u00e9s Hern\u00e1ndez \/ Impulsador del talento y desarrollo humano, econ\u00f3mico y social. Hay un dicho muy popular que dice: \u00abQuien no vive para servir, no sirve para vivir\u00bb. Y por eso vivo agradecido con Dios el gran legado que mi&nbsp;padre (QDDG) me inculc\u00f3 y mi madre sigue ense\u00f1ando, de basar mi actuar en [&hellip;]","og_url":"https:\/\/laprensacristiana.com\/?p=13756","og_site_name":"La Prensa Cristiana","article_published_time":"2022-09-02T22:05:57+00:00","article_modified_time":"2022-09-02T22:05:58+00:00","og_image":[{"width":1600,"height":1200,"url":"https:\/\/laprensacristiana.com\/wp-content\/uploads\/2022\/09\/WhatsApp-Image-2022-08-27-at-9.37.36-PM-1.jpeg","type":"image\/jpeg"}],"author":"EDITOR","twitter_card":"summary_large_image","twitter_misc":{"Escrito por":"EDITOR","Tiempo de lectura":"3 minutos"},"schema":{"@context":"https:\/\/schema.org","@graph":[{"@type":"WebPage","@id":"https:\/\/laprensacristiana.com\/?p=13756","url":"https:\/\/laprensacristiana.com\/?p=13756","name":"\"Principios y valores cristianos, como pilares fundamentales en la vida de un servidor\" - La Prensa Cristiana","isPartOf":{"@id":"https:\/\/laprensacristiana.com\/#website"},"datePublished":"2022-09-02T22:05:57+00:00","dateModified":"2022-09-02T22:05:58+00:00","author":{"@id":"https:\/\/laprensacristiana.com\/#\/schema\/person\/3e7d82c6bfd6b1fa67010f8f7cd5256e"},"breadcrumb":{"@id":"https:\/\/laprensacristiana.com\/?p=13756#breadcrumb"},"inLanguage":"es","potentialAction":[{"@type":"ReadAction","target":["https:\/\/laprensacristiana.com\/?p=13756"]}]},{"@type":"BreadcrumbList","@id":"https:\/\/laprensacristiana.com\/?p=13756#breadcrumb","itemListElement":[{"@type":"ListItem","position":1,"name":"Portada","item":"https:\/\/laprensacristiana.com\/"},{"@type":"ListItem","position":2,"name":"\u00abPrincipios y valores cristianos, como pilares fundamentales en la vida de un servidor\u00bb"}]},{"@type":"WebSite","@id":"https:\/\/laprensacristiana.com\/#website","url":"https:\/\/laprensacristiana.com\/","name":"La Prensa Cristiana","description":"Anunciando Las Buenas Nuevas","potentialAction":[{"@type":"SearchAction","target":{"@type":"EntryPoint","urlTemplate":"https:\/\/laprensacristiana.com\/?s={search_term_string}"},"query-input":"required name=search_term_string"}],"inLanguage":"es"},{"@type":"Person","@id":"https:\/\/laprensacristiana.com\/#\/schema\/person\/3e7d82c6bfd6b1fa67010f8f7cd5256e","name":"EDITOR","image":{"@type":"ImageObject","inLanguage":"es","@id":"https:\/\/laprensacristiana.com\/#\/schema\/person\/image\/","url":"https:\/\/secure.gravatar.com\/avatar\/72069dfb6c13772d9e8381e3638666d2?s=96&d=mm&r=g","contentUrl":"https:\/\/secure.gravatar.com\/avatar\/72069dfb6c13772d9e8381e3638666d2?s=96&d=mm&r=g","caption":"EDITOR"},"url":"https:\/\/laprensacristiana.com\/?author=3"}]}},"_links":{"self":[{"href":"https:\/\/laprensacristiana.com\/index.php?rest_route=\/wp\/v2\/posts\/13756"}],"collection":[{"href":"https:\/\/laprensacristiana.com\/index.php?rest_route=\/wp\/v2\/posts"}],"about":[{"href":"https:\/\/laprensacristiana.com\/index.php?rest_route=\/wp\/v2\/types\/post"}],"author":[{"embeddable":true,"href":"https:\/\/laprensacristiana.com\/index.php?rest_route=\/wp\/v2\/users\/3"}],"replies":[{"embeddable":true,"href":"https:\/\/laprensacristiana.com\/index.php?rest_route=%2Fwp%2Fv2%2Fcomments&post=13756"}],"version-history":[{"count":1,"href":"https:\/\/laprensacristiana.com\/index.php?rest_route=\/wp\/v2\/posts\/13756\/revisions"}],"predecessor-version":[{"id":13763,"href":"https:\/\/laprensacristiana.com\/index.php?rest_route=\/wp\/v2\/posts\/13756\/revisions\/13763"}],"wp:featuredmedia":[{"embeddable":true,"href":"https:\/\/laprensacristiana.com\/index.php?rest_route=\/wp\/v2\/media\/13757"}],"wp:attachment":[{"href":"https:\/\/laprensacristiana.com\/index.php?rest_route=%2Fwp%2Fv2%2Fmedia&parent=13756"}],"wp:term":[{"taxonomy":"category","embeddable":true,"href":"https:\/\/laprensacristiana.com\/index.php?rest_route=%2Fwp%2Fv2%2Fcategories&post=13756"},{"taxonomy":"post_tag","embeddable":true,"href":"https:\/\/laprensacristiana.com\/index.php?rest_route=%2Fwp%2Fv2%2Ftags&post=13756"}],"curies":[{"name":"wp","href":"https:\/\/api.w.org\/{rel}","templated":true}]}}