{"id":13781,"date":"2022-09-07T20:38:13","date_gmt":"2022-09-07T20:38:13","guid":{"rendered":"https:\/\/laprensacristiana.com\/?p=13781"},"modified":"2022-09-07T20:38:14","modified_gmt":"2022-09-07T20:38:14","slug":"joni-and-friends-realiza-conferencia-mas-alla-del-sufrimiento","status":"publish","type":"post","link":"https:\/\/laprensacristiana.com\/?p=13781","title":{"rendered":"Joni and Friends realiza conferencia: \u201cM\u00e1s all\u00e1 del sufrimiento\u201d"},"content":{"rendered":"\n<p><strong>El pasado fin de semana la organizaci\u00f3n Joni and Friends capacit\u00f3 a pastores de El Salvador con el programa: \u201cM\u00e1s all\u00e1 del sufrimiento\u201d.<\/strong><\/p>\n\n\n\n<p>El evento tuvo lugar en el Edificio Gamaliel del Tabern\u00e1culo B\u00edblico Bautista Amigos de Israel.&nbsp;<\/p>\n\n\n\n<p>Durante la actividad se trabaj\u00f3 en la concientizaci\u00f3n que la iglesia sea inclusiva en toda su estructura y metodolog\u00eda.&nbsp;<\/p>\n\n\n\n<p>Las personas con discapacidad se enfrentan a las barreras de una sociedad que carece de estructura para su desarrollo, es ah\u00ed donde la organizaci\u00f3n pretende que la iglesia no sea una barrera para presentarles el mensaje de salvaci\u00f3n y el amor de Dios, sino que se convierta en un facilitador. No solo abordan el \u00e1rea espiritual, sino tambi\u00e9n explican c\u00f3mo se puede contribuir a facilitar un mejor estilo de vida.&nbsp;<\/p>\n\n\n\n<p>El pastor David Segovia, de la Iglesia Casa de Dios Internacional, como parte de los organizadores del evento, es un ejemplo en el desarrollo de Iglesia Inclusiva, para ello debi\u00f3 realizar una serie de modificaciones a su templo que les permite a las personas con discapacidad desplazarse sin barreras, a su vez implement\u00f3 un programa llamado: \u201cSiba Helpers\u201d, es un ministerio que brinda terapias a ni\u00f1os y j\u00f3venes con discapacidad y tambi\u00e9n descanso a todas las madres que luchan diariamente por sacar adelante a sus hijos.<\/p>\n\n\n\n<p>Para los asistentes a la conferencia internacional de pastores 2022, \u201cM\u00e1s all\u00e1 del sufrimiento\u201d, es un desaf\u00edo qu\u00e9 hay que asumir como iglesia con responsabilidad y convertirse en un oasis de esperanza.&nbsp;<\/p>\n\n\n\n<p>\u201cEl primer paso es el m\u00e1s dif\u00edcil de dar, no lo des solo. Jes\u00fas puede guiarte\u201d, concluy\u00f3 el pastor David Segovia.&nbsp;<\/p>\n\n\n\n<figure class=\"wp-block-gallery columns-3 is-cropped wp-block-gallery-1 is-layout-flex\"><ul class=\"blocks-gallery-grid\"><li class=\"blocks-gallery-item\"><figure><img decoding=\"async\" loading=\"lazy\" width=\"787\" height=\"787\" src=\"https:\/\/laprensacristiana.com\/wp-content\/uploads\/2022\/09\/D3243447-896D-4900-A575-6B87C77049BC.jpeg\" alt=\"\" data-id=\"13783\" data-full-url=\"https:\/\/laprensacristiana.com\/wp-content\/uploads\/2022\/09\/D3243447-896D-4900-A575-6B87C77049BC.jpeg\" data-link=\"https:\/\/laprensacristiana.com\/?attachment_id=13783\" class=\"wp-image-13783\" srcset=\"https:\/\/laprensacristiana.com\/wp-content\/uploads\/2022\/09\/D3243447-896D-4900-A575-6B87C77049BC.jpeg 787w, https:\/\/laprensacristiana.com\/wp-content\/uploads\/2022\/09\/D3243447-896D-4900-A575-6B87C77049BC-300x300.jpeg 300w, https:\/\/laprensacristiana.com\/wp-content\/uploads\/2022\/09\/D3243447-896D-4900-A575-6B87C77049BC-150x150.jpeg 150w, https:\/\/laprensacristiana.com\/wp-content\/uploads\/2022\/09\/D3243447-896D-4900-A575-6B87C77049BC-768x768.jpeg 768w, https:\/\/laprensacristiana.com\/wp-content\/uploads\/2022\/09\/D3243447-896D-4900-A575-6B87C77049BC-696x696.jpeg 696w, https:\/\/laprensacristiana.com\/wp-content\/uploads\/2022\/09\/D3243447-896D-4900-A575-6B87C77049BC-600x600.jpeg 600w, https:\/\/laprensacristiana.com\/wp-content\/uploads\/2022\/09\/D3243447-896D-4900-A575-6B87C77049BC-100x100.jpeg 100w\" sizes=\"(max-width: 787px) 100vw, 787px\" \/><\/figure><\/li><li class=\"blocks-gallery-item\"><figure><img decoding=\"async\" loading=\"lazy\" width=\"960\" height=\"586\" src=\"https:\/\/laprensacristiana.com\/wp-content\/uploads\/2022\/09\/45AB7089-F62A-44C6-9707-69C67C65C63B.jpeg\" alt=\"\" data-id=\"13784\" data-full-url=\"https:\/\/laprensacristiana.com\/wp-content\/uploads\/2022\/09\/45AB7089-F62A-44C6-9707-69C67C65C63B.jpeg\" data-link=\"https:\/\/laprensacristiana.com\/?attachment_id=13784\" class=\"wp-image-13784\" srcset=\"https:\/\/laprensacristiana.com\/wp-content\/uploads\/2022\/09\/45AB7089-F62A-44C6-9707-69C67C65C63B.jpeg 960w, https:\/\/laprensacristiana.com\/wp-content\/uploads\/2022\/09\/45AB7089-F62A-44C6-9707-69C67C65C63B-300x183.jpeg 300w, https:\/\/laprensacristiana.com\/wp-content\/uploads\/2022\/09\/45AB7089-F62A-44C6-9707-69C67C65C63B-768x469.jpeg 768w, https:\/\/laprensacristiana.com\/wp-content\/uploads\/2022\/09\/45AB7089-F62A-44C6-9707-69C67C65C63B-696x425.jpeg 696w, https:\/\/laprensacristiana.com\/wp-content\/uploads\/2022\/09\/45AB7089-F62A-44C6-9707-69C67C65C63B-600x366.jpeg 600w\" sizes=\"(max-width: 960px) 100vw, 960px\" \/><\/figure><\/li><li class=\"blocks-gallery-item\"><figure><img decoding=\"async\" loading=\"lazy\" width=\"768\" height=\"1024\" src=\"https:\/\/laprensacristiana.com\/wp-content\/uploads\/2022\/09\/B12CCA32-4348-4095-8823-6322558E4626-768x1024.jpeg\" alt=\"\" data-id=\"13785\" data-full-url=\"https:\/\/laprensacristiana.com\/wp-content\/uploads\/2022\/09\/B12CCA32-4348-4095-8823-6322558E4626.jpeg\" data-link=\"https:\/\/laprensacristiana.com\/?attachment_id=13785\" class=\"wp-image-13785\" srcset=\"https:\/\/laprensacristiana.com\/wp-content\/uploads\/2022\/09\/B12CCA32-4348-4095-8823-6322558E4626-768x1024.jpeg 768w, https:\/\/laprensacristiana.com\/wp-content\/uploads\/2022\/09\/B12CCA32-4348-4095-8823-6322558E4626-225x300.jpeg 225w, https:\/\/laprensacristiana.com\/wp-content\/uploads\/2022\/09\/B12CCA32-4348-4095-8823-6322558E4626-1152x1536.jpeg 1152w, https:\/\/laprensacristiana.com\/wp-content\/uploads\/2022\/09\/B12CCA32-4348-4095-8823-6322558E4626-696x928.jpeg 696w, https:\/\/laprensacristiana.com\/wp-content\/uploads\/2022\/09\/B12CCA32-4348-4095-8823-6322558E4626-1068x1424.jpeg 1068w, https:\/\/laprensacristiana.com\/wp-content\/uploads\/2022\/09\/B12CCA32-4348-4095-8823-6322558E4626-600x800.jpeg 600w, https:\/\/laprensacristiana.com\/wp-content\/uploads\/2022\/09\/B12CCA32-4348-4095-8823-6322558E4626.jpeg 1200w\" sizes=\"(max-width: 768px) 100vw, 768px\" \/><\/figure><\/li><li class=\"blocks-gallery-item\"><figure><img decoding=\"async\" loading=\"lazy\" width=\"1024\" height=\"578\" src=\"https:\/\/laprensacristiana.com\/wp-content\/uploads\/2022\/09\/0809AA3E-0D2E-4215-806B-5621AF837628-1024x578.jpeg\" alt=\"\" data-id=\"13786\" data-full-url=\"https:\/\/laprensacristiana.com\/wp-content\/uploads\/2022\/09\/0809AA3E-0D2E-4215-806B-5621AF837628.jpeg\" data-link=\"https:\/\/laprensacristiana.com\/?attachment_id=13786\" class=\"wp-image-13786\" srcset=\"https:\/\/laprensacristiana.com\/wp-content\/uploads\/2022\/09\/0809AA3E-0D2E-4215-806B-5621AF837628-1024x578.jpeg 1024w, https:\/\/laprensacristiana.com\/wp-content\/uploads\/2022\/09\/0809AA3E-0D2E-4215-806B-5621AF837628-300x169.jpeg 300w, https:\/\/laprensacristiana.com\/wp-content\/uploads\/2022\/09\/0809AA3E-0D2E-4215-806B-5621AF837628-768x434.jpeg 768w, https:\/\/laprensacristiana.com\/wp-content\/uploads\/2022\/09\/0809AA3E-0D2E-4215-806B-5621AF837628-696x393.jpeg 696w, https:\/\/laprensacristiana.com\/wp-content\/uploads\/2022\/09\/0809AA3E-0D2E-4215-806B-5621AF837628-1068x603.jpeg 1068w, https:\/\/laprensacristiana.com\/wp-content\/uploads\/2022\/09\/0809AA3E-0D2E-4215-806B-5621AF837628-600x339.jpeg 600w, https:\/\/laprensacristiana.com\/wp-content\/uploads\/2022\/09\/0809AA3E-0D2E-4215-806B-5621AF837628.jpeg 1280w\" sizes=\"(max-width: 1024px) 100vw, 1024px\" \/><\/figure><\/li><\/ul><\/figure>\n","protected":false},"excerpt":{"rendered":"<p>El pasado fin de semana la organizaci\u00f3n Joni and Friends capacit\u00f3 a pastores de El Salvador con el programa: \u201cM\u00e1s all\u00e1 del sufrimiento\u201d. El evento tuvo lugar en el Edificio Gamaliel del Tabern\u00e1culo B\u00edblico Bautista Amigos de Israel.&nbsp; Durante la actividad se trabaj\u00f3 en la concientizaci\u00f3n que la iglesia sea inclusiva en toda su estructura [&hellip;]<\/p>\n","protected":false},"author":3,"featured_media":13782,"comment_status":"open","ping_status":"open","sticky":false,"template":"","format":"standard","meta":[],"categories":[56],"tags":[],"yoast_head":"<!-- This site is optimized with the Yoast SEO plugin v20.8 - https:\/\/yoast.com\/wordpress\/plugins\/seo\/ -->\n<title>Joni and Friends realiza conferencia: \u201cM\u00e1s all\u00e1 del sufrimiento\u201d - La Prensa Cristiana<\/title>\n<meta name=\"robots\" content=\"index, follow, max-snippet:-1, max-image-preview:large, max-video-preview:-1\" \/>\n<link rel=\"canonical\" href=\"https:\/\/laprensacristiana.com\/?p=13781\" \/>\n<meta property=\"og:locale\" content=\"es_ES\" \/>\n<meta property=\"og:type\" content=\"article\" \/>\n<meta property=\"og:title\" content=\"Joni and Friends realiza conferencia: \u201cM\u00e1s all\u00e1 del sufrimiento\u201d - La Prensa Cristiana\" \/>\n<meta property=\"og:description\" content=\"El pasado fin de semana la organizaci\u00f3n Joni and Friends capacit\u00f3 a pastores de El Salvador con el programa: \u201cM\u00e1s all\u00e1 del sufrimiento\u201d. El evento tuvo lugar en el Edificio Gamaliel del Tabern\u00e1culo B\u00edblico Bautista Amigos de Israel.&nbsp; Durante la actividad se trabaj\u00f3 en la concientizaci\u00f3n que la iglesia sea inclusiva en toda su estructura [&hellip;]\" \/>\n<meta property=\"og:url\" content=\"https:\/\/laprensacristiana.com\/?p=13781\" \/>\n<meta property=\"og:site_name\" content=\"La Prensa Cristiana\" \/>\n<meta property=\"article:published_time\" content=\"2022-09-07T20:38:13+00:00\" \/>\n<meta property=\"article:modified_time\" content=\"2022-09-07T20:38:14+00:00\" \/>\n<meta property=\"og:image\" content=\"https:\/\/laprensacristiana.com\/wp-content\/uploads\/2022\/09\/B334905E-AA24-4642-B012-3F0F6083F5F9.jpeg\" \/>\n\t<meta property=\"og:image:width\" content=\"787\" \/>\n\t<meta property=\"og:image:height\" content=\"787\" \/>\n\t<meta property=\"og:image:type\" content=\"image\/jpeg\" \/>\n<meta name=\"author\" content=\"EDITOR\" \/>\n<meta name=\"twitter:card\" content=\"summary_large_image\" \/>\n<meta name=\"twitter:label1\" content=\"Escrito por\" \/>\n\t<meta name=\"twitter:data1\" content=\"EDITOR\" \/>\n\t<meta name=\"twitter:label2\" content=\"Tiempo de lectura\" \/>\n\t<meta name=\"twitter:data2\" content=\"1 minuto\" \/>\n<script type=\"application\/ld+json\" class=\"yoast-schema-graph\">{\"@context\":\"https:\/\/schema.org\",\"@graph\":[{\"@type\":\"WebPage\",\"@id\":\"https:\/\/laprensacristiana.com\/?p=13781\",\"url\":\"https:\/\/laprensacristiana.com\/?p=13781\",\"name\":\"Joni and Friends realiza conferencia: \u201cM\u00e1s all\u00e1 del sufrimiento\u201d - La Prensa Cristiana\",\"isPartOf\":{\"@id\":\"https:\/\/laprensacristiana.com\/#website\"},\"datePublished\":\"2022-09-07T20:38:13+00:00\",\"dateModified\":\"2022-09-07T20:38:14+00:00\",\"author\":{\"@id\":\"https:\/\/laprensacristiana.com\/#\/schema\/person\/3e7d82c6bfd6b1fa67010f8f7cd5256e\"},\"breadcrumb\":{\"@id\":\"https:\/\/laprensacristiana.com\/?p=13781#breadcrumb\"},\"inLanguage\":\"es\",\"potentialAction\":[{\"@type\":\"ReadAction\",\"target\":[\"https:\/\/laprensacristiana.com\/?p=13781\"]}]},{\"@type\":\"BreadcrumbList\",\"@id\":\"https:\/\/laprensacristiana.com\/?p=13781#breadcrumb\",\"itemListElement\":[{\"@type\":\"ListItem\",\"position\":1,\"name\":\"Portada\",\"item\":\"https:\/\/laprensacristiana.com\/\"},{\"@type\":\"ListItem\",\"position\":2,\"name\":\"Joni and Friends realiza conferencia: \u201cM\u00e1s all\u00e1 del sufrimiento\u201d\"}]},{\"@type\":\"WebSite\",\"@id\":\"https:\/\/laprensacristiana.com\/#website\",\"url\":\"https:\/\/laprensacristiana.com\/\",\"name\":\"La Prensa Cristiana\",\"description\":\"Anunciando Las Buenas Nuevas\",\"potentialAction\":[{\"@type\":\"SearchAction\",\"target\":{\"@type\":\"EntryPoint\",\"urlTemplate\":\"https:\/\/laprensacristiana.com\/?s={search_term_string}\"},\"query-input\":\"required name=search_term_string\"}],\"inLanguage\":\"es\"},{\"@type\":\"Person\",\"@id\":\"https:\/\/laprensacristiana.com\/#\/schema\/person\/3e7d82c6bfd6b1fa67010f8f7cd5256e\",\"name\":\"EDITOR\",\"image\":{\"@type\":\"ImageObject\",\"inLanguage\":\"es\",\"@id\":\"https:\/\/laprensacristiana.com\/#\/schema\/person\/image\/\",\"url\":\"https:\/\/secure.gravatar.com\/avatar\/72069dfb6c13772d9e8381e3638666d2?s=96&d=mm&r=g\",\"contentUrl\":\"https:\/\/secure.gravatar.com\/avatar\/72069dfb6c13772d9e8381e3638666d2?s=96&d=mm&r=g\",\"caption\":\"EDITOR\"},\"url\":\"https:\/\/laprensacristiana.com\/?author=3\"}]}<\/script>\n<!-- \/ Yoast SEO plugin. -->","yoast_head_json":{"title":"Joni and Friends realiza conferencia: \u201cM\u00e1s all\u00e1 del sufrimiento\u201d - La Prensa Cristiana","robots":{"index":"index","follow":"follow","max-snippet":"max-snippet:-1","max-image-preview":"max-image-preview:large","max-video-preview":"max-video-preview:-1"},"canonical":"https:\/\/laprensacristiana.com\/?p=13781","og_locale":"es_ES","og_type":"article","og_title":"Joni and Friends realiza conferencia: \u201cM\u00e1s all\u00e1 del sufrimiento\u201d - La Prensa Cristiana","og_description":"El pasado fin de semana la organizaci\u00f3n Joni and Friends capacit\u00f3 a pastores de El Salvador con el programa: \u201cM\u00e1s all\u00e1 del sufrimiento\u201d. El evento tuvo lugar en el Edificio Gamaliel del Tabern\u00e1culo B\u00edblico Bautista Amigos de Israel.&nbsp; Durante la actividad se trabaj\u00f3 en la concientizaci\u00f3n que la iglesia sea inclusiva en toda su estructura [&hellip;]","og_url":"https:\/\/laprensacristiana.com\/?p=13781","og_site_name":"La Prensa Cristiana","article_published_time":"2022-09-07T20:38:13+00:00","article_modified_time":"2022-09-07T20:38:14+00:00","og_image":[{"width":787,"height":787,"url":"https:\/\/laprensacristiana.com\/wp-content\/uploads\/2022\/09\/B334905E-AA24-4642-B012-3F0F6083F5F9.jpeg","type":"image\/jpeg"}],"author":"EDITOR","twitter_card":"summary_large_image","twitter_misc":{"Escrito por":"EDITOR","Tiempo de lectura":"1 minuto"},"schema":{"@context":"https:\/\/schema.org","@graph":[{"@type":"WebPage","@id":"https:\/\/laprensacristiana.com\/?p=13781","url":"https:\/\/laprensacristiana.com\/?p=13781","name":"Joni and Friends realiza conferencia: \u201cM\u00e1s all\u00e1 del sufrimiento\u201d - La Prensa Cristiana","isPartOf":{"@id":"https:\/\/laprensacristiana.com\/#website"},"datePublished":"2022-09-07T20:38:13+00:00","dateModified":"2022-09-07T20:38:14+00:00","author":{"@id":"https:\/\/laprensacristiana.com\/#\/schema\/person\/3e7d82c6bfd6b1fa67010f8f7cd5256e"},"breadcrumb":{"@id":"https:\/\/laprensacristiana.com\/?p=13781#breadcrumb"},"inLanguage":"es","potentialAction":[{"@type":"ReadAction","target":["https:\/\/laprensacristiana.com\/?p=13781"]}]},{"@type":"BreadcrumbList","@id":"https:\/\/laprensacristiana.com\/?p=13781#breadcrumb","itemListElement":[{"@type":"ListItem","position":1,"name":"Portada","item":"https:\/\/laprensacristiana.com\/"},{"@type":"ListItem","position":2,"name":"Joni and Friends realiza conferencia: \u201cM\u00e1s all\u00e1 del sufrimiento\u201d"}]},{"@type":"WebSite","@id":"https:\/\/laprensacristiana.com\/#website","url":"https:\/\/laprensacristiana.com\/","name":"La Prensa Cristiana","description":"Anunciando Las Buenas Nuevas","potentialAction":[{"@type":"SearchAction","target":{"@type":"EntryPoint","urlTemplate":"https:\/\/laprensacristiana.com\/?s={search_term_string}"},"query-input":"required name=search_term_string"}],"inLanguage":"es"},{"@type":"Person","@id":"https:\/\/laprensacristiana.com\/#\/schema\/person\/3e7d82c6bfd6b1fa67010f8f7cd5256e","name":"EDITOR","image":{"@type":"ImageObject","inLanguage":"es","@id":"https:\/\/laprensacristiana.com\/#\/schema\/person\/image\/","url":"https:\/\/secure.gravatar.com\/avatar\/72069dfb6c13772d9e8381e3638666d2?s=96&d=mm&r=g","contentUrl":"https:\/\/secure.gravatar.com\/avatar\/72069dfb6c13772d9e8381e3638666d2?s=96&d=mm&r=g","caption":"EDITOR"},"url":"https:\/\/laprensacristiana.com\/?author=3"}]}},"_links":{"self":[{"href":"https:\/\/laprensacristiana.com\/index.php?rest_route=\/wp\/v2\/posts\/13781"}],"collection":[{"href":"https:\/\/laprensacristiana.com\/index.php?rest_route=\/wp\/v2\/posts"}],"about":[{"href":"https:\/\/laprensacristiana.com\/index.php?rest_route=\/wp\/v2\/types\/post"}],"author":[{"embeddable":true,"href":"https:\/\/laprensacristiana.com\/index.php?rest_route=\/wp\/v2\/users\/3"}],"replies":[{"embeddable":true,"href":"https:\/\/laprensacristiana.com\/index.php?rest_route=%2Fwp%2Fv2%2Fcomments&post=13781"}],"version-history":[{"count":1,"href":"https:\/\/laprensacristiana.com\/index.php?rest_route=\/wp\/v2\/posts\/13781\/revisions"}],"predecessor-version":[{"id":13787,"href":"https:\/\/laprensacristiana.com\/index.php?rest_route=\/wp\/v2\/posts\/13781\/revisions\/13787"}],"wp:featuredmedia":[{"embeddable":true,"href":"https:\/\/laprensacristiana.com\/index.php?rest_route=\/wp\/v2\/media\/13782"}],"wp:attachment":[{"href":"https:\/\/laprensacristiana.com\/index.php?rest_route=%2Fwp%2Fv2%2Fmedia&parent=13781"}],"wp:term":[{"taxonomy":"category","embeddable":true,"href":"https:\/\/laprensacristiana.com\/index.php?rest_route=%2Fwp%2Fv2%2Fcategories&post=13781"},{"taxonomy":"post_tag","embeddable":true,"href":"https:\/\/laprensacristiana.com\/index.php?rest_route=%2Fwp%2Fv2%2Ftags&post=13781"}],"curies":[{"name":"wp","href":"https:\/\/api.w.org\/{rel}","templated":true}]}}