{"id":13817,"date":"2022-09-24T22:10:46","date_gmt":"2022-09-24T22:10:46","guid":{"rendered":"https:\/\/laprensacristiana.com\/?p=13817"},"modified":"2022-09-24T22:37:37","modified_gmt":"2022-09-24T22:37:37","slug":"iglesias-se-unen-para-orar-por-el-salvador","status":"publish","type":"post","link":"https:\/\/laprensacristiana.com\/?p=13817","title":{"rendered":"Iglesias se unen para orar por El Salvador"},"content":{"rendered":"\n<p>Diferentes iglesias Evang\u00e9licas se unieron con un solo prop\u00f3sito: Clamar por la bendici\u00f3n de El Salvador.&nbsp;<\/p>\n\n\n\n<p>En la Plaza Divino Salvador del Mundo, el ministerio Granito de Mostaza a cargo de la pastora Marleny Pereira convoc\u00f3 a iglesias de distintas denominaciones para juntos elevar un clamor a Dios por el pa\u00eds.\u00a0\u201cBendigo la naci\u00f3n de El Salvador, y declaro la palabra de\u00a0\u00a0Dios sobre nuestra tierra, Jehova Dios nos bendiga, porque es un d\u00eda de despertar, un d\u00eda de nacer de nuevo\u201d, expres\u00f3 la pastora Marleny Pereira.<br><\/p>\n\n\n\n<p>Durante la tarde de clamor, tambi\u00e9n se cont\u00f3 con la participaci\u00f3n de chofaristas dirigidos por el pastor Antonio Moreno, quienes como una expresi\u00f3n de exaltaci\u00f3n a Dios, tocaron sus instrumentos.&nbsp;<\/p>\n\n\n\n<p>Est\u00e1 actividad es parte del trabajo espiritual que la iglesia evang\u00e9lica realiza para el bienestar de la naci\u00f3n.&nbsp;<\/p>\n\n\n\n<figure class=\"wp-block-gallery columns-3 is-cropped wp-block-gallery-1 is-layout-flex\"><ul class=\"blocks-gallery-grid\"><li class=\"blocks-gallery-item\"><figure><img decoding=\"async\" loading=\"lazy\" width=\"1024\" height=\"768\" src=\"https:\/\/laprensacristiana.com\/wp-content\/uploads\/2022\/09\/238DE94E-E323-4B96-8B7F-A9E4DCF706EB-1024x768.jpeg\" alt=\"\" data-id=\"13819\" data-full-url=\"https:\/\/laprensacristiana.com\/wp-content\/uploads\/2022\/09\/238DE94E-E323-4B96-8B7F-A9E4DCF706EB.jpeg\" data-link=\"https:\/\/laprensacristiana.com\/?attachment_id=13819\" class=\"wp-image-13819\" srcset=\"https:\/\/laprensacristiana.com\/wp-content\/uploads\/2022\/09\/238DE94E-E323-4B96-8B7F-A9E4DCF706EB-1024x768.jpeg 1024w, https:\/\/laprensacristiana.com\/wp-content\/uploads\/2022\/09\/238DE94E-E323-4B96-8B7F-A9E4DCF706EB-300x225.jpeg 300w, https:\/\/laprensacristiana.com\/wp-content\/uploads\/2022\/09\/238DE94E-E323-4B96-8B7F-A9E4DCF706EB-768x576.jpeg 768w, https:\/\/laprensacristiana.com\/wp-content\/uploads\/2022\/09\/238DE94E-E323-4B96-8B7F-A9E4DCF706EB-1536x1152.jpeg 1536w, https:\/\/laprensacristiana.com\/wp-content\/uploads\/2022\/09\/238DE94E-E323-4B96-8B7F-A9E4DCF706EB-696x522.jpeg 696w, https:\/\/laprensacristiana.com\/wp-content\/uploads\/2022\/09\/238DE94E-E323-4B96-8B7F-A9E4DCF706EB-1068x801.jpeg 1068w, https:\/\/laprensacristiana.com\/wp-content\/uploads\/2022\/09\/238DE94E-E323-4B96-8B7F-A9E4DCF706EB-1920x1440.jpeg 1920w, https:\/\/laprensacristiana.com\/wp-content\/uploads\/2022\/09\/238DE94E-E323-4B96-8B7F-A9E4DCF706EB-600x450.jpeg 600w, https:\/\/laprensacristiana.com\/wp-content\/uploads\/2022\/09\/238DE94E-E323-4B96-8B7F-A9E4DCF706EB.jpeg 2048w\" sizes=\"(max-width: 1024px) 100vw, 1024px\" \/><\/figure><\/li><li class=\"blocks-gallery-item\"><figure><img decoding=\"async\" loading=\"lazy\" width=\"1024\" height=\"768\" src=\"https:\/\/laprensacristiana.com\/wp-content\/uploads\/2022\/09\/DA2B3BAD-19D7-4F28-A448-D52626C8629E-1024x768.jpeg\" alt=\"\" data-id=\"13820\" data-full-url=\"https:\/\/laprensacristiana.com\/wp-content\/uploads\/2022\/09\/DA2B3BAD-19D7-4F28-A448-D52626C8629E.jpeg\" data-link=\"https:\/\/laprensacristiana.com\/?attachment_id=13820\" class=\"wp-image-13820\" srcset=\"https:\/\/laprensacristiana.com\/wp-content\/uploads\/2022\/09\/DA2B3BAD-19D7-4F28-A448-D52626C8629E-1024x768.jpeg 1024w, https:\/\/laprensacristiana.com\/wp-content\/uploads\/2022\/09\/DA2B3BAD-19D7-4F28-A448-D52626C8629E-300x225.jpeg 300w, https:\/\/laprensacristiana.com\/wp-content\/uploads\/2022\/09\/DA2B3BAD-19D7-4F28-A448-D52626C8629E-768x576.jpeg 768w, https:\/\/laprensacristiana.com\/wp-content\/uploads\/2022\/09\/DA2B3BAD-19D7-4F28-A448-D52626C8629E-1536x1152.jpeg 1536w, https:\/\/laprensacristiana.com\/wp-content\/uploads\/2022\/09\/DA2B3BAD-19D7-4F28-A448-D52626C8629E-696x522.jpeg 696w, https:\/\/laprensacristiana.com\/wp-content\/uploads\/2022\/09\/DA2B3BAD-19D7-4F28-A448-D52626C8629E-1068x801.jpeg 1068w, https:\/\/laprensacristiana.com\/wp-content\/uploads\/2022\/09\/DA2B3BAD-19D7-4F28-A448-D52626C8629E-1920x1440.jpeg 1920w, https:\/\/laprensacristiana.com\/wp-content\/uploads\/2022\/09\/DA2B3BAD-19D7-4F28-A448-D52626C8629E-600x450.jpeg 600w, https:\/\/laprensacristiana.com\/wp-content\/uploads\/2022\/09\/DA2B3BAD-19D7-4F28-A448-D52626C8629E.jpeg 2048w\" sizes=\"(max-width: 1024px) 100vw, 1024px\" \/><\/figure><\/li><li class=\"blocks-gallery-item\"><figure><img decoding=\"async\" loading=\"lazy\" width=\"1024\" height=\"768\" src=\"https:\/\/laprensacristiana.com\/wp-content\/uploads\/2022\/09\/EFCDEBF9-9947-4AEA-8B25-A970DC0AE34D-1024x768.jpeg\" alt=\"\" data-id=\"13821\" data-full-url=\"https:\/\/laprensacristiana.com\/wp-content\/uploads\/2022\/09\/EFCDEBF9-9947-4AEA-8B25-A970DC0AE34D.jpeg\" data-link=\"https:\/\/laprensacristiana.com\/?attachment_id=13821\" class=\"wp-image-13821\" srcset=\"https:\/\/laprensacristiana.com\/wp-content\/uploads\/2022\/09\/EFCDEBF9-9947-4AEA-8B25-A970DC0AE34D-1024x768.jpeg 1024w, https:\/\/laprensacristiana.com\/wp-content\/uploads\/2022\/09\/EFCDEBF9-9947-4AEA-8B25-A970DC0AE34D-300x225.jpeg 300w, https:\/\/laprensacristiana.com\/wp-content\/uploads\/2022\/09\/EFCDEBF9-9947-4AEA-8B25-A970DC0AE34D-768x576.jpeg 768w, https:\/\/laprensacristiana.com\/wp-content\/uploads\/2022\/09\/EFCDEBF9-9947-4AEA-8B25-A970DC0AE34D-1536x1152.jpeg 1536w, https:\/\/laprensacristiana.com\/wp-content\/uploads\/2022\/09\/EFCDEBF9-9947-4AEA-8B25-A970DC0AE34D-696x522.jpeg 696w, https:\/\/laprensacristiana.com\/wp-content\/uploads\/2022\/09\/EFCDEBF9-9947-4AEA-8B25-A970DC0AE34D-1068x801.jpeg 1068w, https:\/\/laprensacristiana.com\/wp-content\/uploads\/2022\/09\/EFCDEBF9-9947-4AEA-8B25-A970DC0AE34D-1920x1440.jpeg 1920w, https:\/\/laprensacristiana.com\/wp-content\/uploads\/2022\/09\/EFCDEBF9-9947-4AEA-8B25-A970DC0AE34D-600x450.jpeg 600w, https:\/\/laprensacristiana.com\/wp-content\/uploads\/2022\/09\/EFCDEBF9-9947-4AEA-8B25-A970DC0AE34D.jpeg 2048w\" sizes=\"(max-width: 1024px) 100vw, 1024px\" \/><\/figure><\/li><li class=\"blocks-gallery-item\"><figure><img decoding=\"async\" loading=\"lazy\" width=\"1024\" height=\"768\" src=\"https:\/\/laprensacristiana.com\/wp-content\/uploads\/2022\/09\/9BC319F9-9BF5-48F8-8475-EBFF4D1EDA2F-1024x768.jpeg\" alt=\"\" data-id=\"13822\" data-full-url=\"https:\/\/laprensacristiana.com\/wp-content\/uploads\/2022\/09\/9BC319F9-9BF5-48F8-8475-EBFF4D1EDA2F.jpeg\" data-link=\"https:\/\/laprensacristiana.com\/?attachment_id=13822\" class=\"wp-image-13822\" srcset=\"https:\/\/laprensacristiana.com\/wp-content\/uploads\/2022\/09\/9BC319F9-9BF5-48F8-8475-EBFF4D1EDA2F-1024x768.jpeg 1024w, https:\/\/laprensacristiana.com\/wp-content\/uploads\/2022\/09\/9BC319F9-9BF5-48F8-8475-EBFF4D1EDA2F-300x225.jpeg 300w, https:\/\/laprensacristiana.com\/wp-content\/uploads\/2022\/09\/9BC319F9-9BF5-48F8-8475-EBFF4D1EDA2F-768x576.jpeg 768w, https:\/\/laprensacristiana.com\/wp-content\/uploads\/2022\/09\/9BC319F9-9BF5-48F8-8475-EBFF4D1EDA2F-1536x1152.jpeg 1536w, https:\/\/laprensacristiana.com\/wp-content\/uploads\/2022\/09\/9BC319F9-9BF5-48F8-8475-EBFF4D1EDA2F-696x522.jpeg 696w, https:\/\/laprensacristiana.com\/wp-content\/uploads\/2022\/09\/9BC319F9-9BF5-48F8-8475-EBFF4D1EDA2F-1068x801.jpeg 1068w, https:\/\/laprensacristiana.com\/wp-content\/uploads\/2022\/09\/9BC319F9-9BF5-48F8-8475-EBFF4D1EDA2F-1920x1440.jpeg 1920w, https:\/\/laprensacristiana.com\/wp-content\/uploads\/2022\/09\/9BC319F9-9BF5-48F8-8475-EBFF4D1EDA2F-600x450.jpeg 600w, https:\/\/laprensacristiana.com\/wp-content\/uploads\/2022\/09\/9BC319F9-9BF5-48F8-8475-EBFF4D1EDA2F.jpeg 2048w\" sizes=\"(max-width: 1024px) 100vw, 1024px\" \/><\/figure><\/li><li class=\"blocks-gallery-item\"><figure><img decoding=\"async\" loading=\"lazy\" width=\"1024\" height=\"768\" src=\"https:\/\/laprensacristiana.com\/wp-content\/uploads\/2022\/09\/A8AE78C5-9C0F-445F-8869-0DD7E9F38A8C-1024x768.jpeg\" alt=\"\" data-id=\"13823\" data-full-url=\"https:\/\/laprensacristiana.com\/wp-content\/uploads\/2022\/09\/A8AE78C5-9C0F-445F-8869-0DD7E9F38A8C.jpeg\" data-link=\"https:\/\/laprensacristiana.com\/?attachment_id=13823\" class=\"wp-image-13823\" srcset=\"https:\/\/laprensacristiana.com\/wp-content\/uploads\/2022\/09\/A8AE78C5-9C0F-445F-8869-0DD7E9F38A8C-1024x768.jpeg 1024w, https:\/\/laprensacristiana.com\/wp-content\/uploads\/2022\/09\/A8AE78C5-9C0F-445F-8869-0DD7E9F38A8C-300x225.jpeg 300w, https:\/\/laprensacristiana.com\/wp-content\/uploads\/2022\/09\/A8AE78C5-9C0F-445F-8869-0DD7E9F38A8C-768x576.jpeg 768w, https:\/\/laprensacristiana.com\/wp-content\/uploads\/2022\/09\/A8AE78C5-9C0F-445F-8869-0DD7E9F38A8C-1536x1152.jpeg 1536w, https:\/\/laprensacristiana.com\/wp-content\/uploads\/2022\/09\/A8AE78C5-9C0F-445F-8869-0DD7E9F38A8C-696x522.jpeg 696w, https:\/\/laprensacristiana.com\/wp-content\/uploads\/2022\/09\/A8AE78C5-9C0F-445F-8869-0DD7E9F38A8C-1068x801.jpeg 1068w, https:\/\/laprensacristiana.com\/wp-content\/uploads\/2022\/09\/A8AE78C5-9C0F-445F-8869-0DD7E9F38A8C-1920x1440.jpeg 1920w, https:\/\/laprensacristiana.com\/wp-content\/uploads\/2022\/09\/A8AE78C5-9C0F-445F-8869-0DD7E9F38A8C-600x450.jpeg 600w, https:\/\/laprensacristiana.com\/wp-content\/uploads\/2022\/09\/A8AE78C5-9C0F-445F-8869-0DD7E9F38A8C.jpeg 2048w\" sizes=\"(max-width: 1024px) 100vw, 1024px\" \/><\/figure><\/li><li class=\"blocks-gallery-item\"><figure><img decoding=\"async\" loading=\"lazy\" width=\"1024\" height=\"768\" src=\"https:\/\/laprensacristiana.com\/wp-content\/uploads\/2022\/09\/137DAA6F-8E27-49B5-BA12-BF23B6FE29E9-1024x768.jpeg\" alt=\"\" data-id=\"13824\" data-full-url=\"https:\/\/laprensacristiana.com\/wp-content\/uploads\/2022\/09\/137DAA6F-8E27-49B5-BA12-BF23B6FE29E9.jpeg\" data-link=\"https:\/\/laprensacristiana.com\/?attachment_id=13824\" class=\"wp-image-13824\" srcset=\"https:\/\/laprensacristiana.com\/wp-content\/uploads\/2022\/09\/137DAA6F-8E27-49B5-BA12-BF23B6FE29E9-1024x768.jpeg 1024w, https:\/\/laprensacristiana.com\/wp-content\/uploads\/2022\/09\/137DAA6F-8E27-49B5-BA12-BF23B6FE29E9-300x225.jpeg 300w, https:\/\/laprensacristiana.com\/wp-content\/uploads\/2022\/09\/137DAA6F-8E27-49B5-BA12-BF23B6FE29E9-768x576.jpeg 768w, https:\/\/laprensacristiana.com\/wp-content\/uploads\/2022\/09\/137DAA6F-8E27-49B5-BA12-BF23B6FE29E9-1536x1152.jpeg 1536w, https:\/\/laprensacristiana.com\/wp-content\/uploads\/2022\/09\/137DAA6F-8E27-49B5-BA12-BF23B6FE29E9-696x522.jpeg 696w, https:\/\/laprensacristiana.com\/wp-content\/uploads\/2022\/09\/137DAA6F-8E27-49B5-BA12-BF23B6FE29E9-1068x801.jpeg 1068w, https:\/\/laprensacristiana.com\/wp-content\/uploads\/2022\/09\/137DAA6F-8E27-49B5-BA12-BF23B6FE29E9-1920x1440.jpeg 1920w, https:\/\/laprensacristiana.com\/wp-content\/uploads\/2022\/09\/137DAA6F-8E27-49B5-BA12-BF23B6FE29E9-600x450.jpeg 600w, https:\/\/laprensacristiana.com\/wp-content\/uploads\/2022\/09\/137DAA6F-8E27-49B5-BA12-BF23B6FE29E9.jpeg 2048w\" sizes=\"(max-width: 1024px) 100vw, 1024px\" \/><\/figure><\/li><li class=\"blocks-gallery-item\"><figure><img decoding=\"async\" loading=\"lazy\" width=\"1024\" height=\"768\" src=\"https:\/\/laprensacristiana.com\/wp-content\/uploads\/2022\/09\/FBB86946-A187-4775-B22F-2F94C16BD949-1024x768.jpeg\" alt=\"\" data-id=\"13825\" data-full-url=\"https:\/\/laprensacristiana.com\/wp-content\/uploads\/2022\/09\/FBB86946-A187-4775-B22F-2F94C16BD949.jpeg\" data-link=\"https:\/\/laprensacristiana.com\/?attachment_id=13825\" class=\"wp-image-13825\" srcset=\"https:\/\/laprensacristiana.com\/wp-content\/uploads\/2022\/09\/FBB86946-A187-4775-B22F-2F94C16BD949-1024x768.jpeg 1024w, https:\/\/laprensacristiana.com\/wp-content\/uploads\/2022\/09\/FBB86946-A187-4775-B22F-2F94C16BD949-300x225.jpeg 300w, https:\/\/laprensacristiana.com\/wp-content\/uploads\/2022\/09\/FBB86946-A187-4775-B22F-2F94C16BD949-768x576.jpeg 768w, https:\/\/laprensacristiana.com\/wp-content\/uploads\/2022\/09\/FBB86946-A187-4775-B22F-2F94C16BD949-1536x1152.jpeg 1536w, https:\/\/laprensacristiana.com\/wp-content\/uploads\/2022\/09\/FBB86946-A187-4775-B22F-2F94C16BD949-696x522.jpeg 696w, https:\/\/laprensacristiana.com\/wp-content\/uploads\/2022\/09\/FBB86946-A187-4775-B22F-2F94C16BD949-1068x801.jpeg 1068w, https:\/\/laprensacristiana.com\/wp-content\/uploads\/2022\/09\/FBB86946-A187-4775-B22F-2F94C16BD949-1920x1440.jpeg 1920w, https:\/\/laprensacristiana.com\/wp-content\/uploads\/2022\/09\/FBB86946-A187-4775-B22F-2F94C16BD949-600x450.jpeg 600w, https:\/\/laprensacristiana.com\/wp-content\/uploads\/2022\/09\/FBB86946-A187-4775-B22F-2F94C16BD949.jpeg 2048w\" sizes=\"(max-width: 1024px) 100vw, 1024px\" \/><\/figure><\/li><li class=\"blocks-gallery-item\"><figure><img decoding=\"async\" loading=\"lazy\" width=\"1024\" height=\"768\" src=\"https:\/\/laprensacristiana.com\/wp-content\/uploads\/2022\/09\/7E85ACB8-E633-4785-8613-10F7D6DBFFF6-1024x768.jpeg\" alt=\"\" data-id=\"13826\" data-full-url=\"https:\/\/laprensacristiana.com\/wp-content\/uploads\/2022\/09\/7E85ACB8-E633-4785-8613-10F7D6DBFFF6.jpeg\" data-link=\"https:\/\/laprensacristiana.com\/?attachment_id=13826\" class=\"wp-image-13826\" srcset=\"https:\/\/laprensacristiana.com\/wp-content\/uploads\/2022\/09\/7E85ACB8-E633-4785-8613-10F7D6DBFFF6-1024x768.jpeg 1024w, https:\/\/laprensacristiana.com\/wp-content\/uploads\/2022\/09\/7E85ACB8-E633-4785-8613-10F7D6DBFFF6-300x225.jpeg 300w, https:\/\/laprensacristiana.com\/wp-content\/uploads\/2022\/09\/7E85ACB8-E633-4785-8613-10F7D6DBFFF6-768x576.jpeg 768w, https:\/\/laprensacristiana.com\/wp-content\/uploads\/2022\/09\/7E85ACB8-E633-4785-8613-10F7D6DBFFF6-1536x1152.jpeg 1536w, https:\/\/laprensacristiana.com\/wp-content\/uploads\/2022\/09\/7E85ACB8-E633-4785-8613-10F7D6DBFFF6-696x522.jpeg 696w, https:\/\/laprensacristiana.com\/wp-content\/uploads\/2022\/09\/7E85ACB8-E633-4785-8613-10F7D6DBFFF6-1068x801.jpeg 1068w, https:\/\/laprensacristiana.com\/wp-content\/uploads\/2022\/09\/7E85ACB8-E633-4785-8613-10F7D6DBFFF6-1920x1440.jpeg 1920w, https:\/\/laprensacristiana.com\/wp-content\/uploads\/2022\/09\/7E85ACB8-E633-4785-8613-10F7D6DBFFF6-600x450.jpeg 600w, https:\/\/laprensacristiana.com\/wp-content\/uploads\/2022\/09\/7E85ACB8-E633-4785-8613-10F7D6DBFFF6.jpeg 2048w\" sizes=\"(max-width: 1024px) 100vw, 1024px\" \/><\/figure><\/li><li class=\"blocks-gallery-item\"><figure><img decoding=\"async\" loading=\"lazy\" width=\"1024\" height=\"768\" src=\"https:\/\/laprensacristiana.com\/wp-content\/uploads\/2022\/09\/9C7C44A1-9092-4F9C-897A-AC947D60366C-1024x768.jpeg\" alt=\"\" data-id=\"13827\" data-full-url=\"https:\/\/laprensacristiana.com\/wp-content\/uploads\/2022\/09\/9C7C44A1-9092-4F9C-897A-AC947D60366C.jpeg\" data-link=\"https:\/\/laprensacristiana.com\/?attachment_id=13827\" class=\"wp-image-13827\" srcset=\"https:\/\/laprensacristiana.com\/wp-content\/uploads\/2022\/09\/9C7C44A1-9092-4F9C-897A-AC947D60366C-1024x768.jpeg 1024w, https:\/\/laprensacristiana.com\/wp-content\/uploads\/2022\/09\/9C7C44A1-9092-4F9C-897A-AC947D60366C-300x225.jpeg 300w, https:\/\/laprensacristiana.com\/wp-content\/uploads\/2022\/09\/9C7C44A1-9092-4F9C-897A-AC947D60366C-768x576.jpeg 768w, https:\/\/laprensacristiana.com\/wp-content\/uploads\/2022\/09\/9C7C44A1-9092-4F9C-897A-AC947D60366C-1536x1152.jpeg 1536w, https:\/\/laprensacristiana.com\/wp-content\/uploads\/2022\/09\/9C7C44A1-9092-4F9C-897A-AC947D60366C-696x522.jpeg 696w, https:\/\/laprensacristiana.com\/wp-content\/uploads\/2022\/09\/9C7C44A1-9092-4F9C-897A-AC947D60366C-1068x801.jpeg 1068w, https:\/\/laprensacristiana.com\/wp-content\/uploads\/2022\/09\/9C7C44A1-9092-4F9C-897A-AC947D60366C-1920x1440.jpeg 1920w, https:\/\/laprensacristiana.com\/wp-content\/uploads\/2022\/09\/9C7C44A1-9092-4F9C-897A-AC947D60366C-600x450.jpeg 600w, https:\/\/laprensacristiana.com\/wp-content\/uploads\/2022\/09\/9C7C44A1-9092-4F9C-897A-AC947D60366C.jpeg 2048w\" sizes=\"(max-width: 1024px) 100vw, 1024px\" \/><\/figure><\/li><li class=\"blocks-gallery-item\"><figure><img decoding=\"async\" loading=\"lazy\" width=\"1024\" height=\"768\" src=\"https:\/\/laprensacristiana.com\/wp-content\/uploads\/2022\/09\/1565F967-6EB1-4959-B1C9-C2E594FCD01D-1024x768.jpeg\" alt=\"\" data-id=\"13828\" data-full-url=\"https:\/\/laprensacristiana.com\/wp-content\/uploads\/2022\/09\/1565F967-6EB1-4959-B1C9-C2E594FCD01D.jpeg\" data-link=\"https:\/\/laprensacristiana.com\/?attachment_id=13828\" class=\"wp-image-13828\" srcset=\"https:\/\/laprensacristiana.com\/wp-content\/uploads\/2022\/09\/1565F967-6EB1-4959-B1C9-C2E594FCD01D-1024x768.jpeg 1024w, https:\/\/laprensacristiana.com\/wp-content\/uploads\/2022\/09\/1565F967-6EB1-4959-B1C9-C2E594FCD01D-300x225.jpeg 300w, https:\/\/laprensacristiana.com\/wp-content\/uploads\/2022\/09\/1565F967-6EB1-4959-B1C9-C2E594FCD01D-768x576.jpeg 768w, https:\/\/laprensacristiana.com\/wp-content\/uploads\/2022\/09\/1565F967-6EB1-4959-B1C9-C2E594FCD01D-1536x1152.jpeg 1536w, https:\/\/laprensacristiana.com\/wp-content\/uploads\/2022\/09\/1565F967-6EB1-4959-B1C9-C2E594FCD01D-696x522.jpeg 696w, https:\/\/laprensacristiana.com\/wp-content\/uploads\/2022\/09\/1565F967-6EB1-4959-B1C9-C2E594FCD01D-1068x801.jpeg 1068w, https:\/\/laprensacristiana.com\/wp-content\/uploads\/2022\/09\/1565F967-6EB1-4959-B1C9-C2E594FCD01D-1920x1440.jpeg 1920w, https:\/\/laprensacristiana.com\/wp-content\/uploads\/2022\/09\/1565F967-6EB1-4959-B1C9-C2E594FCD01D-600x450.jpeg 600w, https:\/\/laprensacristiana.com\/wp-content\/uploads\/2022\/09\/1565F967-6EB1-4959-B1C9-C2E594FCD01D.jpeg 2048w\" sizes=\"(max-width: 1024px) 100vw, 1024px\" \/><\/figure><\/li><li class=\"blocks-gallery-item\"><figure><img decoding=\"async\" loading=\"lazy\" width=\"1024\" height=\"576\" src=\"https:\/\/laprensacristiana.com\/wp-content\/uploads\/2022\/09\/483AF987-82C8-4217-91F6-42015BD43D6F-1024x576.jpeg\" alt=\"\" data-id=\"13829\" data-full-url=\"https:\/\/laprensacristiana.com\/wp-content\/uploads\/2022\/09\/483AF987-82C8-4217-91F6-42015BD43D6F.jpeg\" data-link=\"https:\/\/laprensacristiana.com\/?attachment_id=13829\" class=\"wp-image-13829\" srcset=\"https:\/\/laprensacristiana.com\/wp-content\/uploads\/2022\/09\/483AF987-82C8-4217-91F6-42015BD43D6F-1024x576.jpeg 1024w, https:\/\/laprensacristiana.com\/wp-content\/uploads\/2022\/09\/483AF987-82C8-4217-91F6-42015BD43D6F-300x169.jpeg 300w, https:\/\/laprensacristiana.com\/wp-content\/uploads\/2022\/09\/483AF987-82C8-4217-91F6-42015BD43D6F-768x432.jpeg 768w, https:\/\/laprensacristiana.com\/wp-content\/uploads\/2022\/09\/483AF987-82C8-4217-91F6-42015BD43D6F-1536x863.jpeg 1536w, https:\/\/laprensacristiana.com\/wp-content\/uploads\/2022\/09\/483AF987-82C8-4217-91F6-42015BD43D6F-696x391.jpeg 696w, https:\/\/laprensacristiana.com\/wp-content\/uploads\/2022\/09\/483AF987-82C8-4217-91F6-42015BD43D6F-1068x600.jpeg 1068w, https:\/\/laprensacristiana.com\/wp-content\/uploads\/2022\/09\/483AF987-82C8-4217-91F6-42015BD43D6F-1920x1079.jpeg 1920w, https:\/\/laprensacristiana.com\/wp-content\/uploads\/2022\/09\/483AF987-82C8-4217-91F6-42015BD43D6F-600x337.jpeg 600w, https:\/\/laprensacristiana.com\/wp-content\/uploads\/2022\/09\/483AF987-82C8-4217-91F6-42015BD43D6F.jpeg 2048w\" sizes=\"(max-width: 1024px) 100vw, 1024px\" \/><\/figure><\/li><\/ul><\/figure>\n","protected":false},"excerpt":{"rendered":"<p>Diferentes iglesias Evang\u00e9licas se unieron con un solo prop\u00f3sito: Clamar por la bendici\u00f3n de El Salvador.&nbsp; En la Plaza Divino Salvador del Mundo, el ministerio Granito de Mostaza a cargo de la pastora Marleny Pereira convoc\u00f3 a iglesias de distintas denominaciones para juntos elevar un clamor a Dios por el pa\u00eds.\u00a0\u201cBendigo la naci\u00f3n de El [&hellip;]<\/p>\n","protected":false},"author":3,"featured_media":13821,"comment_status":"open","ping_status":"open","sticky":false,"template":"","format":"standard","meta":[],"categories":[56],"tags":[],"yoast_head":"<!-- This site is optimized with the Yoast SEO plugin v20.8 - https:\/\/yoast.com\/wordpress\/plugins\/seo\/ -->\n<title>Iglesias se unen para orar por El Salvador - La Prensa Cristiana<\/title>\n<meta name=\"robots\" content=\"index, follow, max-snippet:-1, max-image-preview:large, max-video-preview:-1\" \/>\n<link rel=\"canonical\" href=\"https:\/\/laprensacristiana.com\/?p=13817\" \/>\n<meta property=\"og:locale\" content=\"es_ES\" \/>\n<meta property=\"og:type\" content=\"article\" \/>\n<meta property=\"og:title\" content=\"Iglesias se unen para orar por El Salvador - La Prensa Cristiana\" \/>\n<meta property=\"og:description\" content=\"Diferentes iglesias Evang\u00e9licas se unieron con un solo prop\u00f3sito: Clamar por la bendici\u00f3n de El Salvador.&nbsp; En la Plaza Divino Salvador del Mundo, el ministerio Granito de Mostaza a cargo de la pastora Marleny Pereira convoc\u00f3 a iglesias de distintas denominaciones para juntos elevar un clamor a Dios por el pa\u00eds.\u00a0\u201cBendigo la naci\u00f3n de El [&hellip;]\" \/>\n<meta property=\"og:url\" content=\"https:\/\/laprensacristiana.com\/?p=13817\" \/>\n<meta property=\"og:site_name\" content=\"La Prensa Cristiana\" \/>\n<meta property=\"article:published_time\" content=\"2022-09-24T22:10:46+00:00\" \/>\n<meta property=\"article:modified_time\" content=\"2022-09-24T22:37:37+00:00\" \/>\n<meta property=\"og:image\" content=\"https:\/\/laprensacristiana.com\/wp-content\/uploads\/2022\/09\/EFCDEBF9-9947-4AEA-8B25-A970DC0AE34D.jpeg\" \/>\n\t<meta property=\"og:image:width\" content=\"2048\" \/>\n\t<meta property=\"og:image:height\" content=\"1536\" \/>\n\t<meta property=\"og:image:type\" content=\"image\/jpeg\" \/>\n<meta name=\"author\" content=\"EDITOR\" \/>\n<meta name=\"twitter:card\" content=\"summary_large_image\" \/>\n<meta name=\"twitter:label1\" content=\"Escrito por\" \/>\n\t<meta name=\"twitter:data1\" content=\"EDITOR\" \/>\n\t<meta name=\"twitter:label2\" content=\"Tiempo de lectura\" \/>\n\t<meta name=\"twitter:data2\" content=\"1 minuto\" \/>\n<script type=\"application\/ld+json\" class=\"yoast-schema-graph\">{\"@context\":\"https:\/\/schema.org\",\"@graph\":[{\"@type\":\"WebPage\",\"@id\":\"https:\/\/laprensacristiana.com\/?p=13817\",\"url\":\"https:\/\/laprensacristiana.com\/?p=13817\",\"name\":\"Iglesias se unen para orar por El Salvador - La Prensa Cristiana\",\"isPartOf\":{\"@id\":\"https:\/\/laprensacristiana.com\/#website\"},\"datePublished\":\"2022-09-24T22:10:46+00:00\",\"dateModified\":\"2022-09-24T22:37:37+00:00\",\"author\":{\"@id\":\"https:\/\/laprensacristiana.com\/#\/schema\/person\/3e7d82c6bfd6b1fa67010f8f7cd5256e\"},\"breadcrumb\":{\"@id\":\"https:\/\/laprensacristiana.com\/?p=13817#breadcrumb\"},\"inLanguage\":\"es\",\"potentialAction\":[{\"@type\":\"ReadAction\",\"target\":[\"https:\/\/laprensacristiana.com\/?p=13817\"]}]},{\"@type\":\"BreadcrumbList\",\"@id\":\"https:\/\/laprensacristiana.com\/?p=13817#breadcrumb\",\"itemListElement\":[{\"@type\":\"ListItem\",\"position\":1,\"name\":\"Portada\",\"item\":\"https:\/\/laprensacristiana.com\/\"},{\"@type\":\"ListItem\",\"position\":2,\"name\":\"Iglesias se unen para orar por El Salvador\"}]},{\"@type\":\"WebSite\",\"@id\":\"https:\/\/laprensacristiana.com\/#website\",\"url\":\"https:\/\/laprensacristiana.com\/\",\"name\":\"La Prensa Cristiana\",\"description\":\"Anunciando Las Buenas Nuevas\",\"potentialAction\":[{\"@type\":\"SearchAction\",\"target\":{\"@type\":\"EntryPoint\",\"urlTemplate\":\"https:\/\/laprensacristiana.com\/?s={search_term_string}\"},\"query-input\":\"required name=search_term_string\"}],\"inLanguage\":\"es\"},{\"@type\":\"Person\",\"@id\":\"https:\/\/laprensacristiana.com\/#\/schema\/person\/3e7d82c6bfd6b1fa67010f8f7cd5256e\",\"name\":\"EDITOR\",\"image\":{\"@type\":\"ImageObject\",\"inLanguage\":\"es\",\"@id\":\"https:\/\/laprensacristiana.com\/#\/schema\/person\/image\/\",\"url\":\"https:\/\/secure.gravatar.com\/avatar\/72069dfb6c13772d9e8381e3638666d2?s=96&d=mm&r=g\",\"contentUrl\":\"https:\/\/secure.gravatar.com\/avatar\/72069dfb6c13772d9e8381e3638666d2?s=96&d=mm&r=g\",\"caption\":\"EDITOR\"},\"url\":\"https:\/\/laprensacristiana.com\/?author=3\"}]}<\/script>\n<!-- \/ Yoast SEO plugin. -->","yoast_head_json":{"title":"Iglesias se unen para orar por El Salvador - La Prensa Cristiana","robots":{"index":"index","follow":"follow","max-snippet":"max-snippet:-1","max-image-preview":"max-image-preview:large","max-video-preview":"max-video-preview:-1"},"canonical":"https:\/\/laprensacristiana.com\/?p=13817","og_locale":"es_ES","og_type":"article","og_title":"Iglesias se unen para orar por El Salvador - La Prensa Cristiana","og_description":"Diferentes iglesias Evang\u00e9licas se unieron con un solo prop\u00f3sito: Clamar por la bendici\u00f3n de El Salvador.&nbsp; En la Plaza Divino Salvador del Mundo, el ministerio Granito de Mostaza a cargo de la pastora Marleny Pereira convoc\u00f3 a iglesias de distintas denominaciones para juntos elevar un clamor a Dios por el pa\u00eds.\u00a0\u201cBendigo la naci\u00f3n de El [&hellip;]","og_url":"https:\/\/laprensacristiana.com\/?p=13817","og_site_name":"La Prensa Cristiana","article_published_time":"2022-09-24T22:10:46+00:00","article_modified_time":"2022-09-24T22:37:37+00:00","og_image":[{"width":2048,"height":1536,"url":"https:\/\/laprensacristiana.com\/wp-content\/uploads\/2022\/09\/EFCDEBF9-9947-4AEA-8B25-A970DC0AE34D.jpeg","type":"image\/jpeg"}],"author":"EDITOR","twitter_card":"summary_large_image","twitter_misc":{"Escrito por":"EDITOR","Tiempo de lectura":"1 minuto"},"schema":{"@context":"https:\/\/schema.org","@graph":[{"@type":"WebPage","@id":"https:\/\/laprensacristiana.com\/?p=13817","url":"https:\/\/laprensacristiana.com\/?p=13817","name":"Iglesias se unen para orar por El Salvador - La Prensa Cristiana","isPartOf":{"@id":"https:\/\/laprensacristiana.com\/#website"},"datePublished":"2022-09-24T22:10:46+00:00","dateModified":"2022-09-24T22:37:37+00:00","author":{"@id":"https:\/\/laprensacristiana.com\/#\/schema\/person\/3e7d82c6bfd6b1fa67010f8f7cd5256e"},"breadcrumb":{"@id":"https:\/\/laprensacristiana.com\/?p=13817#breadcrumb"},"inLanguage":"es","potentialAction":[{"@type":"ReadAction","target":["https:\/\/laprensacristiana.com\/?p=13817"]}]},{"@type":"BreadcrumbList","@id":"https:\/\/laprensacristiana.com\/?p=13817#breadcrumb","itemListElement":[{"@type":"ListItem","position":1,"name":"Portada","item":"https:\/\/laprensacristiana.com\/"},{"@type":"ListItem","position":2,"name":"Iglesias se unen para orar por El Salvador"}]},{"@type":"WebSite","@id":"https:\/\/laprensacristiana.com\/#website","url":"https:\/\/laprensacristiana.com\/","name":"La Prensa Cristiana","description":"Anunciando Las Buenas Nuevas","potentialAction":[{"@type":"SearchAction","target":{"@type":"EntryPoint","urlTemplate":"https:\/\/laprensacristiana.com\/?s={search_term_string}"},"query-input":"required name=search_term_string"}],"inLanguage":"es"},{"@type":"Person","@id":"https:\/\/laprensacristiana.com\/#\/schema\/person\/3e7d82c6bfd6b1fa67010f8f7cd5256e","name":"EDITOR","image":{"@type":"ImageObject","inLanguage":"es","@id":"https:\/\/laprensacristiana.com\/#\/schema\/person\/image\/","url":"https:\/\/secure.gravatar.com\/avatar\/72069dfb6c13772d9e8381e3638666d2?s=96&d=mm&r=g","contentUrl":"https:\/\/secure.gravatar.com\/avatar\/72069dfb6c13772d9e8381e3638666d2?s=96&d=mm&r=g","caption":"EDITOR"},"url":"https:\/\/laprensacristiana.com\/?author=3"}]}},"_links":{"self":[{"href":"https:\/\/laprensacristiana.com\/index.php?rest_route=\/wp\/v2\/posts\/13817"}],"collection":[{"href":"https:\/\/laprensacristiana.com\/index.php?rest_route=\/wp\/v2\/posts"}],"about":[{"href":"https:\/\/laprensacristiana.com\/index.php?rest_route=\/wp\/v2\/types\/post"}],"author":[{"embeddable":true,"href":"https:\/\/laprensacristiana.com\/index.php?rest_route=\/wp\/v2\/users\/3"}],"replies":[{"embeddable":true,"href":"https:\/\/laprensacristiana.com\/index.php?rest_route=%2Fwp%2Fv2%2Fcomments&post=13817"}],"version-history":[{"count":3,"href":"https:\/\/laprensacristiana.com\/index.php?rest_route=\/wp\/v2\/posts\/13817\/revisions"}],"predecessor-version":[{"id":13832,"href":"https:\/\/laprensacristiana.com\/index.php?rest_route=\/wp\/v2\/posts\/13817\/revisions\/13832"}],"wp:featuredmedia":[{"embeddable":true,"href":"https:\/\/laprensacristiana.com\/index.php?rest_route=\/wp\/v2\/media\/13821"}],"wp:attachment":[{"href":"https:\/\/laprensacristiana.com\/index.php?rest_route=%2Fwp%2Fv2%2Fmedia&parent=13817"}],"wp:term":[{"taxonomy":"category","embeddable":true,"href":"https:\/\/laprensacristiana.com\/index.php?rest_route=%2Fwp%2Fv2%2Fcategories&post=13817"},{"taxonomy":"post_tag","embeddable":true,"href":"https:\/\/laprensacristiana.com\/index.php?rest_route=%2Fwp%2Fv2%2Ftags&post=13817"}],"curies":[{"name":"wp","href":"https:\/\/api.w.org\/{rel}","templated":true}]}}