{"id":13847,"date":"2022-09-28T16:07:42","date_gmt":"2022-09-28T16:07:42","guid":{"rendered":"https:\/\/laprensacristiana.com\/?p=13847"},"modified":"2022-09-28T16:07:43","modified_gmt":"2022-09-28T16:07:43","slug":"compassion-liberando-a-los-ninos-de-la-pobreza-en-el-nombre-de-jesus","status":"publish","type":"post","link":"https:\/\/laprensacristiana.com\/?p=13847","title":{"rendered":"Compassion: \u201cLiberando a los ni\u00f1os de la pobreza en el nombre de Jes\u00fas\u201d"},"content":{"rendered":"\n<p>Compassion&nbsp;Internacional en El Salvador ha implementado programas de desarrollo integral&nbsp;en todo el pa\u00eds, en la actualidad tienen presencia&nbsp;con&nbsp;274 Centros de Desarrollo Infantil (CDI), en asocio con cada una de las iglesias involucradas, en los cuales trabajan 4 \u00e1reas: el \u00e1rea f\u00edsica,&nbsp;\u00e1rea&nbsp;cognitiva,&nbsp;\u00e1rea&nbsp;espiritual y&nbsp;\u00e1rea&nbsp;socioemocional. Son m\u00e1s de 68,000 ni\u00f1os y j\u00f3venes los que est\u00e1n siendo alcanzados con estos programas a nivel nacional, las edades oscilan entre los 0 a\u00f1os hasta los 22 a\u00f1os,&nbsp;a los cuales les proveen diversos programas.&nbsp;<\/p>\n\n\n\n<p>En el caso de los j\u00f3venes existe un programa para educaci\u00f3n t\u00e9cnica y universitaria, con acceso a becas para su formaci\u00f3n. Cuentan con 3 orquestas sinf\u00f3nicas juveniles ubicadas en zonas de mayor vulnerabilidad social, m\u00e1s de 100 j\u00f3venes integran las orquestas. Han&nbsp;creado&nbsp;m\u00e1s de 140 grupos musicales de alabanza, han desarrollado grupos teatrales, tambi\u00e9n cuentan con&nbsp;formaci\u00f3n&nbsp;deportivo para el desarrollo f\u00edsico, contando con 10 modalidades entre las que destacan: tenis de mesa, futbol playa, basquetbol, Softbol, remo, entre otros, son m\u00e1s de 7,000 j\u00f3venes los participantes de estas modalidades deportivas, tambi\u00e9n cuentan con programas de emprendimiento, contando con grupos de auto ahorro.<\/p>\n\n\n\n<p>Para el pastor Edwin Guzm\u00e1n, de la iglesia Congregaci\u00f3n Familiar de las Asambleas de Dios (CONFADES), iglesia en la que cuentan con uno de los CDI, considera que: \u201cDios cre\u00f3&nbsp;Compassion&nbsp;El Salvador con el prop\u00f3sito de ser efectivos con la sociedad, para bendecir a los ni\u00f1os y las ni\u00f1as, para ense\u00f1ar con los valores del reino\u201d, indic\u00f3.&nbsp;<\/p>\n\n\n\n<p>La instituci\u00f3n busca crear la mayor cantidad de oportunidades para que los&nbsp;ni\u00f1os y&nbsp;j\u00f3venes&nbsp;puedan tener acceso a herramientas que les permitan diversificar sus capacidades y desarrollar todos los dones y talentos que Dios ya les ha dado, para que puedan insertarse en la vida productiva de la sociedad salvadore\u00f1a.&nbsp;<\/p>\n\n\n\n<p>\u201cA trav\u00e9s del Centro de Desarrollo Infantil aspiramos que los ni\u00f1os crecer\u00e1n, se desarrollar\u00e1n y se convertir\u00e1n en j\u00f3venes que crecen en Cristo, que cuidan su cuerpo, que ayudan a cambiar las cosas y que producir\u00e1n sus propios recursos\u201d, concluy\u00f3 el pastor Omar Diaz de Iglesia Elim en Zacatecoluca, donde funciona uno de los 274 Centros de Desarrollo Infantil&nbsp;de&nbsp;Compassion&nbsp;Internacional&nbsp;que operan a nivel nacional.&nbsp;<\/p>\n\n\n\n<figure class=\"wp-block-gallery columns-2 is-cropped wp-block-gallery-1 is-layout-flex\"><ul class=\"blocks-gallery-grid\"><li class=\"blocks-gallery-item\"><figure><img decoding=\"async\" loading=\"lazy\" width=\"768\" height=\"1024\" src=\"https:\/\/laprensacristiana.com\/wp-content\/uploads\/2022\/09\/2712651B-3058-43ED-A61D-453C072494C1-768x1024.jpeg\" alt=\"\" data-id=\"13848\" data-full-url=\"https:\/\/laprensacristiana.com\/wp-content\/uploads\/2022\/09\/2712651B-3058-43ED-A61D-453C072494C1.jpeg\" data-link=\"https:\/\/laprensacristiana.com\/?attachment_id=13848\" class=\"wp-image-13848\" srcset=\"https:\/\/laprensacristiana.com\/wp-content\/uploads\/2022\/09\/2712651B-3058-43ED-A61D-453C072494C1-768x1024.jpeg 768w, https:\/\/laprensacristiana.com\/wp-content\/uploads\/2022\/09\/2712651B-3058-43ED-A61D-453C072494C1-225x300.jpeg 225w, https:\/\/laprensacristiana.com\/wp-content\/uploads\/2022\/09\/2712651B-3058-43ED-A61D-453C072494C1-1152x1536.jpeg 1152w, https:\/\/laprensacristiana.com\/wp-content\/uploads\/2022\/09\/2712651B-3058-43ED-A61D-453C072494C1-696x928.jpeg 696w, https:\/\/laprensacristiana.com\/wp-content\/uploads\/2022\/09\/2712651B-3058-43ED-A61D-453C072494C1-1068x1424.jpeg 1068w, https:\/\/laprensacristiana.com\/wp-content\/uploads\/2022\/09\/2712651B-3058-43ED-A61D-453C072494C1-600x800.jpeg 600w, https:\/\/laprensacristiana.com\/wp-content\/uploads\/2022\/09\/2712651B-3058-43ED-A61D-453C072494C1.jpeg 1200w\" sizes=\"(max-width: 768px) 100vw, 768px\" \/><\/figure><\/li><li class=\"blocks-gallery-item\"><figure><img decoding=\"async\" loading=\"lazy\" width=\"1024\" height=\"682\" src=\"https:\/\/laprensacristiana.com\/wp-content\/uploads\/2022\/09\/7C6EE64D-163F-41AA-83F7-E1E9A1BC4338-1024x682.jpeg\" alt=\"\" data-id=\"13849\" data-full-url=\"https:\/\/laprensacristiana.com\/wp-content\/uploads\/2022\/09\/7C6EE64D-163F-41AA-83F7-E1E9A1BC4338.jpeg\" data-link=\"https:\/\/laprensacristiana.com\/?attachment_id=13849\" class=\"wp-image-13849\" srcset=\"https:\/\/laprensacristiana.com\/wp-content\/uploads\/2022\/09\/7C6EE64D-163F-41AA-83F7-E1E9A1BC4338-1024x682.jpeg 1024w, https:\/\/laprensacristiana.com\/wp-content\/uploads\/2022\/09\/7C6EE64D-163F-41AA-83F7-E1E9A1BC4338-300x200.jpeg 300w, https:\/\/laprensacristiana.com\/wp-content\/uploads\/2022\/09\/7C6EE64D-163F-41AA-83F7-E1E9A1BC4338-768x512.jpeg 768w, https:\/\/laprensacristiana.com\/wp-content\/uploads\/2022\/09\/7C6EE64D-163F-41AA-83F7-E1E9A1BC4338-1536x1023.jpeg 1536w, https:\/\/laprensacristiana.com\/wp-content\/uploads\/2022\/09\/7C6EE64D-163F-41AA-83F7-E1E9A1BC4338-696x464.jpeg 696w, https:\/\/laprensacristiana.com\/wp-content\/uploads\/2022\/09\/7C6EE64D-163F-41AA-83F7-E1E9A1BC4338-1068x712.jpeg 1068w, https:\/\/laprensacristiana.com\/wp-content\/uploads\/2022\/09\/7C6EE64D-163F-41AA-83F7-E1E9A1BC4338-600x400.jpeg 600w, https:\/\/laprensacristiana.com\/wp-content\/uploads\/2022\/09\/7C6EE64D-163F-41AA-83F7-E1E9A1BC4338.jpeg 1600w\" sizes=\"(max-width: 1024px) 100vw, 1024px\" \/><\/figure><\/li><\/ul><\/figure>\n","protected":false},"excerpt":{"rendered":"<p>Compassion&nbsp;Internacional en El Salvador ha implementado programas de desarrollo integral&nbsp;en todo el pa\u00eds, en la actualidad tienen presencia&nbsp;con&nbsp;274 Centros de Desarrollo Infantil (CDI), en asocio con cada una de las iglesias involucradas, en los cuales trabajan 4 \u00e1reas: el \u00e1rea f\u00edsica,&nbsp;\u00e1rea&nbsp;cognitiva,&nbsp;\u00e1rea&nbsp;espiritual y&nbsp;\u00e1rea&nbsp;socioemocional. Son m\u00e1s de 68,000 ni\u00f1os y j\u00f3venes los que est\u00e1n siendo alcanzados con [&hellip;]<\/p>\n","protected":false},"author":3,"featured_media":13850,"comment_status":"open","ping_status":"open","sticky":false,"template":"","format":"standard","meta":[],"categories":[56],"tags":[],"yoast_head":"<!-- This site is optimized with the Yoast SEO plugin v20.8 - https:\/\/yoast.com\/wordpress\/plugins\/seo\/ -->\n<title>Compassion: \u201cLiberando a los ni\u00f1os de la pobreza en el nombre de Jes\u00fas\u201d - La Prensa Cristiana<\/title>\n<meta name=\"robots\" content=\"index, follow, max-snippet:-1, max-image-preview:large, max-video-preview:-1\" \/>\n<link rel=\"canonical\" href=\"https:\/\/laprensacristiana.com\/?p=13847\" \/>\n<meta property=\"og:locale\" content=\"es_ES\" \/>\n<meta property=\"og:type\" content=\"article\" \/>\n<meta property=\"og:title\" content=\"Compassion: \u201cLiberando a los ni\u00f1os de la pobreza en el nombre de Jes\u00fas\u201d - La Prensa Cristiana\" \/>\n<meta property=\"og:description\" content=\"Compassion&nbsp;Internacional en El Salvador ha implementado programas de desarrollo integral&nbsp;en todo el pa\u00eds, en la actualidad tienen presencia&nbsp;con&nbsp;274 Centros de Desarrollo Infantil (CDI), en asocio con cada una de las iglesias involucradas, en los cuales trabajan 4 \u00e1reas: el \u00e1rea f\u00edsica,&nbsp;\u00e1rea&nbsp;cognitiva,&nbsp;\u00e1rea&nbsp;espiritual y&nbsp;\u00e1rea&nbsp;socioemocional. Son m\u00e1s de 68,000 ni\u00f1os y j\u00f3venes los que est\u00e1n siendo alcanzados con [&hellip;]\" \/>\n<meta property=\"og:url\" content=\"https:\/\/laprensacristiana.com\/?p=13847\" \/>\n<meta property=\"og:site_name\" content=\"La Prensa Cristiana\" \/>\n<meta property=\"article:published_time\" content=\"2022-09-28T16:07:42+00:00\" \/>\n<meta property=\"article:modified_time\" content=\"2022-09-28T16:07:43+00:00\" \/>\n<meta property=\"og:image\" content=\"https:\/\/laprensacristiana.com\/wp-content\/uploads\/2022\/09\/8D040BFD-108B-4014-B9CB-F5B59EA11411.jpeg\" \/>\n\t<meta property=\"og:image:width\" content=\"1440\" \/>\n\t<meta property=\"og:image:height\" content=\"1078\" \/>\n\t<meta property=\"og:image:type\" content=\"image\/jpeg\" \/>\n<meta name=\"author\" content=\"EDITOR\" \/>\n<meta name=\"twitter:card\" content=\"summary_large_image\" \/>\n<meta name=\"twitter:label1\" content=\"Escrito por\" \/>\n\t<meta name=\"twitter:data1\" content=\"EDITOR\" \/>\n\t<meta name=\"twitter:label2\" content=\"Tiempo de lectura\" \/>\n\t<meta name=\"twitter:data2\" content=\"2 minutos\" \/>\n<script type=\"application\/ld+json\" class=\"yoast-schema-graph\">{\"@context\":\"https:\/\/schema.org\",\"@graph\":[{\"@type\":\"WebPage\",\"@id\":\"https:\/\/laprensacristiana.com\/?p=13847\",\"url\":\"https:\/\/laprensacristiana.com\/?p=13847\",\"name\":\"Compassion: \u201cLiberando a los ni\u00f1os de la pobreza en el nombre de Jes\u00fas\u201d - La Prensa Cristiana\",\"isPartOf\":{\"@id\":\"https:\/\/laprensacristiana.com\/#website\"},\"datePublished\":\"2022-09-28T16:07:42+00:00\",\"dateModified\":\"2022-09-28T16:07:43+00:00\",\"author\":{\"@id\":\"https:\/\/laprensacristiana.com\/#\/schema\/person\/3e7d82c6bfd6b1fa67010f8f7cd5256e\"},\"breadcrumb\":{\"@id\":\"https:\/\/laprensacristiana.com\/?p=13847#breadcrumb\"},\"inLanguage\":\"es\",\"potentialAction\":[{\"@type\":\"ReadAction\",\"target\":[\"https:\/\/laprensacristiana.com\/?p=13847\"]}]},{\"@type\":\"BreadcrumbList\",\"@id\":\"https:\/\/laprensacristiana.com\/?p=13847#breadcrumb\",\"itemListElement\":[{\"@type\":\"ListItem\",\"position\":1,\"name\":\"Portada\",\"item\":\"https:\/\/laprensacristiana.com\/\"},{\"@type\":\"ListItem\",\"position\":2,\"name\":\"Compassion: \u201cLiberando a los ni\u00f1os de la pobreza en el nombre de Jes\u00fas\u201d\"}]},{\"@type\":\"WebSite\",\"@id\":\"https:\/\/laprensacristiana.com\/#website\",\"url\":\"https:\/\/laprensacristiana.com\/\",\"name\":\"La Prensa Cristiana\",\"description\":\"Anunciando Las Buenas Nuevas\",\"potentialAction\":[{\"@type\":\"SearchAction\",\"target\":{\"@type\":\"EntryPoint\",\"urlTemplate\":\"https:\/\/laprensacristiana.com\/?s={search_term_string}\"},\"query-input\":\"required name=search_term_string\"}],\"inLanguage\":\"es\"},{\"@type\":\"Person\",\"@id\":\"https:\/\/laprensacristiana.com\/#\/schema\/person\/3e7d82c6bfd6b1fa67010f8f7cd5256e\",\"name\":\"EDITOR\",\"image\":{\"@type\":\"ImageObject\",\"inLanguage\":\"es\",\"@id\":\"https:\/\/laprensacristiana.com\/#\/schema\/person\/image\/\",\"url\":\"https:\/\/secure.gravatar.com\/avatar\/72069dfb6c13772d9e8381e3638666d2?s=96&d=mm&r=g\",\"contentUrl\":\"https:\/\/secure.gravatar.com\/avatar\/72069dfb6c13772d9e8381e3638666d2?s=96&d=mm&r=g\",\"caption\":\"EDITOR\"},\"url\":\"https:\/\/laprensacristiana.com\/?author=3\"}]}<\/script>\n<!-- \/ Yoast SEO plugin. -->","yoast_head_json":{"title":"Compassion: \u201cLiberando a los ni\u00f1os de la pobreza en el nombre de Jes\u00fas\u201d - La Prensa Cristiana","robots":{"index":"index","follow":"follow","max-snippet":"max-snippet:-1","max-image-preview":"max-image-preview:large","max-video-preview":"max-video-preview:-1"},"canonical":"https:\/\/laprensacristiana.com\/?p=13847","og_locale":"es_ES","og_type":"article","og_title":"Compassion: \u201cLiberando a los ni\u00f1os de la pobreza en el nombre de Jes\u00fas\u201d - La Prensa Cristiana","og_description":"Compassion&nbsp;Internacional en El Salvador ha implementado programas de desarrollo integral&nbsp;en todo el pa\u00eds, en la actualidad tienen presencia&nbsp;con&nbsp;274 Centros de Desarrollo Infantil (CDI), en asocio con cada una de las iglesias involucradas, en los cuales trabajan 4 \u00e1reas: el \u00e1rea f\u00edsica,&nbsp;\u00e1rea&nbsp;cognitiva,&nbsp;\u00e1rea&nbsp;espiritual y&nbsp;\u00e1rea&nbsp;socioemocional. Son m\u00e1s de 68,000 ni\u00f1os y j\u00f3venes los que est\u00e1n siendo alcanzados con [&hellip;]","og_url":"https:\/\/laprensacristiana.com\/?p=13847","og_site_name":"La Prensa Cristiana","article_published_time":"2022-09-28T16:07:42+00:00","article_modified_time":"2022-09-28T16:07:43+00:00","og_image":[{"width":1440,"height":1078,"url":"https:\/\/laprensacristiana.com\/wp-content\/uploads\/2022\/09\/8D040BFD-108B-4014-B9CB-F5B59EA11411.jpeg","type":"image\/jpeg"}],"author":"EDITOR","twitter_card":"summary_large_image","twitter_misc":{"Escrito por":"EDITOR","Tiempo de lectura":"2 minutos"},"schema":{"@context":"https:\/\/schema.org","@graph":[{"@type":"WebPage","@id":"https:\/\/laprensacristiana.com\/?p=13847","url":"https:\/\/laprensacristiana.com\/?p=13847","name":"Compassion: \u201cLiberando a los ni\u00f1os de la pobreza en el nombre de Jes\u00fas\u201d - La Prensa Cristiana","isPartOf":{"@id":"https:\/\/laprensacristiana.com\/#website"},"datePublished":"2022-09-28T16:07:42+00:00","dateModified":"2022-09-28T16:07:43+00:00","author":{"@id":"https:\/\/laprensacristiana.com\/#\/schema\/person\/3e7d82c6bfd6b1fa67010f8f7cd5256e"},"breadcrumb":{"@id":"https:\/\/laprensacristiana.com\/?p=13847#breadcrumb"},"inLanguage":"es","potentialAction":[{"@type":"ReadAction","target":["https:\/\/laprensacristiana.com\/?p=13847"]}]},{"@type":"BreadcrumbList","@id":"https:\/\/laprensacristiana.com\/?p=13847#breadcrumb","itemListElement":[{"@type":"ListItem","position":1,"name":"Portada","item":"https:\/\/laprensacristiana.com\/"},{"@type":"ListItem","position":2,"name":"Compassion: \u201cLiberando a los ni\u00f1os de la pobreza en el nombre de Jes\u00fas\u201d"}]},{"@type":"WebSite","@id":"https:\/\/laprensacristiana.com\/#website","url":"https:\/\/laprensacristiana.com\/","name":"La Prensa Cristiana","description":"Anunciando Las Buenas Nuevas","potentialAction":[{"@type":"SearchAction","target":{"@type":"EntryPoint","urlTemplate":"https:\/\/laprensacristiana.com\/?s={search_term_string}"},"query-input":"required name=search_term_string"}],"inLanguage":"es"},{"@type":"Person","@id":"https:\/\/laprensacristiana.com\/#\/schema\/person\/3e7d82c6bfd6b1fa67010f8f7cd5256e","name":"EDITOR","image":{"@type":"ImageObject","inLanguage":"es","@id":"https:\/\/laprensacristiana.com\/#\/schema\/person\/image\/","url":"https:\/\/secure.gravatar.com\/avatar\/72069dfb6c13772d9e8381e3638666d2?s=96&d=mm&r=g","contentUrl":"https:\/\/secure.gravatar.com\/avatar\/72069dfb6c13772d9e8381e3638666d2?s=96&d=mm&r=g","caption":"EDITOR"},"url":"https:\/\/laprensacristiana.com\/?author=3"}]}},"_links":{"self":[{"href":"https:\/\/laprensacristiana.com\/index.php?rest_route=\/wp\/v2\/posts\/13847"}],"collection":[{"href":"https:\/\/laprensacristiana.com\/index.php?rest_route=\/wp\/v2\/posts"}],"about":[{"href":"https:\/\/laprensacristiana.com\/index.php?rest_route=\/wp\/v2\/types\/post"}],"author":[{"embeddable":true,"href":"https:\/\/laprensacristiana.com\/index.php?rest_route=\/wp\/v2\/users\/3"}],"replies":[{"embeddable":true,"href":"https:\/\/laprensacristiana.com\/index.php?rest_route=%2Fwp%2Fv2%2Fcomments&post=13847"}],"version-history":[{"count":1,"href":"https:\/\/laprensacristiana.com\/index.php?rest_route=\/wp\/v2\/posts\/13847\/revisions"}],"predecessor-version":[{"id":13851,"href":"https:\/\/laprensacristiana.com\/index.php?rest_route=\/wp\/v2\/posts\/13847\/revisions\/13851"}],"wp:featuredmedia":[{"embeddable":true,"href":"https:\/\/laprensacristiana.com\/index.php?rest_route=\/wp\/v2\/media\/13850"}],"wp:attachment":[{"href":"https:\/\/laprensacristiana.com\/index.php?rest_route=%2Fwp%2Fv2%2Fmedia&parent=13847"}],"wp:term":[{"taxonomy":"category","embeddable":true,"href":"https:\/\/laprensacristiana.com\/index.php?rest_route=%2Fwp%2Fv2%2Fcategories&post=13847"},{"taxonomy":"post_tag","embeddable":true,"href":"https:\/\/laprensacristiana.com\/index.php?rest_route=%2Fwp%2Fv2%2Ftags&post=13847"}],"curies":[{"name":"wp","href":"https:\/\/api.w.org\/{rel}","templated":true}]}}