{"id":13871,"date":"2022-10-01T14:55:41","date_gmt":"2022-10-01T14:55:41","guid":{"rendered":"https:\/\/laprensacristiana.com\/?p=13871"},"modified":"2022-10-01T14:55:42","modified_gmt":"2022-10-01T14:55:42","slug":"tabernaculo-de-ilopango-18-anos-hacia-la-madurez","status":"publish","type":"post","link":"https:\/\/laprensacristiana.com\/?p=13871","title":{"rendered":"Tabern\u00e1culo de Ilopango 18 a\u00f1os, hacia la madurez"},"content":{"rendered":"\n<p><em>Por: Ministerio de Comunicaciones, Tabern\u00e1culo de Ilopango<\/em><\/p>\n\n\n\n<p>El pasado viernes 30 de septiembre el Tabern\u00e1culo de Ilopango se visti\u00f3 de gala para celebrar su aniversario n\u00famero dieciocho, titulado: <strong>\u201cHacia la madurez\u201d.<\/strong><\/p>\n\n\n\n<p>La elegancia, el entusiasmo y la alegr\u00eda por celebrar su cumplea\u00f1os, se vio reflejado en la sonrisa,\u00a0 las fotograf\u00edas, los\u00a0 videos cortos, la actualizaci\u00f3n de historias en las redes sociales de cada hermano, el cafecito previo al culto y las conversaciones entre amigos, manifestaron el deseo de celebrar juntos, un a\u00f1o m\u00e1s.<\/p>\n\n\n\n<figure class=\"wp-block-gallery columns-3 is-cropped wp-block-gallery-1 is-layout-flex\"><ul class=\"blocks-gallery-grid\"><li class=\"blocks-gallery-item\"><figure><img decoding=\"async\" loading=\"lazy\" width=\"1024\" height=\"768\" src=\"https:\/\/laprensacristiana.com\/wp-content\/uploads\/2022\/10\/WhatsApp-Image-2022-09-30-at-11.24.22-PM-1-1024x768.jpeg\" alt=\"\" data-id=\"13873\" data-full-url=\"https:\/\/laprensacristiana.com\/wp-content\/uploads\/2022\/10\/WhatsApp-Image-2022-09-30-at-11.24.22-PM-1.jpeg\" data-link=\"https:\/\/laprensacristiana.com\/?attachment_id=13873\" class=\"wp-image-13873\" srcset=\"https:\/\/laprensacristiana.com\/wp-content\/uploads\/2022\/10\/WhatsApp-Image-2022-09-30-at-11.24.22-PM-1-1024x768.jpeg 1024w, https:\/\/laprensacristiana.com\/wp-content\/uploads\/2022\/10\/WhatsApp-Image-2022-09-30-at-11.24.22-PM-1-300x225.jpeg 300w, https:\/\/laprensacristiana.com\/wp-content\/uploads\/2022\/10\/WhatsApp-Image-2022-09-30-at-11.24.22-PM-1-768x576.jpeg 768w, https:\/\/laprensacristiana.com\/wp-content\/uploads\/2022\/10\/WhatsApp-Image-2022-09-30-at-11.24.22-PM-1-1536x1152.jpeg 1536w, https:\/\/laprensacristiana.com\/wp-content\/uploads\/2022\/10\/WhatsApp-Image-2022-09-30-at-11.24.22-PM-1-696x522.jpeg 696w, https:\/\/laprensacristiana.com\/wp-content\/uploads\/2022\/10\/WhatsApp-Image-2022-09-30-at-11.24.22-PM-1-1068x801.jpeg 1068w, https:\/\/laprensacristiana.com\/wp-content\/uploads\/2022\/10\/WhatsApp-Image-2022-09-30-at-11.24.22-PM-1-600x450.jpeg 600w, https:\/\/laprensacristiana.com\/wp-content\/uploads\/2022\/10\/WhatsApp-Image-2022-09-30-at-11.24.22-PM-1.jpeg 1600w\" sizes=\"(max-width: 1024px) 100vw, 1024px\" \/><\/figure><\/li><li class=\"blocks-gallery-item\"><figure><img decoding=\"async\" loading=\"lazy\" width=\"1024\" height=\"768\" src=\"https:\/\/laprensacristiana.com\/wp-content\/uploads\/2022\/10\/WhatsApp-Image-2022-09-30-at-11.24.23-PM-1024x768.jpeg\" alt=\"\" data-id=\"13874\" data-full-url=\"https:\/\/laprensacristiana.com\/wp-content\/uploads\/2022\/10\/WhatsApp-Image-2022-09-30-at-11.24.23-PM.jpeg\" data-link=\"https:\/\/laprensacristiana.com\/?attachment_id=13874\" class=\"wp-image-13874\" srcset=\"https:\/\/laprensacristiana.com\/wp-content\/uploads\/2022\/10\/WhatsApp-Image-2022-09-30-at-11.24.23-PM-1024x768.jpeg 1024w, https:\/\/laprensacristiana.com\/wp-content\/uploads\/2022\/10\/WhatsApp-Image-2022-09-30-at-11.24.23-PM-300x225.jpeg 300w, https:\/\/laprensacristiana.com\/wp-content\/uploads\/2022\/10\/WhatsApp-Image-2022-09-30-at-11.24.23-PM-768x576.jpeg 768w, https:\/\/laprensacristiana.com\/wp-content\/uploads\/2022\/10\/WhatsApp-Image-2022-09-30-at-11.24.23-PM-1536x1152.jpeg 1536w, https:\/\/laprensacristiana.com\/wp-content\/uploads\/2022\/10\/WhatsApp-Image-2022-09-30-at-11.24.23-PM-696x522.jpeg 696w, https:\/\/laprensacristiana.com\/wp-content\/uploads\/2022\/10\/WhatsApp-Image-2022-09-30-at-11.24.23-PM-1068x801.jpeg 1068w, https:\/\/laprensacristiana.com\/wp-content\/uploads\/2022\/10\/WhatsApp-Image-2022-09-30-at-11.24.23-PM-600x450.jpeg 600w, https:\/\/laprensacristiana.com\/wp-content\/uploads\/2022\/10\/WhatsApp-Image-2022-09-30-at-11.24.23-PM.jpeg 1600w\" sizes=\"(max-width: 1024px) 100vw, 1024px\" \/><\/figure><\/li><li class=\"blocks-gallery-item\"><figure><img decoding=\"async\" loading=\"lazy\" width=\"1024\" height=\"768\" src=\"https:\/\/laprensacristiana.com\/wp-content\/uploads\/2022\/10\/WhatsApp-Image-2022-09-30-at-11.24.24-PM-1024x768.jpeg\" alt=\"\" data-id=\"13875\" data-full-url=\"https:\/\/laprensacristiana.com\/wp-content\/uploads\/2022\/10\/WhatsApp-Image-2022-09-30-at-11.24.24-PM.jpeg\" data-link=\"https:\/\/laprensacristiana.com\/?attachment_id=13875\" class=\"wp-image-13875\" srcset=\"https:\/\/laprensacristiana.com\/wp-content\/uploads\/2022\/10\/WhatsApp-Image-2022-09-30-at-11.24.24-PM-1024x768.jpeg 1024w, https:\/\/laprensacristiana.com\/wp-content\/uploads\/2022\/10\/WhatsApp-Image-2022-09-30-at-11.24.24-PM-300x225.jpeg 300w, https:\/\/laprensacristiana.com\/wp-content\/uploads\/2022\/10\/WhatsApp-Image-2022-09-30-at-11.24.24-PM-768x576.jpeg 768w, https:\/\/laprensacristiana.com\/wp-content\/uploads\/2022\/10\/WhatsApp-Image-2022-09-30-at-11.24.24-PM-1536x1152.jpeg 1536w, https:\/\/laprensacristiana.com\/wp-content\/uploads\/2022\/10\/WhatsApp-Image-2022-09-30-at-11.24.24-PM-696x522.jpeg 696w, https:\/\/laprensacristiana.com\/wp-content\/uploads\/2022\/10\/WhatsApp-Image-2022-09-30-at-11.24.24-PM-1068x801.jpeg 1068w, https:\/\/laprensacristiana.com\/wp-content\/uploads\/2022\/10\/WhatsApp-Image-2022-09-30-at-11.24.24-PM-600x450.jpeg 600w, https:\/\/laprensacristiana.com\/wp-content\/uploads\/2022\/10\/WhatsApp-Image-2022-09-30-at-11.24.24-PM.jpeg 1600w\" sizes=\"(max-width: 1024px) 100vw, 1024px\" \/><\/figure><\/li><\/ul><\/figure>\n\n\n\n<p>Iniciamos el culto especial y el Pastor Merlos Jr. En la oraci\u00f3n inicial agradece a Dios por permitirnos cumplir un a\u00f1o m\u00e1s. Esto apenas comienza\u2026 de fondo el platillo de una bater\u00eda ac\u00fastica y un teclado, nos indicaban que la banda musical del Tabern\u00e1culo de Ilopango se preparaba para su participaci\u00f3n, en la que dicho sea de paso podemos decir: <strong>\u00a1Fue de mucha bendici\u00f3n!,<\/strong> alabanzas como: <em>\u201cAnciano de d\u00edas\u201d \u201cHas cambiado mi lamento en baile\u201d<\/em>, prepararon nuestra coraz\u00f3n para recibir palabra de Dios.<\/p>\n\n\n\n<figure class=\"wp-block-gallery columns-2 is-cropped wp-block-gallery-3 is-layout-flex\"><ul class=\"blocks-gallery-grid\"><li class=\"blocks-gallery-item\"><figure><img decoding=\"async\" loading=\"lazy\" width=\"1024\" height=\"768\" src=\"https:\/\/laprensacristiana.com\/wp-content\/uploads\/2022\/10\/IMG_8872-1024x768.jpg\" alt=\"\" data-id=\"13876\" data-full-url=\"https:\/\/laprensacristiana.com\/wp-content\/uploads\/2022\/10\/IMG_8872-scaled.jpg\" data-link=\"https:\/\/laprensacristiana.com\/?attachment_id=13876\" class=\"wp-image-13876\" srcset=\"https:\/\/laprensacristiana.com\/wp-content\/uploads\/2022\/10\/IMG_8872-1024x768.jpg 1024w, https:\/\/laprensacristiana.com\/wp-content\/uploads\/2022\/10\/IMG_8872-300x225.jpg 300w, https:\/\/laprensacristiana.com\/wp-content\/uploads\/2022\/10\/IMG_8872-768x576.jpg 768w, https:\/\/laprensacristiana.com\/wp-content\/uploads\/2022\/10\/IMG_8872-1536x1152.jpg 1536w, https:\/\/laprensacristiana.com\/wp-content\/uploads\/2022\/10\/IMG_8872-2048x1536.jpg 2048w, https:\/\/laprensacristiana.com\/wp-content\/uploads\/2022\/10\/IMG_8872-696x522.jpg 696w, https:\/\/laprensacristiana.com\/wp-content\/uploads\/2022\/10\/IMG_8872-1068x801.jpg 1068w, https:\/\/laprensacristiana.com\/wp-content\/uploads\/2022\/10\/IMG_8872-1920x1440.jpg 1920w, https:\/\/laprensacristiana.com\/wp-content\/uploads\/2022\/10\/IMG_8872-600x450.jpg 600w\" sizes=\"(max-width: 1024px) 100vw, 1024px\" \/><\/figure><\/li><li class=\"blocks-gallery-item\"><figure><img decoding=\"async\" loading=\"lazy\" width=\"1024\" height=\"682\" src=\"https:\/\/laprensacristiana.com\/wp-content\/uploads\/2022\/10\/WhatsApp-Image-2022-09-30-at-11.24.24-PM-1-1024x682.jpeg\" alt=\"\" data-id=\"13877\" data-full-url=\"https:\/\/laprensacristiana.com\/wp-content\/uploads\/2022\/10\/WhatsApp-Image-2022-09-30-at-11.24.24-PM-1.jpeg\" data-link=\"https:\/\/laprensacristiana.com\/?attachment_id=13877\" class=\"wp-image-13877\" srcset=\"https:\/\/laprensacristiana.com\/wp-content\/uploads\/2022\/10\/WhatsApp-Image-2022-09-30-at-11.24.24-PM-1-1024x682.jpeg 1024w, https:\/\/laprensacristiana.com\/wp-content\/uploads\/2022\/10\/WhatsApp-Image-2022-09-30-at-11.24.24-PM-1-300x200.jpeg 300w, https:\/\/laprensacristiana.com\/wp-content\/uploads\/2022\/10\/WhatsApp-Image-2022-09-30-at-11.24.24-PM-1-768x512.jpeg 768w, https:\/\/laprensacristiana.com\/wp-content\/uploads\/2022\/10\/WhatsApp-Image-2022-09-30-at-11.24.24-PM-1-1536x1023.jpeg 1536w, https:\/\/laprensacristiana.com\/wp-content\/uploads\/2022\/10\/WhatsApp-Image-2022-09-30-at-11.24.24-PM-1-696x464.jpeg 696w, https:\/\/laprensacristiana.com\/wp-content\/uploads\/2022\/10\/WhatsApp-Image-2022-09-30-at-11.24.24-PM-1-1068x712.jpeg 1068w, https:\/\/laprensacristiana.com\/wp-content\/uploads\/2022\/10\/WhatsApp-Image-2022-09-30-at-11.24.24-PM-1-600x400.jpeg 600w, https:\/\/laprensacristiana.com\/wp-content\/uploads\/2022\/10\/WhatsApp-Image-2022-09-30-at-11.24.24-PM-1.jpeg 1600w\" sizes=\"(max-width: 1024px) 100vw, 1024px\" \/><\/figure><\/li><\/ul><\/figure>\n\n\n\n<p><em>\u201cA ti sea toda la gloria y toda la honra Se\u00f1or\u201d <\/em>&nbsp;-Pastor Merlos Jr.<\/p>\n\n\n\n<p><em>\u201cCon gozo le cantamos a nuestro Dios, con agradecimiento de coraz\u00f3n\u201d <\/em>-Pastor Mois\u00e9s Cabrera<\/p>\n\n\n\n<p>El momento m\u00e1s especial de la noche hab\u00eda llegado, el momento de escuchar Palabra de Dios. Como ha sido en estos dieciocho a\u00f1os, nuestro Pastor Ing. Elmer Merlos, sube a la tarima principal de nuestro templo, en su mano izquierda su Biblia (como siempre), dentro de ella, una p\u00e1gina de papel bond que contiene el mensaje, la exhortaci\u00f3n, la Palabra de fortaleza para toda la congregaci\u00f3n. Toma el micr\u00f3fono y &nbsp;as\u00ed comenz\u00f3 todo\u2026&nbsp; <em>\u201cAm\u00e9n\u201d, \u201cGloria a Dios\u201d, \u201cHabla Padre\u2026\u201d<\/em> &lt;Aplausos&gt;, fueron las formas en que la congregaci\u00f3n del Tabern\u00e1culo de Ilopango recib\u00eda el alimento que Dios nos estaba enviando.<\/p>\n\n\n\n<p><em>\u201cH\u00e1blanos a nuestra necesidades, a nuestras debilidades\u201d<\/em>\u00a0 -Pastor Merlos<\/p>\n\n\n\n<figure class=\"wp-block-image size-large\"><img decoding=\"async\" loading=\"lazy\" width=\"1024\" height=\"682\" src=\"https:\/\/laprensacristiana.com\/wp-content\/uploads\/2022\/10\/WhatsApp-Image-2022-09-30-at-11.24.25-PM-1-1024x682.jpeg\" alt=\"\" class=\"wp-image-13878\" srcset=\"https:\/\/laprensacristiana.com\/wp-content\/uploads\/2022\/10\/WhatsApp-Image-2022-09-30-at-11.24.25-PM-1-1024x682.jpeg 1024w, https:\/\/laprensacristiana.com\/wp-content\/uploads\/2022\/10\/WhatsApp-Image-2022-09-30-at-11.24.25-PM-1-300x200.jpeg 300w, https:\/\/laprensacristiana.com\/wp-content\/uploads\/2022\/10\/WhatsApp-Image-2022-09-30-at-11.24.25-PM-1-768x512.jpeg 768w, https:\/\/laprensacristiana.com\/wp-content\/uploads\/2022\/10\/WhatsApp-Image-2022-09-30-at-11.24.25-PM-1-1536x1023.jpeg 1536w, https:\/\/laprensacristiana.com\/wp-content\/uploads\/2022\/10\/WhatsApp-Image-2022-09-30-at-11.24.25-PM-1-696x464.jpeg 696w, https:\/\/laprensacristiana.com\/wp-content\/uploads\/2022\/10\/WhatsApp-Image-2022-09-30-at-11.24.25-PM-1-1068x712.jpeg 1068w, https:\/\/laprensacristiana.com\/wp-content\/uploads\/2022\/10\/WhatsApp-Image-2022-09-30-at-11.24.25-PM-1-600x400.jpeg 600w, https:\/\/laprensacristiana.com\/wp-content\/uploads\/2022\/10\/WhatsApp-Image-2022-09-30-at-11.24.25-PM-1.jpeg 1600w\" sizes=\"(max-width: 1024px) 100vw, 1024px\" \/><\/figure>\n\n\n\n<p>Mientas el culto se desarrollaba, nuestros peque\u00f1os, nuestros consentidos, nuestros angelitos de Zona Kids (Escuela B\u00edblica), participaron de una celebraci\u00f3n especial dise\u00f1ada para ellos, porque como es costumbre, todas sus actividades siempre est\u00e1n llenas de color, alegr\u00eda, y ense\u00f1anza.<\/p>\n\n\n\n<figure class=\"wp-block-gallery columns-2 is-cropped wp-block-gallery-5 is-layout-flex\"><ul class=\"blocks-gallery-grid\"><li class=\"blocks-gallery-item\"><figure><img decoding=\"async\" loading=\"lazy\" width=\"1024\" height=\"768\" src=\"https:\/\/laprensacristiana.com\/wp-content\/uploads\/2022\/10\/WhatsApp-Image-2022-09-30-at-11.24.26-PM-1024x768.jpeg\" alt=\"\" data-id=\"13879\" data-full-url=\"https:\/\/laprensacristiana.com\/wp-content\/uploads\/2022\/10\/WhatsApp-Image-2022-09-30-at-11.24.26-PM.jpeg\" data-link=\"https:\/\/laprensacristiana.com\/?attachment_id=13879\" class=\"wp-image-13879\" srcset=\"https:\/\/laprensacristiana.com\/wp-content\/uploads\/2022\/10\/WhatsApp-Image-2022-09-30-at-11.24.26-PM-1024x768.jpeg 1024w, https:\/\/laprensacristiana.com\/wp-content\/uploads\/2022\/10\/WhatsApp-Image-2022-09-30-at-11.24.26-PM-300x225.jpeg 300w, https:\/\/laprensacristiana.com\/wp-content\/uploads\/2022\/10\/WhatsApp-Image-2022-09-30-at-11.24.26-PM-768x576.jpeg 768w, https:\/\/laprensacristiana.com\/wp-content\/uploads\/2022\/10\/WhatsApp-Image-2022-09-30-at-11.24.26-PM-1536x1152.jpeg 1536w, https:\/\/laprensacristiana.com\/wp-content\/uploads\/2022\/10\/WhatsApp-Image-2022-09-30-at-11.24.26-PM-696x522.jpeg 696w, https:\/\/laprensacristiana.com\/wp-content\/uploads\/2022\/10\/WhatsApp-Image-2022-09-30-at-11.24.26-PM-1068x801.jpeg 1068w, https:\/\/laprensacristiana.com\/wp-content\/uploads\/2022\/10\/WhatsApp-Image-2022-09-30-at-11.24.26-PM-600x450.jpeg 600w, https:\/\/laprensacristiana.com\/wp-content\/uploads\/2022\/10\/WhatsApp-Image-2022-09-30-at-11.24.26-PM.jpeg 1600w\" sizes=\"(max-width: 1024px) 100vw, 1024px\" \/><\/figure><\/li><li class=\"blocks-gallery-item\"><figure><img decoding=\"async\" loading=\"lazy\" width=\"1024\" height=\"768\" src=\"https:\/\/laprensacristiana.com\/wp-content\/uploads\/2022\/10\/WhatsApp-Image-2022-09-30-at-11.24.27-PM-1024x768.jpeg\" alt=\"\" data-id=\"13880\" data-full-url=\"https:\/\/laprensacristiana.com\/wp-content\/uploads\/2022\/10\/WhatsApp-Image-2022-09-30-at-11.24.27-PM.jpeg\" data-link=\"https:\/\/laprensacristiana.com\/?attachment_id=13880\" class=\"wp-image-13880\" srcset=\"https:\/\/laprensacristiana.com\/wp-content\/uploads\/2022\/10\/WhatsApp-Image-2022-09-30-at-11.24.27-PM-1024x768.jpeg 1024w, https:\/\/laprensacristiana.com\/wp-content\/uploads\/2022\/10\/WhatsApp-Image-2022-09-30-at-11.24.27-PM-300x225.jpeg 300w, https:\/\/laprensacristiana.com\/wp-content\/uploads\/2022\/10\/WhatsApp-Image-2022-09-30-at-11.24.27-PM-768x576.jpeg 768w, https:\/\/laprensacristiana.com\/wp-content\/uploads\/2022\/10\/WhatsApp-Image-2022-09-30-at-11.24.27-PM-1536x1152.jpeg 1536w, https:\/\/laprensacristiana.com\/wp-content\/uploads\/2022\/10\/WhatsApp-Image-2022-09-30-at-11.24.27-PM-696x522.jpeg 696w, https:\/\/laprensacristiana.com\/wp-content\/uploads\/2022\/10\/WhatsApp-Image-2022-09-30-at-11.24.27-PM-1068x801.jpeg 1068w, https:\/\/laprensacristiana.com\/wp-content\/uploads\/2022\/10\/WhatsApp-Image-2022-09-30-at-11.24.27-PM-600x450.jpeg 600w, https:\/\/laprensacristiana.com\/wp-content\/uploads\/2022\/10\/WhatsApp-Image-2022-09-30-at-11.24.27-PM.jpeg 1600w\" sizes=\"(max-width: 1024px) 100vw, 1024px\" \/><\/figure><\/li><\/ul><\/figure>\n\n\n\n<p>Al finalizar el culto, como siempre ha sido en todo este tiempo, los pasteles, los tamales, saciaron el hambre de las 8:15 p.m., pero\u2026 hac\u00eda falta algo, hac\u00eda falta la cereza del pastel, y nuestros hermanos lo sab\u00edan\u2026 al comer sus alimentos miraban al cielo, porque sab\u00edan que faltaba algo, esperaban con ansias escuchar un sonido\u2026 el sonido, de los fuegos artificiales&#8230;<\/p>\n\n\n\n<p><em>\u201cVamos a la cancha, ya casi comienza el show de luces\u201d <\/em>-Padre junto a sus hijos<\/p>\n\n\n\n<p><em>\u201cMam\u00e1, sienta a mi abuelita aqu\u00ed para que est\u00e9 c\u00f3moda para las luces\u201d <\/em>-Hijo peque\u00f1o a su mam\u00e1<\/p>\n\n\n\n<figure class=\"wp-block-image size-large\"><img decoding=\"async\" loading=\"lazy\" width=\"1024\" height=\"768\" src=\"https:\/\/laprensacristiana.com\/wp-content\/uploads\/2022\/10\/WhatsApp-Image-2022-09-30-at-11.24.27-PM-1-1024x768.jpeg\" alt=\"\" class=\"wp-image-13881\" srcset=\"https:\/\/laprensacristiana.com\/wp-content\/uploads\/2022\/10\/WhatsApp-Image-2022-09-30-at-11.24.27-PM-1-1024x768.jpeg 1024w, https:\/\/laprensacristiana.com\/wp-content\/uploads\/2022\/10\/WhatsApp-Image-2022-09-30-at-11.24.27-PM-1-300x225.jpeg 300w, https:\/\/laprensacristiana.com\/wp-content\/uploads\/2022\/10\/WhatsApp-Image-2022-09-30-at-11.24.27-PM-1-768x576.jpeg 768w, https:\/\/laprensacristiana.com\/wp-content\/uploads\/2022\/10\/WhatsApp-Image-2022-09-30-at-11.24.27-PM-1-1536x1152.jpeg 1536w, https:\/\/laprensacristiana.com\/wp-content\/uploads\/2022\/10\/WhatsApp-Image-2022-09-30-at-11.24.27-PM-1-696x522.jpeg 696w, https:\/\/laprensacristiana.com\/wp-content\/uploads\/2022\/10\/WhatsApp-Image-2022-09-30-at-11.24.27-PM-1-1068x801.jpeg 1068w, https:\/\/laprensacristiana.com\/wp-content\/uploads\/2022\/10\/WhatsApp-Image-2022-09-30-at-11.24.27-PM-1-600x450.jpeg 600w, https:\/\/laprensacristiana.com\/wp-content\/uploads\/2022\/10\/WhatsApp-Image-2022-09-30-at-11.24.27-PM-1.jpeg 1600w\" sizes=\"(max-width: 1024px) 100vw, 1024px\" \/><\/figure>\n\n\n\n<p>Padres junto a sus hijos, esposos, novios, amigos, buscaban espacios libres para poder presenciar lo que tanto estaban anhelando ver, nuestro tradicional show de luces.<\/p>\n\n\n\n<p>Una vez m\u00e1s pintamos el cielo de Ilopango\u2026<\/p>\n\n\n\n<figure class=\"wp-block-image size-large\"><img decoding=\"async\" loading=\"lazy\" width=\"1024\" height=\"716\" src=\"https:\/\/laprensacristiana.com\/wp-content\/uploads\/2022\/10\/WhatsApp-Image-2022-09-30-at-11.24.29-PM-1024x716.jpeg\" alt=\"\" class=\"wp-image-13882\" srcset=\"https:\/\/laprensacristiana.com\/wp-content\/uploads\/2022\/10\/WhatsApp-Image-2022-09-30-at-11.24.29-PM-1024x716.jpeg 1024w, https:\/\/laprensacristiana.com\/wp-content\/uploads\/2022\/10\/WhatsApp-Image-2022-09-30-at-11.24.29-PM-300x210.jpeg 300w, https:\/\/laprensacristiana.com\/wp-content\/uploads\/2022\/10\/WhatsApp-Image-2022-09-30-at-11.24.29-PM-768x537.jpeg 768w, https:\/\/laprensacristiana.com\/wp-content\/uploads\/2022\/10\/WhatsApp-Image-2022-09-30-at-11.24.29-PM-1536x1073.jpeg 1536w, https:\/\/laprensacristiana.com\/wp-content\/uploads\/2022\/10\/WhatsApp-Image-2022-09-30-at-11.24.29-PM-696x486.jpeg 696w, https:\/\/laprensacristiana.com\/wp-content\/uploads\/2022\/10\/WhatsApp-Image-2022-09-30-at-11.24.29-PM-1068x746.jpeg 1068w, https:\/\/laprensacristiana.com\/wp-content\/uploads\/2022\/10\/WhatsApp-Image-2022-09-30-at-11.24.29-PM-600x419.jpeg 600w, https:\/\/laprensacristiana.com\/wp-content\/uploads\/2022\/10\/WhatsApp-Image-2022-09-30-at-11.24.29-PM.jpeg 1600w\" sizes=\"(max-width: 1024px) 100vw, 1024px\" \/><\/figure>\n\n\n\n<p>Agradecemos a Dios por su misericordia y bondad para con su iglesia, y confiamos que este nuevo a\u00f1o ministerial que comienza, como siempre ha sido, Dios bendecir\u00e1 la obra de nuestras manos.<\/p>\n\n\n\n<figure class=\"wp-block-image size-large\"><img decoding=\"async\" loading=\"lazy\" width=\"1024\" height=\"682\" src=\"https:\/\/laprensacristiana.com\/wp-content\/uploads\/2022\/10\/WhatsApp-Image-2022-09-30-at-11.24.29-PM-1-1024x682.jpeg\" alt=\"\" class=\"wp-image-13883\" srcset=\"https:\/\/laprensacristiana.com\/wp-content\/uploads\/2022\/10\/WhatsApp-Image-2022-09-30-at-11.24.29-PM-1-1024x682.jpeg 1024w, https:\/\/laprensacristiana.com\/wp-content\/uploads\/2022\/10\/WhatsApp-Image-2022-09-30-at-11.24.29-PM-1-300x200.jpeg 300w, https:\/\/laprensacristiana.com\/wp-content\/uploads\/2022\/10\/WhatsApp-Image-2022-09-30-at-11.24.29-PM-1-768x512.jpeg 768w, https:\/\/laprensacristiana.com\/wp-content\/uploads\/2022\/10\/WhatsApp-Image-2022-09-30-at-11.24.29-PM-1-1536x1023.jpeg 1536w, https:\/\/laprensacristiana.com\/wp-content\/uploads\/2022\/10\/WhatsApp-Image-2022-09-30-at-11.24.29-PM-1-696x464.jpeg 696w, https:\/\/laprensacristiana.com\/wp-content\/uploads\/2022\/10\/WhatsApp-Image-2022-09-30-at-11.24.29-PM-1-1068x712.jpeg 1068w, https:\/\/laprensacristiana.com\/wp-content\/uploads\/2022\/10\/WhatsApp-Image-2022-09-30-at-11.24.29-PM-1-600x400.jpeg 600w, https:\/\/laprensacristiana.com\/wp-content\/uploads\/2022\/10\/WhatsApp-Image-2022-09-30-at-11.24.29-PM-1.jpeg 1600w\" sizes=\"(max-width: 1024px) 100vw, 1024px\" \/><\/figure>\n\n\n\n<p>19 a\u00f1os, en el nombre de Jes\u00fas\u2026 \u00a1Ah\u00ed te vamos!<\/p>\n","protected":false},"excerpt":{"rendered":"<p>Por: Ministerio de Comunicaciones, Tabern\u00e1culo de Ilopango El pasado viernes 30 de septiembre el Tabern\u00e1culo de Ilopango se visti\u00f3 de gala para celebrar su aniversario n\u00famero dieciocho, titulado: \u201cHacia la madurez\u201d. La elegancia, el entusiasmo y la alegr\u00eda por celebrar su cumplea\u00f1os, se vio reflejado en la sonrisa,\u00a0 las fotograf\u00edas, los\u00a0 videos cortos, la actualizaci\u00f3n [&hellip;]<\/p>\n","protected":false},"author":3,"featured_media":13878,"comment_status":"open","ping_status":"open","sticky":false,"template":"","format":"standard","meta":[],"categories":[56],"tags":[],"yoast_head":"<!-- This site is optimized with the Yoast SEO plugin v20.8 - https:\/\/yoast.com\/wordpress\/plugins\/seo\/ -->\n<title>Tabern\u00e1culo de Ilopango 18 a\u00f1os, hacia la madurez - La Prensa Cristiana<\/title>\n<meta name=\"robots\" content=\"index, follow, max-snippet:-1, max-image-preview:large, max-video-preview:-1\" \/>\n<link rel=\"canonical\" href=\"https:\/\/laprensacristiana.com\/?p=13871\" \/>\n<meta property=\"og:locale\" content=\"es_ES\" \/>\n<meta property=\"og:type\" content=\"article\" \/>\n<meta property=\"og:title\" content=\"Tabern\u00e1culo de Ilopango 18 a\u00f1os, hacia la madurez - La Prensa Cristiana\" \/>\n<meta property=\"og:description\" content=\"Por: Ministerio de Comunicaciones, Tabern\u00e1culo de Ilopango El pasado viernes 30 de septiembre el Tabern\u00e1culo de Ilopango se visti\u00f3 de gala para celebrar su aniversario n\u00famero dieciocho, titulado: \u201cHacia la madurez\u201d. La elegancia, el entusiasmo y la alegr\u00eda por celebrar su cumplea\u00f1os, se vio reflejado en la sonrisa,\u00a0 las fotograf\u00edas, los\u00a0 videos cortos, la actualizaci\u00f3n [&hellip;]\" \/>\n<meta property=\"og:url\" content=\"https:\/\/laprensacristiana.com\/?p=13871\" \/>\n<meta property=\"og:site_name\" content=\"La Prensa Cristiana\" \/>\n<meta property=\"article:published_time\" content=\"2022-10-01T14:55:41+00:00\" \/>\n<meta property=\"article:modified_time\" content=\"2022-10-01T14:55:42+00:00\" \/>\n<meta property=\"og:image\" content=\"https:\/\/laprensacristiana.com\/wp-content\/uploads\/2022\/10\/WhatsApp-Image-2022-09-30-at-11.24.25-PM-1.jpeg\" \/>\n\t<meta property=\"og:image:width\" content=\"1600\" \/>\n\t<meta property=\"og:image:height\" content=\"1066\" \/>\n\t<meta property=\"og:image:type\" content=\"image\/jpeg\" \/>\n<meta name=\"author\" content=\"EDITOR\" \/>\n<meta name=\"twitter:card\" content=\"summary_large_image\" \/>\n<meta name=\"twitter:label1\" content=\"Escrito por\" \/>\n\t<meta name=\"twitter:data1\" content=\"EDITOR\" \/>\n\t<meta name=\"twitter:label2\" content=\"Tiempo de lectura\" \/>\n\t<meta name=\"twitter:data2\" content=\"3 minutos\" \/>\n<script type=\"application\/ld+json\" class=\"yoast-schema-graph\">{\"@context\":\"https:\/\/schema.org\",\"@graph\":[{\"@type\":\"WebPage\",\"@id\":\"https:\/\/laprensacristiana.com\/?p=13871\",\"url\":\"https:\/\/laprensacristiana.com\/?p=13871\",\"name\":\"Tabern\u00e1culo de Ilopango 18 a\u00f1os, hacia la madurez - La Prensa Cristiana\",\"isPartOf\":{\"@id\":\"https:\/\/laprensacristiana.com\/#website\"},\"datePublished\":\"2022-10-01T14:55:41+00:00\",\"dateModified\":\"2022-10-01T14:55:42+00:00\",\"author\":{\"@id\":\"https:\/\/laprensacristiana.com\/#\/schema\/person\/3e7d82c6bfd6b1fa67010f8f7cd5256e\"},\"breadcrumb\":{\"@id\":\"https:\/\/laprensacristiana.com\/?p=13871#breadcrumb\"},\"inLanguage\":\"es\",\"potentialAction\":[{\"@type\":\"ReadAction\",\"target\":[\"https:\/\/laprensacristiana.com\/?p=13871\"]}]},{\"@type\":\"BreadcrumbList\",\"@id\":\"https:\/\/laprensacristiana.com\/?p=13871#breadcrumb\",\"itemListElement\":[{\"@type\":\"ListItem\",\"position\":1,\"name\":\"Portada\",\"item\":\"https:\/\/laprensacristiana.com\/\"},{\"@type\":\"ListItem\",\"position\":2,\"name\":\"Tabern\u00e1culo de Ilopango 18 a\u00f1os, hacia la madurez\"}]},{\"@type\":\"WebSite\",\"@id\":\"https:\/\/laprensacristiana.com\/#website\",\"url\":\"https:\/\/laprensacristiana.com\/\",\"name\":\"La Prensa Cristiana\",\"description\":\"Anunciando Las Buenas Nuevas\",\"potentialAction\":[{\"@type\":\"SearchAction\",\"target\":{\"@type\":\"EntryPoint\",\"urlTemplate\":\"https:\/\/laprensacristiana.com\/?s={search_term_string}\"},\"query-input\":\"required name=search_term_string\"}],\"inLanguage\":\"es\"},{\"@type\":\"Person\",\"@id\":\"https:\/\/laprensacristiana.com\/#\/schema\/person\/3e7d82c6bfd6b1fa67010f8f7cd5256e\",\"name\":\"EDITOR\",\"image\":{\"@type\":\"ImageObject\",\"inLanguage\":\"es\",\"@id\":\"https:\/\/laprensacristiana.com\/#\/schema\/person\/image\/\",\"url\":\"https:\/\/secure.gravatar.com\/avatar\/72069dfb6c13772d9e8381e3638666d2?s=96&d=mm&r=g\",\"contentUrl\":\"https:\/\/secure.gravatar.com\/avatar\/72069dfb6c13772d9e8381e3638666d2?s=96&d=mm&r=g\",\"caption\":\"EDITOR\"},\"url\":\"https:\/\/laprensacristiana.com\/?author=3\"}]}<\/script>\n<!-- \/ Yoast SEO plugin. -->","yoast_head_json":{"title":"Tabern\u00e1culo de Ilopango 18 a\u00f1os, hacia la madurez - La Prensa Cristiana","robots":{"index":"index","follow":"follow","max-snippet":"max-snippet:-1","max-image-preview":"max-image-preview:large","max-video-preview":"max-video-preview:-1"},"canonical":"https:\/\/laprensacristiana.com\/?p=13871","og_locale":"es_ES","og_type":"article","og_title":"Tabern\u00e1culo de Ilopango 18 a\u00f1os, hacia la madurez - La Prensa Cristiana","og_description":"Por: Ministerio de Comunicaciones, Tabern\u00e1culo de Ilopango El pasado viernes 30 de septiembre el Tabern\u00e1culo de Ilopango se visti\u00f3 de gala para celebrar su aniversario n\u00famero dieciocho, titulado: \u201cHacia la madurez\u201d. La elegancia, el entusiasmo y la alegr\u00eda por celebrar su cumplea\u00f1os, se vio reflejado en la sonrisa,\u00a0 las fotograf\u00edas, los\u00a0 videos cortos, la actualizaci\u00f3n [&hellip;]","og_url":"https:\/\/laprensacristiana.com\/?p=13871","og_site_name":"La Prensa Cristiana","article_published_time":"2022-10-01T14:55:41+00:00","article_modified_time":"2022-10-01T14:55:42+00:00","og_image":[{"width":1600,"height":1066,"url":"https:\/\/laprensacristiana.com\/wp-content\/uploads\/2022\/10\/WhatsApp-Image-2022-09-30-at-11.24.25-PM-1.jpeg","type":"image\/jpeg"}],"author":"EDITOR","twitter_card":"summary_large_image","twitter_misc":{"Escrito por":"EDITOR","Tiempo de lectura":"3 minutos"},"schema":{"@context":"https:\/\/schema.org","@graph":[{"@type":"WebPage","@id":"https:\/\/laprensacristiana.com\/?p=13871","url":"https:\/\/laprensacristiana.com\/?p=13871","name":"Tabern\u00e1culo de Ilopango 18 a\u00f1os, hacia la madurez - La Prensa Cristiana","isPartOf":{"@id":"https:\/\/laprensacristiana.com\/#website"},"datePublished":"2022-10-01T14:55:41+00:00","dateModified":"2022-10-01T14:55:42+00:00","author":{"@id":"https:\/\/laprensacristiana.com\/#\/schema\/person\/3e7d82c6bfd6b1fa67010f8f7cd5256e"},"breadcrumb":{"@id":"https:\/\/laprensacristiana.com\/?p=13871#breadcrumb"},"inLanguage":"es","potentialAction":[{"@type":"ReadAction","target":["https:\/\/laprensacristiana.com\/?p=13871"]}]},{"@type":"BreadcrumbList","@id":"https:\/\/laprensacristiana.com\/?p=13871#breadcrumb","itemListElement":[{"@type":"ListItem","position":1,"name":"Portada","item":"https:\/\/laprensacristiana.com\/"},{"@type":"ListItem","position":2,"name":"Tabern\u00e1culo de Ilopango 18 a\u00f1os, hacia la madurez"}]},{"@type":"WebSite","@id":"https:\/\/laprensacristiana.com\/#website","url":"https:\/\/laprensacristiana.com\/","name":"La Prensa Cristiana","description":"Anunciando Las Buenas Nuevas","potentialAction":[{"@type":"SearchAction","target":{"@type":"EntryPoint","urlTemplate":"https:\/\/laprensacristiana.com\/?s={search_term_string}"},"query-input":"required name=search_term_string"}],"inLanguage":"es"},{"@type":"Person","@id":"https:\/\/laprensacristiana.com\/#\/schema\/person\/3e7d82c6bfd6b1fa67010f8f7cd5256e","name":"EDITOR","image":{"@type":"ImageObject","inLanguage":"es","@id":"https:\/\/laprensacristiana.com\/#\/schema\/person\/image\/","url":"https:\/\/secure.gravatar.com\/avatar\/72069dfb6c13772d9e8381e3638666d2?s=96&d=mm&r=g","contentUrl":"https:\/\/secure.gravatar.com\/avatar\/72069dfb6c13772d9e8381e3638666d2?s=96&d=mm&r=g","caption":"EDITOR"},"url":"https:\/\/laprensacristiana.com\/?author=3"}]}},"_links":{"self":[{"href":"https:\/\/laprensacristiana.com\/index.php?rest_route=\/wp\/v2\/posts\/13871"}],"collection":[{"href":"https:\/\/laprensacristiana.com\/index.php?rest_route=\/wp\/v2\/posts"}],"about":[{"href":"https:\/\/laprensacristiana.com\/index.php?rest_route=\/wp\/v2\/types\/post"}],"author":[{"embeddable":true,"href":"https:\/\/laprensacristiana.com\/index.php?rest_route=\/wp\/v2\/users\/3"}],"replies":[{"embeddable":true,"href":"https:\/\/laprensacristiana.com\/index.php?rest_route=%2Fwp%2Fv2%2Fcomments&post=13871"}],"version-history":[{"count":1,"href":"https:\/\/laprensacristiana.com\/index.php?rest_route=\/wp\/v2\/posts\/13871\/revisions"}],"predecessor-version":[{"id":13884,"href":"https:\/\/laprensacristiana.com\/index.php?rest_route=\/wp\/v2\/posts\/13871\/revisions\/13884"}],"wp:featuredmedia":[{"embeddable":true,"href":"https:\/\/laprensacristiana.com\/index.php?rest_route=\/wp\/v2\/media\/13878"}],"wp:attachment":[{"href":"https:\/\/laprensacristiana.com\/index.php?rest_route=%2Fwp%2Fv2%2Fmedia&parent=13871"}],"wp:term":[{"taxonomy":"category","embeddable":true,"href":"https:\/\/laprensacristiana.com\/index.php?rest_route=%2Fwp%2Fv2%2Fcategories&post=13871"},{"taxonomy":"post_tag","embeddable":true,"href":"https:\/\/laprensacristiana.com\/index.php?rest_route=%2Fwp%2Fv2%2Ftags&post=13871"}],"curies":[{"name":"wp","href":"https:\/\/api.w.org\/{rel}","templated":true}]}}