{"id":13938,"date":"2022-10-30T05:35:11","date_gmt":"2022-10-30T05:35:11","guid":{"rendered":"https:\/\/laprensacristiana.com\/?p=13938"},"modified":"2022-10-30T05:42:03","modified_gmt":"2022-10-30T05:42:03","slug":"realizan-marcha-para-jesus-en-el-marco-del-dia-nacional-de-la-iglesia-evangelica-salvadorena","status":"publish","type":"post","link":"https:\/\/laprensacristiana.com\/?p=13938","title":{"rendered":"Realizan marcha para Jes\u00fas en el marco del D\u00eda Nacional de la Iglesia Evang\u00e9lica Salvadore\u00f1a"},"content":{"rendered":"\n<p>En horas de la tarde del s\u00e1bado, cientos de personas se dieron cita a la \u201cMarcha para Jes\u00fas\u201d.&nbsp;<\/p>\n\n\n\n<p>Dicha actividad estaba destinada a conmemorar el D\u00eda Nacional de la Iglesia Evang\u00e9lica Salvadore\u00f1a, el cual se celebra cada 31 de octubre, por decreto legislativo #514.<\/p>\n\n\n\n<p>Iniciaron desde el redondel Masferrer, para culminar con un acto de oraci\u00f3n y celebraci\u00f3n en las Fuentes Beethoven, sobre el Paseo General Escal\u00f3n, a ritmo de bandas de paz, Shofar, hicieron sentir la importancia de la labor de la Iglesia Evang\u00e9lica en El Salvador.&nbsp;<\/p>\n\n\n\n<p>\u201cEstamos celebrando que Jes\u00fas es el Se\u00f1or, el pueblo de Dios se ha gozado en esta marcha, dando testimonio del poder de Jesucristo en El Salvador a trav\u00e9s de la transformaci\u00f3n de las vidas\u201d, indic\u00f3 el pastor Amabilex Rodr\u00edguez, presidente del comit\u00e9 organizador y pastor de la Iglesia Jesucristo Vive. <\/p>\n\n\n\n<p>En el cierre del evento diferentes exponentes, entre los que destacan los pastores Anibal y Luc\u00ed Arauz, el pastor Oscar Dur\u00e1n, entre otros, destacaron cada uno de los aportes que el pueblo cristiano evang\u00e9lico genera a la naci\u00f3n.&nbsp;<\/p>\n\n\n\n<figure class=\"wp-block-gallery columns-2 is-cropped wp-block-gallery-1 is-layout-flex\"><ul class=\"blocks-gallery-grid\"><li class=\"blocks-gallery-item\"><figure><img decoding=\"async\" loading=\"lazy\" width=\"960\" height=\"640\" src=\"https:\/\/laprensacristiana.com\/wp-content\/uploads\/2022\/10\/4CA4611C-7C2C-4C12-AD60-A52B3DC5BF21.jpeg\" alt=\"\" data-id=\"13939\" data-full-url=\"https:\/\/laprensacristiana.com\/wp-content\/uploads\/2022\/10\/4CA4611C-7C2C-4C12-AD60-A52B3DC5BF21.jpeg\" data-link=\"https:\/\/laprensacristiana.com\/?attachment_id=13939\" class=\"wp-image-13939\" srcset=\"https:\/\/laprensacristiana.com\/wp-content\/uploads\/2022\/10\/4CA4611C-7C2C-4C12-AD60-A52B3DC5BF21.jpeg 960w, https:\/\/laprensacristiana.com\/wp-content\/uploads\/2022\/10\/4CA4611C-7C2C-4C12-AD60-A52B3DC5BF21-300x200.jpeg 300w, https:\/\/laprensacristiana.com\/wp-content\/uploads\/2022\/10\/4CA4611C-7C2C-4C12-AD60-A52B3DC5BF21-768x512.jpeg 768w, https:\/\/laprensacristiana.com\/wp-content\/uploads\/2022\/10\/4CA4611C-7C2C-4C12-AD60-A52B3DC5BF21-696x464.jpeg 696w, https:\/\/laprensacristiana.com\/wp-content\/uploads\/2022\/10\/4CA4611C-7C2C-4C12-AD60-A52B3DC5BF21-600x400.jpeg 600w\" sizes=\"(max-width: 960px) 100vw, 960px\" \/><\/figure><\/li><li class=\"blocks-gallery-item\"><figure><img decoding=\"async\" loading=\"lazy\" width=\"960\" height=\"554\" src=\"https:\/\/laprensacristiana.com\/wp-content\/uploads\/2022\/10\/CDE46183-8219-4DFE-98FE-0B5230C9FF03.jpeg\" alt=\"\" data-id=\"13940\" data-full-url=\"https:\/\/laprensacristiana.com\/wp-content\/uploads\/2022\/10\/CDE46183-8219-4DFE-98FE-0B5230C9FF03.jpeg\" data-link=\"https:\/\/laprensacristiana.com\/?attachment_id=13940\" class=\"wp-image-13940\" srcset=\"https:\/\/laprensacristiana.com\/wp-content\/uploads\/2022\/10\/CDE46183-8219-4DFE-98FE-0B5230C9FF03.jpeg 960w, https:\/\/laprensacristiana.com\/wp-content\/uploads\/2022\/10\/CDE46183-8219-4DFE-98FE-0B5230C9FF03-300x173.jpeg 300w, https:\/\/laprensacristiana.com\/wp-content\/uploads\/2022\/10\/CDE46183-8219-4DFE-98FE-0B5230C9FF03-768x443.jpeg 768w, https:\/\/laprensacristiana.com\/wp-content\/uploads\/2022\/10\/CDE46183-8219-4DFE-98FE-0B5230C9FF03-696x402.jpeg 696w, https:\/\/laprensacristiana.com\/wp-content\/uploads\/2022\/10\/CDE46183-8219-4DFE-98FE-0B5230C9FF03-600x346.jpeg 600w\" sizes=\"(max-width: 960px) 100vw, 960px\" \/><\/figure><\/li><\/ul><\/figure>\n","protected":false},"excerpt":{"rendered":"<p>En horas de la tarde del s\u00e1bado, cientos de personas se dieron cita a la \u201cMarcha para Jes\u00fas\u201d.&nbsp; Dicha actividad estaba destinada a conmemorar el D\u00eda Nacional de la Iglesia Evang\u00e9lica Salvadore\u00f1a, el cual se celebra cada 31 de octubre, por decreto legislativo #514. Iniciaron desde el redondel Masferrer, para culminar con un acto de [&hellip;]<\/p>\n","protected":false},"author":3,"featured_media":13941,"comment_status":"open","ping_status":"open","sticky":false,"template":"","format":"standard","meta":[],"categories":[56],"tags":[],"yoast_head":"<!-- This site is optimized with the Yoast SEO plugin v20.8 - https:\/\/yoast.com\/wordpress\/plugins\/seo\/ -->\n<title>Realizan marcha para Jes\u00fas en el marco del D\u00eda Nacional de la Iglesia Evang\u00e9lica Salvadore\u00f1a - La Prensa Cristiana<\/title>\n<meta name=\"robots\" content=\"index, follow, max-snippet:-1, max-image-preview:large, max-video-preview:-1\" \/>\n<link rel=\"canonical\" href=\"https:\/\/laprensacristiana.com\/?p=13938\" \/>\n<meta property=\"og:locale\" content=\"es_ES\" \/>\n<meta property=\"og:type\" content=\"article\" \/>\n<meta property=\"og:title\" content=\"Realizan marcha para Jes\u00fas en el marco del D\u00eda Nacional de la Iglesia Evang\u00e9lica Salvadore\u00f1a - La Prensa Cristiana\" \/>\n<meta property=\"og:description\" content=\"En horas de la tarde del s\u00e1bado, cientos de personas se dieron cita a la \u201cMarcha para Jes\u00fas\u201d.&nbsp; Dicha actividad estaba destinada a conmemorar el D\u00eda Nacional de la Iglesia Evang\u00e9lica Salvadore\u00f1a, el cual se celebra cada 31 de octubre, por decreto legislativo #514. Iniciaron desde el redondel Masferrer, para culminar con un acto de [&hellip;]\" \/>\n<meta property=\"og:url\" content=\"https:\/\/laprensacristiana.com\/?p=13938\" \/>\n<meta property=\"og:site_name\" content=\"La Prensa Cristiana\" \/>\n<meta property=\"article:published_time\" content=\"2022-10-30T05:35:11+00:00\" \/>\n<meta property=\"article:modified_time\" content=\"2022-10-30T05:42:03+00:00\" \/>\n<meta property=\"og:image\" content=\"https:\/\/laprensacristiana.com\/wp-content\/uploads\/2022\/10\/07701783-2EFA-42D4-BA1B-236CB16F7820.jpeg\" \/>\n\t<meta property=\"og:image:width\" content=\"960\" \/>\n\t<meta property=\"og:image:height\" content=\"640\" \/>\n\t<meta property=\"og:image:type\" content=\"image\/jpeg\" \/>\n<meta name=\"author\" content=\"EDITOR\" \/>\n<meta name=\"twitter:card\" content=\"summary_large_image\" \/>\n<meta name=\"twitter:label1\" content=\"Escrito por\" \/>\n\t<meta name=\"twitter:data1\" content=\"EDITOR\" \/>\n\t<meta name=\"twitter:label2\" content=\"Tiempo de lectura\" \/>\n\t<meta name=\"twitter:data2\" content=\"1 minuto\" \/>\n<script type=\"application\/ld+json\" class=\"yoast-schema-graph\">{\"@context\":\"https:\/\/schema.org\",\"@graph\":[{\"@type\":\"WebPage\",\"@id\":\"https:\/\/laprensacristiana.com\/?p=13938\",\"url\":\"https:\/\/laprensacristiana.com\/?p=13938\",\"name\":\"Realizan marcha para Jes\u00fas en el marco del D\u00eda Nacional de la Iglesia Evang\u00e9lica Salvadore\u00f1a - La Prensa Cristiana\",\"isPartOf\":{\"@id\":\"https:\/\/laprensacristiana.com\/#website\"},\"datePublished\":\"2022-10-30T05:35:11+00:00\",\"dateModified\":\"2022-10-30T05:42:03+00:00\",\"author\":{\"@id\":\"https:\/\/laprensacristiana.com\/#\/schema\/person\/3e7d82c6bfd6b1fa67010f8f7cd5256e\"},\"breadcrumb\":{\"@id\":\"https:\/\/laprensacristiana.com\/?p=13938#breadcrumb\"},\"inLanguage\":\"es\",\"potentialAction\":[{\"@type\":\"ReadAction\",\"target\":[\"https:\/\/laprensacristiana.com\/?p=13938\"]}]},{\"@type\":\"BreadcrumbList\",\"@id\":\"https:\/\/laprensacristiana.com\/?p=13938#breadcrumb\",\"itemListElement\":[{\"@type\":\"ListItem\",\"position\":1,\"name\":\"Portada\",\"item\":\"https:\/\/laprensacristiana.com\/\"},{\"@type\":\"ListItem\",\"position\":2,\"name\":\"Realizan marcha para Jes\u00fas en el marco del D\u00eda Nacional de la Iglesia Evang\u00e9lica Salvadore\u00f1a\"}]},{\"@type\":\"WebSite\",\"@id\":\"https:\/\/laprensacristiana.com\/#website\",\"url\":\"https:\/\/laprensacristiana.com\/\",\"name\":\"La Prensa Cristiana\",\"description\":\"Anunciando Las Buenas Nuevas\",\"potentialAction\":[{\"@type\":\"SearchAction\",\"target\":{\"@type\":\"EntryPoint\",\"urlTemplate\":\"https:\/\/laprensacristiana.com\/?s={search_term_string}\"},\"query-input\":\"required name=search_term_string\"}],\"inLanguage\":\"es\"},{\"@type\":\"Person\",\"@id\":\"https:\/\/laprensacristiana.com\/#\/schema\/person\/3e7d82c6bfd6b1fa67010f8f7cd5256e\",\"name\":\"EDITOR\",\"image\":{\"@type\":\"ImageObject\",\"inLanguage\":\"es\",\"@id\":\"https:\/\/laprensacristiana.com\/#\/schema\/person\/image\/\",\"url\":\"https:\/\/secure.gravatar.com\/avatar\/72069dfb6c13772d9e8381e3638666d2?s=96&d=mm&r=g\",\"contentUrl\":\"https:\/\/secure.gravatar.com\/avatar\/72069dfb6c13772d9e8381e3638666d2?s=96&d=mm&r=g\",\"caption\":\"EDITOR\"},\"url\":\"https:\/\/laprensacristiana.com\/?author=3\"}]}<\/script>\n<!-- \/ Yoast SEO plugin. -->","yoast_head_json":{"title":"Realizan marcha para Jes\u00fas en el marco del D\u00eda Nacional de la Iglesia Evang\u00e9lica Salvadore\u00f1a - La Prensa Cristiana","robots":{"index":"index","follow":"follow","max-snippet":"max-snippet:-1","max-image-preview":"max-image-preview:large","max-video-preview":"max-video-preview:-1"},"canonical":"https:\/\/laprensacristiana.com\/?p=13938","og_locale":"es_ES","og_type":"article","og_title":"Realizan marcha para Jes\u00fas en el marco del D\u00eda Nacional de la Iglesia Evang\u00e9lica Salvadore\u00f1a - La Prensa Cristiana","og_description":"En horas de la tarde del s\u00e1bado, cientos de personas se dieron cita a la \u201cMarcha para Jes\u00fas\u201d.&nbsp; Dicha actividad estaba destinada a conmemorar el D\u00eda Nacional de la Iglesia Evang\u00e9lica Salvadore\u00f1a, el cual se celebra cada 31 de octubre, por decreto legislativo #514. Iniciaron desde el redondel Masferrer, para culminar con un acto de [&hellip;]","og_url":"https:\/\/laprensacristiana.com\/?p=13938","og_site_name":"La Prensa Cristiana","article_published_time":"2022-10-30T05:35:11+00:00","article_modified_time":"2022-10-30T05:42:03+00:00","og_image":[{"width":960,"height":640,"url":"https:\/\/laprensacristiana.com\/wp-content\/uploads\/2022\/10\/07701783-2EFA-42D4-BA1B-236CB16F7820.jpeg","type":"image\/jpeg"}],"author":"EDITOR","twitter_card":"summary_large_image","twitter_misc":{"Escrito por":"EDITOR","Tiempo de lectura":"1 minuto"},"schema":{"@context":"https:\/\/schema.org","@graph":[{"@type":"WebPage","@id":"https:\/\/laprensacristiana.com\/?p=13938","url":"https:\/\/laprensacristiana.com\/?p=13938","name":"Realizan marcha para Jes\u00fas en el marco del D\u00eda Nacional de la Iglesia Evang\u00e9lica Salvadore\u00f1a - La Prensa Cristiana","isPartOf":{"@id":"https:\/\/laprensacristiana.com\/#website"},"datePublished":"2022-10-30T05:35:11+00:00","dateModified":"2022-10-30T05:42:03+00:00","author":{"@id":"https:\/\/laprensacristiana.com\/#\/schema\/person\/3e7d82c6bfd6b1fa67010f8f7cd5256e"},"breadcrumb":{"@id":"https:\/\/laprensacristiana.com\/?p=13938#breadcrumb"},"inLanguage":"es","potentialAction":[{"@type":"ReadAction","target":["https:\/\/laprensacristiana.com\/?p=13938"]}]},{"@type":"BreadcrumbList","@id":"https:\/\/laprensacristiana.com\/?p=13938#breadcrumb","itemListElement":[{"@type":"ListItem","position":1,"name":"Portada","item":"https:\/\/laprensacristiana.com\/"},{"@type":"ListItem","position":2,"name":"Realizan marcha para Jes\u00fas en el marco del D\u00eda Nacional de la Iglesia Evang\u00e9lica Salvadore\u00f1a"}]},{"@type":"WebSite","@id":"https:\/\/laprensacristiana.com\/#website","url":"https:\/\/laprensacristiana.com\/","name":"La Prensa Cristiana","description":"Anunciando Las Buenas Nuevas","potentialAction":[{"@type":"SearchAction","target":{"@type":"EntryPoint","urlTemplate":"https:\/\/laprensacristiana.com\/?s={search_term_string}"},"query-input":"required name=search_term_string"}],"inLanguage":"es"},{"@type":"Person","@id":"https:\/\/laprensacristiana.com\/#\/schema\/person\/3e7d82c6bfd6b1fa67010f8f7cd5256e","name":"EDITOR","image":{"@type":"ImageObject","inLanguage":"es","@id":"https:\/\/laprensacristiana.com\/#\/schema\/person\/image\/","url":"https:\/\/secure.gravatar.com\/avatar\/72069dfb6c13772d9e8381e3638666d2?s=96&d=mm&r=g","contentUrl":"https:\/\/secure.gravatar.com\/avatar\/72069dfb6c13772d9e8381e3638666d2?s=96&d=mm&r=g","caption":"EDITOR"},"url":"https:\/\/laprensacristiana.com\/?author=3"}]}},"_links":{"self":[{"href":"https:\/\/laprensacristiana.com\/index.php?rest_route=\/wp\/v2\/posts\/13938"}],"collection":[{"href":"https:\/\/laprensacristiana.com\/index.php?rest_route=\/wp\/v2\/posts"}],"about":[{"href":"https:\/\/laprensacristiana.com\/index.php?rest_route=\/wp\/v2\/types\/post"}],"author":[{"embeddable":true,"href":"https:\/\/laprensacristiana.com\/index.php?rest_route=\/wp\/v2\/users\/3"}],"replies":[{"embeddable":true,"href":"https:\/\/laprensacristiana.com\/index.php?rest_route=%2Fwp%2Fv2%2Fcomments&post=13938"}],"version-history":[{"count":2,"href":"https:\/\/laprensacristiana.com\/index.php?rest_route=\/wp\/v2\/posts\/13938\/revisions"}],"predecessor-version":[{"id":13943,"href":"https:\/\/laprensacristiana.com\/index.php?rest_route=\/wp\/v2\/posts\/13938\/revisions\/13943"}],"wp:featuredmedia":[{"embeddable":true,"href":"https:\/\/laprensacristiana.com\/index.php?rest_route=\/wp\/v2\/media\/13941"}],"wp:attachment":[{"href":"https:\/\/laprensacristiana.com\/index.php?rest_route=%2Fwp%2Fv2%2Fmedia&parent=13938"}],"wp:term":[{"taxonomy":"category","embeddable":true,"href":"https:\/\/laprensacristiana.com\/index.php?rest_route=%2Fwp%2Fv2%2Fcategories&post=13938"},{"taxonomy":"post_tag","embeddable":true,"href":"https:\/\/laprensacristiana.com\/index.php?rest_route=%2Fwp%2Fv2%2Ftags&post=13938"}],"curies":[{"name":"wp","href":"https:\/\/api.w.org\/{rel}","templated":true}]}}