{"id":13956,"date":"2022-11-01T20:44:08","date_gmt":"2022-11-01T20:44:08","guid":{"rendered":"https:\/\/laprensacristiana.com\/?p=13956"},"modified":"2022-11-01T20:44:09","modified_gmt":"2022-11-01T20:44:09","slug":"126-anos-de-presencia-evangelica-en-el-salvador","status":"publish","type":"post","link":"https:\/\/laprensacristiana.com\/?p=13956","title":{"rendered":"126 a\u00f1os de presencia evang\u00e9lica en El Salvador"},"content":{"rendered":"\n<p><em>Reconocimientos, avances y aportes en la sociedad salvadore\u00f1a<\/em><\/p>\n\n\n\n<p>El evangelio en El Salvador tiene 126 a\u00f1os de haber llegado al pa\u00eds, data desde el arribo del primer misionero, Samuel A. Purdie, que hizo su venida al territorio salvadore\u00f1o en 1896.<\/p>\n\n\n\n<p>El Salvador es un pa\u00eds que por constituci\u00f3n dispone el libre ejercicio de la religi\u00f3n.&nbsp; En ella se establece que todas las personas son iguales ante la ley y se proh\u00edbe la discriminaci\u00f3n por motivos religiosos.&nbsp; Esto quiere decir que todos los que forman parte de la Iglesia Evang\u00e9lica lo hacen por elecci\u00f3n y no por imposici\u00f3n, teniendo la misma una amplia diversidad de expresiones enmarcadas en la doctrina de cada denominaci\u00f3n: prof\u00e9ticos, bautistas, pentecostales, reformados, apost\u00f3licos, entre otros.<\/p>\n\n\n\n<p>De 2 a 3 millones de personas se movilizan cada domingo para asistir a los diferentes locales de las iglesias, y cada cierre de a\u00f1o es un tiempo conmemorativo para la iglesia evang\u00e9lica en El Salvador.<\/p>\n\n\n\n<p><strong>D\u00eda Nacional de la Iglesia Evang\u00e9lica Salvadore\u00f1a<\/strong><\/p>\n\n\n\n<p>El 17 de octubre del a\u00f1o 2013 la Asamblea Legislativa decret\u00f3 el 28 de octubre de cada a\u00f1o como: \u201cD\u00eda Nacional de la Iglesia Evang\u00e9lica Salvadore\u00f1a\u201d. Registrado en el decreto N\u00b0514.<\/p>\n\n\n\n<p>Fue un 31 de octubre del a\u00f1o 2014 que se reform\u00f3 el decreto, teniendo mayor relevancia, en el marco de conmemorar aquel 31 de octubre de 1517, fecha en la que Mart\u00edn Lutero inici\u00f3 la reforma protestante, y que en El Salvador se celebra a la Iglesia Evang\u00e9lica Salvadore\u00f1a.<\/p>\n\n\n\n<p>Los actores que se movilizaron para tal gesti\u00f3n en representaci\u00f3n de la Iglesia Evang\u00e9lica en ese a\u00f1o fueron: Lic. Jorge Cervantes en su car\u00e1cter de presidente de Alianza Evang\u00e9lica de El Salvador, Dr. Augusto Ferrufino Aguilar como rector de Universidad Cristiana de las Asambleas de Dios para esa fecha, delegando al Dr. \u00d3scar Armando Dur\u00e1n, quien fung\u00eda como decano de la facultad de teolog\u00eda de la UCAD, el Lic. Cesar Emilio Quintero como rector de la Universidad Evang\u00e9lica de El Salvador, delegando al capell\u00e1n Hugo Arqu\u00edmedes Ram\u00edrez.<\/p>\n\n\n\n<figure class=\"wp-block-image size-large\"><img decoding=\"async\" src=\"blob:https:\/\/laprensacristiana.com\/d08db28f-9594-42b0-8c84-898cdd90cd4e\" alt=\"\"\/><\/figure>\n\n\n\n<figure class=\"wp-block-image size-large\"><img decoding=\"async\" loading=\"lazy\" width=\"1024\" height=\"683\" src=\"https:\/\/laprensacristiana.com\/wp-content\/uploads\/2022\/11\/DIA-NACIONAL-DE-LA-IGLESIA-EVNAGELICA-1024x683.jpg\" alt=\"\" class=\"wp-image-13959\" srcset=\"https:\/\/laprensacristiana.com\/wp-content\/uploads\/2022\/11\/DIA-NACIONAL-DE-LA-IGLESIA-EVNAGELICA-1024x683.jpg 1024w, https:\/\/laprensacristiana.com\/wp-content\/uploads\/2022\/11\/DIA-NACIONAL-DE-LA-IGLESIA-EVNAGELICA-300x200.jpg 300w, https:\/\/laprensacristiana.com\/wp-content\/uploads\/2022\/11\/DIA-NACIONAL-DE-LA-IGLESIA-EVNAGELICA-768x512.jpg 768w, https:\/\/laprensacristiana.com\/wp-content\/uploads\/2022\/11\/DIA-NACIONAL-DE-LA-IGLESIA-EVNAGELICA-696x464.jpg 696w, https:\/\/laprensacristiana.com\/wp-content\/uploads\/2022\/11\/DIA-NACIONAL-DE-LA-IGLESIA-EVNAGELICA-600x400.jpg 600w, https:\/\/laprensacristiana.com\/wp-content\/uploads\/2022\/11\/DIA-NACIONAL-DE-LA-IGLESIA-EVNAGELICA.jpg 1068w\" sizes=\"(max-width: 1024px) 100vw, 1024px\" \/><\/figure>\n\n\n\n<p><strong>D\u00eda Nacional de la Biblia<\/strong><\/p>\n\n\n\n<p>Por decreto legislativo, el segundo domingo de diciembre ha sido declarado el D\u00eda Nacional de la Biblia en El Salvador. Tal decreto es parte de los hechos ins\u00f3litos que acompa\u00f1an a la Biblia desde hace milenios. Fue el primer libro en ser impreso al inventarse la imprenta y tambi\u00e9n el primero en salir del planeta y ser le\u00eddo la primera vez que el ser humano orbit\u00f3 la Luna en la misi\u00f3n Apolo 8.<\/p>\n\n\n\n<p>Para Sociedad B\u00edblica de El Salvador contar con un D\u00eda Nacional de la Biblia plantea retos para todos los cristianos como orar por la causa b\u00edblica, distribuir Biblias a personas que no conocen de Dios y ofrendar para la distribuci\u00f3n de las Biblias en el pa\u00eds.<\/p>\n\n\n\n<figure class=\"wp-block-image size-large\"><img decoding=\"async\" loading=\"lazy\" width=\"720\" height=\"419\" src=\"https:\/\/laprensacristiana.com\/wp-content\/uploads\/2022\/11\/BIBLIA.jpeg\" alt=\"\" class=\"wp-image-13960\" srcset=\"https:\/\/laprensacristiana.com\/wp-content\/uploads\/2022\/11\/BIBLIA.jpeg 720w, https:\/\/laprensacristiana.com\/wp-content\/uploads\/2022\/11\/BIBLIA-300x175.jpeg 300w, https:\/\/laprensacristiana.com\/wp-content\/uploads\/2022\/11\/BIBLIA-696x405.jpeg 696w, https:\/\/laprensacristiana.com\/wp-content\/uploads\/2022\/11\/BIBLIA-600x349.jpeg 600w\" sizes=\"(max-width: 720px) 100vw, 720px\" \/><\/figure>\n\n\n\n<p><strong>D\u00eda Nacional de la Oraci\u00f3n<\/strong><\/p>\n\n\n\n<p>El Salvador cuenta con 4 decretos de D\u00eda Nacional de la Oraci\u00f3n, el primero data del a\u00f1o 2003 enmarcado en el decreto legislativo N\u00b0161.<\/p>\n\n\n\n<p>Los siguientes 3 decretos, han sido declarados v\u00eda \u00d3rgano Ejecutivo en respuesta a diferentes circunstancias. En el 2020, se declar\u00f3 el 24 de mayo como D\u00cdA NACIONAL DE ORACI\u00d3N, para pedir por sanidad de la tierra y vencer la pandemia del COVID-19, en ese mismo a\u00f1o, ante la amenaza de la tormenta Iota, se decret\u00f3 el 17 de noviembre para pedirle a Dios que librara al pa\u00eds de todo mal y el \u00faltimo decreto fue el 09 de octubre de 2022, para pedir la protecci\u00f3n de Dios ante la llegada del hurac\u00e1n Julia.<\/p>\n\n\n\n<p>En el presente los ejes de acci\u00f3n de la iglesia son 3: Oraci\u00f3n, Articulaci\u00f3n organizacional y Ejecuci\u00f3n social; mediante los cuales se dinamiza e intensifica la raz\u00f3n de ser del evangelio. El panorama es completamente distinto a los inicios, una \u00e9poca en la cual no exist\u00eda todo lo que hoy conocemos como parte de la Iglesia Evang\u00e9lica: Universidades, colegios, Institutos B\u00edblicos, medios de comunicaci\u00f3n, organizaciones para eclesiales, representantes cristianos en todos los \u00e1mbitos p\u00fablicos, decretos legislativos y ejecutivos en reconocimiento, entre otros elementos.<\/p>\n\n\n\n<figure class=\"wp-block-image size-large\"><img decoding=\"async\" loading=\"lazy\" width=\"1024\" height=\"498\" src=\"https:\/\/laprensacristiana.com\/wp-content\/uploads\/2022\/11\/ORACION-1-1024x498.jpg\" alt=\"\" class=\"wp-image-13961\" srcset=\"https:\/\/laprensacristiana.com\/wp-content\/uploads\/2022\/11\/ORACION-1-1024x498.jpg 1024w, https:\/\/laprensacristiana.com\/wp-content\/uploads\/2022\/11\/ORACION-1-300x146.jpg 300w, https:\/\/laprensacristiana.com\/wp-content\/uploads\/2022\/11\/ORACION-1-768x373.jpg 768w, https:\/\/laprensacristiana.com\/wp-content\/uploads\/2022\/11\/ORACION-1-696x338.jpg 696w, https:\/\/laprensacristiana.com\/wp-content\/uploads\/2022\/11\/ORACION-1-1068x519.jpg 1068w, https:\/\/laprensacristiana.com\/wp-content\/uploads\/2022\/11\/ORACION-1-600x292.jpg 600w, https:\/\/laprensacristiana.com\/wp-content\/uploads\/2022\/11\/ORACION-1.jpg 1280w\" sizes=\"(max-width: 1024px) 100vw, 1024px\" \/><\/figure>\n","protected":false},"excerpt":{"rendered":"<p>Reconocimientos, avances y aportes en la sociedad salvadore\u00f1a El evangelio en El Salvador tiene 126 a\u00f1os de haber llegado al pa\u00eds, data desde el arribo del primer misionero, Samuel A. Purdie, que hizo su venida al territorio salvadore\u00f1o en 1896. El Salvador es un pa\u00eds que por constituci\u00f3n dispone el libre ejercicio de la religi\u00f3n.&nbsp; [&hellip;]<\/p>\n","protected":false},"author":3,"featured_media":13957,"comment_status":"open","ping_status":"open","sticky":false,"template":"","format":"standard","meta":[],"categories":[56],"tags":[],"yoast_head":"<!-- This site is optimized with the Yoast SEO plugin v20.8 - https:\/\/yoast.com\/wordpress\/plugins\/seo\/ -->\n<title>126 a\u00f1os de presencia evang\u00e9lica en El Salvador - La Prensa Cristiana<\/title>\n<meta name=\"robots\" content=\"index, follow, max-snippet:-1, max-image-preview:large, max-video-preview:-1\" \/>\n<link rel=\"canonical\" href=\"https:\/\/laprensacristiana.com\/?p=13956\" \/>\n<meta property=\"og:locale\" content=\"es_ES\" \/>\n<meta property=\"og:type\" content=\"article\" \/>\n<meta property=\"og:title\" content=\"126 a\u00f1os de presencia evang\u00e9lica en El Salvador - La Prensa Cristiana\" \/>\n<meta property=\"og:description\" content=\"Reconocimientos, avances y aportes en la sociedad salvadore\u00f1a El evangelio en El Salvador tiene 126 a\u00f1os de haber llegado al pa\u00eds, data desde el arribo del primer misionero, Samuel A. Purdie, que hizo su venida al territorio salvadore\u00f1o en 1896. El Salvador es un pa\u00eds que por constituci\u00f3n dispone el libre ejercicio de la religi\u00f3n.&nbsp; [&hellip;]\" \/>\n<meta property=\"og:url\" content=\"https:\/\/laprensacristiana.com\/?p=13956\" \/>\n<meta property=\"og:site_name\" content=\"La Prensa Cristiana\" \/>\n<meta property=\"article:published_time\" content=\"2022-11-01T20:44:08+00:00\" \/>\n<meta property=\"article:modified_time\" content=\"2022-11-01T20:44:09+00:00\" \/>\n<meta property=\"og:image\" content=\"https:\/\/laprensacristiana.com\/wp-content\/uploads\/2022\/11\/FOTO-PRINCIPAL.jpg\" \/>\n\t<meta property=\"og:image:width\" content=\"1068\" \/>\n\t<meta property=\"og:image:height\" content=\"689\" \/>\n\t<meta property=\"og:image:type\" content=\"image\/jpeg\" \/>\n<meta name=\"author\" content=\"EDITOR\" \/>\n<meta name=\"twitter:card\" content=\"summary_large_image\" \/>\n<meta name=\"twitter:label1\" content=\"Escrito por\" \/>\n\t<meta name=\"twitter:data1\" content=\"EDITOR\" \/>\n\t<meta name=\"twitter:label2\" content=\"Tiempo de lectura\" \/>\n\t<meta name=\"twitter:data2\" content=\"4 minutos\" \/>\n<script type=\"application\/ld+json\" class=\"yoast-schema-graph\">{\"@context\":\"https:\/\/schema.org\",\"@graph\":[{\"@type\":\"WebPage\",\"@id\":\"https:\/\/laprensacristiana.com\/?p=13956\",\"url\":\"https:\/\/laprensacristiana.com\/?p=13956\",\"name\":\"126 a\u00f1os de presencia evang\u00e9lica en El Salvador - La Prensa Cristiana\",\"isPartOf\":{\"@id\":\"https:\/\/laprensacristiana.com\/#website\"},\"datePublished\":\"2022-11-01T20:44:08+00:00\",\"dateModified\":\"2022-11-01T20:44:09+00:00\",\"author\":{\"@id\":\"https:\/\/laprensacristiana.com\/#\/schema\/person\/3e7d82c6bfd6b1fa67010f8f7cd5256e\"},\"breadcrumb\":{\"@id\":\"https:\/\/laprensacristiana.com\/?p=13956#breadcrumb\"},\"inLanguage\":\"es\",\"potentialAction\":[{\"@type\":\"ReadAction\",\"target\":[\"https:\/\/laprensacristiana.com\/?p=13956\"]}]},{\"@type\":\"BreadcrumbList\",\"@id\":\"https:\/\/laprensacristiana.com\/?p=13956#breadcrumb\",\"itemListElement\":[{\"@type\":\"ListItem\",\"position\":1,\"name\":\"Portada\",\"item\":\"https:\/\/laprensacristiana.com\/\"},{\"@type\":\"ListItem\",\"position\":2,\"name\":\"126 a\u00f1os de presencia evang\u00e9lica en El Salvador\"}]},{\"@type\":\"WebSite\",\"@id\":\"https:\/\/laprensacristiana.com\/#website\",\"url\":\"https:\/\/laprensacristiana.com\/\",\"name\":\"La Prensa Cristiana\",\"description\":\"Anunciando Las Buenas Nuevas\",\"potentialAction\":[{\"@type\":\"SearchAction\",\"target\":{\"@type\":\"EntryPoint\",\"urlTemplate\":\"https:\/\/laprensacristiana.com\/?s={search_term_string}\"},\"query-input\":\"required name=search_term_string\"}],\"inLanguage\":\"es\"},{\"@type\":\"Person\",\"@id\":\"https:\/\/laprensacristiana.com\/#\/schema\/person\/3e7d82c6bfd6b1fa67010f8f7cd5256e\",\"name\":\"EDITOR\",\"image\":{\"@type\":\"ImageObject\",\"inLanguage\":\"es\",\"@id\":\"https:\/\/laprensacristiana.com\/#\/schema\/person\/image\/\",\"url\":\"https:\/\/secure.gravatar.com\/avatar\/72069dfb6c13772d9e8381e3638666d2?s=96&d=mm&r=g\",\"contentUrl\":\"https:\/\/secure.gravatar.com\/avatar\/72069dfb6c13772d9e8381e3638666d2?s=96&d=mm&r=g\",\"caption\":\"EDITOR\"},\"url\":\"https:\/\/laprensacristiana.com\/?author=3\"}]}<\/script>\n<!-- \/ Yoast SEO plugin. -->","yoast_head_json":{"title":"126 a\u00f1os de presencia evang\u00e9lica en El Salvador - La Prensa Cristiana","robots":{"index":"index","follow":"follow","max-snippet":"max-snippet:-1","max-image-preview":"max-image-preview:large","max-video-preview":"max-video-preview:-1"},"canonical":"https:\/\/laprensacristiana.com\/?p=13956","og_locale":"es_ES","og_type":"article","og_title":"126 a\u00f1os de presencia evang\u00e9lica en El Salvador - La Prensa Cristiana","og_description":"Reconocimientos, avances y aportes en la sociedad salvadore\u00f1a El evangelio en El Salvador tiene 126 a\u00f1os de haber llegado al pa\u00eds, data desde el arribo del primer misionero, Samuel A. Purdie, que hizo su venida al territorio salvadore\u00f1o en 1896. El Salvador es un pa\u00eds que por constituci\u00f3n dispone el libre ejercicio de la religi\u00f3n.&nbsp; [&hellip;]","og_url":"https:\/\/laprensacristiana.com\/?p=13956","og_site_name":"La Prensa Cristiana","article_published_time":"2022-11-01T20:44:08+00:00","article_modified_time":"2022-11-01T20:44:09+00:00","og_image":[{"width":1068,"height":689,"url":"https:\/\/laprensacristiana.com\/wp-content\/uploads\/2022\/11\/FOTO-PRINCIPAL.jpg","type":"image\/jpeg"}],"author":"EDITOR","twitter_card":"summary_large_image","twitter_misc":{"Escrito por":"EDITOR","Tiempo de lectura":"4 minutos"},"schema":{"@context":"https:\/\/schema.org","@graph":[{"@type":"WebPage","@id":"https:\/\/laprensacristiana.com\/?p=13956","url":"https:\/\/laprensacristiana.com\/?p=13956","name":"126 a\u00f1os de presencia evang\u00e9lica en El Salvador - La Prensa Cristiana","isPartOf":{"@id":"https:\/\/laprensacristiana.com\/#website"},"datePublished":"2022-11-01T20:44:08+00:00","dateModified":"2022-11-01T20:44:09+00:00","author":{"@id":"https:\/\/laprensacristiana.com\/#\/schema\/person\/3e7d82c6bfd6b1fa67010f8f7cd5256e"},"breadcrumb":{"@id":"https:\/\/laprensacristiana.com\/?p=13956#breadcrumb"},"inLanguage":"es","potentialAction":[{"@type":"ReadAction","target":["https:\/\/laprensacristiana.com\/?p=13956"]}]},{"@type":"BreadcrumbList","@id":"https:\/\/laprensacristiana.com\/?p=13956#breadcrumb","itemListElement":[{"@type":"ListItem","position":1,"name":"Portada","item":"https:\/\/laprensacristiana.com\/"},{"@type":"ListItem","position":2,"name":"126 a\u00f1os de presencia evang\u00e9lica en El Salvador"}]},{"@type":"WebSite","@id":"https:\/\/laprensacristiana.com\/#website","url":"https:\/\/laprensacristiana.com\/","name":"La Prensa Cristiana","description":"Anunciando Las Buenas Nuevas","potentialAction":[{"@type":"SearchAction","target":{"@type":"EntryPoint","urlTemplate":"https:\/\/laprensacristiana.com\/?s={search_term_string}"},"query-input":"required name=search_term_string"}],"inLanguage":"es"},{"@type":"Person","@id":"https:\/\/laprensacristiana.com\/#\/schema\/person\/3e7d82c6bfd6b1fa67010f8f7cd5256e","name":"EDITOR","image":{"@type":"ImageObject","inLanguage":"es","@id":"https:\/\/laprensacristiana.com\/#\/schema\/person\/image\/","url":"https:\/\/secure.gravatar.com\/avatar\/72069dfb6c13772d9e8381e3638666d2?s=96&d=mm&r=g","contentUrl":"https:\/\/secure.gravatar.com\/avatar\/72069dfb6c13772d9e8381e3638666d2?s=96&d=mm&r=g","caption":"EDITOR"},"url":"https:\/\/laprensacristiana.com\/?author=3"}]}},"_links":{"self":[{"href":"https:\/\/laprensacristiana.com\/index.php?rest_route=\/wp\/v2\/posts\/13956"}],"collection":[{"href":"https:\/\/laprensacristiana.com\/index.php?rest_route=\/wp\/v2\/posts"}],"about":[{"href":"https:\/\/laprensacristiana.com\/index.php?rest_route=\/wp\/v2\/types\/post"}],"author":[{"embeddable":true,"href":"https:\/\/laprensacristiana.com\/index.php?rest_route=\/wp\/v2\/users\/3"}],"replies":[{"embeddable":true,"href":"https:\/\/laprensacristiana.com\/index.php?rest_route=%2Fwp%2Fv2%2Fcomments&post=13956"}],"version-history":[{"count":1,"href":"https:\/\/laprensacristiana.com\/index.php?rest_route=\/wp\/v2\/posts\/13956\/revisions"}],"predecessor-version":[{"id":13962,"href":"https:\/\/laprensacristiana.com\/index.php?rest_route=\/wp\/v2\/posts\/13956\/revisions\/13962"}],"wp:featuredmedia":[{"embeddable":true,"href":"https:\/\/laprensacristiana.com\/index.php?rest_route=\/wp\/v2\/media\/13957"}],"wp:attachment":[{"href":"https:\/\/laprensacristiana.com\/index.php?rest_route=%2Fwp%2Fv2%2Fmedia&parent=13956"}],"wp:term":[{"taxonomy":"category","embeddable":true,"href":"https:\/\/laprensacristiana.com\/index.php?rest_route=%2Fwp%2Fv2%2Fcategories&post=13956"},{"taxonomy":"post_tag","embeddable":true,"href":"https:\/\/laprensacristiana.com\/index.php?rest_route=%2Fwp%2Fv2%2Ftags&post=13956"}],"curies":[{"name":"wp","href":"https:\/\/api.w.org\/{rel}","templated":true}]}}