{"id":13983,"date":"2022-11-15T22:10:10","date_gmt":"2022-11-15T22:10:10","guid":{"rendered":"https:\/\/laprensacristiana.com\/?p=13983"},"modified":"2022-11-15T22:10:11","modified_gmt":"2022-11-15T22:10:11","slug":"conmemoran-dia-nacional-de-la-oracion-en-asamblea-legislativa","status":"publish","type":"post","link":"https:\/\/laprensacristiana.com\/?p=13983","title":{"rendered":"Conmemoran D\u00eda Nacional de la Oraci\u00f3n en Asamblea Legislativa"},"content":{"rendered":"\n<p>Esta ma\u00f1ana se llev\u00f3 a cabo la plenaria N\u00b082 en La Asamblea Legislativa de El Salvador, dando inicio con una oraci\u00f3n para conmemorar el D\u00eda Nacional de la Oraci\u00f3n que por decreto legislativo N\u00b0161 se celebra en el pa\u00eds.&nbsp; Pastores de diferentes denominaciones fueron invitados para auspiciar esta ceremonia, en esta ocasi\u00f3n la oraci\u00f3n estuvo a cargo de ni\u00f1os, quienes clamaron por paz, salud, familia, trabajo, sabidur\u00eda para las autoridades que dirigen esta naci\u00f3n.<\/p>\n\n\n\n<p>\u201cLa oraci\u00f3n no es pol\u00edtica, la oraci\u00f3n es la mejor manera de poner en las manos de Dios todo lo que hacemos.&nbsp; La oraci\u00f3n no solo conecta, la oraci\u00f3n abraza, la oraci\u00f3n anima, la oraci\u00f3n sana, es m\u00e1s, la oraci\u00f3n transforma, y las peores tormentas que podamos atravesar como naci\u00f3n saldremos victoriosos si ponemos la oraci\u00f3n en primer lugar\u201d, expres\u00f3 en sus palabras alusivas al evento el pastor general del Tabern\u00e1culo B\u00edblico Bautista Amigos de Israel, Dr. Edgar L\u00f3pez Bertrand Jr.<\/p>\n\n\n\n<p>Por su parte el Capell\u00e1n Cesar Mel\u00e9ndez en representaci\u00f3n de Alianza Evang\u00e9lica de El Salvador, fue el encargado de dar las palabras de agradecimiento:<\/p>\n\n\n\n<p>\u201cTenemos el D\u00eda Nacional de la Oraci\u00f3n en nuestro pa\u00eds para tener fe en el Dios todo poderoso, el Dios que est\u00e1 cercano, el Dios que est\u00e1 dispuesto para poder escuchar cualquiera de nuestras necesidades, si nosotros le confiamos nuestras cargas es porque \u00e9l prometi\u00f3 acompa\u00f1arnos a trav\u00e9s de todas las etapas de nuestra vida\u2019\u2019, finalizando con una oraci\u00f3n.<\/p>\n\n\n\n<figure class=\"wp-block-image size-large\"><img decoding=\"async\" loading=\"lazy\" width=\"720\" height=\"404\" src=\"https:\/\/laprensacristiana.com\/wp-content\/uploads\/2022\/11\/FB_IMG_1668549160214.jpg\" alt=\"\" class=\"wp-image-13984\" srcset=\"https:\/\/laprensacristiana.com\/wp-content\/uploads\/2022\/11\/FB_IMG_1668549160214.jpg 720w, https:\/\/laprensacristiana.com\/wp-content\/uploads\/2022\/11\/FB_IMG_1668549160214-300x168.jpg 300w, https:\/\/laprensacristiana.com\/wp-content\/uploads\/2022\/11\/FB_IMG_1668549160214-696x391.jpg 696w, https:\/\/laprensacristiana.com\/wp-content\/uploads\/2022\/11\/FB_IMG_1668549160214-600x337.jpg 600w\" sizes=\"(max-width: 720px) 100vw, 720px\" \/><figcaption>Cortes\u00eda Asamblea Legislativa de El Salvador <\/figcaption><\/figure>\n","protected":false},"excerpt":{"rendered":"<p>Esta ma\u00f1ana se llev\u00f3 a cabo la plenaria N\u00b082 en La Asamblea Legislativa de El Salvador, dando inicio con una oraci\u00f3n para conmemorar el D\u00eda Nacional de la Oraci\u00f3n que por decreto legislativo N\u00b0161 se celebra en el pa\u00eds.&nbsp; Pastores de diferentes denominaciones fueron invitados para auspiciar esta ceremonia, en esta ocasi\u00f3n la oraci\u00f3n estuvo [&hellip;]<\/p>\n","protected":false},"author":3,"featured_media":13985,"comment_status":"open","ping_status":"open","sticky":false,"template":"","format":"standard","meta":[],"categories":[56],"tags":[],"yoast_head":"<!-- This site is optimized with the Yoast SEO plugin v20.8 - https:\/\/yoast.com\/wordpress\/plugins\/seo\/ -->\n<title>Conmemoran D\u00eda Nacional de la Oraci\u00f3n en Asamblea Legislativa - La Prensa Cristiana<\/title>\n<meta name=\"robots\" content=\"index, follow, max-snippet:-1, max-image-preview:large, max-video-preview:-1\" \/>\n<link rel=\"canonical\" href=\"https:\/\/laprensacristiana.com\/?p=13983\" \/>\n<meta property=\"og:locale\" content=\"es_ES\" \/>\n<meta property=\"og:type\" content=\"article\" \/>\n<meta property=\"og:title\" content=\"Conmemoran D\u00eda Nacional de la Oraci\u00f3n en Asamblea Legislativa - La Prensa Cristiana\" \/>\n<meta property=\"og:description\" content=\"Esta ma\u00f1ana se llev\u00f3 a cabo la plenaria N\u00b082 en La Asamblea Legislativa de El Salvador, dando inicio con una oraci\u00f3n para conmemorar el D\u00eda Nacional de la Oraci\u00f3n que por decreto legislativo N\u00b0161 se celebra en el pa\u00eds.&nbsp; Pastores de diferentes denominaciones fueron invitados para auspiciar esta ceremonia, en esta ocasi\u00f3n la oraci\u00f3n estuvo [&hellip;]\" \/>\n<meta property=\"og:url\" content=\"https:\/\/laprensacristiana.com\/?p=13983\" \/>\n<meta property=\"og:site_name\" content=\"La Prensa Cristiana\" \/>\n<meta property=\"article:published_time\" content=\"2022-11-15T22:10:10+00:00\" \/>\n<meta property=\"article:modified_time\" content=\"2022-11-15T22:10:11+00:00\" \/>\n<meta property=\"og:image\" content=\"https:\/\/laprensacristiana.com\/wp-content\/uploads\/2022\/11\/FB_IMG_1668549150960.jpg\" \/>\n\t<meta property=\"og:image:width\" content=\"720\" \/>\n\t<meta property=\"og:image:height\" content=\"481\" \/>\n\t<meta property=\"og:image:type\" content=\"image\/jpeg\" \/>\n<meta name=\"author\" content=\"EDITOR\" \/>\n<meta name=\"twitter:card\" content=\"summary_large_image\" \/>\n<meta name=\"twitter:label1\" content=\"Escrito por\" \/>\n\t<meta name=\"twitter:data1\" content=\"EDITOR\" \/>\n\t<meta name=\"twitter:label2\" content=\"Tiempo de lectura\" \/>\n\t<meta name=\"twitter:data2\" content=\"1 minuto\" \/>\n<script type=\"application\/ld+json\" class=\"yoast-schema-graph\">{\"@context\":\"https:\/\/schema.org\",\"@graph\":[{\"@type\":\"WebPage\",\"@id\":\"https:\/\/laprensacristiana.com\/?p=13983\",\"url\":\"https:\/\/laprensacristiana.com\/?p=13983\",\"name\":\"Conmemoran D\u00eda Nacional de la Oraci\u00f3n en Asamblea Legislativa - La Prensa Cristiana\",\"isPartOf\":{\"@id\":\"https:\/\/laprensacristiana.com\/#website\"},\"datePublished\":\"2022-11-15T22:10:10+00:00\",\"dateModified\":\"2022-11-15T22:10:11+00:00\",\"author\":{\"@id\":\"https:\/\/laprensacristiana.com\/#\/schema\/person\/3e7d82c6bfd6b1fa67010f8f7cd5256e\"},\"breadcrumb\":{\"@id\":\"https:\/\/laprensacristiana.com\/?p=13983#breadcrumb\"},\"inLanguage\":\"es\",\"potentialAction\":[{\"@type\":\"ReadAction\",\"target\":[\"https:\/\/laprensacristiana.com\/?p=13983\"]}]},{\"@type\":\"BreadcrumbList\",\"@id\":\"https:\/\/laprensacristiana.com\/?p=13983#breadcrumb\",\"itemListElement\":[{\"@type\":\"ListItem\",\"position\":1,\"name\":\"Portada\",\"item\":\"https:\/\/laprensacristiana.com\/\"},{\"@type\":\"ListItem\",\"position\":2,\"name\":\"Conmemoran D\u00eda Nacional de la Oraci\u00f3n en Asamblea Legislativa\"}]},{\"@type\":\"WebSite\",\"@id\":\"https:\/\/laprensacristiana.com\/#website\",\"url\":\"https:\/\/laprensacristiana.com\/\",\"name\":\"La Prensa Cristiana\",\"description\":\"Anunciando Las Buenas Nuevas\",\"potentialAction\":[{\"@type\":\"SearchAction\",\"target\":{\"@type\":\"EntryPoint\",\"urlTemplate\":\"https:\/\/laprensacristiana.com\/?s={search_term_string}\"},\"query-input\":\"required name=search_term_string\"}],\"inLanguage\":\"es\"},{\"@type\":\"Person\",\"@id\":\"https:\/\/laprensacristiana.com\/#\/schema\/person\/3e7d82c6bfd6b1fa67010f8f7cd5256e\",\"name\":\"EDITOR\",\"image\":{\"@type\":\"ImageObject\",\"inLanguage\":\"es\",\"@id\":\"https:\/\/laprensacristiana.com\/#\/schema\/person\/image\/\",\"url\":\"https:\/\/secure.gravatar.com\/avatar\/72069dfb6c13772d9e8381e3638666d2?s=96&d=mm&r=g\",\"contentUrl\":\"https:\/\/secure.gravatar.com\/avatar\/72069dfb6c13772d9e8381e3638666d2?s=96&d=mm&r=g\",\"caption\":\"EDITOR\"},\"url\":\"https:\/\/laprensacristiana.com\/?author=3\"}]}<\/script>\n<!-- \/ Yoast SEO plugin. -->","yoast_head_json":{"title":"Conmemoran D\u00eda Nacional de la Oraci\u00f3n en Asamblea Legislativa - La Prensa Cristiana","robots":{"index":"index","follow":"follow","max-snippet":"max-snippet:-1","max-image-preview":"max-image-preview:large","max-video-preview":"max-video-preview:-1"},"canonical":"https:\/\/laprensacristiana.com\/?p=13983","og_locale":"es_ES","og_type":"article","og_title":"Conmemoran D\u00eda Nacional de la Oraci\u00f3n en Asamblea Legislativa - La Prensa Cristiana","og_description":"Esta ma\u00f1ana se llev\u00f3 a cabo la plenaria N\u00b082 en La Asamblea Legislativa de El Salvador, dando inicio con una oraci\u00f3n para conmemorar el D\u00eda Nacional de la Oraci\u00f3n que por decreto legislativo N\u00b0161 se celebra en el pa\u00eds.&nbsp; Pastores de diferentes denominaciones fueron invitados para auspiciar esta ceremonia, en esta ocasi\u00f3n la oraci\u00f3n estuvo [&hellip;]","og_url":"https:\/\/laprensacristiana.com\/?p=13983","og_site_name":"La Prensa Cristiana","article_published_time":"2022-11-15T22:10:10+00:00","article_modified_time":"2022-11-15T22:10:11+00:00","og_image":[{"width":720,"height":481,"url":"https:\/\/laprensacristiana.com\/wp-content\/uploads\/2022\/11\/FB_IMG_1668549150960.jpg","type":"image\/jpeg"}],"author":"EDITOR","twitter_card":"summary_large_image","twitter_misc":{"Escrito por":"EDITOR","Tiempo de lectura":"1 minuto"},"schema":{"@context":"https:\/\/schema.org","@graph":[{"@type":"WebPage","@id":"https:\/\/laprensacristiana.com\/?p=13983","url":"https:\/\/laprensacristiana.com\/?p=13983","name":"Conmemoran D\u00eda Nacional de la Oraci\u00f3n en Asamblea Legislativa - La Prensa Cristiana","isPartOf":{"@id":"https:\/\/laprensacristiana.com\/#website"},"datePublished":"2022-11-15T22:10:10+00:00","dateModified":"2022-11-15T22:10:11+00:00","author":{"@id":"https:\/\/laprensacristiana.com\/#\/schema\/person\/3e7d82c6bfd6b1fa67010f8f7cd5256e"},"breadcrumb":{"@id":"https:\/\/laprensacristiana.com\/?p=13983#breadcrumb"},"inLanguage":"es","potentialAction":[{"@type":"ReadAction","target":["https:\/\/laprensacristiana.com\/?p=13983"]}]},{"@type":"BreadcrumbList","@id":"https:\/\/laprensacristiana.com\/?p=13983#breadcrumb","itemListElement":[{"@type":"ListItem","position":1,"name":"Portada","item":"https:\/\/laprensacristiana.com\/"},{"@type":"ListItem","position":2,"name":"Conmemoran D\u00eda Nacional de la Oraci\u00f3n en Asamblea Legislativa"}]},{"@type":"WebSite","@id":"https:\/\/laprensacristiana.com\/#website","url":"https:\/\/laprensacristiana.com\/","name":"La Prensa Cristiana","description":"Anunciando Las Buenas Nuevas","potentialAction":[{"@type":"SearchAction","target":{"@type":"EntryPoint","urlTemplate":"https:\/\/laprensacristiana.com\/?s={search_term_string}"},"query-input":"required name=search_term_string"}],"inLanguage":"es"},{"@type":"Person","@id":"https:\/\/laprensacristiana.com\/#\/schema\/person\/3e7d82c6bfd6b1fa67010f8f7cd5256e","name":"EDITOR","image":{"@type":"ImageObject","inLanguage":"es","@id":"https:\/\/laprensacristiana.com\/#\/schema\/person\/image\/","url":"https:\/\/secure.gravatar.com\/avatar\/72069dfb6c13772d9e8381e3638666d2?s=96&d=mm&r=g","contentUrl":"https:\/\/secure.gravatar.com\/avatar\/72069dfb6c13772d9e8381e3638666d2?s=96&d=mm&r=g","caption":"EDITOR"},"url":"https:\/\/laprensacristiana.com\/?author=3"}]}},"_links":{"self":[{"href":"https:\/\/laprensacristiana.com\/index.php?rest_route=\/wp\/v2\/posts\/13983"}],"collection":[{"href":"https:\/\/laprensacristiana.com\/index.php?rest_route=\/wp\/v2\/posts"}],"about":[{"href":"https:\/\/laprensacristiana.com\/index.php?rest_route=\/wp\/v2\/types\/post"}],"author":[{"embeddable":true,"href":"https:\/\/laprensacristiana.com\/index.php?rest_route=\/wp\/v2\/users\/3"}],"replies":[{"embeddable":true,"href":"https:\/\/laprensacristiana.com\/index.php?rest_route=%2Fwp%2Fv2%2Fcomments&post=13983"}],"version-history":[{"count":1,"href":"https:\/\/laprensacristiana.com\/index.php?rest_route=\/wp\/v2\/posts\/13983\/revisions"}],"predecessor-version":[{"id":13986,"href":"https:\/\/laprensacristiana.com\/index.php?rest_route=\/wp\/v2\/posts\/13983\/revisions\/13986"}],"wp:featuredmedia":[{"embeddable":true,"href":"https:\/\/laprensacristiana.com\/index.php?rest_route=\/wp\/v2\/media\/13985"}],"wp:attachment":[{"href":"https:\/\/laprensacristiana.com\/index.php?rest_route=%2Fwp%2Fv2%2Fmedia&parent=13983"}],"wp:term":[{"taxonomy":"category","embeddable":true,"href":"https:\/\/laprensacristiana.com\/index.php?rest_route=%2Fwp%2Fv2%2Fcategories&post=13983"},{"taxonomy":"post_tag","embeddable":true,"href":"https:\/\/laprensacristiana.com\/index.php?rest_route=%2Fwp%2Fv2%2Ftags&post=13983"}],"curies":[{"name":"wp","href":"https:\/\/api.w.org\/{rel}","templated":true}]}}