{"id":13990,"date":"2022-11-19T23:12:21","date_gmt":"2022-11-19T23:12:21","guid":{"rendered":"https:\/\/laprensacristiana.com\/?p=13990"},"modified":"2022-11-19T23:12:23","modified_gmt":"2022-11-19T23:12:23","slug":"roger-caballero-lanza-alabanza-el-nino-de-belen","status":"publish","type":"post","link":"https:\/\/laprensacristiana.com\/?p=13990","title":{"rendered":"Roger Caballero lanza alabanza: \u201cEl ni\u00f1o de Bel\u00e9n\u201d"},"content":{"rendered":"\n<p>El salmista y pastor Roger Caballero como parte de su producci\u00f3n Renovado, ha lanzado la alabanza \u201cEl ni\u00f1o de Bel\u00e9n, una canci\u00f3n navide\u00f1a, para rendirle adoraci\u00f3n al todo poderoso.&nbsp;<\/p>\n\n\n\n<p>Seg\u00fan el cantante el prop\u00f3sito es que entendamos el verdadero valor de la navidad, que es adoraci\u00f3n a Jes\u00fas.&nbsp;<\/p>\n\n\n\n<p>Con este lanzamiento el pastor Roger Caballero: \u201cQuisiera hacer conciencia en los corazones de las personas, impactar con el verdadero significado del nacimiento de el ni\u00f1o de Bel\u00e9n, el cual es una oportunidad de salvaci\u00f3n y luz para la vida del ser humano\u201d indic\u00f3.\u00a0<\/p>\n\n\n\n<figure class=\"wp-block-embed-youtube wp-block-embed is-type-video is-provider-youtube wp-embed-aspect-16-9 wp-has-aspect-ratio\"><div class=\"wp-block-embed__wrapper\">\n<div class=\"youtube-embed\" data-video_id=\"UXTm6BLOTuw\"><iframe loading=\"lazy\" title=\"Roger caballero. El ni\u00f1o de Bel\u00e9n.  Parte del disco renovado.\" width=\"696\" height=\"392\" src=\"https:\/\/www.youtube.com\/embed\/UXTm6BLOTuw?feature=oembed&#038;enablejsapi=1&#038;enablejsapi=1\" frameborder=\"0\" allow=\"accelerometer; autoplay; clipboard-write; encrypted-media; gyroscope; picture-in-picture\" allowfullscreen><\/iframe><\/div>\n<\/div><\/figure>\n","protected":false},"excerpt":{"rendered":"<p>El salmista y pastor Roger Caballero como parte de su producci\u00f3n Renovado, ha lanzado la alabanza \u201cEl ni\u00f1o de Bel\u00e9n, una canci\u00f3n navide\u00f1a, para rendirle adoraci\u00f3n al todo poderoso.&nbsp; Seg\u00fan el cantante el prop\u00f3sito es que entendamos el verdadero valor de la navidad, que es adoraci\u00f3n a Jes\u00fas.&nbsp; Con este lanzamiento el pastor Roger Caballero: [&hellip;]<\/p>\n","protected":false},"author":3,"featured_media":13991,"comment_status":"open","ping_status":"open","sticky":false,"template":"","format":"standard","meta":[],"categories":[114],"tags":[],"yoast_head":"<!-- This site is optimized with the Yoast SEO plugin v20.8 - https:\/\/yoast.com\/wordpress\/plugins\/seo\/ -->\n<title>Roger Caballero lanza alabanza: \u201cEl ni\u00f1o de Bel\u00e9n\u201d - La Prensa Cristiana<\/title>\n<meta name=\"robots\" content=\"index, follow, max-snippet:-1, max-image-preview:large, max-video-preview:-1\" \/>\n<link rel=\"canonical\" href=\"https:\/\/laprensacristiana.com\/?p=13990\" \/>\n<meta property=\"og:locale\" content=\"es_ES\" \/>\n<meta property=\"og:type\" content=\"article\" \/>\n<meta property=\"og:title\" content=\"Roger Caballero lanza alabanza: \u201cEl ni\u00f1o de Bel\u00e9n\u201d - La Prensa Cristiana\" \/>\n<meta property=\"og:description\" content=\"El salmista y pastor Roger Caballero como parte de su producci\u00f3n Renovado, ha lanzado la alabanza \u201cEl ni\u00f1o de Bel\u00e9n, una canci\u00f3n navide\u00f1a, para rendirle adoraci\u00f3n al todo poderoso.&nbsp; Seg\u00fan el cantante el prop\u00f3sito es que entendamos el verdadero valor de la navidad, que es adoraci\u00f3n a Jes\u00fas.&nbsp; Con este lanzamiento el pastor Roger Caballero: [&hellip;]\" \/>\n<meta property=\"og:url\" content=\"https:\/\/laprensacristiana.com\/?p=13990\" \/>\n<meta property=\"og:site_name\" content=\"La Prensa Cristiana\" \/>\n<meta property=\"article:published_time\" content=\"2022-11-19T23:12:21+00:00\" \/>\n<meta property=\"article:modified_time\" content=\"2022-11-19T23:12:23+00:00\" \/>\n<meta property=\"og:image\" content=\"https:\/\/laprensacristiana.com\/wp-content\/uploads\/2022\/11\/1D30E27E-D845-4026-8115-A944CAA9D1BA.jpeg\" \/>\n\t<meta property=\"og:image:width\" content=\"1024\" \/>\n\t<meta property=\"og:image:height\" content=\"576\" \/>\n\t<meta property=\"og:image:type\" content=\"image\/jpeg\" \/>\n<meta name=\"author\" content=\"EDITOR\" \/>\n<meta name=\"twitter:card\" content=\"summary_large_image\" \/>\n<meta name=\"twitter:label1\" content=\"Escrito por\" \/>\n\t<meta name=\"twitter:data1\" content=\"EDITOR\" \/>\n\t<meta name=\"twitter:label2\" content=\"Tiempo de lectura\" \/>\n\t<meta name=\"twitter:data2\" content=\"1 minuto\" \/>\n<script type=\"application\/ld+json\" class=\"yoast-schema-graph\">{\"@context\":\"https:\/\/schema.org\",\"@graph\":[{\"@type\":\"WebPage\",\"@id\":\"https:\/\/laprensacristiana.com\/?p=13990\",\"url\":\"https:\/\/laprensacristiana.com\/?p=13990\",\"name\":\"Roger Caballero lanza alabanza: \u201cEl ni\u00f1o de Bel\u00e9n\u201d - La Prensa Cristiana\",\"isPartOf\":{\"@id\":\"https:\/\/laprensacristiana.com\/#website\"},\"datePublished\":\"2022-11-19T23:12:21+00:00\",\"dateModified\":\"2022-11-19T23:12:23+00:00\",\"author\":{\"@id\":\"https:\/\/laprensacristiana.com\/#\/schema\/person\/3e7d82c6bfd6b1fa67010f8f7cd5256e\"},\"breadcrumb\":{\"@id\":\"https:\/\/laprensacristiana.com\/?p=13990#breadcrumb\"},\"inLanguage\":\"es\",\"potentialAction\":[{\"@type\":\"ReadAction\",\"target\":[\"https:\/\/laprensacristiana.com\/?p=13990\"]}]},{\"@type\":\"BreadcrumbList\",\"@id\":\"https:\/\/laprensacristiana.com\/?p=13990#breadcrumb\",\"itemListElement\":[{\"@type\":\"ListItem\",\"position\":1,\"name\":\"Portada\",\"item\":\"https:\/\/laprensacristiana.com\/\"},{\"@type\":\"ListItem\",\"position\":2,\"name\":\"Roger Caballero lanza alabanza: \u201cEl ni\u00f1o de Bel\u00e9n\u201d\"}]},{\"@type\":\"WebSite\",\"@id\":\"https:\/\/laprensacristiana.com\/#website\",\"url\":\"https:\/\/laprensacristiana.com\/\",\"name\":\"La Prensa Cristiana\",\"description\":\"Anunciando Las Buenas Nuevas\",\"potentialAction\":[{\"@type\":\"SearchAction\",\"target\":{\"@type\":\"EntryPoint\",\"urlTemplate\":\"https:\/\/laprensacristiana.com\/?s={search_term_string}\"},\"query-input\":\"required name=search_term_string\"}],\"inLanguage\":\"es\"},{\"@type\":\"Person\",\"@id\":\"https:\/\/laprensacristiana.com\/#\/schema\/person\/3e7d82c6bfd6b1fa67010f8f7cd5256e\",\"name\":\"EDITOR\",\"image\":{\"@type\":\"ImageObject\",\"inLanguage\":\"es\",\"@id\":\"https:\/\/laprensacristiana.com\/#\/schema\/person\/image\/\",\"url\":\"https:\/\/secure.gravatar.com\/avatar\/72069dfb6c13772d9e8381e3638666d2?s=96&d=mm&r=g\",\"contentUrl\":\"https:\/\/secure.gravatar.com\/avatar\/72069dfb6c13772d9e8381e3638666d2?s=96&d=mm&r=g\",\"caption\":\"EDITOR\"},\"url\":\"https:\/\/laprensacristiana.com\/?author=3\"}]}<\/script>\n<!-- \/ Yoast SEO plugin. -->","yoast_head_json":{"title":"Roger Caballero lanza alabanza: \u201cEl ni\u00f1o de Bel\u00e9n\u201d - La Prensa Cristiana","robots":{"index":"index","follow":"follow","max-snippet":"max-snippet:-1","max-image-preview":"max-image-preview:large","max-video-preview":"max-video-preview:-1"},"canonical":"https:\/\/laprensacristiana.com\/?p=13990","og_locale":"es_ES","og_type":"article","og_title":"Roger Caballero lanza alabanza: \u201cEl ni\u00f1o de Bel\u00e9n\u201d - La Prensa Cristiana","og_description":"El salmista y pastor Roger Caballero como parte de su producci\u00f3n Renovado, ha lanzado la alabanza \u201cEl ni\u00f1o de Bel\u00e9n, una canci\u00f3n navide\u00f1a, para rendirle adoraci\u00f3n al todo poderoso.&nbsp; Seg\u00fan el cantante el prop\u00f3sito es que entendamos el verdadero valor de la navidad, que es adoraci\u00f3n a Jes\u00fas.&nbsp; Con este lanzamiento el pastor Roger Caballero: [&hellip;]","og_url":"https:\/\/laprensacristiana.com\/?p=13990","og_site_name":"La Prensa Cristiana","article_published_time":"2022-11-19T23:12:21+00:00","article_modified_time":"2022-11-19T23:12:23+00:00","og_image":[{"width":1024,"height":576,"url":"https:\/\/laprensacristiana.com\/wp-content\/uploads\/2022\/11\/1D30E27E-D845-4026-8115-A944CAA9D1BA.jpeg","type":"image\/jpeg"}],"author":"EDITOR","twitter_card":"summary_large_image","twitter_misc":{"Escrito por":"EDITOR","Tiempo de lectura":"1 minuto"},"schema":{"@context":"https:\/\/schema.org","@graph":[{"@type":"WebPage","@id":"https:\/\/laprensacristiana.com\/?p=13990","url":"https:\/\/laprensacristiana.com\/?p=13990","name":"Roger Caballero lanza alabanza: \u201cEl ni\u00f1o de Bel\u00e9n\u201d - La Prensa Cristiana","isPartOf":{"@id":"https:\/\/laprensacristiana.com\/#website"},"datePublished":"2022-11-19T23:12:21+00:00","dateModified":"2022-11-19T23:12:23+00:00","author":{"@id":"https:\/\/laprensacristiana.com\/#\/schema\/person\/3e7d82c6bfd6b1fa67010f8f7cd5256e"},"breadcrumb":{"@id":"https:\/\/laprensacristiana.com\/?p=13990#breadcrumb"},"inLanguage":"es","potentialAction":[{"@type":"ReadAction","target":["https:\/\/laprensacristiana.com\/?p=13990"]}]},{"@type":"BreadcrumbList","@id":"https:\/\/laprensacristiana.com\/?p=13990#breadcrumb","itemListElement":[{"@type":"ListItem","position":1,"name":"Portada","item":"https:\/\/laprensacristiana.com\/"},{"@type":"ListItem","position":2,"name":"Roger Caballero lanza alabanza: \u201cEl ni\u00f1o de Bel\u00e9n\u201d"}]},{"@type":"WebSite","@id":"https:\/\/laprensacristiana.com\/#website","url":"https:\/\/laprensacristiana.com\/","name":"La Prensa Cristiana","description":"Anunciando Las Buenas Nuevas","potentialAction":[{"@type":"SearchAction","target":{"@type":"EntryPoint","urlTemplate":"https:\/\/laprensacristiana.com\/?s={search_term_string}"},"query-input":"required name=search_term_string"}],"inLanguage":"es"},{"@type":"Person","@id":"https:\/\/laprensacristiana.com\/#\/schema\/person\/3e7d82c6bfd6b1fa67010f8f7cd5256e","name":"EDITOR","image":{"@type":"ImageObject","inLanguage":"es","@id":"https:\/\/laprensacristiana.com\/#\/schema\/person\/image\/","url":"https:\/\/secure.gravatar.com\/avatar\/72069dfb6c13772d9e8381e3638666d2?s=96&d=mm&r=g","contentUrl":"https:\/\/secure.gravatar.com\/avatar\/72069dfb6c13772d9e8381e3638666d2?s=96&d=mm&r=g","caption":"EDITOR"},"url":"https:\/\/laprensacristiana.com\/?author=3"}]}},"_links":{"self":[{"href":"https:\/\/laprensacristiana.com\/index.php?rest_route=\/wp\/v2\/posts\/13990"}],"collection":[{"href":"https:\/\/laprensacristiana.com\/index.php?rest_route=\/wp\/v2\/posts"}],"about":[{"href":"https:\/\/laprensacristiana.com\/index.php?rest_route=\/wp\/v2\/types\/post"}],"author":[{"embeddable":true,"href":"https:\/\/laprensacristiana.com\/index.php?rest_route=\/wp\/v2\/users\/3"}],"replies":[{"embeddable":true,"href":"https:\/\/laprensacristiana.com\/index.php?rest_route=%2Fwp%2Fv2%2Fcomments&post=13990"}],"version-history":[{"count":1,"href":"https:\/\/laprensacristiana.com\/index.php?rest_route=\/wp\/v2\/posts\/13990\/revisions"}],"predecessor-version":[{"id":13992,"href":"https:\/\/laprensacristiana.com\/index.php?rest_route=\/wp\/v2\/posts\/13990\/revisions\/13992"}],"wp:featuredmedia":[{"embeddable":true,"href":"https:\/\/laprensacristiana.com\/index.php?rest_route=\/wp\/v2\/media\/13991"}],"wp:attachment":[{"href":"https:\/\/laprensacristiana.com\/index.php?rest_route=%2Fwp%2Fv2%2Fmedia&parent=13990"}],"wp:term":[{"taxonomy":"category","embeddable":true,"href":"https:\/\/laprensacristiana.com\/index.php?rest_route=%2Fwp%2Fv2%2Fcategories&post=13990"},{"taxonomy":"post_tag","embeddable":true,"href":"https:\/\/laprensacristiana.com\/index.php?rest_route=%2Fwp%2Fv2%2Ftags&post=13990"}],"curies":[{"name":"wp","href":"https:\/\/api.w.org\/{rel}","templated":true}]}}