{"id":14041,"date":"2022-12-06T05:58:05","date_gmt":"2022-12-06T05:58:05","guid":{"rendered":"https:\/\/laprensacristiana.com\/?p=14041"},"modified":"2022-12-06T05:58:06","modified_gmt":"2022-12-06T05:58:06","slug":"capellanes-unidos-ny-el-salvador-celebra-30-anos-de-servicio","status":"publish","type":"post","link":"https:\/\/laprensacristiana.com\/?p=14041","title":{"rendered":"Capellanes Unidos NY-El Salvador celebra 30 a\u00f1os de servicio"},"content":{"rendered":"\n<p>El 26 de noviembre, en las instalaciones del Castillo de la Polic\u00eda Nacional Civil, Capellanes Unidos NY-El Salvador celebr\u00f3 30 a\u00f1os de servir a los dem\u00e1s en la asistencia espiritual y social.<\/p>\n\n\n\n<p>\u201cEn algunos hogares han fallado en ense\u00f1ar los valores, es importante el trabajo que nosotros realizamos como agentes de paz, es importante el trabajo que realizamos en las escuelas, llevamos apoyo espiritual a bomberos en su estaci\u00f3n, a elementos de distintas delegaciones policiales, dando consejo oportuno a las diferentes situaciones que viven bajo presi\u00f3n, nosotros somos llamados a cumplir la gran comisi\u00f3n\u201d, indic\u00f3 el Capell\u00e1n Lester Aguirre, Director Nacional Capellanes Unidos NY-El Salvador. &nbsp;<\/p>\n\n\n\n<figure class=\"wp-block-image size-large\"><img decoding=\"async\" loading=\"lazy\" width=\"1024\" height=\"683\" src=\"https:\/\/laprensacristiana.com\/wp-content\/uploads\/2022\/12\/IMG_9697-1024x683.jpg\" alt=\"\" class=\"wp-image-14044\" srcset=\"https:\/\/laprensacristiana.com\/wp-content\/uploads\/2022\/12\/IMG_9697-1024x683.jpg 1024w, https:\/\/laprensacristiana.com\/wp-content\/uploads\/2022\/12\/IMG_9697-300x200.jpg 300w, https:\/\/laprensacristiana.com\/wp-content\/uploads\/2022\/12\/IMG_9697-768x512.jpg 768w, https:\/\/laprensacristiana.com\/wp-content\/uploads\/2022\/12\/IMG_9697-1536x1024.jpg 1536w, https:\/\/laprensacristiana.com\/wp-content\/uploads\/2022\/12\/IMG_9697-2048x1365.jpg 2048w, https:\/\/laprensacristiana.com\/wp-content\/uploads\/2022\/12\/IMG_9697-696x464.jpg 696w, https:\/\/laprensacristiana.com\/wp-content\/uploads\/2022\/12\/IMG_9697-1068x712.jpg 1068w, https:\/\/laprensacristiana.com\/wp-content\/uploads\/2022\/12\/IMG_9697-1920x1280.jpg 1920w, https:\/\/laprensacristiana.com\/wp-content\/uploads\/2022\/12\/IMG_9697-600x400.jpg 600w\" sizes=\"(max-width: 1024px) 100vw, 1024px\" \/><figcaption>Capell\u00e1n Lester Aguirre, Director Nacional Capellanes Unidos NY-El Salvador. \u00a0<\/figcaption><\/figure>\n\n\n\n<p>En el desarrollo del evento se gradu\u00f3 a 36 nuevos capellanes, a quienes se les hizo entrega de su certificado de capell\u00e1n y la respectiva placa que los acredita como Capell\u00e1n<\/p>\n\n\n\n<p>\u201cEl prop\u00f3sito para el cual Dios nos tiene en esta tierra es para que continuemos el trabajo que el dej\u00f3, esto no es para ver quien es mayor, quien es mejor, anunciamos que la gloria es de Dios, hagamos el trabajo que debemos hacer en esta tierra de llevar el mensaje de salvaci\u00f3n, el pan de vida, de vendar las heridas como el buen samaritano, no miremos con indiferencia a otros, no veamos a otras personas como que no tienen oportunidad, todo mundo mientras este vivo tiene oportunidad de salvaci\u00f3n, El Salvador es ejemplo para el mundo entero y nosotros como iglesia debemos ser ejemplo para nuestra ciudad\u201d, expres\u00f3 el &nbsp;pastor Erick Arriza, presidente y fundador de Capellanes Unidos NY-El Salvador. &nbsp;<\/p>\n\n\n\n<figure class=\"wp-block-image size-large\"><img decoding=\"async\" loading=\"lazy\" width=\"1024\" height=\"683\" src=\"https:\/\/laprensacristiana.com\/wp-content\/uploads\/2022\/12\/IMG_9809-1024x683.jpg\" alt=\"\" class=\"wp-image-14043\" srcset=\"https:\/\/laprensacristiana.com\/wp-content\/uploads\/2022\/12\/IMG_9809-1024x683.jpg 1024w, https:\/\/laprensacristiana.com\/wp-content\/uploads\/2022\/12\/IMG_9809-300x200.jpg 300w, https:\/\/laprensacristiana.com\/wp-content\/uploads\/2022\/12\/IMG_9809-768x512.jpg 768w, https:\/\/laprensacristiana.com\/wp-content\/uploads\/2022\/12\/IMG_9809-1536x1024.jpg 1536w, https:\/\/laprensacristiana.com\/wp-content\/uploads\/2022\/12\/IMG_9809-2048x1365.jpg 2048w, https:\/\/laprensacristiana.com\/wp-content\/uploads\/2022\/12\/IMG_9809-696x464.jpg 696w, https:\/\/laprensacristiana.com\/wp-content\/uploads\/2022\/12\/IMG_9809-1068x712.jpg 1068w, https:\/\/laprensacristiana.com\/wp-content\/uploads\/2022\/12\/IMG_9809-1920x1280.jpg 1920w, https:\/\/laprensacristiana.com\/wp-content\/uploads\/2022\/12\/IMG_9809-600x400.jpg 600w\" sizes=\"(max-width: 1024px) 100vw, 1024px\" \/><figcaption>\u00a0Pastor Erick Arriza, presidente y fundador de Capellanes Unidos NY-El Salvador<\/figcaption><\/figure>\n\n\n\n<p>En el acto se ascendi\u00f3 a diferentes capellanes de rango al interior de la instituci\u00f3n, esto debido a los a\u00f1os de servicios prestados a la capellan\u00eda. &nbsp;<\/p>\n\n\n\n<p>\u201cLa Mies a la verdad es mucha, y los obreros son pocos, la Polic\u00eda Nacional Civil es una instituci\u00f3n que se ha abierto a la palabra de Dios, existe una frase muy bonita que dice: &lt;cuida a quien te cuida&gt;, el polic\u00eda sea hombre o mujer que est\u00e1 trabajando en la calle, tambi\u00e9n necesita esa palabra de aliento, necesita de la palabra del Se\u00f1or, necesita de fortaleza, esa palabra que le llena la parte espiritual, lo mas importante es que las personas que trabajamos dentro de la corporaci\u00f3n policial conozcamos al Se\u00f1or\u201d, acot\u00f3 el comisionado Pedro Gonz\u00e1lez, Sub director de seguridad p\u00fablica rural.<\/p>\n\n\n\n<figure class=\"wp-block-image size-large\"><img decoding=\"async\" loading=\"lazy\" width=\"1024\" height=\"683\" src=\"https:\/\/laprensacristiana.com\/wp-content\/uploads\/2022\/12\/IMG_0072-1024x683.jpg\" alt=\"\" class=\"wp-image-14045\" srcset=\"https:\/\/laprensacristiana.com\/wp-content\/uploads\/2022\/12\/IMG_0072-1024x683.jpg 1024w, https:\/\/laprensacristiana.com\/wp-content\/uploads\/2022\/12\/IMG_0072-300x200.jpg 300w, https:\/\/laprensacristiana.com\/wp-content\/uploads\/2022\/12\/IMG_0072-768x512.jpg 768w, https:\/\/laprensacristiana.com\/wp-content\/uploads\/2022\/12\/IMG_0072-1536x1024.jpg 1536w, https:\/\/laprensacristiana.com\/wp-content\/uploads\/2022\/12\/IMG_0072-2048x1365.jpg 2048w, https:\/\/laprensacristiana.com\/wp-content\/uploads\/2022\/12\/IMG_0072-696x464.jpg 696w, https:\/\/laprensacristiana.com\/wp-content\/uploads\/2022\/12\/IMG_0072-1068x712.jpg 1068w, https:\/\/laprensacristiana.com\/wp-content\/uploads\/2022\/12\/IMG_0072-1920x1280.jpg 1920w, https:\/\/laprensacristiana.com\/wp-content\/uploads\/2022\/12\/IMG_0072-600x400.jpg 600w\" sizes=\"(max-width: 1024px) 100vw, 1024px\" \/><figcaption>Comisionado Pedro Gonz\u00e1lez, Sub director de seguridad p\u00fablica rural PNC.<\/figcaption><\/figure>\n\n\n\n<p>En la actualidad el ministerio de Capellanes Unidos NY-El Salvador ha graduado a mas de 14,000 capellanes en estos 30 a\u00f1os de servicio.<\/p>\n\n\n\n<p>En el cierre del evento se le entreg\u00f3 un galard\u00f3n de reconocimiento al pastor y capell\u00e1n Lester Aguirre, a trav\u00e9s del cual se le agradeci\u00f3 por la paciencia, esfuerzo y dedicaci\u00f3n que como Director Nacional posee, seg\u00fan expresan se ha convertido en el ancla del equipo de capellan\u00eda en El Salvador.<\/p>\n\n\n\n<figure class=\"wp-block-gallery columns-3 is-cropped wp-block-gallery-1 is-layout-flex\"><ul class=\"blocks-gallery-grid\"><li class=\"blocks-gallery-item\"><figure><img decoding=\"async\" loading=\"lazy\" width=\"1024\" height=\"683\" src=\"https:\/\/laprensacristiana.com\/wp-content\/uploads\/2022\/12\/IMG_9480-1024x683.jpg\" alt=\"\" data-id=\"14046\" data-full-url=\"https:\/\/laprensacristiana.com\/wp-content\/uploads\/2022\/12\/IMG_9480-scaled.jpg\" data-link=\"https:\/\/laprensacristiana.com\/?attachment_id=14046\" class=\"wp-image-14046\" srcset=\"https:\/\/laprensacristiana.com\/wp-content\/uploads\/2022\/12\/IMG_9480-1024x683.jpg 1024w, https:\/\/laprensacristiana.com\/wp-content\/uploads\/2022\/12\/IMG_9480-300x200.jpg 300w, https:\/\/laprensacristiana.com\/wp-content\/uploads\/2022\/12\/IMG_9480-768x512.jpg 768w, https:\/\/laprensacristiana.com\/wp-content\/uploads\/2022\/12\/IMG_9480-1536x1024.jpg 1536w, https:\/\/laprensacristiana.com\/wp-content\/uploads\/2022\/12\/IMG_9480-2048x1365.jpg 2048w, https:\/\/laprensacristiana.com\/wp-content\/uploads\/2022\/12\/IMG_9480-696x464.jpg 696w, https:\/\/laprensacristiana.com\/wp-content\/uploads\/2022\/12\/IMG_9480-1068x712.jpg 1068w, https:\/\/laprensacristiana.com\/wp-content\/uploads\/2022\/12\/IMG_9480-1920x1280.jpg 1920w, https:\/\/laprensacristiana.com\/wp-content\/uploads\/2022\/12\/IMG_9480-600x400.jpg 600w\" sizes=\"(max-width: 1024px) 100vw, 1024px\" \/><\/figure><\/li><li class=\"blocks-gallery-item\"><figure><img decoding=\"async\" loading=\"lazy\" width=\"1024\" height=\"683\" src=\"https:\/\/laprensacristiana.com\/wp-content\/uploads\/2022\/12\/IMG_9628-1024x683.jpg\" alt=\"\" data-id=\"14047\" data-full-url=\"https:\/\/laprensacristiana.com\/wp-content\/uploads\/2022\/12\/IMG_9628-scaled.jpg\" data-link=\"https:\/\/laprensacristiana.com\/?attachment_id=14047\" class=\"wp-image-14047\" srcset=\"https:\/\/laprensacristiana.com\/wp-content\/uploads\/2022\/12\/IMG_9628-1024x683.jpg 1024w, https:\/\/laprensacristiana.com\/wp-content\/uploads\/2022\/12\/IMG_9628-300x200.jpg 300w, https:\/\/laprensacristiana.com\/wp-content\/uploads\/2022\/12\/IMG_9628-768x512.jpg 768w, https:\/\/laprensacristiana.com\/wp-content\/uploads\/2022\/12\/IMG_9628-1536x1024.jpg 1536w, https:\/\/laprensacristiana.com\/wp-content\/uploads\/2022\/12\/IMG_9628-2048x1365.jpg 2048w, https:\/\/laprensacristiana.com\/wp-content\/uploads\/2022\/12\/IMG_9628-696x464.jpg 696w, https:\/\/laprensacristiana.com\/wp-content\/uploads\/2022\/12\/IMG_9628-1068x712.jpg 1068w, https:\/\/laprensacristiana.com\/wp-content\/uploads\/2022\/12\/IMG_9628-1920x1280.jpg 1920w, https:\/\/laprensacristiana.com\/wp-content\/uploads\/2022\/12\/IMG_9628-600x400.jpg 600w\" sizes=\"(max-width: 1024px) 100vw, 1024px\" \/><\/figure><\/li><li class=\"blocks-gallery-item\"><figure><img decoding=\"async\" loading=\"lazy\" width=\"1024\" height=\"683\" src=\"https:\/\/laprensacristiana.com\/wp-content\/uploads\/2022\/12\/IMG_9656-1024x683.jpg\" alt=\"\" data-id=\"14048\" data-full-url=\"https:\/\/laprensacristiana.com\/wp-content\/uploads\/2022\/12\/IMG_9656-scaled.jpg\" data-link=\"https:\/\/laprensacristiana.com\/?attachment_id=14048\" class=\"wp-image-14048\" srcset=\"https:\/\/laprensacristiana.com\/wp-content\/uploads\/2022\/12\/IMG_9656-1024x683.jpg 1024w, https:\/\/laprensacristiana.com\/wp-content\/uploads\/2022\/12\/IMG_9656-300x200.jpg 300w, https:\/\/laprensacristiana.com\/wp-content\/uploads\/2022\/12\/IMG_9656-768x512.jpg 768w, https:\/\/laprensacristiana.com\/wp-content\/uploads\/2022\/12\/IMG_9656-1536x1024.jpg 1536w, https:\/\/laprensacristiana.com\/wp-content\/uploads\/2022\/12\/IMG_9656-2048x1365.jpg 2048w, https:\/\/laprensacristiana.com\/wp-content\/uploads\/2022\/12\/IMG_9656-696x464.jpg 696w, https:\/\/laprensacristiana.com\/wp-content\/uploads\/2022\/12\/IMG_9656-1068x712.jpg 1068w, https:\/\/laprensacristiana.com\/wp-content\/uploads\/2022\/12\/IMG_9656-1920x1280.jpg 1920w, https:\/\/laprensacristiana.com\/wp-content\/uploads\/2022\/12\/IMG_9656-600x400.jpg 600w\" sizes=\"(max-width: 1024px) 100vw, 1024px\" \/><\/figure><\/li><li class=\"blocks-gallery-item\"><figure><img decoding=\"async\" loading=\"lazy\" width=\"1024\" height=\"683\" src=\"https:\/\/laprensacristiana.com\/wp-content\/uploads\/2022\/12\/IMG_9739-1024x683.jpg\" alt=\"\" data-id=\"14050\" data-full-url=\"https:\/\/laprensacristiana.com\/wp-content\/uploads\/2022\/12\/IMG_9739-scaled.jpg\" data-link=\"https:\/\/laprensacristiana.com\/?attachment_id=14050\" class=\"wp-image-14050\" srcset=\"https:\/\/laprensacristiana.com\/wp-content\/uploads\/2022\/12\/IMG_9739-1024x683.jpg 1024w, https:\/\/laprensacristiana.com\/wp-content\/uploads\/2022\/12\/IMG_9739-300x200.jpg 300w, https:\/\/laprensacristiana.com\/wp-content\/uploads\/2022\/12\/IMG_9739-768x512.jpg 768w, https:\/\/laprensacristiana.com\/wp-content\/uploads\/2022\/12\/IMG_9739-1536x1024.jpg 1536w, https:\/\/laprensacristiana.com\/wp-content\/uploads\/2022\/12\/IMG_9739-2048x1365.jpg 2048w, https:\/\/laprensacristiana.com\/wp-content\/uploads\/2022\/12\/IMG_9739-696x464.jpg 696w, https:\/\/laprensacristiana.com\/wp-content\/uploads\/2022\/12\/IMG_9739-1068x712.jpg 1068w, https:\/\/laprensacristiana.com\/wp-content\/uploads\/2022\/12\/IMG_9739-1920x1280.jpg 1920w, https:\/\/laprensacristiana.com\/wp-content\/uploads\/2022\/12\/IMG_9739-600x400.jpg 600w\" sizes=\"(max-width: 1024px) 100vw, 1024px\" \/><\/figure><\/li><\/ul><\/figure>\n","protected":false},"excerpt":{"rendered":"<p>El 26 de noviembre, en las instalaciones del Castillo de la Polic\u00eda Nacional Civil, Capellanes Unidos NY-El Salvador celebr\u00f3 30 a\u00f1os de servir a los dem\u00e1s en la asistencia espiritual y social. \u201cEn algunos hogares han fallado en ense\u00f1ar los valores, es importante el trabajo que nosotros realizamos como agentes de paz, es importante el [&hellip;]<\/p>\n","protected":false},"author":3,"featured_media":14049,"comment_status":"open","ping_status":"open","sticky":false,"template":"","format":"standard","meta":[],"categories":[56],"tags":[],"yoast_head":"<!-- This site is optimized with the Yoast SEO plugin v20.8 - https:\/\/yoast.com\/wordpress\/plugins\/seo\/ -->\n<title>Capellanes Unidos NY-El Salvador celebra 30 a\u00f1os de servicio - La Prensa Cristiana<\/title>\n<meta name=\"robots\" content=\"index, follow, max-snippet:-1, max-image-preview:large, max-video-preview:-1\" \/>\n<link rel=\"canonical\" href=\"https:\/\/laprensacristiana.com\/?p=14041\" \/>\n<meta property=\"og:locale\" content=\"es_ES\" \/>\n<meta property=\"og:type\" content=\"article\" \/>\n<meta property=\"og:title\" content=\"Capellanes Unidos NY-El Salvador celebra 30 a\u00f1os de servicio - La Prensa Cristiana\" \/>\n<meta property=\"og:description\" content=\"El 26 de noviembre, en las instalaciones del Castillo de la Polic\u00eda Nacional Civil, Capellanes Unidos NY-El Salvador celebr\u00f3 30 a\u00f1os de servir a los dem\u00e1s en la asistencia espiritual y social. \u201cEn algunos hogares han fallado en ense\u00f1ar los valores, es importante el trabajo que nosotros realizamos como agentes de paz, es importante el [&hellip;]\" \/>\n<meta property=\"og:url\" content=\"https:\/\/laprensacristiana.com\/?p=14041\" \/>\n<meta property=\"og:site_name\" content=\"La Prensa Cristiana\" \/>\n<meta property=\"article:published_time\" content=\"2022-12-06T05:58:05+00:00\" \/>\n<meta property=\"article:modified_time\" content=\"2022-12-06T05:58:06+00:00\" \/>\n<meta property=\"og:image\" content=\"https:\/\/laprensacristiana.com\/wp-content\/uploads\/2022\/12\/IMG_9681-scaled.jpg\" \/>\n\t<meta property=\"og:image:width\" content=\"2560\" \/>\n\t<meta property=\"og:image:height\" content=\"1707\" \/>\n\t<meta property=\"og:image:type\" content=\"image\/jpeg\" \/>\n<meta name=\"author\" content=\"EDITOR\" \/>\n<meta name=\"twitter:card\" content=\"summary_large_image\" \/>\n<meta name=\"twitter:label1\" content=\"Escrito por\" \/>\n\t<meta name=\"twitter:data1\" content=\"EDITOR\" \/>\n\t<meta name=\"twitter:label2\" content=\"Tiempo de lectura\" \/>\n\t<meta name=\"twitter:data2\" content=\"3 minutos\" \/>\n<script type=\"application\/ld+json\" class=\"yoast-schema-graph\">{\"@context\":\"https:\/\/schema.org\",\"@graph\":[{\"@type\":\"WebPage\",\"@id\":\"https:\/\/laprensacristiana.com\/?p=14041\",\"url\":\"https:\/\/laprensacristiana.com\/?p=14041\",\"name\":\"Capellanes Unidos NY-El Salvador celebra 30 a\u00f1os de servicio - La Prensa Cristiana\",\"isPartOf\":{\"@id\":\"https:\/\/laprensacristiana.com\/#website\"},\"datePublished\":\"2022-12-06T05:58:05+00:00\",\"dateModified\":\"2022-12-06T05:58:06+00:00\",\"author\":{\"@id\":\"https:\/\/laprensacristiana.com\/#\/schema\/person\/3e7d82c6bfd6b1fa67010f8f7cd5256e\"},\"breadcrumb\":{\"@id\":\"https:\/\/laprensacristiana.com\/?p=14041#breadcrumb\"},\"inLanguage\":\"es\",\"potentialAction\":[{\"@type\":\"ReadAction\",\"target\":[\"https:\/\/laprensacristiana.com\/?p=14041\"]}]},{\"@type\":\"BreadcrumbList\",\"@id\":\"https:\/\/laprensacristiana.com\/?p=14041#breadcrumb\",\"itemListElement\":[{\"@type\":\"ListItem\",\"position\":1,\"name\":\"Portada\",\"item\":\"https:\/\/laprensacristiana.com\/\"},{\"@type\":\"ListItem\",\"position\":2,\"name\":\"Capellanes Unidos NY-El Salvador celebra 30 a\u00f1os de servicio\"}]},{\"@type\":\"WebSite\",\"@id\":\"https:\/\/laprensacristiana.com\/#website\",\"url\":\"https:\/\/laprensacristiana.com\/\",\"name\":\"La Prensa Cristiana\",\"description\":\"Anunciando Las Buenas Nuevas\",\"potentialAction\":[{\"@type\":\"SearchAction\",\"target\":{\"@type\":\"EntryPoint\",\"urlTemplate\":\"https:\/\/laprensacristiana.com\/?s={search_term_string}\"},\"query-input\":\"required name=search_term_string\"}],\"inLanguage\":\"es\"},{\"@type\":\"Person\",\"@id\":\"https:\/\/laprensacristiana.com\/#\/schema\/person\/3e7d82c6bfd6b1fa67010f8f7cd5256e\",\"name\":\"EDITOR\",\"image\":{\"@type\":\"ImageObject\",\"inLanguage\":\"es\",\"@id\":\"https:\/\/laprensacristiana.com\/#\/schema\/person\/image\/\",\"url\":\"https:\/\/secure.gravatar.com\/avatar\/72069dfb6c13772d9e8381e3638666d2?s=96&d=mm&r=g\",\"contentUrl\":\"https:\/\/secure.gravatar.com\/avatar\/72069dfb6c13772d9e8381e3638666d2?s=96&d=mm&r=g\",\"caption\":\"EDITOR\"},\"url\":\"https:\/\/laprensacristiana.com\/?author=3\"}]}<\/script>\n<!-- \/ Yoast SEO plugin. -->","yoast_head_json":{"title":"Capellanes Unidos NY-El Salvador celebra 30 a\u00f1os de servicio - La Prensa Cristiana","robots":{"index":"index","follow":"follow","max-snippet":"max-snippet:-1","max-image-preview":"max-image-preview:large","max-video-preview":"max-video-preview:-1"},"canonical":"https:\/\/laprensacristiana.com\/?p=14041","og_locale":"es_ES","og_type":"article","og_title":"Capellanes Unidos NY-El Salvador celebra 30 a\u00f1os de servicio - La Prensa Cristiana","og_description":"El 26 de noviembre, en las instalaciones del Castillo de la Polic\u00eda Nacional Civil, Capellanes Unidos NY-El Salvador celebr\u00f3 30 a\u00f1os de servir a los dem\u00e1s en la asistencia espiritual y social. \u201cEn algunos hogares han fallado en ense\u00f1ar los valores, es importante el trabajo que nosotros realizamos como agentes de paz, es importante el [&hellip;]","og_url":"https:\/\/laprensacristiana.com\/?p=14041","og_site_name":"La Prensa Cristiana","article_published_time":"2022-12-06T05:58:05+00:00","article_modified_time":"2022-12-06T05:58:06+00:00","og_image":[{"width":2560,"height":1707,"url":"https:\/\/laprensacristiana.com\/wp-content\/uploads\/2022\/12\/IMG_9681-scaled.jpg","type":"image\/jpeg"}],"author":"EDITOR","twitter_card":"summary_large_image","twitter_misc":{"Escrito por":"EDITOR","Tiempo de lectura":"3 minutos"},"schema":{"@context":"https:\/\/schema.org","@graph":[{"@type":"WebPage","@id":"https:\/\/laprensacristiana.com\/?p=14041","url":"https:\/\/laprensacristiana.com\/?p=14041","name":"Capellanes Unidos NY-El Salvador celebra 30 a\u00f1os de servicio - La Prensa Cristiana","isPartOf":{"@id":"https:\/\/laprensacristiana.com\/#website"},"datePublished":"2022-12-06T05:58:05+00:00","dateModified":"2022-12-06T05:58:06+00:00","author":{"@id":"https:\/\/laprensacristiana.com\/#\/schema\/person\/3e7d82c6bfd6b1fa67010f8f7cd5256e"},"breadcrumb":{"@id":"https:\/\/laprensacristiana.com\/?p=14041#breadcrumb"},"inLanguage":"es","potentialAction":[{"@type":"ReadAction","target":["https:\/\/laprensacristiana.com\/?p=14041"]}]},{"@type":"BreadcrumbList","@id":"https:\/\/laprensacristiana.com\/?p=14041#breadcrumb","itemListElement":[{"@type":"ListItem","position":1,"name":"Portada","item":"https:\/\/laprensacristiana.com\/"},{"@type":"ListItem","position":2,"name":"Capellanes Unidos NY-El Salvador celebra 30 a\u00f1os de servicio"}]},{"@type":"WebSite","@id":"https:\/\/laprensacristiana.com\/#website","url":"https:\/\/laprensacristiana.com\/","name":"La Prensa Cristiana","description":"Anunciando Las Buenas Nuevas","potentialAction":[{"@type":"SearchAction","target":{"@type":"EntryPoint","urlTemplate":"https:\/\/laprensacristiana.com\/?s={search_term_string}"},"query-input":"required name=search_term_string"}],"inLanguage":"es"},{"@type":"Person","@id":"https:\/\/laprensacristiana.com\/#\/schema\/person\/3e7d82c6bfd6b1fa67010f8f7cd5256e","name":"EDITOR","image":{"@type":"ImageObject","inLanguage":"es","@id":"https:\/\/laprensacristiana.com\/#\/schema\/person\/image\/","url":"https:\/\/secure.gravatar.com\/avatar\/72069dfb6c13772d9e8381e3638666d2?s=96&d=mm&r=g","contentUrl":"https:\/\/secure.gravatar.com\/avatar\/72069dfb6c13772d9e8381e3638666d2?s=96&d=mm&r=g","caption":"EDITOR"},"url":"https:\/\/laprensacristiana.com\/?author=3"}]}},"_links":{"self":[{"href":"https:\/\/laprensacristiana.com\/index.php?rest_route=\/wp\/v2\/posts\/14041"}],"collection":[{"href":"https:\/\/laprensacristiana.com\/index.php?rest_route=\/wp\/v2\/posts"}],"about":[{"href":"https:\/\/laprensacristiana.com\/index.php?rest_route=\/wp\/v2\/types\/post"}],"author":[{"embeddable":true,"href":"https:\/\/laprensacristiana.com\/index.php?rest_route=\/wp\/v2\/users\/3"}],"replies":[{"embeddable":true,"href":"https:\/\/laprensacristiana.com\/index.php?rest_route=%2Fwp%2Fv2%2Fcomments&post=14041"}],"version-history":[{"count":1,"href":"https:\/\/laprensacristiana.com\/index.php?rest_route=\/wp\/v2\/posts\/14041\/revisions"}],"predecessor-version":[{"id":14051,"href":"https:\/\/laprensacristiana.com\/index.php?rest_route=\/wp\/v2\/posts\/14041\/revisions\/14051"}],"wp:featuredmedia":[{"embeddable":true,"href":"https:\/\/laprensacristiana.com\/index.php?rest_route=\/wp\/v2\/media\/14049"}],"wp:attachment":[{"href":"https:\/\/laprensacristiana.com\/index.php?rest_route=%2Fwp%2Fv2%2Fmedia&parent=14041"}],"wp:term":[{"taxonomy":"category","embeddable":true,"href":"https:\/\/laprensacristiana.com\/index.php?rest_route=%2Fwp%2Fv2%2Fcategories&post=14041"},{"taxonomy":"post_tag","embeddable":true,"href":"https:\/\/laprensacristiana.com\/index.php?rest_route=%2Fwp%2Fv2%2Ftags&post=14041"}],"curies":[{"name":"wp","href":"https:\/\/api.w.org\/{rel}","templated":true}]}}