{"id":14052,"date":"2022-12-10T17:22:01","date_gmt":"2022-12-10T17:22:01","guid":{"rendered":"https:\/\/laprensacristiana.com\/?p=14052"},"modified":"2022-12-10T17:22:02","modified_gmt":"2022-12-10T17:22:02","slug":"fundacion-el-gran-yo-soy-bendice-a-ninos-en-el-salvador","status":"publish","type":"post","link":"https:\/\/laprensacristiana.com\/?p=14052","title":{"rendered":"Fundaci\u00f3n El Gran Yo Soy bendice a ni\u00f1os en El Salvador"},"content":{"rendered":"\n<p>Como es caracter\u00edstico de la Fundaci\u00f3n El Gran Yo Soy, visitan cada cierre de a\u00f1o El Salvador, para sacar la mejor sonrisa de los ni\u00f1os, con juguetes en el marco de la navidad, en ocasiones asistiendo a lugares de dif\u00edcil acceso.<\/p>\n\n\n\n<p>Este a\u00f1o iniciaron su recorrido en Finca San Isidro, en el departamento de San Miguel, seg\u00fan explica Juan Carlos Quintanilla, residente del lugar, ya son 3 a\u00f1os consecutivos que acumula la fundaci\u00f3n visit\u00e1ndoles: \u201cNosotros estamos muy agradecidos con la fundaci\u00f3n El Gran Yo Soy por la continuidad que han tenido para con nosotros y nuestros ni\u00f1os, un d\u00eda llegaron y se han mantenido apoy\u00e1ndonos, han venido a alegrarnos, a nuestra gente humilde, nuestros ni\u00f1os est\u00e1n contentos por esta gran bendici\u00f3n, ellos no ten\u00edan est\u00e1 alegr\u00eda, y hoy la han tenido\u201d, indic\u00f3.<\/p>\n\n\n\n<p>La Fundaci\u00f3n sobrepas\u00f3 este a\u00f1o sus expectativas de entrega de juguetes, triplicando la cantidad de a\u00f1os anteriores, han llevado m\u00e1s de 1,000 juguetes en el conjunto de entregas en esta ocasi\u00f3n. &nbsp;<\/p>\n\n\n\n<figure class=\"wp-block-image size-large\"><img decoding=\"async\" loading=\"lazy\" width=\"1024\" height=\"683\" src=\"https:\/\/laprensacristiana.com\/wp-content\/uploads\/2022\/12\/IMG_0777-1024x683.jpg\" alt=\"\" class=\"wp-image-14058\" srcset=\"https:\/\/laprensacristiana.com\/wp-content\/uploads\/2022\/12\/IMG_0777-1024x683.jpg 1024w, https:\/\/laprensacristiana.com\/wp-content\/uploads\/2022\/12\/IMG_0777-300x200.jpg 300w, https:\/\/laprensacristiana.com\/wp-content\/uploads\/2022\/12\/IMG_0777-768x512.jpg 768w, https:\/\/laprensacristiana.com\/wp-content\/uploads\/2022\/12\/IMG_0777-1536x1024.jpg 1536w, https:\/\/laprensacristiana.com\/wp-content\/uploads\/2022\/12\/IMG_0777-2048x1365.jpg 2048w, https:\/\/laprensacristiana.com\/wp-content\/uploads\/2022\/12\/IMG_0777-696x464.jpg 696w, https:\/\/laprensacristiana.com\/wp-content\/uploads\/2022\/12\/IMG_0777-1068x712.jpg 1068w, https:\/\/laprensacristiana.com\/wp-content\/uploads\/2022\/12\/IMG_0777-1920x1280.jpg 1920w, https:\/\/laprensacristiana.com\/wp-content\/uploads\/2022\/12\/IMG_0777-600x400.jpg 600w\" sizes=\"(max-width: 1024px) 100vw, 1024px\" \/><\/figure>\n\n\n\n<p>\u201cEs una alegr\u00eda poder venir a El Salvador y poder compartir con los m\u00e1s necesitados, cada vez que venimos nos sentimos muy felices de ayudar, estamos en esta temporada porque sabemos que se acercan las fiestas de navidad, y es un tiempo de darle gracias a Dios por lo que tenemos, quisimos traer de las bendiciones recibidas, esto es posible gracias a Dios y a las personas que han donado, nos emociona el recibimiento que las personas nos dan a nuestra llegada a cada lugar\u201d, concluye Jefferson Flores, director de la Fundaci\u00f3n El Gran Yo Soy.<\/p>\n\n\n\n<p>En su segunda entrega visitaron el municipio de Cacaopera en el departamento de Moraz\u00e1n, en el cual llevaron juguetes a 5 zonas distintas del municipio, entre los que destacan Caser\u00edo El Tabl\u00f3n, en Cant\u00f3n Agua Blanca, Cant\u00f3n Susum\u00f3n, Cant\u00f3n La Estancia, Colonia San Jos\u00e9 en Barrio San Jos\u00e9, entre otros lugares. &nbsp;<\/p>\n\n\n\n<figure class=\"wp-block-image size-large\"><img decoding=\"async\" loading=\"lazy\" width=\"1024\" height=\"683\" src=\"https:\/\/laprensacristiana.com\/wp-content\/uploads\/2022\/12\/IMG_1072-1024x683.jpg\" alt=\"\" class=\"wp-image-14057\" srcset=\"https:\/\/laprensacristiana.com\/wp-content\/uploads\/2022\/12\/IMG_1072-1024x683.jpg 1024w, https:\/\/laprensacristiana.com\/wp-content\/uploads\/2022\/12\/IMG_1072-300x200.jpg 300w, https:\/\/laprensacristiana.com\/wp-content\/uploads\/2022\/12\/IMG_1072-768x512.jpg 768w, https:\/\/laprensacristiana.com\/wp-content\/uploads\/2022\/12\/IMG_1072-1536x1024.jpg 1536w, https:\/\/laprensacristiana.com\/wp-content\/uploads\/2022\/12\/IMG_1072-2048x1365.jpg 2048w, https:\/\/laprensacristiana.com\/wp-content\/uploads\/2022\/12\/IMG_1072-696x464.jpg 696w, https:\/\/laprensacristiana.com\/wp-content\/uploads\/2022\/12\/IMG_1072-1068x712.jpg 1068w, https:\/\/laprensacristiana.com\/wp-content\/uploads\/2022\/12\/IMG_1072-1920x1280.jpg 1920w, https:\/\/laprensacristiana.com\/wp-content\/uploads\/2022\/12\/IMG_1072-600x400.jpg 600w\" sizes=\"(max-width: 1024px) 100vw, 1024px\" \/><\/figure>\n\n\n\n<p>\u201cDamos gracias a Dios porque les permite estar aqu\u00ed, le damos gracias a la fundaci\u00f3n porque nos han tomado en cuenta para darle juguetes a nuestros ni\u00f1os, somos de escasos recursos, y aunque queramos comprarles no podemos, les doy las gracias por este lindo gesto, que Dios les bendiga\u201d, expres\u00f3 una de las madres beneficiadas con regalos para su hijo.<\/p>\n\n\n\n<p>Son muchos los elementos que comparten con los ni\u00f1os, juguetes que son comprados y seleccionados de manera organizada, por edad, por g\u00e9nero, por funcionabilidad y una serie de consideraciones previas que la fundaci\u00f3n realiza. Tambi\u00e9n comparten pi\u00f1atas, pizza, gaseosa, pan dulce, ropa, carteras, y mucho m\u00e1s.<\/p>\n\n\n\n<p>\u201cEstamos muy contentos de poder estar cumpliendo con la obra, d\u00e1ndoles las gracias a cada uno de los donantes que siempre aportan para fundaci\u00f3n El Gran Yo soy, e invierten en los ni\u00f1os de El Salvador, estamos muy felices de seguir colaborando y seguir expandiendo el reino de Dios\u201d. explica el pastor Roberto Flores, pastor general Ministerio Rey de Reyes. &nbsp;&nbsp;<\/p>\n\n\n\n<p>La tercera entrega tuvo lugar en las instalaciones de la Alcald\u00eda Municipal de San Juan Nonualco en el departamento de La Paz, quienes en coordinaci\u00f3n con Bienestar Social en el marco de la graduaci\u00f3n del programa: \u201cPrimera Infancia\u201d, concluyeron el evento dar juguetes a todos los ni\u00f1os graduandos por parte de la Fundaci\u00f3n El Gran Yo Soy.<\/p>\n\n\n\n<figure class=\"wp-block-image size-large\"><img decoding=\"async\" loading=\"lazy\" width=\"1024\" height=\"683\" src=\"https:\/\/laprensacristiana.com\/wp-content\/uploads\/2022\/12\/IMG_1131-1024x683.jpg\" alt=\"\" class=\"wp-image-14056\" srcset=\"https:\/\/laprensacristiana.com\/wp-content\/uploads\/2022\/12\/IMG_1131-1024x683.jpg 1024w, https:\/\/laprensacristiana.com\/wp-content\/uploads\/2022\/12\/IMG_1131-300x200.jpg 300w, https:\/\/laprensacristiana.com\/wp-content\/uploads\/2022\/12\/IMG_1131-768x512.jpg 768w, https:\/\/laprensacristiana.com\/wp-content\/uploads\/2022\/12\/IMG_1131-1536x1024.jpg 1536w, https:\/\/laprensacristiana.com\/wp-content\/uploads\/2022\/12\/IMG_1131-2048x1365.jpg 2048w, https:\/\/laprensacristiana.com\/wp-content\/uploads\/2022\/12\/IMG_1131-696x464.jpg 696w, https:\/\/laprensacristiana.com\/wp-content\/uploads\/2022\/12\/IMG_1131-1068x712.jpg 1068w, https:\/\/laprensacristiana.com\/wp-content\/uploads\/2022\/12\/IMG_1131-1920x1280.jpg 1920w, https:\/\/laprensacristiana.com\/wp-content\/uploads\/2022\/12\/IMG_1131-600x400.jpg 600w\" sizes=\"(max-width: 1024px) 100vw, 1024px\" \/><\/figure>\n\n\n\n<p>\u201cQuiero darles las gracias por toda la ayuda brindada a los c\u00edrculos familiares de San Juan Nonualco, donde nos han tra\u00eddo estos bonitos regalos para los ni\u00f1os, que van desde los 0 a los 5 a\u00f1os, gracias a la fundaci\u00f3n El Gran Yo Soy por este gran apoyo, d\u00e1ndole alegr\u00eda a los ni\u00f1os y un incentivo a las madres para que sigan asistiendo con sus hijos a los c\u00edrculos familiares, les esperamos el pr\u00f3ximo a\u00f1o\u201d, exterioriz\u00f3 Mirna Pineda, colaboradora del equipo de Bienestar Social.<\/p>\n\n\n\n<p>La cuarta entrega se realiz\u00f3 en el Caserio El Copinilito, en el municipio de Tejutla en el departamento de Chalatenango, donde se les comparti\u00f3 pizza a los ni\u00f1os y se celebr\u00f3 una fiesta con pi\u00f1atas y bebidas para el deleite de los ni\u00f1os, cerrando el evento con la tradicional entrega de juguetes.<\/p>\n\n\n\n<figure class=\"wp-block-image size-large\"><img decoding=\"async\" loading=\"lazy\" width=\"1024\" height=\"683\" src=\"https:\/\/laprensacristiana.com\/wp-content\/uploads\/2022\/12\/IMG_1338-1024x683.jpg\" alt=\"\" class=\"wp-image-14055\" srcset=\"https:\/\/laprensacristiana.com\/wp-content\/uploads\/2022\/12\/IMG_1338-1024x683.jpg 1024w, https:\/\/laprensacristiana.com\/wp-content\/uploads\/2022\/12\/IMG_1338-300x200.jpg 300w, https:\/\/laprensacristiana.com\/wp-content\/uploads\/2022\/12\/IMG_1338-768x512.jpg 768w, https:\/\/laprensacristiana.com\/wp-content\/uploads\/2022\/12\/IMG_1338-1536x1024.jpg 1536w, https:\/\/laprensacristiana.com\/wp-content\/uploads\/2022\/12\/IMG_1338-2048x1365.jpg 2048w, https:\/\/laprensacristiana.com\/wp-content\/uploads\/2022\/12\/IMG_1338-696x464.jpg 696w, https:\/\/laprensacristiana.com\/wp-content\/uploads\/2022\/12\/IMG_1338-1068x712.jpg 1068w, https:\/\/laprensacristiana.com\/wp-content\/uploads\/2022\/12\/IMG_1338-1920x1280.jpg 1920w, https:\/\/laprensacristiana.com\/wp-content\/uploads\/2022\/12\/IMG_1338-600x400.jpg 600w\" sizes=\"(max-width: 1024px) 100vw, 1024px\" \/><\/figure>\n\n\n\n<p>\u201cHemos venido a repartir regalos a los ni\u00f1os, es un placer, es un gusto, es una bendici\u00f3n que Dios provea para que los ni\u00f1os tengan una navidad muy feliz, al ver la alegr\u00eda en el rostro de los ni\u00f1os, se siente la recompensa en la alegr\u00eda de cada uno de ellos, damos gracias a Dios por permitirnos ser de bendici\u00f3n para muchas familias\u201d, finaliz\u00f3 la pastora Raquel Flores del Ministerio Rey de Reyes. &nbsp;<\/p>\n\n\n\n<p>La quinta entrega con la que culminar\u00e1n el recorrido por El Salvador tendr\u00e1 lugar en la Delegaci\u00f3n Policial del municipio de Santa Tecla, en donde compartir\u00e1n juguetes con los hijos de los agentes de dicho lugar.<\/p>\n\n\n\n<figure class=\"wp-block-gallery columns-2 is-cropped wp-block-gallery-1 is-layout-flex\"><ul class=\"blocks-gallery-grid\"><li class=\"blocks-gallery-item\"><figure><img decoding=\"async\" loading=\"lazy\" width=\"1024\" height=\"683\" src=\"https:\/\/laprensacristiana.com\/wp-content\/uploads\/2022\/12\/IMG_0927-1024x683.jpg\" alt=\"\" data-id=\"14053\" data-full-url=\"https:\/\/laprensacristiana.com\/wp-content\/uploads\/2022\/12\/IMG_0927-scaled.jpg\" data-link=\"https:\/\/laprensacristiana.com\/?attachment_id=14053\" class=\"wp-image-14053\" srcset=\"https:\/\/laprensacristiana.com\/wp-content\/uploads\/2022\/12\/IMG_0927-1024x683.jpg 1024w, https:\/\/laprensacristiana.com\/wp-content\/uploads\/2022\/12\/IMG_0927-300x200.jpg 300w, https:\/\/laprensacristiana.com\/wp-content\/uploads\/2022\/12\/IMG_0927-768x512.jpg 768w, https:\/\/laprensacristiana.com\/wp-content\/uploads\/2022\/12\/IMG_0927-1536x1024.jpg 1536w, https:\/\/laprensacristiana.com\/wp-content\/uploads\/2022\/12\/IMG_0927-2048x1365.jpg 2048w, https:\/\/laprensacristiana.com\/wp-content\/uploads\/2022\/12\/IMG_0927-696x464.jpg 696w, https:\/\/laprensacristiana.com\/wp-content\/uploads\/2022\/12\/IMG_0927-1068x712.jpg 1068w, https:\/\/laprensacristiana.com\/wp-content\/uploads\/2022\/12\/IMG_0927-1920x1280.jpg 1920w, https:\/\/laprensacristiana.com\/wp-content\/uploads\/2022\/12\/IMG_0927-600x400.jpg 600w\" sizes=\"(max-width: 1024px) 100vw, 1024px\" \/><\/figure><\/li><li class=\"blocks-gallery-item\"><figure><img decoding=\"async\" loading=\"lazy\" width=\"1024\" height=\"683\" src=\"https:\/\/laprensacristiana.com\/wp-content\/uploads\/2022\/12\/IMG_0931-1024x683.jpg\" alt=\"\" data-id=\"14054\" data-full-url=\"https:\/\/laprensacristiana.com\/wp-content\/uploads\/2022\/12\/IMG_0931-scaled.jpg\" data-link=\"https:\/\/laprensacristiana.com\/?attachment_id=14054\" class=\"wp-image-14054\" srcset=\"https:\/\/laprensacristiana.com\/wp-content\/uploads\/2022\/12\/IMG_0931-1024x683.jpg 1024w, https:\/\/laprensacristiana.com\/wp-content\/uploads\/2022\/12\/IMG_0931-300x200.jpg 300w, https:\/\/laprensacristiana.com\/wp-content\/uploads\/2022\/12\/IMG_0931-768x512.jpg 768w, https:\/\/laprensacristiana.com\/wp-content\/uploads\/2022\/12\/IMG_0931-1536x1024.jpg 1536w, https:\/\/laprensacristiana.com\/wp-content\/uploads\/2022\/12\/IMG_0931-2048x1365.jpg 2048w, https:\/\/laprensacristiana.com\/wp-content\/uploads\/2022\/12\/IMG_0931-696x464.jpg 696w, https:\/\/laprensacristiana.com\/wp-content\/uploads\/2022\/12\/IMG_0931-1068x712.jpg 1068w, https:\/\/laprensacristiana.com\/wp-content\/uploads\/2022\/12\/IMG_0931-1920x1280.jpg 1920w, https:\/\/laprensacristiana.com\/wp-content\/uploads\/2022\/12\/IMG_0931-600x400.jpg 600w\" sizes=\"(max-width: 1024px) 100vw, 1024px\" \/><\/figure><\/li><\/ul><\/figure>\n","protected":false},"excerpt":{"rendered":"<p>Como es caracter\u00edstico de la Fundaci\u00f3n El Gran Yo Soy, visitan cada cierre de a\u00f1o El Salvador, para sacar la mejor sonrisa de los ni\u00f1os, con juguetes en el marco de la navidad, en ocasiones asistiendo a lugares de dif\u00edcil acceso. Este a\u00f1o iniciaron su recorrido en Finca San Isidro, en el departamento de San [&hellip;]<\/p>\n","protected":false},"author":3,"featured_media":14059,"comment_status":"open","ping_status":"open","sticky":false,"template":"","format":"standard","meta":[],"categories":[56],"tags":[],"yoast_head":"<!-- This site is optimized with the Yoast SEO plugin v20.8 - https:\/\/yoast.com\/wordpress\/plugins\/seo\/ -->\n<title>Fundaci\u00f3n El Gran Yo Soy bendice a ni\u00f1os en El Salvador - La Prensa Cristiana<\/title>\n<meta name=\"robots\" content=\"index, follow, max-snippet:-1, max-image-preview:large, max-video-preview:-1\" \/>\n<link rel=\"canonical\" href=\"https:\/\/laprensacristiana.com\/?p=14052\" \/>\n<meta property=\"og:locale\" content=\"es_ES\" \/>\n<meta property=\"og:type\" content=\"article\" \/>\n<meta property=\"og:title\" content=\"Fundaci\u00f3n El Gran Yo Soy bendice a ni\u00f1os en El Salvador - La Prensa Cristiana\" \/>\n<meta property=\"og:description\" content=\"Como es caracter\u00edstico de la Fundaci\u00f3n El Gran Yo Soy, visitan cada cierre de a\u00f1o El Salvador, para sacar la mejor sonrisa de los ni\u00f1os, con juguetes en el marco de la navidad, en ocasiones asistiendo a lugares de dif\u00edcil acceso. Este a\u00f1o iniciaron su recorrido en Finca San Isidro, en el departamento de San [&hellip;]\" \/>\n<meta property=\"og:url\" content=\"https:\/\/laprensacristiana.com\/?p=14052\" \/>\n<meta property=\"og:site_name\" content=\"La Prensa Cristiana\" \/>\n<meta property=\"article:published_time\" content=\"2022-12-10T17:22:01+00:00\" \/>\n<meta property=\"article:modified_time\" content=\"2022-12-10T17:22:02+00:00\" \/>\n<meta property=\"og:image\" content=\"https:\/\/laprensacristiana.com\/wp-content\/uploads\/2022\/12\/IMG_0765-scaled.jpg\" \/>\n\t<meta property=\"og:image:width\" content=\"2560\" \/>\n\t<meta property=\"og:image:height\" content=\"1707\" \/>\n\t<meta property=\"og:image:type\" content=\"image\/jpeg\" \/>\n<meta name=\"author\" content=\"EDITOR\" \/>\n<meta name=\"twitter:card\" content=\"summary_large_image\" \/>\n<meta name=\"twitter:label1\" content=\"Escrito por\" \/>\n\t<meta name=\"twitter:data1\" content=\"EDITOR\" \/>\n\t<meta name=\"twitter:label2\" content=\"Tiempo de lectura\" \/>\n\t<meta name=\"twitter:data2\" content=\"4 minutos\" \/>\n<script type=\"application\/ld+json\" class=\"yoast-schema-graph\">{\"@context\":\"https:\/\/schema.org\",\"@graph\":[{\"@type\":\"WebPage\",\"@id\":\"https:\/\/laprensacristiana.com\/?p=14052\",\"url\":\"https:\/\/laprensacristiana.com\/?p=14052\",\"name\":\"Fundaci\u00f3n El Gran Yo Soy bendice a ni\u00f1os en El Salvador - La Prensa Cristiana\",\"isPartOf\":{\"@id\":\"https:\/\/laprensacristiana.com\/#website\"},\"datePublished\":\"2022-12-10T17:22:01+00:00\",\"dateModified\":\"2022-12-10T17:22:02+00:00\",\"author\":{\"@id\":\"https:\/\/laprensacristiana.com\/#\/schema\/person\/3e7d82c6bfd6b1fa67010f8f7cd5256e\"},\"breadcrumb\":{\"@id\":\"https:\/\/laprensacristiana.com\/?p=14052#breadcrumb\"},\"inLanguage\":\"es\",\"potentialAction\":[{\"@type\":\"ReadAction\",\"target\":[\"https:\/\/laprensacristiana.com\/?p=14052\"]}]},{\"@type\":\"BreadcrumbList\",\"@id\":\"https:\/\/laprensacristiana.com\/?p=14052#breadcrumb\",\"itemListElement\":[{\"@type\":\"ListItem\",\"position\":1,\"name\":\"Portada\",\"item\":\"https:\/\/laprensacristiana.com\/\"},{\"@type\":\"ListItem\",\"position\":2,\"name\":\"Fundaci\u00f3n El Gran Yo Soy bendice a ni\u00f1os en El Salvador\"}]},{\"@type\":\"WebSite\",\"@id\":\"https:\/\/laprensacristiana.com\/#website\",\"url\":\"https:\/\/laprensacristiana.com\/\",\"name\":\"La Prensa Cristiana\",\"description\":\"Anunciando Las Buenas Nuevas\",\"potentialAction\":[{\"@type\":\"SearchAction\",\"target\":{\"@type\":\"EntryPoint\",\"urlTemplate\":\"https:\/\/laprensacristiana.com\/?s={search_term_string}\"},\"query-input\":\"required name=search_term_string\"}],\"inLanguage\":\"es\"},{\"@type\":\"Person\",\"@id\":\"https:\/\/laprensacristiana.com\/#\/schema\/person\/3e7d82c6bfd6b1fa67010f8f7cd5256e\",\"name\":\"EDITOR\",\"image\":{\"@type\":\"ImageObject\",\"inLanguage\":\"es\",\"@id\":\"https:\/\/laprensacristiana.com\/#\/schema\/person\/image\/\",\"url\":\"https:\/\/secure.gravatar.com\/avatar\/72069dfb6c13772d9e8381e3638666d2?s=96&d=mm&r=g\",\"contentUrl\":\"https:\/\/secure.gravatar.com\/avatar\/72069dfb6c13772d9e8381e3638666d2?s=96&d=mm&r=g\",\"caption\":\"EDITOR\"},\"url\":\"https:\/\/laprensacristiana.com\/?author=3\"}]}<\/script>\n<!-- \/ Yoast SEO plugin. -->","yoast_head_json":{"title":"Fundaci\u00f3n El Gran Yo Soy bendice a ni\u00f1os en El Salvador - La Prensa Cristiana","robots":{"index":"index","follow":"follow","max-snippet":"max-snippet:-1","max-image-preview":"max-image-preview:large","max-video-preview":"max-video-preview:-1"},"canonical":"https:\/\/laprensacristiana.com\/?p=14052","og_locale":"es_ES","og_type":"article","og_title":"Fundaci\u00f3n El Gran Yo Soy bendice a ni\u00f1os en El Salvador - La Prensa Cristiana","og_description":"Como es caracter\u00edstico de la Fundaci\u00f3n El Gran Yo Soy, visitan cada cierre de a\u00f1o El Salvador, para sacar la mejor sonrisa de los ni\u00f1os, con juguetes en el marco de la navidad, en ocasiones asistiendo a lugares de dif\u00edcil acceso. Este a\u00f1o iniciaron su recorrido en Finca San Isidro, en el departamento de San [&hellip;]","og_url":"https:\/\/laprensacristiana.com\/?p=14052","og_site_name":"La Prensa Cristiana","article_published_time":"2022-12-10T17:22:01+00:00","article_modified_time":"2022-12-10T17:22:02+00:00","og_image":[{"width":2560,"height":1707,"url":"https:\/\/laprensacristiana.com\/wp-content\/uploads\/2022\/12\/IMG_0765-scaled.jpg","type":"image\/jpeg"}],"author":"EDITOR","twitter_card":"summary_large_image","twitter_misc":{"Escrito por":"EDITOR","Tiempo de lectura":"4 minutos"},"schema":{"@context":"https:\/\/schema.org","@graph":[{"@type":"WebPage","@id":"https:\/\/laprensacristiana.com\/?p=14052","url":"https:\/\/laprensacristiana.com\/?p=14052","name":"Fundaci\u00f3n El Gran Yo Soy bendice a ni\u00f1os en El Salvador - La Prensa Cristiana","isPartOf":{"@id":"https:\/\/laprensacristiana.com\/#website"},"datePublished":"2022-12-10T17:22:01+00:00","dateModified":"2022-12-10T17:22:02+00:00","author":{"@id":"https:\/\/laprensacristiana.com\/#\/schema\/person\/3e7d82c6bfd6b1fa67010f8f7cd5256e"},"breadcrumb":{"@id":"https:\/\/laprensacristiana.com\/?p=14052#breadcrumb"},"inLanguage":"es","potentialAction":[{"@type":"ReadAction","target":["https:\/\/laprensacristiana.com\/?p=14052"]}]},{"@type":"BreadcrumbList","@id":"https:\/\/laprensacristiana.com\/?p=14052#breadcrumb","itemListElement":[{"@type":"ListItem","position":1,"name":"Portada","item":"https:\/\/laprensacristiana.com\/"},{"@type":"ListItem","position":2,"name":"Fundaci\u00f3n El Gran Yo Soy bendice a ni\u00f1os en El Salvador"}]},{"@type":"WebSite","@id":"https:\/\/laprensacristiana.com\/#website","url":"https:\/\/laprensacristiana.com\/","name":"La Prensa Cristiana","description":"Anunciando Las Buenas Nuevas","potentialAction":[{"@type":"SearchAction","target":{"@type":"EntryPoint","urlTemplate":"https:\/\/laprensacristiana.com\/?s={search_term_string}"},"query-input":"required name=search_term_string"}],"inLanguage":"es"},{"@type":"Person","@id":"https:\/\/laprensacristiana.com\/#\/schema\/person\/3e7d82c6bfd6b1fa67010f8f7cd5256e","name":"EDITOR","image":{"@type":"ImageObject","inLanguage":"es","@id":"https:\/\/laprensacristiana.com\/#\/schema\/person\/image\/","url":"https:\/\/secure.gravatar.com\/avatar\/72069dfb6c13772d9e8381e3638666d2?s=96&d=mm&r=g","contentUrl":"https:\/\/secure.gravatar.com\/avatar\/72069dfb6c13772d9e8381e3638666d2?s=96&d=mm&r=g","caption":"EDITOR"},"url":"https:\/\/laprensacristiana.com\/?author=3"}]}},"_links":{"self":[{"href":"https:\/\/laprensacristiana.com\/index.php?rest_route=\/wp\/v2\/posts\/14052"}],"collection":[{"href":"https:\/\/laprensacristiana.com\/index.php?rest_route=\/wp\/v2\/posts"}],"about":[{"href":"https:\/\/laprensacristiana.com\/index.php?rest_route=\/wp\/v2\/types\/post"}],"author":[{"embeddable":true,"href":"https:\/\/laprensacristiana.com\/index.php?rest_route=\/wp\/v2\/users\/3"}],"replies":[{"embeddable":true,"href":"https:\/\/laprensacristiana.com\/index.php?rest_route=%2Fwp%2Fv2%2Fcomments&post=14052"}],"version-history":[{"count":1,"href":"https:\/\/laprensacristiana.com\/index.php?rest_route=\/wp\/v2\/posts\/14052\/revisions"}],"predecessor-version":[{"id":14060,"href":"https:\/\/laprensacristiana.com\/index.php?rest_route=\/wp\/v2\/posts\/14052\/revisions\/14060"}],"wp:featuredmedia":[{"embeddable":true,"href":"https:\/\/laprensacristiana.com\/index.php?rest_route=\/wp\/v2\/media\/14059"}],"wp:attachment":[{"href":"https:\/\/laprensacristiana.com\/index.php?rest_route=%2Fwp%2Fv2%2Fmedia&parent=14052"}],"wp:term":[{"taxonomy":"category","embeddable":true,"href":"https:\/\/laprensacristiana.com\/index.php?rest_route=%2Fwp%2Fv2%2Fcategories&post=14052"},{"taxonomy":"post_tag","embeddable":true,"href":"https:\/\/laprensacristiana.com\/index.php?rest_route=%2Fwp%2Fv2%2Ftags&post=14052"}],"curies":[{"name":"wp","href":"https:\/\/api.w.org\/{rel}","templated":true}]}}