{"id":14066,"date":"2022-12-14T02:18:07","date_gmt":"2022-12-14T02:18:07","guid":{"rendered":"https:\/\/laprensacristiana.com\/?p=14066"},"modified":"2022-12-14T02:45:18","modified_gmt":"2022-12-14T02:45:18","slug":"fundelca-recibe-premio-nacional-a-la-promocion-y-defensa-de-los-derechos-humanos","status":"publish","type":"post","link":"https:\/\/laprensacristiana.com\/?p=14066","title":{"rendered":"FUNDAVIVA recibe Premio Nacional a la Promoci\u00f3n y defensa de los Derechos Humanos"},"content":{"rendered":"\n<p>Este d\u00eda se llev\u00f3 a cabo la entrega del&nbsp; Premio Nacional a la promoci\u00f3n y defensa de los Derechos Humanos 2022 en El Salvador, m\u00e1s de cincuenta organizaciones estuvieron presentes en este evento.<\/p>\n\n\n\n<p>Entre los galardonados estuvieron los pastores Carlos y Rosario de Navas, quienes recibieron un reconocimiento gracias al trabajo realizan como FUNDAVIVA en alianza con Limbs Internacional y FUNTER, durante 8 a\u00f1os han trabajado de la mano para hacer entrega de pr\u00f3tesis a los amputados de miembro inferior.<\/p>\n\n\n\n<p>La pastora Rosario de Navas fue la encargada de dar el discurso de agradecimiento en nombre de todos los galardonados, bas\u00e1ndose &nbsp;en el evangelio de &nbsp;Mateo 7.12 : \u2018&nbsp;As\u00ed que, todas las cosas que quer\u00e1is que los hombres&nbsp;a&nbsp;hagan con vosotros, as\u00ed tambi\u00e9n&nbsp;b&nbsp;haced vosotros con ellos, porque esta es la&nbsp;c&nbsp;ley y los profetas\u201d.<\/p>\n\n\n\n<figure class=\"wp-block-gallery columns-2 is-cropped wp-block-gallery-1 is-layout-flex\"><ul class=\"blocks-gallery-grid\"><li class=\"blocks-gallery-item\"><figure><img decoding=\"async\" loading=\"lazy\" width=\"1024\" height=\"768\" src=\"https:\/\/laprensacristiana.com\/wp-content\/uploads\/2022\/12\/319419356_2287455288088858_3755234085195101559_n-1024x768.jpg\" alt=\"\" data-id=\"14068\" data-link=\"https:\/\/laprensacristiana.com\/?attachment_id=14068\" class=\"wp-image-14068\" srcset=\"https:\/\/laprensacristiana.com\/wp-content\/uploads\/2022\/12\/319419356_2287455288088858_3755234085195101559_n-1024x768.jpg 1024w, https:\/\/laprensacristiana.com\/wp-content\/uploads\/2022\/12\/319419356_2287455288088858_3755234085195101559_n-300x225.jpg 300w, https:\/\/laprensacristiana.com\/wp-content\/uploads\/2022\/12\/319419356_2287455288088858_3755234085195101559_n-768x576.jpg 768w, https:\/\/laprensacristiana.com\/wp-content\/uploads\/2022\/12\/319419356_2287455288088858_3755234085195101559_n-1536x1152.jpg 1536w, https:\/\/laprensacristiana.com\/wp-content\/uploads\/2022\/12\/319419356_2287455288088858_3755234085195101559_n-696x522.jpg 696w, https:\/\/laprensacristiana.com\/wp-content\/uploads\/2022\/12\/319419356_2287455288088858_3755234085195101559_n-1068x801.jpg 1068w, https:\/\/laprensacristiana.com\/wp-content\/uploads\/2022\/12\/319419356_2287455288088858_3755234085195101559_n-600x450.jpg 600w, https:\/\/laprensacristiana.com\/wp-content\/uploads\/2022\/12\/319419356_2287455288088858_3755234085195101559_n.jpg 1600w\" sizes=\"(max-width: 1024px) 100vw, 1024px\" \/><\/figure><\/li><li class=\"blocks-gallery-item\"><figure><img decoding=\"async\" loading=\"lazy\" width=\"768\" height=\"1024\" src=\"https:\/\/laprensacristiana.com\/wp-content\/uploads\/2022\/12\/318721730_592711372615109_6117571393942323437_n-768x1024.jpg\" alt=\"\" data-id=\"14069\" data-full-url=\"https:\/\/laprensacristiana.com\/wp-content\/uploads\/2022\/12\/318721730_592711372615109_6117571393942323437_n.jpg\" data-link=\"https:\/\/laprensacristiana.com\/?attachment_id=14069\" class=\"wp-image-14069\" srcset=\"https:\/\/laprensacristiana.com\/wp-content\/uploads\/2022\/12\/318721730_592711372615109_6117571393942323437_n-768x1024.jpg 768w, https:\/\/laprensacristiana.com\/wp-content\/uploads\/2022\/12\/318721730_592711372615109_6117571393942323437_n-225x300.jpg 225w, https:\/\/laprensacristiana.com\/wp-content\/uploads\/2022\/12\/318721730_592711372615109_6117571393942323437_n-1152x1536.jpg 1152w, https:\/\/laprensacristiana.com\/wp-content\/uploads\/2022\/12\/318721730_592711372615109_6117571393942323437_n-696x928.jpg 696w, https:\/\/laprensacristiana.com\/wp-content\/uploads\/2022\/12\/318721730_592711372615109_6117571393942323437_n-1068x1424.jpg 1068w, https:\/\/laprensacristiana.com\/wp-content\/uploads\/2022\/12\/318721730_592711372615109_6117571393942323437_n-600x800.jpg 600w, https:\/\/laprensacristiana.com\/wp-content\/uploads\/2022\/12\/318721730_592711372615109_6117571393942323437_n.jpg 1200w\" sizes=\"(max-width: 768px) 100vw, 768px\" \/><\/figure><\/li><\/ul><\/figure>\n","protected":false},"excerpt":{"rendered":"<p>Este d\u00eda se llev\u00f3 a cabo la entrega del&nbsp; Premio Nacional a la promoci\u00f3n y defensa de los Derechos Humanos 2022 en El Salvador, m\u00e1s de cincuenta organizaciones estuvieron presentes en este evento. Entre los galardonados estuvieron los pastores Carlos y Rosario de Navas, quienes recibieron un reconocimiento gracias al trabajo realizan como FUNDAVIVA en [&hellip;]<\/p>\n","protected":false},"author":3,"featured_media":14067,"comment_status":"open","ping_status":"open","sticky":false,"template":"","format":"standard","meta":[],"categories":[56],"tags":[],"yoast_head":"<!-- This site is optimized with the Yoast SEO plugin v20.8 - https:\/\/yoast.com\/wordpress\/plugins\/seo\/ -->\n<title>FUNDAVIVA recibe Premio Nacional a la Promoci\u00f3n y defensa de los Derechos Humanos - La Prensa Cristiana<\/title>\n<meta name=\"robots\" content=\"index, follow, max-snippet:-1, max-image-preview:large, max-video-preview:-1\" \/>\n<link rel=\"canonical\" href=\"https:\/\/laprensacristiana.com\/?p=14066\" \/>\n<meta property=\"og:locale\" content=\"es_ES\" \/>\n<meta property=\"og:type\" content=\"article\" \/>\n<meta property=\"og:title\" content=\"FUNDAVIVA recibe Premio Nacional a la Promoci\u00f3n y defensa de los Derechos Humanos - La Prensa Cristiana\" \/>\n<meta property=\"og:description\" content=\"Este d\u00eda se llev\u00f3 a cabo la entrega del&nbsp; Premio Nacional a la promoci\u00f3n y defensa de los Derechos Humanos 2022 en El Salvador, m\u00e1s de cincuenta organizaciones estuvieron presentes en este evento. Entre los galardonados estuvieron los pastores Carlos y Rosario de Navas, quienes recibieron un reconocimiento gracias al trabajo realizan como FUNDAVIVA en [&hellip;]\" \/>\n<meta property=\"og:url\" content=\"https:\/\/laprensacristiana.com\/?p=14066\" \/>\n<meta property=\"og:site_name\" content=\"La Prensa Cristiana\" \/>\n<meta property=\"article:published_time\" content=\"2022-12-14T02:18:07+00:00\" \/>\n<meta property=\"article:modified_time\" content=\"2022-12-14T02:45:18+00:00\" \/>\n<meta property=\"og:image\" content=\"https:\/\/laprensacristiana.com\/wp-content\/uploads\/2022\/12\/319805749_3332322466983788_7820798055213816561_n.jpg\" \/>\n\t<meta property=\"og:image:width\" content=\"2048\" \/>\n\t<meta property=\"og:image:height\" content=\"1536\" \/>\n\t<meta property=\"og:image:type\" content=\"image\/jpeg\" \/>\n<meta name=\"author\" content=\"EDITOR\" \/>\n<meta name=\"twitter:card\" content=\"summary_large_image\" \/>\n<meta name=\"twitter:label1\" content=\"Escrito por\" \/>\n\t<meta name=\"twitter:data1\" content=\"EDITOR\" \/>\n\t<meta name=\"twitter:label2\" content=\"Tiempo de lectura\" \/>\n\t<meta name=\"twitter:data2\" content=\"1 minuto\" \/>\n<script type=\"application\/ld+json\" class=\"yoast-schema-graph\">{\"@context\":\"https:\/\/schema.org\",\"@graph\":[{\"@type\":\"WebPage\",\"@id\":\"https:\/\/laprensacristiana.com\/?p=14066\",\"url\":\"https:\/\/laprensacristiana.com\/?p=14066\",\"name\":\"FUNDAVIVA recibe Premio Nacional a la Promoci\u00f3n y defensa de los Derechos Humanos - La Prensa Cristiana\",\"isPartOf\":{\"@id\":\"https:\/\/laprensacristiana.com\/#website\"},\"datePublished\":\"2022-12-14T02:18:07+00:00\",\"dateModified\":\"2022-12-14T02:45:18+00:00\",\"author\":{\"@id\":\"https:\/\/laprensacristiana.com\/#\/schema\/person\/3e7d82c6bfd6b1fa67010f8f7cd5256e\"},\"breadcrumb\":{\"@id\":\"https:\/\/laprensacristiana.com\/?p=14066#breadcrumb\"},\"inLanguage\":\"es\",\"potentialAction\":[{\"@type\":\"ReadAction\",\"target\":[\"https:\/\/laprensacristiana.com\/?p=14066\"]}]},{\"@type\":\"BreadcrumbList\",\"@id\":\"https:\/\/laprensacristiana.com\/?p=14066#breadcrumb\",\"itemListElement\":[{\"@type\":\"ListItem\",\"position\":1,\"name\":\"Portada\",\"item\":\"https:\/\/laprensacristiana.com\/\"},{\"@type\":\"ListItem\",\"position\":2,\"name\":\"FUNDAVIVA recibe Premio Nacional a la Promoci\u00f3n y defensa de los Derechos Humanos\"}]},{\"@type\":\"WebSite\",\"@id\":\"https:\/\/laprensacristiana.com\/#website\",\"url\":\"https:\/\/laprensacristiana.com\/\",\"name\":\"La Prensa Cristiana\",\"description\":\"Anunciando Las Buenas Nuevas\",\"potentialAction\":[{\"@type\":\"SearchAction\",\"target\":{\"@type\":\"EntryPoint\",\"urlTemplate\":\"https:\/\/laprensacristiana.com\/?s={search_term_string}\"},\"query-input\":\"required name=search_term_string\"}],\"inLanguage\":\"es\"},{\"@type\":\"Person\",\"@id\":\"https:\/\/laprensacristiana.com\/#\/schema\/person\/3e7d82c6bfd6b1fa67010f8f7cd5256e\",\"name\":\"EDITOR\",\"image\":{\"@type\":\"ImageObject\",\"inLanguage\":\"es\",\"@id\":\"https:\/\/laprensacristiana.com\/#\/schema\/person\/image\/\",\"url\":\"https:\/\/secure.gravatar.com\/avatar\/72069dfb6c13772d9e8381e3638666d2?s=96&d=mm&r=g\",\"contentUrl\":\"https:\/\/secure.gravatar.com\/avatar\/72069dfb6c13772d9e8381e3638666d2?s=96&d=mm&r=g\",\"caption\":\"EDITOR\"},\"url\":\"https:\/\/laprensacristiana.com\/?author=3\"}]}<\/script>\n<!-- \/ Yoast SEO plugin. -->","yoast_head_json":{"title":"FUNDAVIVA recibe Premio Nacional a la Promoci\u00f3n y defensa de los Derechos Humanos - La Prensa Cristiana","robots":{"index":"index","follow":"follow","max-snippet":"max-snippet:-1","max-image-preview":"max-image-preview:large","max-video-preview":"max-video-preview:-1"},"canonical":"https:\/\/laprensacristiana.com\/?p=14066","og_locale":"es_ES","og_type":"article","og_title":"FUNDAVIVA recibe Premio Nacional a la Promoci\u00f3n y defensa de los Derechos Humanos - La Prensa Cristiana","og_description":"Este d\u00eda se llev\u00f3 a cabo la entrega del&nbsp; Premio Nacional a la promoci\u00f3n y defensa de los Derechos Humanos 2022 en El Salvador, m\u00e1s de cincuenta organizaciones estuvieron presentes en este evento. Entre los galardonados estuvieron los pastores Carlos y Rosario de Navas, quienes recibieron un reconocimiento gracias al trabajo realizan como FUNDAVIVA en [&hellip;]","og_url":"https:\/\/laprensacristiana.com\/?p=14066","og_site_name":"La Prensa Cristiana","article_published_time":"2022-12-14T02:18:07+00:00","article_modified_time":"2022-12-14T02:45:18+00:00","og_image":[{"width":2048,"height":1536,"url":"https:\/\/laprensacristiana.com\/wp-content\/uploads\/2022\/12\/319805749_3332322466983788_7820798055213816561_n.jpg","type":"image\/jpeg"}],"author":"EDITOR","twitter_card":"summary_large_image","twitter_misc":{"Escrito por":"EDITOR","Tiempo de lectura":"1 minuto"},"schema":{"@context":"https:\/\/schema.org","@graph":[{"@type":"WebPage","@id":"https:\/\/laprensacristiana.com\/?p=14066","url":"https:\/\/laprensacristiana.com\/?p=14066","name":"FUNDAVIVA recibe Premio Nacional a la Promoci\u00f3n y defensa de los Derechos Humanos - La Prensa Cristiana","isPartOf":{"@id":"https:\/\/laprensacristiana.com\/#website"},"datePublished":"2022-12-14T02:18:07+00:00","dateModified":"2022-12-14T02:45:18+00:00","author":{"@id":"https:\/\/laprensacristiana.com\/#\/schema\/person\/3e7d82c6bfd6b1fa67010f8f7cd5256e"},"breadcrumb":{"@id":"https:\/\/laprensacristiana.com\/?p=14066#breadcrumb"},"inLanguage":"es","potentialAction":[{"@type":"ReadAction","target":["https:\/\/laprensacristiana.com\/?p=14066"]}]},{"@type":"BreadcrumbList","@id":"https:\/\/laprensacristiana.com\/?p=14066#breadcrumb","itemListElement":[{"@type":"ListItem","position":1,"name":"Portada","item":"https:\/\/laprensacristiana.com\/"},{"@type":"ListItem","position":2,"name":"FUNDAVIVA recibe Premio Nacional a la Promoci\u00f3n y defensa de los Derechos Humanos"}]},{"@type":"WebSite","@id":"https:\/\/laprensacristiana.com\/#website","url":"https:\/\/laprensacristiana.com\/","name":"La Prensa Cristiana","description":"Anunciando Las Buenas Nuevas","potentialAction":[{"@type":"SearchAction","target":{"@type":"EntryPoint","urlTemplate":"https:\/\/laprensacristiana.com\/?s={search_term_string}"},"query-input":"required name=search_term_string"}],"inLanguage":"es"},{"@type":"Person","@id":"https:\/\/laprensacristiana.com\/#\/schema\/person\/3e7d82c6bfd6b1fa67010f8f7cd5256e","name":"EDITOR","image":{"@type":"ImageObject","inLanguage":"es","@id":"https:\/\/laprensacristiana.com\/#\/schema\/person\/image\/","url":"https:\/\/secure.gravatar.com\/avatar\/72069dfb6c13772d9e8381e3638666d2?s=96&d=mm&r=g","contentUrl":"https:\/\/secure.gravatar.com\/avatar\/72069dfb6c13772d9e8381e3638666d2?s=96&d=mm&r=g","caption":"EDITOR"},"url":"https:\/\/laprensacristiana.com\/?author=3"}]}},"_links":{"self":[{"href":"https:\/\/laprensacristiana.com\/index.php?rest_route=\/wp\/v2\/posts\/14066"}],"collection":[{"href":"https:\/\/laprensacristiana.com\/index.php?rest_route=\/wp\/v2\/posts"}],"about":[{"href":"https:\/\/laprensacristiana.com\/index.php?rest_route=\/wp\/v2\/types\/post"}],"author":[{"embeddable":true,"href":"https:\/\/laprensacristiana.com\/index.php?rest_route=\/wp\/v2\/users\/3"}],"replies":[{"embeddable":true,"href":"https:\/\/laprensacristiana.com\/index.php?rest_route=%2Fwp%2Fv2%2Fcomments&post=14066"}],"version-history":[{"count":2,"href":"https:\/\/laprensacristiana.com\/index.php?rest_route=\/wp\/v2\/posts\/14066\/revisions"}],"predecessor-version":[{"id":14071,"href":"https:\/\/laprensacristiana.com\/index.php?rest_route=\/wp\/v2\/posts\/14066\/revisions\/14071"}],"wp:featuredmedia":[{"embeddable":true,"href":"https:\/\/laprensacristiana.com\/index.php?rest_route=\/wp\/v2\/media\/14067"}],"wp:attachment":[{"href":"https:\/\/laprensacristiana.com\/index.php?rest_route=%2Fwp%2Fv2%2Fmedia&parent=14066"}],"wp:term":[{"taxonomy":"category","embeddable":true,"href":"https:\/\/laprensacristiana.com\/index.php?rest_route=%2Fwp%2Fv2%2Fcategories&post=14066"},{"taxonomy":"post_tag","embeddable":true,"href":"https:\/\/laprensacristiana.com\/index.php?rest_route=%2Fwp%2Fv2%2Ftags&post=14066"}],"curies":[{"name":"wp","href":"https:\/\/api.w.org\/{rel}","templated":true}]}}