{"id":1409,"date":"2016-08-28T18:37:39","date_gmt":"2016-08-28T18:37:39","guid":{"rendered":"https:\/\/laprensacristiana.com\/?p=1409"},"modified":"2020-07-02T01:56:16","modified_gmt":"2020-07-02T01:56:16","slug":"asi-se-vivio-el-festival-sin-limites","status":"publish","type":"post","link":"https:\/\/laprensacristiana.com\/?p=1409","title":{"rendered":"As\u00ed se vivi\u00f3 el festival \u201cSin L\u00edmites\u201d"},"content":{"rendered":"<p>Tomando como base Romanos 10:17 \u201cAs\u00ed que la fe es por el o\u00edr, y el o\u00edr, por la palabra de Dios\u201d. La iglesia del Camino, realiz\u00f3 por cuarta vez consecutiva el festival Sin L\u00edmites con el lema \u201cEsc\u00fachalo\u201d.<\/p>\n<figure id=\"attachment_1410\" aria-describedby=\"caption-attachment-1410\" style=\"width: 300px\" class=\"wp-caption alignnone\"><img decoding=\"async\" loading=\"lazy\" class=\"size-medium wp-image-1410\" src=\"https:\/\/laprensacristiana.com\/wp-content\/uploads\/2016\/08\/SLM3-300x200.jpg\" alt=\"Pastor. Carlos Navas.\" width=\"300\" height=\"200\" srcset=\"https:\/\/laprensacristiana.com\/wp-content\/uploads\/2016\/08\/SLM3-300x200.jpg 300w, https:\/\/laprensacristiana.com\/wp-content\/uploads\/2016\/08\/SLM3-600x400.jpg 600w, https:\/\/laprensacristiana.com\/wp-content\/uploads\/2016\/08\/SLM3-768x512.jpg 768w, https:\/\/laprensacristiana.com\/wp-content\/uploads\/2016\/08\/SLM3-1024x683.jpg 1024w, https:\/\/laprensacristiana.com\/wp-content\/uploads\/2016\/08\/SLM3-696x464.jpg 696w, https:\/\/laprensacristiana.com\/wp-content\/uploads\/2016\/08\/SLM3-1068x712.jpg 1068w, https:\/\/laprensacristiana.com\/wp-content\/uploads\/2016\/08\/SLM3-630x420.jpg 630w\" sizes=\"(max-width: 300px) 100vw, 300px\" \/><figcaption id=\"caption-attachment-1410\" class=\"wp-caption-text\">Pastor. Carlos Navas.<\/figcaption><\/figure>\n<p>Al evento asistieron los j\u00f3venes que forman parte de Juventud SION, pero adem\u00e1s iglesias de diferentes partes del pa\u00eds que llegaron en busca de un avivamiento para cada uno de sus corazones y con ganas de alabar y glorificar el nombre del Se\u00f1or, la presencia de \u00c9l se pudo sentir al momento de la adoraci\u00f3n por medio de alabanzas en su nombre.<\/p>\n<figure id=\"attachment_1411\" aria-describedby=\"caption-attachment-1411\" style=\"width: 300px\" class=\"wp-caption alignnone\"><img decoding=\"async\" loading=\"lazy\" class=\"size-medium wp-image-1411\" src=\"https:\/\/laprensacristiana.com\/wp-content\/uploads\/2016\/08\/SLM1-300x200.jpg\" alt=\"Salmista Alex Navas y su banda.\" width=\"300\" height=\"200\" srcset=\"https:\/\/laprensacristiana.com\/wp-content\/uploads\/2016\/08\/SLM1-300x200.jpg 300w, https:\/\/laprensacristiana.com\/wp-content\/uploads\/2016\/08\/SLM1-600x400.jpg 600w, https:\/\/laprensacristiana.com\/wp-content\/uploads\/2016\/08\/SLM1-768x512.jpg 768w, https:\/\/laprensacristiana.com\/wp-content\/uploads\/2016\/08\/SLM1-1024x683.jpg 1024w, https:\/\/laprensacristiana.com\/wp-content\/uploads\/2016\/08\/SLM1-696x464.jpg 696w, https:\/\/laprensacristiana.com\/wp-content\/uploads\/2016\/08\/SLM1-1068x712.jpg 1068w, https:\/\/laprensacristiana.com\/wp-content\/uploads\/2016\/08\/SLM1-630x420.jpg 630w\" sizes=\"(max-width: 300px) 100vw, 300px\" \/><figcaption id=\"caption-attachment-1411\" class=\"wp-caption-text\">Salmista Alex Navas y su banda.<\/figcaption><\/figure>\n<p>Entre las participaciones especiales m\u00e1s esperadas estaba la del salmista Alex Navas, que junto a su banda fueron los encargados de abrir el festival. Los j\u00f3venes de Juventud SION no se quedaron si demostrar su forma de alabar a Dios y lo hicieron por medio del Beat Box (t\u00e9cnica de hacer sonidos usando la boca).<\/p>\n<figure id=\"attachment_1412\" aria-describedby=\"caption-attachment-1412\" style=\"width: 300px\" class=\"wp-caption alignnone\"><img decoding=\"async\" loading=\"lazy\" class=\"size-medium wp-image-1412\" src=\"https:\/\/laprensacristiana.com\/wp-content\/uploads\/2016\/08\/SLM4-300x200.jpg\" alt=\"FA BeatBox Crew\" width=\"300\" height=\"200\" srcset=\"https:\/\/laprensacristiana.com\/wp-content\/uploads\/2016\/08\/SLM4-300x200.jpg 300w, https:\/\/laprensacristiana.com\/wp-content\/uploads\/2016\/08\/SLM4-600x400.jpg 600w, https:\/\/laprensacristiana.com\/wp-content\/uploads\/2016\/08\/SLM4-768x512.jpg 768w, https:\/\/laprensacristiana.com\/wp-content\/uploads\/2016\/08\/SLM4-1024x683.jpg 1024w, https:\/\/laprensacristiana.com\/wp-content\/uploads\/2016\/08\/SLM4-696x464.jpg 696w, https:\/\/laprensacristiana.com\/wp-content\/uploads\/2016\/08\/SLM4-1068x712.jpg 1068w, https:\/\/laprensacristiana.com\/wp-content\/uploads\/2016\/08\/SLM4-630x420.jpg 630w\" sizes=\"(max-width: 300px) 100vw, 300px\" \/><figcaption id=\"caption-attachment-1412\" class=\"wp-caption-text\">FA BeatBox Crew<\/figcaption><\/figure>\n<p>Sin l\u00edmites cuarta edici\u00f3n tuvo la participaci\u00f3n especial de dos artistas internacionales que vinieron desde lejos para poder poner su talento a los pies del Se\u00f1or y sumar la alabanza al evento, Indiomar y Mikey A, adem\u00e1s de Gonzalo de Le\u00f3n, que fue el int\u00e9rprete del single del evento \u201cSin L\u00edmites\u201d.<\/p>\n<figure id=\"attachment_1413\" aria-describedby=\"caption-attachment-1413\" style=\"width: 300px\" class=\"wp-caption alignnone\"><img decoding=\"async\" loading=\"lazy\" class=\"size-medium wp-image-1413\" src=\"https:\/\/laprensacristiana.com\/wp-content\/uploads\/2016\/08\/SLM5-300x200.jpg\" alt=\"Indiomar,desde Puerto Rico.\" width=\"300\" height=\"200\" srcset=\"https:\/\/laprensacristiana.com\/wp-content\/uploads\/2016\/08\/SLM5-300x200.jpg 300w, https:\/\/laprensacristiana.com\/wp-content\/uploads\/2016\/08\/SLM5-600x400.jpg 600w, https:\/\/laprensacristiana.com\/wp-content\/uploads\/2016\/08\/SLM5-768x512.jpg 768w, https:\/\/laprensacristiana.com\/wp-content\/uploads\/2016\/08\/SLM5-1024x683.jpg 1024w, https:\/\/laprensacristiana.com\/wp-content\/uploads\/2016\/08\/SLM5-696x464.jpg 696w, https:\/\/laprensacristiana.com\/wp-content\/uploads\/2016\/08\/SLM5-1068x712.jpg 1068w, https:\/\/laprensacristiana.com\/wp-content\/uploads\/2016\/08\/SLM5-630x420.jpg 630w\" sizes=\"(max-width: 300px) 100vw, 300px\" \/><figcaption id=\"caption-attachment-1413\" class=\"wp-caption-text\">Indiomar,desde Puerto Rico.<\/figcaption><\/figure>\n<p>\u201cUstedes en alg\u00fan momento le dijeron al Se\u00f1or Jes\u00fas, Se\u00f1or heme aqu\u00ed, porque amamos a Dios; que se haga tu voluntad y no la m\u00eda. Y nos quejamos mientras vienen los procesos, los procesos nos capacitan para cosas muy grandes\u201d dijo Indiomar mientras estaba en el escenario, quien adem\u00e1s motivo a los asistentes a poner a Dios primero, para poder experimentar cosas grandes en sus vidas.<\/p>\n<p>&nbsp;<\/p>\n","protected":false},"excerpt":{"rendered":"<p>Tomando como base Romanos 10:17 \u201cAs\u00ed que la fe es por el o\u00edr, y el o\u00edr, por la palabra de Dios\u201d. La iglesia del Camino, realiz\u00f3 por cuarta vez consecutiva el festival Sin L\u00edmites con el lema \u201cEsc\u00fachalo\u201d. Al evento asistieron los j\u00f3venes que forman parte de Juventud SION, pero adem\u00e1s iglesias de diferentes partes [&hellip;]<\/p>\n","protected":false},"author":3,"featured_media":1414,"comment_status":"open","ping_status":"open","sticky":false,"template":"","format":"standard","meta":[],"categories":[56],"tags":[],"yoast_head":"<!-- This site is optimized with the Yoast SEO plugin v20.8 - https:\/\/yoast.com\/wordpress\/plugins\/seo\/ -->\n<title>As\u00ed se vivi\u00f3 el festival \u201cSin L\u00edmites\u201d - La Prensa Cristiana<\/title>\n<meta name=\"robots\" content=\"index, follow, max-snippet:-1, max-image-preview:large, max-video-preview:-1\" \/>\n<link rel=\"canonical\" href=\"https:\/\/laprensacristiana.com\/?p=1409\" \/>\n<meta property=\"og:locale\" content=\"es_ES\" \/>\n<meta property=\"og:type\" content=\"article\" \/>\n<meta property=\"og:title\" content=\"As\u00ed se vivi\u00f3 el festival \u201cSin L\u00edmites\u201d - La Prensa Cristiana\" \/>\n<meta property=\"og:description\" content=\"Tomando como base Romanos 10:17 \u201cAs\u00ed que la fe es por el o\u00edr, y el o\u00edr, por la palabra de Dios\u201d. La iglesia del Camino, realiz\u00f3 por cuarta vez consecutiva el festival Sin L\u00edmites con el lema \u201cEsc\u00fachalo\u201d. Al evento asistieron los j\u00f3venes que forman parte de Juventud SION, pero adem\u00e1s iglesias de diferentes partes [&hellip;]\" \/>\n<meta property=\"og:url\" content=\"https:\/\/laprensacristiana.com\/?p=1409\" \/>\n<meta property=\"og:site_name\" content=\"La Prensa Cristiana\" \/>\n<meta property=\"article:published_time\" content=\"2016-08-28T18:37:39+00:00\" \/>\n<meta property=\"article:modified_time\" content=\"2020-07-02T01:56:16+00:00\" \/>\n<meta property=\"og:image\" content=\"https:\/\/laprensacristiana.com\/wp-content\/uploads\/2016\/08\/SLM7-scaled.jpg\" \/>\n\t<meta property=\"og:image:width\" content=\"2560\" \/>\n\t<meta property=\"og:image:height\" content=\"1707\" \/>\n\t<meta property=\"og:image:type\" content=\"image\/jpeg\" \/>\n<meta name=\"author\" content=\"EDITOR\" \/>\n<meta name=\"twitter:card\" content=\"summary_large_image\" \/>\n<meta name=\"twitter:label1\" content=\"Escrito por\" \/>\n\t<meta name=\"twitter:data1\" content=\"EDITOR\" \/>\n\t<meta name=\"twitter:label2\" content=\"Tiempo de lectura\" \/>\n\t<meta name=\"twitter:data2\" content=\"2 minutos\" \/>\n<script type=\"application\/ld+json\" class=\"yoast-schema-graph\">{\"@context\":\"https:\/\/schema.org\",\"@graph\":[{\"@type\":\"WebPage\",\"@id\":\"https:\/\/laprensacristiana.com\/?p=1409\",\"url\":\"https:\/\/laprensacristiana.com\/?p=1409\",\"name\":\"As\u00ed se vivi\u00f3 el festival \u201cSin L\u00edmites\u201d - La Prensa Cristiana\",\"isPartOf\":{\"@id\":\"https:\/\/laprensacristiana.com\/#website\"},\"datePublished\":\"2016-08-28T18:37:39+00:00\",\"dateModified\":\"2020-07-02T01:56:16+00:00\",\"author\":{\"@id\":\"https:\/\/laprensacristiana.com\/#\/schema\/person\/3e7d82c6bfd6b1fa67010f8f7cd5256e\"},\"breadcrumb\":{\"@id\":\"https:\/\/laprensacristiana.com\/?p=1409#breadcrumb\"},\"inLanguage\":\"es\",\"potentialAction\":[{\"@type\":\"ReadAction\",\"target\":[\"https:\/\/laprensacristiana.com\/?p=1409\"]}]},{\"@type\":\"BreadcrumbList\",\"@id\":\"https:\/\/laprensacristiana.com\/?p=1409#breadcrumb\",\"itemListElement\":[{\"@type\":\"ListItem\",\"position\":1,\"name\":\"Portada\",\"item\":\"https:\/\/laprensacristiana.com\/\"},{\"@type\":\"ListItem\",\"position\":2,\"name\":\"As\u00ed se vivi\u00f3 el festival \u201cSin L\u00edmites\u201d\"}]},{\"@type\":\"WebSite\",\"@id\":\"https:\/\/laprensacristiana.com\/#website\",\"url\":\"https:\/\/laprensacristiana.com\/\",\"name\":\"La Prensa Cristiana\",\"description\":\"Anunciando Las Buenas Nuevas\",\"potentialAction\":[{\"@type\":\"SearchAction\",\"target\":{\"@type\":\"EntryPoint\",\"urlTemplate\":\"https:\/\/laprensacristiana.com\/?s={search_term_string}\"},\"query-input\":\"required name=search_term_string\"}],\"inLanguage\":\"es\"},{\"@type\":\"Person\",\"@id\":\"https:\/\/laprensacristiana.com\/#\/schema\/person\/3e7d82c6bfd6b1fa67010f8f7cd5256e\",\"name\":\"EDITOR\",\"image\":{\"@type\":\"ImageObject\",\"inLanguage\":\"es\",\"@id\":\"https:\/\/laprensacristiana.com\/#\/schema\/person\/image\/\",\"url\":\"https:\/\/secure.gravatar.com\/avatar\/72069dfb6c13772d9e8381e3638666d2?s=96&d=mm&r=g\",\"contentUrl\":\"https:\/\/secure.gravatar.com\/avatar\/72069dfb6c13772d9e8381e3638666d2?s=96&d=mm&r=g\",\"caption\":\"EDITOR\"},\"url\":\"https:\/\/laprensacristiana.com\/?author=3\"}]}<\/script>\n<!-- \/ Yoast SEO plugin. -->","yoast_head_json":{"title":"As\u00ed se vivi\u00f3 el festival \u201cSin L\u00edmites\u201d - La Prensa Cristiana","robots":{"index":"index","follow":"follow","max-snippet":"max-snippet:-1","max-image-preview":"max-image-preview:large","max-video-preview":"max-video-preview:-1"},"canonical":"https:\/\/laprensacristiana.com\/?p=1409","og_locale":"es_ES","og_type":"article","og_title":"As\u00ed se vivi\u00f3 el festival \u201cSin L\u00edmites\u201d - La Prensa Cristiana","og_description":"Tomando como base Romanos 10:17 \u201cAs\u00ed que la fe es por el o\u00edr, y el o\u00edr, por la palabra de Dios\u201d. La iglesia del Camino, realiz\u00f3 por cuarta vez consecutiva el festival Sin L\u00edmites con el lema \u201cEsc\u00fachalo\u201d. Al evento asistieron los j\u00f3venes que forman parte de Juventud SION, pero adem\u00e1s iglesias de diferentes partes [&hellip;]","og_url":"https:\/\/laprensacristiana.com\/?p=1409","og_site_name":"La Prensa Cristiana","article_published_time":"2016-08-28T18:37:39+00:00","article_modified_time":"2020-07-02T01:56:16+00:00","og_image":[{"width":2560,"height":1707,"url":"https:\/\/laprensacristiana.com\/wp-content\/uploads\/2016\/08\/SLM7-scaled.jpg","type":"image\/jpeg"}],"author":"EDITOR","twitter_card":"summary_large_image","twitter_misc":{"Escrito por":"EDITOR","Tiempo de lectura":"2 minutos"},"schema":{"@context":"https:\/\/schema.org","@graph":[{"@type":"WebPage","@id":"https:\/\/laprensacristiana.com\/?p=1409","url":"https:\/\/laprensacristiana.com\/?p=1409","name":"As\u00ed se vivi\u00f3 el festival \u201cSin L\u00edmites\u201d - La Prensa Cristiana","isPartOf":{"@id":"https:\/\/laprensacristiana.com\/#website"},"datePublished":"2016-08-28T18:37:39+00:00","dateModified":"2020-07-02T01:56:16+00:00","author":{"@id":"https:\/\/laprensacristiana.com\/#\/schema\/person\/3e7d82c6bfd6b1fa67010f8f7cd5256e"},"breadcrumb":{"@id":"https:\/\/laprensacristiana.com\/?p=1409#breadcrumb"},"inLanguage":"es","potentialAction":[{"@type":"ReadAction","target":["https:\/\/laprensacristiana.com\/?p=1409"]}]},{"@type":"BreadcrumbList","@id":"https:\/\/laprensacristiana.com\/?p=1409#breadcrumb","itemListElement":[{"@type":"ListItem","position":1,"name":"Portada","item":"https:\/\/laprensacristiana.com\/"},{"@type":"ListItem","position":2,"name":"As\u00ed se vivi\u00f3 el festival \u201cSin L\u00edmites\u201d"}]},{"@type":"WebSite","@id":"https:\/\/laprensacristiana.com\/#website","url":"https:\/\/laprensacristiana.com\/","name":"La Prensa Cristiana","description":"Anunciando Las Buenas Nuevas","potentialAction":[{"@type":"SearchAction","target":{"@type":"EntryPoint","urlTemplate":"https:\/\/laprensacristiana.com\/?s={search_term_string}"},"query-input":"required name=search_term_string"}],"inLanguage":"es"},{"@type":"Person","@id":"https:\/\/laprensacristiana.com\/#\/schema\/person\/3e7d82c6bfd6b1fa67010f8f7cd5256e","name":"EDITOR","image":{"@type":"ImageObject","inLanguage":"es","@id":"https:\/\/laprensacristiana.com\/#\/schema\/person\/image\/","url":"https:\/\/secure.gravatar.com\/avatar\/72069dfb6c13772d9e8381e3638666d2?s=96&d=mm&r=g","contentUrl":"https:\/\/secure.gravatar.com\/avatar\/72069dfb6c13772d9e8381e3638666d2?s=96&d=mm&r=g","caption":"EDITOR"},"url":"https:\/\/laprensacristiana.com\/?author=3"}]}},"_links":{"self":[{"href":"https:\/\/laprensacristiana.com\/index.php?rest_route=\/wp\/v2\/posts\/1409"}],"collection":[{"href":"https:\/\/laprensacristiana.com\/index.php?rest_route=\/wp\/v2\/posts"}],"about":[{"href":"https:\/\/laprensacristiana.com\/index.php?rest_route=\/wp\/v2\/types\/post"}],"author":[{"embeddable":true,"href":"https:\/\/laprensacristiana.com\/index.php?rest_route=\/wp\/v2\/users\/3"}],"replies":[{"embeddable":true,"href":"https:\/\/laprensacristiana.com\/index.php?rest_route=%2Fwp%2Fv2%2Fcomments&post=1409"}],"version-history":[{"count":2,"href":"https:\/\/laprensacristiana.com\/index.php?rest_route=\/wp\/v2\/posts\/1409\/revisions"}],"predecessor-version":[{"id":1416,"href":"https:\/\/laprensacristiana.com\/index.php?rest_route=\/wp\/v2\/posts\/1409\/revisions\/1416"}],"wp:featuredmedia":[{"embeddable":true,"href":"https:\/\/laprensacristiana.com\/index.php?rest_route=\/wp\/v2\/media\/1414"}],"wp:attachment":[{"href":"https:\/\/laprensacristiana.com\/index.php?rest_route=%2Fwp%2Fv2%2Fmedia&parent=1409"}],"wp:term":[{"taxonomy":"category","embeddable":true,"href":"https:\/\/laprensacristiana.com\/index.php?rest_route=%2Fwp%2Fv2%2Fcategories&post=1409"},{"taxonomy":"post_tag","embeddable":true,"href":"https:\/\/laprensacristiana.com\/index.php?rest_route=%2Fwp%2Fv2%2Ftags&post=1409"}],"curies":[{"name":"wp","href":"https:\/\/api.w.org\/{rel}","templated":true}]}}