{"id":14166,"date":"2023-02-01T14:59:05","date_gmt":"2023-02-01T14:59:05","guid":{"rendered":"https:\/\/laprensacristiana.com\/?p=14166"},"modified":"2023-02-01T14:59:06","modified_gmt":"2023-02-01T14:59:06","slug":"me-hizo-olvidar","status":"publish","type":"post","link":"https:\/\/laprensacristiana.com\/?p=14166","title":{"rendered":"Me hizo olvidar"},"content":{"rendered":"\n<p>Genesis 41:51 &nbsp;\u201cDios me ha hecho olvidar\u2026&nbsp;toda la casa de mi padre\u201d<\/p>\n\n\n\n<p>Amado por su padre porque era el primer hijo de la mujer que m\u00e1s hab\u00eda amado. &nbsp;Consentido por&nbsp;\u00e9l, pero rechazado, odiado y segregado por sus hermanos.<\/p>\n\n\n\n<p>Si, vest\u00eda una t\u00fanica hecha especialmente para&nbsp;\u00e9l. Era de colores y muy elegante. Era una t\u00fanica de estudiante de Tor\u00e1. Es decir, naci\u00f3&nbsp;para ser pr\u00edncipe. Fue educado para ser persona especial. Por lo tanto, era muy consagrado no solo al estudio de la Biblia pero tambi\u00e9n de otras ciencias. Quiz\u00e1&nbsp;era un lector asiduo y consagrado de los grandes sabios de la&nbsp;\u00e9poca.<\/p>\n\n\n\n<p>Versado en las ciencias y en las artes, ten\u00eda una facilidad innata para aprender idiomas. Y, por sobre todo, Dios lo amaba y lo hab\u00eda escogido para ser un paradigma llegado el momento.&nbsp;<\/p>\n\n\n\n<p>Su familia adoraba a Jehov\u00e1. Su padre, Jacob, era un hacedor de altares como su abuelo Abraham. En su casa se hac\u00edan altares a su Dios y se ofrec\u00edan sacrificios por el pecado y por todo aquello en que hubieran ofendido al Se\u00f1or.<\/p>\n\n\n\n<p>Eso lo vio desde peque\u00f1o y su desarrollo fue de una conducta impecable. Aborrec\u00eda todo lo que no fuera enmarcado en la vida de santidad. Dice la Escritura que cuando sus hermanos hac\u00edan cosas fuera de lo aceptable,&nbsp;\u00e9l corr\u00eda a su padre y le contaba todo lo que pasaba. Su padre le escuchaba y confiaba en sus informes para tomar cartas en el asunto.<\/p>\n\n\n\n<p>As\u00ed&nbsp;que su ni\u00f1ez y adolescencia fue en medio de cierto caos y desorden familiar. Como en todas las familias por supuesto. &nbsp;Por un lado, cantaban cantos e himnos al Se\u00f1or, despu\u00e9s se dedicaban a la cr\u00edtica, a la ma\u00f1oser\u00eda y a las trampas. Especialmente sus hermanos. Al Se\u00f1or se le dio por regalarle unos sue\u00f1os que en lugar de que provocaran el respeto y el asombro en su familia, sirvieron para alimentar el odio, el rechazo y la burla de sus hermanos.<\/p>\n\n\n\n<p>Incluso su propio padre, por uno de sus sue\u00f1os se enoj\u00f3&nbsp;tanto que se burl\u00f3&nbsp;de&nbsp;\u00e9l.&nbsp;\u201c\u00bfPretendes decir que yo y tu madre nos inclinaremos a ti?\u201d &nbsp;Cosas por el estilo fueron las que sufri\u00f3&nbsp;este joven predestinado para ser grande. &nbsp;Y fue precisamente esa predestinaci\u00f3n la que provoc\u00f3&nbsp;que sus hermanos quisieran matarlo primero y luego decidieron venderlo como esclavo a unos comerciantes que se dedicaban a ese negocio.<\/p>\n\n\n\n<p>Imaginemos el sufrimiento, la soledad y la desilusi\u00f3n que sufri\u00f3&nbsp;nuestro hermano Jos\u00e9&nbsp;a causa de la doble moral que su familia ten\u00eda con respecto a la adoraci\u00f3n y b\u00fasqueda del Dios de Abraham, de Isaac y de Jacob. Era algo incomprensible como pod\u00edan, unos minutos estar frente a un altar dizque adorando a Jehov\u00e1, y el siguiente minuto planeando como darle muerte.&nbsp;<\/p>\n\n\n\n<p>Eso fue lo que Jos\u00e9&nbsp;tuvo en su ni\u00f1ez y parte de su juventud. &nbsp;Pero ahora, en Egipto, despu\u00e9s de un periplo aproximadamente de unos veinte a\u00f1os, el Se\u00f1or empez\u00f3&nbsp;a cumplir sus sue\u00f1os. Para acortar la historia, me ir\u00e9&nbsp;al grano: Jos\u00e9&nbsp;se casa con la hija de Fara\u00f3n. Una egipcia que indudablemente conoci\u00f3&nbsp;la historia de Jos\u00e9. Seguramente para el ahora esposo de una egipcia debi\u00f3&nbsp;ser duro contarle c\u00f3mo su familia hab\u00eda ca\u00eddo tan bajo en su forma de vivir que tuvo que hacer una b\u00fasqueda personal e&nbsp;\u00edntima de su Dios para encontrar las respuestas que necesitaba.&nbsp;<\/p>\n\n\n\n<p>Porque para sus hermanos, la religi\u00f3n, las creencias religiosas, la forma en que adoraban, c\u00f3mo cre\u00edan en Dios, la percepci\u00f3n de Dios en la casa de su padre, lo que hicieron fue trastornar la imagen de Dios en la vida de Jos\u00e9. Y eso es lo que sucede en las familias, cuando critican al pastor, critican la iglesia, critican el mensaje, mantienen conductas de amargura en contra de Dios, desdibujando la imagen de Dios ante los mismos miembros de esa familia a tal grado que para muchos es dif\u00edcil creer en los pastores, en la Iglesia y sobre todo, en el Dios de Amor que tanto se ense\u00f1a.&nbsp;<\/p>\n\n\n\n<p>Es por eso que, ahora que Jos\u00e9&nbsp;es padre de Manas\u00e9s, decide ponerle un nombre que le haga olvidar. Que le haga olvidar&nbsp;\u201cla casa de su padre\u201d, o sea, olvidar aquellos malos ejemplos, aquel sufrimiento inmerecido, aquella incomprensi\u00f3n a sus sue\u00f1os. Olvidar aquel veneno que sus hermanos ten\u00edan dentro de ellos. Olvidar el ego\u00edsmo y la prepotencia con que le trataron. Con su hijo Manas\u00e9s, Jos\u00e9&nbsp;tuvo la oportunidad de ser diferente. Ser un verdadero adorador, servidor y seguidor del Dios de su tierra. Un mejor esposo y un mejor padre. Quiz\u00e1&nbsp;Jos\u00e9&nbsp;conoc\u00eda el consejo del Talmud:&nbsp;\u201cen el lugar donde no hay hombres, procura ser el mejor de los hombres\u201d. Y Jos\u00e9&nbsp;lo logr\u00f3. Primero, olvidar su pasado y luego enfrentar su presente y ser&nbsp;\u00fatil en el futuro.<\/p>\n\n\n\n<p>Usted conoce el resto de su historia.<\/p>\n","protected":false},"excerpt":{"rendered":"<p>Genesis 41:51 &nbsp;\u201cDios me ha hecho olvidar\u2026&nbsp;toda la casa de mi padre\u201d Amado por su padre porque era el primer hijo de la mujer que m\u00e1s hab\u00eda amado. &nbsp;Consentido por&nbsp;\u00e9l, pero rechazado, odiado y segregado por sus hermanos. Si, vest\u00eda una t\u00fanica hecha especialmente para&nbsp;\u00e9l. Era de colores y muy elegante. Era una t\u00fanica de [&hellip;]<\/p>\n","protected":false},"author":3,"featured_media":14150,"comment_status":"open","ping_status":"open","sticky":false,"template":"","format":"standard","meta":[],"categories":[36],"tags":[],"yoast_head":"<!-- This site is optimized with the Yoast SEO plugin v20.8 - https:\/\/yoast.com\/wordpress\/plugins\/seo\/ -->\n<title>Me hizo olvidar - La Prensa Cristiana<\/title>\n<meta name=\"robots\" content=\"index, follow, max-snippet:-1, max-image-preview:large, max-video-preview:-1\" \/>\n<link rel=\"canonical\" href=\"https:\/\/laprensacristiana.com\/?p=14166\" \/>\n<meta property=\"og:locale\" content=\"es_ES\" \/>\n<meta property=\"og:type\" content=\"article\" \/>\n<meta property=\"og:title\" content=\"Me hizo olvidar - La Prensa Cristiana\" \/>\n<meta property=\"og:description\" content=\"Genesis 41:51 &nbsp;\u201cDios me ha hecho olvidar\u2026&nbsp;toda la casa de mi padre\u201d Amado por su padre porque era el primer hijo de la mujer que m\u00e1s hab\u00eda amado. &nbsp;Consentido por&nbsp;\u00e9l, pero rechazado, odiado y segregado por sus hermanos. Si, vest\u00eda una t\u00fanica hecha especialmente para&nbsp;\u00e9l. Era de colores y muy elegante. Era una t\u00fanica de [&hellip;]\" \/>\n<meta property=\"og:url\" content=\"https:\/\/laprensacristiana.com\/?p=14166\" \/>\n<meta property=\"og:site_name\" content=\"La Prensa Cristiana\" \/>\n<meta property=\"article:published_time\" content=\"2023-02-01T14:59:05+00:00\" \/>\n<meta property=\"article:modified_time\" content=\"2023-02-01T14:59:06+00:00\" \/>\n<meta property=\"og:image\" content=\"https:\/\/laprensacristiana.com\/wp-content\/uploads\/2023\/01\/1F11EC58-FE18-48A4-826F-4E98CC130973.png\" \/>\n\t<meta property=\"og:image:width\" content=\"1280\" \/>\n\t<meta property=\"og:image:height\" content=\"714\" \/>\n\t<meta property=\"og:image:type\" content=\"image\/png\" \/>\n<meta name=\"author\" content=\"EDITOR\" \/>\n<meta name=\"twitter:card\" content=\"summary_large_image\" \/>\n<meta name=\"twitter:label1\" content=\"Escrito por\" \/>\n\t<meta name=\"twitter:data1\" content=\"EDITOR\" \/>\n\t<meta name=\"twitter:label2\" content=\"Tiempo de lectura\" \/>\n\t<meta name=\"twitter:data2\" content=\"5 minutos\" \/>\n<script type=\"application\/ld+json\" class=\"yoast-schema-graph\">{\"@context\":\"https:\/\/schema.org\",\"@graph\":[{\"@type\":\"WebPage\",\"@id\":\"https:\/\/laprensacristiana.com\/?p=14166\",\"url\":\"https:\/\/laprensacristiana.com\/?p=14166\",\"name\":\"Me hizo olvidar - La Prensa Cristiana\",\"isPartOf\":{\"@id\":\"https:\/\/laprensacristiana.com\/#website\"},\"datePublished\":\"2023-02-01T14:59:05+00:00\",\"dateModified\":\"2023-02-01T14:59:06+00:00\",\"author\":{\"@id\":\"https:\/\/laprensacristiana.com\/#\/schema\/person\/3e7d82c6bfd6b1fa67010f8f7cd5256e\"},\"breadcrumb\":{\"@id\":\"https:\/\/laprensacristiana.com\/?p=14166#breadcrumb\"},\"inLanguage\":\"es\",\"potentialAction\":[{\"@type\":\"ReadAction\",\"target\":[\"https:\/\/laprensacristiana.com\/?p=14166\"]}]},{\"@type\":\"BreadcrumbList\",\"@id\":\"https:\/\/laprensacristiana.com\/?p=14166#breadcrumb\",\"itemListElement\":[{\"@type\":\"ListItem\",\"position\":1,\"name\":\"Portada\",\"item\":\"https:\/\/laprensacristiana.com\/\"},{\"@type\":\"ListItem\",\"position\":2,\"name\":\"Me hizo olvidar\"}]},{\"@type\":\"WebSite\",\"@id\":\"https:\/\/laprensacristiana.com\/#website\",\"url\":\"https:\/\/laprensacristiana.com\/\",\"name\":\"La Prensa Cristiana\",\"description\":\"Anunciando Las Buenas Nuevas\",\"potentialAction\":[{\"@type\":\"SearchAction\",\"target\":{\"@type\":\"EntryPoint\",\"urlTemplate\":\"https:\/\/laprensacristiana.com\/?s={search_term_string}\"},\"query-input\":\"required name=search_term_string\"}],\"inLanguage\":\"es\"},{\"@type\":\"Person\",\"@id\":\"https:\/\/laprensacristiana.com\/#\/schema\/person\/3e7d82c6bfd6b1fa67010f8f7cd5256e\",\"name\":\"EDITOR\",\"image\":{\"@type\":\"ImageObject\",\"inLanguage\":\"es\",\"@id\":\"https:\/\/laprensacristiana.com\/#\/schema\/person\/image\/\",\"url\":\"https:\/\/secure.gravatar.com\/avatar\/72069dfb6c13772d9e8381e3638666d2?s=96&d=mm&r=g\",\"contentUrl\":\"https:\/\/secure.gravatar.com\/avatar\/72069dfb6c13772d9e8381e3638666d2?s=96&d=mm&r=g\",\"caption\":\"EDITOR\"},\"url\":\"https:\/\/laprensacristiana.com\/?author=3\"}]}<\/script>\n<!-- \/ Yoast SEO plugin. -->","yoast_head_json":{"title":"Me hizo olvidar - La Prensa Cristiana","robots":{"index":"index","follow":"follow","max-snippet":"max-snippet:-1","max-image-preview":"max-image-preview:large","max-video-preview":"max-video-preview:-1"},"canonical":"https:\/\/laprensacristiana.com\/?p=14166","og_locale":"es_ES","og_type":"article","og_title":"Me hizo olvidar - La Prensa Cristiana","og_description":"Genesis 41:51 &nbsp;\u201cDios me ha hecho olvidar\u2026&nbsp;toda la casa de mi padre\u201d Amado por su padre porque era el primer hijo de la mujer que m\u00e1s hab\u00eda amado. &nbsp;Consentido por&nbsp;\u00e9l, pero rechazado, odiado y segregado por sus hermanos. Si, vest\u00eda una t\u00fanica hecha especialmente para&nbsp;\u00e9l. Era de colores y muy elegante. Era una t\u00fanica de [&hellip;]","og_url":"https:\/\/laprensacristiana.com\/?p=14166","og_site_name":"La Prensa Cristiana","article_published_time":"2023-02-01T14:59:05+00:00","article_modified_time":"2023-02-01T14:59:06+00:00","og_image":[{"width":1280,"height":714,"url":"https:\/\/laprensacristiana.com\/wp-content\/uploads\/2023\/01\/1F11EC58-FE18-48A4-826F-4E98CC130973.png","type":"image\/png"}],"author":"EDITOR","twitter_card":"summary_large_image","twitter_misc":{"Escrito por":"EDITOR","Tiempo de lectura":"5 minutos"},"schema":{"@context":"https:\/\/schema.org","@graph":[{"@type":"WebPage","@id":"https:\/\/laprensacristiana.com\/?p=14166","url":"https:\/\/laprensacristiana.com\/?p=14166","name":"Me hizo olvidar - La Prensa Cristiana","isPartOf":{"@id":"https:\/\/laprensacristiana.com\/#website"},"datePublished":"2023-02-01T14:59:05+00:00","dateModified":"2023-02-01T14:59:06+00:00","author":{"@id":"https:\/\/laprensacristiana.com\/#\/schema\/person\/3e7d82c6bfd6b1fa67010f8f7cd5256e"},"breadcrumb":{"@id":"https:\/\/laprensacristiana.com\/?p=14166#breadcrumb"},"inLanguage":"es","potentialAction":[{"@type":"ReadAction","target":["https:\/\/laprensacristiana.com\/?p=14166"]}]},{"@type":"BreadcrumbList","@id":"https:\/\/laprensacristiana.com\/?p=14166#breadcrumb","itemListElement":[{"@type":"ListItem","position":1,"name":"Portada","item":"https:\/\/laprensacristiana.com\/"},{"@type":"ListItem","position":2,"name":"Me hizo olvidar"}]},{"@type":"WebSite","@id":"https:\/\/laprensacristiana.com\/#website","url":"https:\/\/laprensacristiana.com\/","name":"La Prensa Cristiana","description":"Anunciando Las Buenas Nuevas","potentialAction":[{"@type":"SearchAction","target":{"@type":"EntryPoint","urlTemplate":"https:\/\/laprensacristiana.com\/?s={search_term_string}"},"query-input":"required name=search_term_string"}],"inLanguage":"es"},{"@type":"Person","@id":"https:\/\/laprensacristiana.com\/#\/schema\/person\/3e7d82c6bfd6b1fa67010f8f7cd5256e","name":"EDITOR","image":{"@type":"ImageObject","inLanguage":"es","@id":"https:\/\/laprensacristiana.com\/#\/schema\/person\/image\/","url":"https:\/\/secure.gravatar.com\/avatar\/72069dfb6c13772d9e8381e3638666d2?s=96&d=mm&r=g","contentUrl":"https:\/\/secure.gravatar.com\/avatar\/72069dfb6c13772d9e8381e3638666d2?s=96&d=mm&r=g","caption":"EDITOR"},"url":"https:\/\/laprensacristiana.com\/?author=3"}]}},"_links":{"self":[{"href":"https:\/\/laprensacristiana.com\/index.php?rest_route=\/wp\/v2\/posts\/14166"}],"collection":[{"href":"https:\/\/laprensacristiana.com\/index.php?rest_route=\/wp\/v2\/posts"}],"about":[{"href":"https:\/\/laprensacristiana.com\/index.php?rest_route=\/wp\/v2\/types\/post"}],"author":[{"embeddable":true,"href":"https:\/\/laprensacristiana.com\/index.php?rest_route=\/wp\/v2\/users\/3"}],"replies":[{"embeddable":true,"href":"https:\/\/laprensacristiana.com\/index.php?rest_route=%2Fwp%2Fv2%2Fcomments&post=14166"}],"version-history":[{"count":1,"href":"https:\/\/laprensacristiana.com\/index.php?rest_route=\/wp\/v2\/posts\/14166\/revisions"}],"predecessor-version":[{"id":14167,"href":"https:\/\/laprensacristiana.com\/index.php?rest_route=\/wp\/v2\/posts\/14166\/revisions\/14167"}],"wp:featuredmedia":[{"embeddable":true,"href":"https:\/\/laprensacristiana.com\/index.php?rest_route=\/wp\/v2\/media\/14150"}],"wp:attachment":[{"href":"https:\/\/laprensacristiana.com\/index.php?rest_route=%2Fwp%2Fv2%2Fmedia&parent=14166"}],"wp:term":[{"taxonomy":"category","embeddable":true,"href":"https:\/\/laprensacristiana.com\/index.php?rest_route=%2Fwp%2Fv2%2Fcategories&post=14166"},{"taxonomy":"post_tag","embeddable":true,"href":"https:\/\/laprensacristiana.com\/index.php?rest_route=%2Fwp%2Fv2%2Ftags&post=14166"}],"curies":[{"name":"wp","href":"https:\/\/api.w.org\/{rel}","templated":true}]}}