{"id":14168,"date":"2023-02-03T14:47:21","date_gmt":"2023-02-03T14:47:21","guid":{"rendered":"https:\/\/laprensacristiana.com\/?p=14168"},"modified":"2023-02-03T14:47:22","modified_gmt":"2023-02-03T14:47:22","slug":"perseguidos","status":"publish","type":"post","link":"https:\/\/laprensacristiana.com\/?p=14168","title":{"rendered":"Perseguidos"},"content":{"rendered":"\n<p>G\u00e9nesis 32:27-28&nbsp; \u201cY \u00e9l le dijo: \u00bfC\u00f3mo te llamas? Y \u00e9l respondi\u00f3: Jacob. Y el hombre dijo: Ya no ser\u00e1 tu nombre Jacob, sino Israel\u2026\u201d<\/p>\n\n\n\n<p>\u00bfNo se ha preguntado usted por qu\u00e9 muchos cristianos le caemos mal al mundo?&nbsp; \u00bfPor qu\u00e9 es que sin conocernos nos tratan a veces mal, nos rechazan y nos hacen a un lado?&nbsp; Muchas de las personas que nos segregan ni cuenta se dan que act\u00faan de esa manera contra nosotros.<\/p>\n\n\n\n<p>Somos nosotros quienes nos damos cuenta que cuando llegamos a alg\u00fan lugar pueden suceder dos cosas: O nos reciben bien, con cordialidad y amabilidad o todo lo contrario. Nos hacen sentir rechazados y nos hacen esperar largo tiempo para atendernos.<\/p>\n\n\n\n<p>Todo se debe al cambio de nombre.<\/p>\n\n\n\n<p>Y no se trata del cambio de DUI ni de ning\u00fan otro documento de identidad.&nbsp; Se trata de lo que somos en el mundo espiritual. Es la lucha eterna entre el bien y el mal. Es asunto de tinieblas contra la luz. As\u00ed de sencillo. Y eso, en vez de molestarnos, debiera hacernos sentir bien. Porque significa que nos ven de una forma que ellos -los del mundo de la tinieblas-, no soportan tenernos entre ellos. Mientras m\u00e1s r\u00e1pido nos vayamos de ese entorno mejor para ellos.<\/p>\n\n\n\n<p>El problema es que muchos cristianos no lo entendemos as\u00ed y entonces, cuando nos rechazan o nos tratan mal o nos cobran lo indebido, corremos a la Defensor\u00eda del Pueblo a demandar a quienes lo hacen, en lugar de correr a la Presencia de nuestro Dios y refugiarnos a su Sombra para que nos defienda.<\/p>\n\n\n\n<p>Durante muchos a\u00f1os (unos veinticinco quiz\u00e1), tuve mi cuenta corriente personal en uno de los bancos del sistema.&nbsp; Siempre trat\u00e9 de mantenerla al d\u00eda, con mis dep\u00f3sitos mensuales y movimientos legales. Evit\u00e9 en lo posible hacer pr\u00e9stamos personales y si alguna vez lo hice, lo cancel\u00e9 antes del tiempo del vencimiento. Trat\u00e9 siempre de ser un buen cliente no solo para cuidar mi nombre sino dar un testimonio de acuerdo a mi fe en Cristo.<\/p>\n\n\n\n<p>Pero al transcurrir del tiempo, ese banco pas\u00f3 por varias manos. Fue vendido una y otra vez hasta que lleg\u00f3 al \u00faltimo estado en que actualmente se encuentra. Cual fue mi sorpresa entonces, cuando har\u00e1 cosa de unos tres o cuatro a\u00f1os recib\u00ed una carta de ese banco en donde me \u201cinvitaban\u201d a presentarme a la agencia en donde hab\u00eda abierto mi cuenta hace varios a\u00f1os, porque ten\u00eda un asunto que arreglar.<\/p>\n\n\n\n<p>Cuando me present\u00e9 ante la oficial que atend\u00eda mi caso, me hizo saber que mi cuenta quedaba cancelada y que me hab\u00edan preparado un cheque con mi saldo para que retirara los fondos que ten\u00eda hasta el momento. Mi sorprendi\u00f3. Sinceramente me sorprendi\u00f3. Cuando hice la pregunta obligada del por qu\u00e9 me cancelaban mi cuenta sin ning\u00fan motivo aparente, me explicaron que la pol\u00edtica del banco ahora era que a los pastores evang\u00e9licos no se les admit\u00eda como clientes de ese sistema. Cuando le expliqu\u00e9 a la se\u00f1ora que la cuenta la ten\u00eda yo, en forma personal y no a nombre de ninguna Iglesia, me explic\u00f3 que no importaba, lo que ellos ve\u00edan era que mi trabajo era de pastor evang\u00e9lico y que eso me colocaba en la l\u00ednea de los no aceptables.<\/p>\n\n\n\n<p>Como usted se imaginar\u00e1, tom\u00e9 el cheque, lo cambi\u00e9 y me fui a otro banco en donde me trataron con la dignidad no solo de mi persona pero tambi\u00e9n con la profesi\u00f3n que desarrollo.<\/p>\n\n\n\n<p>\u00bfY eso que tiene que ver con Jacob e Israel? Pues resulta que el var\u00f3n que lucha con \u00e9l en el vado de Jaboc, le pregunta su nombre. \u00c9ste le dice que Jacob. El que tanto sufri\u00f3 en la casa de Lab\u00e1n. El enga\u00f1ado. El amenazado por su hermano. Jacob el que tiene que hacer trampas para prosperar porque no le dejan opci\u00f3n. Es decir, el perseguido por la tragedia, los hombres y su propia familia.&nbsp; Pero ahora te llamar\u00e1s \u201cIsrael\u201d. Ahora te perseguir\u00e1n no por tu mala fama sino por tu fe en Dios. Como Jacob fuiste perseguido por ma\u00f1oso, por tramposo y mentiroso y otras linduras por el estilo. Pero ahora te perseguir\u00e1n no por p\u00edcaro ni por estafador, sino ser\u00e1s perseguido y rechazado por confesar que eres hijo de Dios. A causa de tu confianza en el Dios de Betel, ser\u00e1s perseguido y esclavizado. Pero no ser\u00e1 por tu causa, ser\u00e1 por la causa de Cristo. Por dar testimonio de tu creencia en el Dios que te provee y te protege. Y como Jacob, ten\u00edas que ver como te defend\u00edas de los que te abusaban, pero ahora ser\u00e1 el Dios de tu confianza quien pelear\u00e1 por ti. \u00c9l te defender\u00e1 de aquellos que abusen de ti. Porque has luchado contra los hombres y has vencido. Si a usted, como a mi, le persiguen por su fe en Cristo, t\u00e9ngase por dichoso dice la Escritura. G\u00f3cese en las diversas pruebas. Cristo es su Defensor, as\u00ed como el m\u00edo.<\/p>\n","protected":false},"excerpt":{"rendered":"<p>G\u00e9nesis 32:27-28&nbsp; \u201cY \u00e9l le dijo: \u00bfC\u00f3mo te llamas? Y \u00e9l respondi\u00f3: Jacob. Y el hombre dijo: Ya no ser\u00e1 tu nombre Jacob, sino Israel\u2026\u201d \u00bfNo se ha preguntado usted por qu\u00e9 muchos cristianos le caemos mal al mundo?&nbsp; \u00bfPor qu\u00e9 es que sin conocernos nos tratan a veces mal, nos rechazan y nos hacen [&hellip;]<\/p>\n","protected":false},"author":3,"featured_media":14150,"comment_status":"open","ping_status":"open","sticky":false,"template":"","format":"standard","meta":[],"categories":[36],"tags":[],"yoast_head":"<!-- This site is optimized with the Yoast SEO plugin v20.8 - https:\/\/yoast.com\/wordpress\/plugins\/seo\/ -->\n<title>Perseguidos - La Prensa Cristiana<\/title>\n<meta name=\"robots\" content=\"index, follow, max-snippet:-1, max-image-preview:large, max-video-preview:-1\" \/>\n<link rel=\"canonical\" href=\"https:\/\/laprensacristiana.com\/?p=14168\" \/>\n<meta property=\"og:locale\" content=\"es_ES\" \/>\n<meta property=\"og:type\" content=\"article\" \/>\n<meta property=\"og:title\" content=\"Perseguidos - La Prensa Cristiana\" \/>\n<meta property=\"og:description\" content=\"G\u00e9nesis 32:27-28&nbsp; \u201cY \u00e9l le dijo: \u00bfC\u00f3mo te llamas? Y \u00e9l respondi\u00f3: Jacob. Y el hombre dijo: Ya no ser\u00e1 tu nombre Jacob, sino Israel\u2026\u201d \u00bfNo se ha preguntado usted por qu\u00e9 muchos cristianos le caemos mal al mundo?&nbsp; \u00bfPor qu\u00e9 es que sin conocernos nos tratan a veces mal, nos rechazan y nos hacen [&hellip;]\" \/>\n<meta property=\"og:url\" content=\"https:\/\/laprensacristiana.com\/?p=14168\" \/>\n<meta property=\"og:site_name\" content=\"La Prensa Cristiana\" \/>\n<meta property=\"article:published_time\" content=\"2023-02-03T14:47:21+00:00\" \/>\n<meta property=\"article:modified_time\" content=\"2023-02-03T14:47:22+00:00\" \/>\n<meta property=\"og:image\" content=\"https:\/\/laprensacristiana.com\/wp-content\/uploads\/2023\/01\/1F11EC58-FE18-48A4-826F-4E98CC130973.png\" \/>\n\t<meta property=\"og:image:width\" content=\"1280\" \/>\n\t<meta property=\"og:image:height\" content=\"714\" \/>\n\t<meta property=\"og:image:type\" content=\"image\/png\" \/>\n<meta name=\"author\" content=\"EDITOR\" \/>\n<meta name=\"twitter:card\" content=\"summary_large_image\" \/>\n<meta name=\"twitter:label1\" content=\"Escrito por\" \/>\n\t<meta name=\"twitter:data1\" content=\"EDITOR\" \/>\n\t<meta name=\"twitter:label2\" content=\"Tiempo de lectura\" \/>\n\t<meta name=\"twitter:data2\" content=\"4 minutos\" \/>\n<script type=\"application\/ld+json\" class=\"yoast-schema-graph\">{\"@context\":\"https:\/\/schema.org\",\"@graph\":[{\"@type\":\"WebPage\",\"@id\":\"https:\/\/laprensacristiana.com\/?p=14168\",\"url\":\"https:\/\/laprensacristiana.com\/?p=14168\",\"name\":\"Perseguidos - La Prensa Cristiana\",\"isPartOf\":{\"@id\":\"https:\/\/laprensacristiana.com\/#website\"},\"datePublished\":\"2023-02-03T14:47:21+00:00\",\"dateModified\":\"2023-02-03T14:47:22+00:00\",\"author\":{\"@id\":\"https:\/\/laprensacristiana.com\/#\/schema\/person\/3e7d82c6bfd6b1fa67010f8f7cd5256e\"},\"breadcrumb\":{\"@id\":\"https:\/\/laprensacristiana.com\/?p=14168#breadcrumb\"},\"inLanguage\":\"es\",\"potentialAction\":[{\"@type\":\"ReadAction\",\"target\":[\"https:\/\/laprensacristiana.com\/?p=14168\"]}]},{\"@type\":\"BreadcrumbList\",\"@id\":\"https:\/\/laprensacristiana.com\/?p=14168#breadcrumb\",\"itemListElement\":[{\"@type\":\"ListItem\",\"position\":1,\"name\":\"Portada\",\"item\":\"https:\/\/laprensacristiana.com\/\"},{\"@type\":\"ListItem\",\"position\":2,\"name\":\"Perseguidos\"}]},{\"@type\":\"WebSite\",\"@id\":\"https:\/\/laprensacristiana.com\/#website\",\"url\":\"https:\/\/laprensacristiana.com\/\",\"name\":\"La Prensa Cristiana\",\"description\":\"Anunciando Las Buenas Nuevas\",\"potentialAction\":[{\"@type\":\"SearchAction\",\"target\":{\"@type\":\"EntryPoint\",\"urlTemplate\":\"https:\/\/laprensacristiana.com\/?s={search_term_string}\"},\"query-input\":\"required name=search_term_string\"}],\"inLanguage\":\"es\"},{\"@type\":\"Person\",\"@id\":\"https:\/\/laprensacristiana.com\/#\/schema\/person\/3e7d82c6bfd6b1fa67010f8f7cd5256e\",\"name\":\"EDITOR\",\"image\":{\"@type\":\"ImageObject\",\"inLanguage\":\"es\",\"@id\":\"https:\/\/laprensacristiana.com\/#\/schema\/person\/image\/\",\"url\":\"https:\/\/secure.gravatar.com\/avatar\/72069dfb6c13772d9e8381e3638666d2?s=96&d=mm&r=g\",\"contentUrl\":\"https:\/\/secure.gravatar.com\/avatar\/72069dfb6c13772d9e8381e3638666d2?s=96&d=mm&r=g\",\"caption\":\"EDITOR\"},\"url\":\"https:\/\/laprensacristiana.com\/?author=3\"}]}<\/script>\n<!-- \/ Yoast SEO plugin. -->","yoast_head_json":{"title":"Perseguidos - La Prensa Cristiana","robots":{"index":"index","follow":"follow","max-snippet":"max-snippet:-1","max-image-preview":"max-image-preview:large","max-video-preview":"max-video-preview:-1"},"canonical":"https:\/\/laprensacristiana.com\/?p=14168","og_locale":"es_ES","og_type":"article","og_title":"Perseguidos - La Prensa Cristiana","og_description":"G\u00e9nesis 32:27-28&nbsp; \u201cY \u00e9l le dijo: \u00bfC\u00f3mo te llamas? Y \u00e9l respondi\u00f3: Jacob. Y el hombre dijo: Ya no ser\u00e1 tu nombre Jacob, sino Israel\u2026\u201d \u00bfNo se ha preguntado usted por qu\u00e9 muchos cristianos le caemos mal al mundo?&nbsp; \u00bfPor qu\u00e9 es que sin conocernos nos tratan a veces mal, nos rechazan y nos hacen [&hellip;]","og_url":"https:\/\/laprensacristiana.com\/?p=14168","og_site_name":"La Prensa Cristiana","article_published_time":"2023-02-03T14:47:21+00:00","article_modified_time":"2023-02-03T14:47:22+00:00","og_image":[{"width":1280,"height":714,"url":"https:\/\/laprensacristiana.com\/wp-content\/uploads\/2023\/01\/1F11EC58-FE18-48A4-826F-4E98CC130973.png","type":"image\/png"}],"author":"EDITOR","twitter_card":"summary_large_image","twitter_misc":{"Escrito por":"EDITOR","Tiempo de lectura":"4 minutos"},"schema":{"@context":"https:\/\/schema.org","@graph":[{"@type":"WebPage","@id":"https:\/\/laprensacristiana.com\/?p=14168","url":"https:\/\/laprensacristiana.com\/?p=14168","name":"Perseguidos - La Prensa Cristiana","isPartOf":{"@id":"https:\/\/laprensacristiana.com\/#website"},"datePublished":"2023-02-03T14:47:21+00:00","dateModified":"2023-02-03T14:47:22+00:00","author":{"@id":"https:\/\/laprensacristiana.com\/#\/schema\/person\/3e7d82c6bfd6b1fa67010f8f7cd5256e"},"breadcrumb":{"@id":"https:\/\/laprensacristiana.com\/?p=14168#breadcrumb"},"inLanguage":"es","potentialAction":[{"@type":"ReadAction","target":["https:\/\/laprensacristiana.com\/?p=14168"]}]},{"@type":"BreadcrumbList","@id":"https:\/\/laprensacristiana.com\/?p=14168#breadcrumb","itemListElement":[{"@type":"ListItem","position":1,"name":"Portada","item":"https:\/\/laprensacristiana.com\/"},{"@type":"ListItem","position":2,"name":"Perseguidos"}]},{"@type":"WebSite","@id":"https:\/\/laprensacristiana.com\/#website","url":"https:\/\/laprensacristiana.com\/","name":"La Prensa Cristiana","description":"Anunciando Las Buenas Nuevas","potentialAction":[{"@type":"SearchAction","target":{"@type":"EntryPoint","urlTemplate":"https:\/\/laprensacristiana.com\/?s={search_term_string}"},"query-input":"required name=search_term_string"}],"inLanguage":"es"},{"@type":"Person","@id":"https:\/\/laprensacristiana.com\/#\/schema\/person\/3e7d82c6bfd6b1fa67010f8f7cd5256e","name":"EDITOR","image":{"@type":"ImageObject","inLanguage":"es","@id":"https:\/\/laprensacristiana.com\/#\/schema\/person\/image\/","url":"https:\/\/secure.gravatar.com\/avatar\/72069dfb6c13772d9e8381e3638666d2?s=96&d=mm&r=g","contentUrl":"https:\/\/secure.gravatar.com\/avatar\/72069dfb6c13772d9e8381e3638666d2?s=96&d=mm&r=g","caption":"EDITOR"},"url":"https:\/\/laprensacristiana.com\/?author=3"}]}},"_links":{"self":[{"href":"https:\/\/laprensacristiana.com\/index.php?rest_route=\/wp\/v2\/posts\/14168"}],"collection":[{"href":"https:\/\/laprensacristiana.com\/index.php?rest_route=\/wp\/v2\/posts"}],"about":[{"href":"https:\/\/laprensacristiana.com\/index.php?rest_route=\/wp\/v2\/types\/post"}],"author":[{"embeddable":true,"href":"https:\/\/laprensacristiana.com\/index.php?rest_route=\/wp\/v2\/users\/3"}],"replies":[{"embeddable":true,"href":"https:\/\/laprensacristiana.com\/index.php?rest_route=%2Fwp%2Fv2%2Fcomments&post=14168"}],"version-history":[{"count":1,"href":"https:\/\/laprensacristiana.com\/index.php?rest_route=\/wp\/v2\/posts\/14168\/revisions"}],"predecessor-version":[{"id":14169,"href":"https:\/\/laprensacristiana.com\/index.php?rest_route=\/wp\/v2\/posts\/14168\/revisions\/14169"}],"wp:featuredmedia":[{"embeddable":true,"href":"https:\/\/laprensacristiana.com\/index.php?rest_route=\/wp\/v2\/media\/14150"}],"wp:attachment":[{"href":"https:\/\/laprensacristiana.com\/index.php?rest_route=%2Fwp%2Fv2%2Fmedia&parent=14168"}],"wp:term":[{"taxonomy":"category","embeddable":true,"href":"https:\/\/laprensacristiana.com\/index.php?rest_route=%2Fwp%2Fv2%2Fcategories&post=14168"},{"taxonomy":"post_tag","embeddable":true,"href":"https:\/\/laprensacristiana.com\/index.php?rest_route=%2Fwp%2Fv2%2Ftags&post=14168"}],"curies":[{"name":"wp","href":"https:\/\/api.w.org\/{rel}","templated":true}]}}