{"id":14170,"date":"2023-02-04T16:22:19","date_gmt":"2023-02-04T16:22:19","guid":{"rendered":"https:\/\/laprensacristiana.com\/?p=14170"},"modified":"2023-02-04T17:04:26","modified_gmt":"2023-02-04T17:04:26","slug":"fuerte-soy-cancion-dedicada-a-la-ninez-y-adolescencia-salvadorena","status":"publish","type":"post","link":"https:\/\/laprensacristiana.com\/?p=14170","title":{"rendered":"\u201cFuerte Soy\u201d, canci\u00f3n dedicada a la ni\u00f1ez y adolescencia salvadore\u00f1a"},"content":{"rendered":"\n<p>World Vision El Salvador lanza junto con el grupo musical LION RFC el tema musical \u201cFuerte Soy\u201d, dedicado a la ni\u00f1ez y adolescencia.<\/p>\n\n\n\n<p><br>\u201cFuerte soy\u201d, es una canci\u00f3n inspirada en la ni\u00f1ez so\u00f1adora, creativa y llena de amor, que conoce sus derechos fundamentales y el valor que Dios les ha dado, adem\u00e1s de la fortaleza para salir adelante y triunfar.<\/p>\n\n\n\n<p><br>El lanzamiento de la canci\u00f3n se llev\u00f3 a cabo el 4 de febrero con un evento interactivo de la ni\u00f1ez con los personajes Pinwui y Cone de la UPA, la radio de los ni\u00f1os y ni\u00f1as. Fue precedida por World Vision El Salvador y Karlos Valle, solista de Lion RFC como una herencia para la ni\u00f1ez salvadore\u00f1a.<\/p>\n\n\n\n<p><br>El mensaje de la canci\u00f3n con su ritmo infantil anima a la ni\u00f1ez a ser feliz y a los adultos a proteger, cuidar y amar con ternura a este grupo que es el presente y futuro.<\/p>\n\n\n\n<p><br>Grupo Lion, nace en el a\u00f1o 2009 con la visi\u00f3n de hacer m\u00fasica con prop\u00f3sito a trav\u00e9s del \u00abReggae Gospel\u00bb. Comprometidos con Dios, su pa\u00eds y el mundo entero, con el fin de guiar a los j\u00f3venes a los pies de Jes\u00fas y continuar ganando almas para Cristo, trabajando con j\u00f3venes con adicciones, abandono y sufrimiento en las calles.<\/p>\n\n\n\n<p><br>Con 12 a\u00f1os de trayectoria, LION RFC, actualmente se encuentran trabajando en su 6ta producci\u00f3n llamada \u00abReggae Fusion\u00bb. Trabajando de cerca con la juventud del pa\u00eds, de la mano con ONG \u0301s que promueven la protecci\u00f3n a la ni\u00f1ez, el crecimiento espiritual de los ni\u00f1os y j\u00f3venes, impartiendo talleres de m\u00fasica, estudios b\u00edblicos, entre otros.<\/p>\n\n\n\n<p><br>Por su parte, World Vision El Salvador trabaja desde hace 47 a\u00f1os en El Salvador, como una organizaci\u00f3n cristiana, internacional, humanitaria, dedicada a transformar las vidas de los m\u00e1s vulnerables: la ni\u00f1ez, sus familias y comunidades; as\u00ed como las de sus socios, personas voluntarias, colaboradores y donantes, quienes de coraz\u00f3n se suman a la causa de construir Futuros m\u00e1s Brillantes para la ni\u00f1ez y adolescencia.<\/p>\n\n\n\n<p><br>El llamado de World Vision es que todos y todas se unan a trabajar por el bienestar, cuidado y la protecci\u00f3n de la ni\u00f1ez y adolescencia bajo un enfoque de derechos, impulsando la participaci\u00f3n activa y generando espacios de opini\u00f3n de estos grupos. Para ello, involucra a las familias y comunidades, quienes a trav\u00e9s de la formaci\u00f3n , gu\u00eda y acompa\u00f1amiento construyen relaciones armoniosas, pac\u00edficas, cultivando los valores, el amor y la ternura hacia la ni\u00f1ez.<\/p>\n\n\n\n<p><br>Invitamos a que escuchen la canci\u00f3n \u201cFuerte soy\u201d, que la hagan parte de su anhelo porque cada ni\u00f1a y ni\u00f1o, alcance un presente y un futuro brillante donde goce de la plenitud de vida en Dios.<\/p>\n\n\n\n<p><br>Puedes encontrarles en sus redes sociales:  WorldVisionSV\/ y su p\u00e1gina web: www.worldvision.org.sv\/<\/p>\n\n\n\n<figure class=\"wp-block-embed-youtube wp-block-embed is-type-video is-provider-youtube wp-embed-aspect-16-9 wp-has-aspect-ratio\"><div class=\"wp-block-embed__wrapper\">\n<iframe loading=\"lazy\" title=\"Fuerte Soy - World Vision El Salvador y LION RFC\" width=\"696\" height=\"392\" src=\"https:\/\/www.youtube.com\/embed\/oH96-HXYoCw?feature=oembed&#038;enablejsapi=1\" frameborder=\"0\" allow=\"accelerometer; autoplay; clipboard-write; encrypted-media; gyroscope; picture-in-picture; web-share\" allowfullscreen><\/iframe>\n<\/div><\/figure>\n","protected":false},"excerpt":{"rendered":"<p>World Vision El Salvador lanza junto con el grupo musical LION RFC el tema musical \u201cFuerte Soy\u201d, dedicado a la ni\u00f1ez y adolescencia. \u201cFuerte soy\u201d, es una canci\u00f3n inspirada en la ni\u00f1ez so\u00f1adora, creativa y llena de amor, que conoce sus derechos fundamentales y el valor que Dios les ha dado, adem\u00e1s de la fortaleza [&hellip;]<\/p>\n","protected":false},"author":3,"featured_media":14176,"comment_status":"open","ping_status":"open","sticky":false,"template":"","format":"standard","meta":[],"categories":[56],"tags":[],"yoast_head":"<!-- This site is optimized with the Yoast SEO plugin v20.8 - https:\/\/yoast.com\/wordpress\/plugins\/seo\/ -->\n<title>\u201cFuerte Soy\u201d, canci\u00f3n dedicada a la ni\u00f1ez y adolescencia salvadore\u00f1a - La Prensa Cristiana<\/title>\n<meta name=\"robots\" content=\"index, follow, max-snippet:-1, max-image-preview:large, max-video-preview:-1\" \/>\n<link rel=\"canonical\" href=\"https:\/\/laprensacristiana.com\/?p=14170\" \/>\n<meta property=\"og:locale\" content=\"es_ES\" \/>\n<meta property=\"og:type\" content=\"article\" \/>\n<meta property=\"og:title\" content=\"\u201cFuerte Soy\u201d, canci\u00f3n dedicada a la ni\u00f1ez y adolescencia salvadore\u00f1a - La Prensa Cristiana\" \/>\n<meta property=\"og:description\" content=\"World Vision El Salvador lanza junto con el grupo musical LION RFC el tema musical \u201cFuerte Soy\u201d, dedicado a la ni\u00f1ez y adolescencia. \u201cFuerte soy\u201d, es una canci\u00f3n inspirada en la ni\u00f1ez so\u00f1adora, creativa y llena de amor, que conoce sus derechos fundamentales y el valor que Dios les ha dado, adem\u00e1s de la fortaleza [&hellip;]\" \/>\n<meta property=\"og:url\" content=\"https:\/\/laprensacristiana.com\/?p=14170\" \/>\n<meta property=\"og:site_name\" content=\"La Prensa Cristiana\" \/>\n<meta property=\"article:published_time\" content=\"2023-02-04T16:22:19+00:00\" \/>\n<meta property=\"article:modified_time\" content=\"2023-02-04T17:04:26+00:00\" \/>\n<meta property=\"og:image\" content=\"https:\/\/laprensacristiana.com\/wp-content\/uploads\/2023\/02\/AD8E2ABC-B2EB-44E1-8CE2-EFB93412F822.jpeg\" \/>\n\t<meta property=\"og:image:width\" content=\"1080\" \/>\n\t<meta property=\"og:image:height\" content=\"1080\" \/>\n\t<meta property=\"og:image:type\" content=\"image\/jpeg\" \/>\n<meta name=\"author\" content=\"EDITOR\" \/>\n<meta name=\"twitter:card\" content=\"summary_large_image\" \/>\n<meta name=\"twitter:label1\" content=\"Escrito por\" \/>\n\t<meta name=\"twitter:data1\" content=\"EDITOR\" \/>\n\t<meta name=\"twitter:label2\" content=\"Tiempo de lectura\" \/>\n\t<meta name=\"twitter:data2\" content=\"3 minutos\" \/>\n<script type=\"application\/ld+json\" class=\"yoast-schema-graph\">{\"@context\":\"https:\/\/schema.org\",\"@graph\":[{\"@type\":\"WebPage\",\"@id\":\"https:\/\/laprensacristiana.com\/?p=14170\",\"url\":\"https:\/\/laprensacristiana.com\/?p=14170\",\"name\":\"\u201cFuerte Soy\u201d, canci\u00f3n dedicada a la ni\u00f1ez y adolescencia salvadore\u00f1a - La Prensa Cristiana\",\"isPartOf\":{\"@id\":\"https:\/\/laprensacristiana.com\/#website\"},\"datePublished\":\"2023-02-04T16:22:19+00:00\",\"dateModified\":\"2023-02-04T17:04:26+00:00\",\"author\":{\"@id\":\"https:\/\/laprensacristiana.com\/#\/schema\/person\/3e7d82c6bfd6b1fa67010f8f7cd5256e\"},\"breadcrumb\":{\"@id\":\"https:\/\/laprensacristiana.com\/?p=14170#breadcrumb\"},\"inLanguage\":\"es\",\"potentialAction\":[{\"@type\":\"ReadAction\",\"target\":[\"https:\/\/laprensacristiana.com\/?p=14170\"]}]},{\"@type\":\"BreadcrumbList\",\"@id\":\"https:\/\/laprensacristiana.com\/?p=14170#breadcrumb\",\"itemListElement\":[{\"@type\":\"ListItem\",\"position\":1,\"name\":\"Portada\",\"item\":\"https:\/\/laprensacristiana.com\/\"},{\"@type\":\"ListItem\",\"position\":2,\"name\":\"\u201cFuerte Soy\u201d, canci\u00f3n dedicada a la ni\u00f1ez y adolescencia salvadore\u00f1a\"}]},{\"@type\":\"WebSite\",\"@id\":\"https:\/\/laprensacristiana.com\/#website\",\"url\":\"https:\/\/laprensacristiana.com\/\",\"name\":\"La Prensa Cristiana\",\"description\":\"Anunciando Las Buenas Nuevas\",\"potentialAction\":[{\"@type\":\"SearchAction\",\"target\":{\"@type\":\"EntryPoint\",\"urlTemplate\":\"https:\/\/laprensacristiana.com\/?s={search_term_string}\"},\"query-input\":\"required name=search_term_string\"}],\"inLanguage\":\"es\"},{\"@type\":\"Person\",\"@id\":\"https:\/\/laprensacristiana.com\/#\/schema\/person\/3e7d82c6bfd6b1fa67010f8f7cd5256e\",\"name\":\"EDITOR\",\"image\":{\"@type\":\"ImageObject\",\"inLanguage\":\"es\",\"@id\":\"https:\/\/laprensacristiana.com\/#\/schema\/person\/image\/\",\"url\":\"https:\/\/secure.gravatar.com\/avatar\/72069dfb6c13772d9e8381e3638666d2?s=96&d=mm&r=g\",\"contentUrl\":\"https:\/\/secure.gravatar.com\/avatar\/72069dfb6c13772d9e8381e3638666d2?s=96&d=mm&r=g\",\"caption\":\"EDITOR\"},\"url\":\"https:\/\/laprensacristiana.com\/?author=3\"}]}<\/script>\n<!-- \/ Yoast SEO plugin. -->","yoast_head_json":{"title":"\u201cFuerte Soy\u201d, canci\u00f3n dedicada a la ni\u00f1ez y adolescencia salvadore\u00f1a - La Prensa Cristiana","robots":{"index":"index","follow":"follow","max-snippet":"max-snippet:-1","max-image-preview":"max-image-preview:large","max-video-preview":"max-video-preview:-1"},"canonical":"https:\/\/laprensacristiana.com\/?p=14170","og_locale":"es_ES","og_type":"article","og_title":"\u201cFuerte Soy\u201d, canci\u00f3n dedicada a la ni\u00f1ez y adolescencia salvadore\u00f1a - La Prensa Cristiana","og_description":"World Vision El Salvador lanza junto con el grupo musical LION RFC el tema musical \u201cFuerte Soy\u201d, dedicado a la ni\u00f1ez y adolescencia. \u201cFuerte soy\u201d, es una canci\u00f3n inspirada en la ni\u00f1ez so\u00f1adora, creativa y llena de amor, que conoce sus derechos fundamentales y el valor que Dios les ha dado, adem\u00e1s de la fortaleza [&hellip;]","og_url":"https:\/\/laprensacristiana.com\/?p=14170","og_site_name":"La Prensa Cristiana","article_published_time":"2023-02-04T16:22:19+00:00","article_modified_time":"2023-02-04T17:04:26+00:00","og_image":[{"width":1080,"height":1080,"url":"https:\/\/laprensacristiana.com\/wp-content\/uploads\/2023\/02\/AD8E2ABC-B2EB-44E1-8CE2-EFB93412F822.jpeg","type":"image\/jpeg"}],"author":"EDITOR","twitter_card":"summary_large_image","twitter_misc":{"Escrito por":"EDITOR","Tiempo de lectura":"3 minutos"},"schema":{"@context":"https:\/\/schema.org","@graph":[{"@type":"WebPage","@id":"https:\/\/laprensacristiana.com\/?p=14170","url":"https:\/\/laprensacristiana.com\/?p=14170","name":"\u201cFuerte Soy\u201d, canci\u00f3n dedicada a la ni\u00f1ez y adolescencia salvadore\u00f1a - La Prensa Cristiana","isPartOf":{"@id":"https:\/\/laprensacristiana.com\/#website"},"datePublished":"2023-02-04T16:22:19+00:00","dateModified":"2023-02-04T17:04:26+00:00","author":{"@id":"https:\/\/laprensacristiana.com\/#\/schema\/person\/3e7d82c6bfd6b1fa67010f8f7cd5256e"},"breadcrumb":{"@id":"https:\/\/laprensacristiana.com\/?p=14170#breadcrumb"},"inLanguage":"es","potentialAction":[{"@type":"ReadAction","target":["https:\/\/laprensacristiana.com\/?p=14170"]}]},{"@type":"BreadcrumbList","@id":"https:\/\/laprensacristiana.com\/?p=14170#breadcrumb","itemListElement":[{"@type":"ListItem","position":1,"name":"Portada","item":"https:\/\/laprensacristiana.com\/"},{"@type":"ListItem","position":2,"name":"\u201cFuerte Soy\u201d, canci\u00f3n dedicada a la ni\u00f1ez y adolescencia salvadore\u00f1a"}]},{"@type":"WebSite","@id":"https:\/\/laprensacristiana.com\/#website","url":"https:\/\/laprensacristiana.com\/","name":"La Prensa Cristiana","description":"Anunciando Las Buenas Nuevas","potentialAction":[{"@type":"SearchAction","target":{"@type":"EntryPoint","urlTemplate":"https:\/\/laprensacristiana.com\/?s={search_term_string}"},"query-input":"required name=search_term_string"}],"inLanguage":"es"},{"@type":"Person","@id":"https:\/\/laprensacristiana.com\/#\/schema\/person\/3e7d82c6bfd6b1fa67010f8f7cd5256e","name":"EDITOR","image":{"@type":"ImageObject","inLanguage":"es","@id":"https:\/\/laprensacristiana.com\/#\/schema\/person\/image\/","url":"https:\/\/secure.gravatar.com\/avatar\/72069dfb6c13772d9e8381e3638666d2?s=96&d=mm&r=g","contentUrl":"https:\/\/secure.gravatar.com\/avatar\/72069dfb6c13772d9e8381e3638666d2?s=96&d=mm&r=g","caption":"EDITOR"},"url":"https:\/\/laprensacristiana.com\/?author=3"}]}},"_links":{"self":[{"href":"https:\/\/laprensacristiana.com\/index.php?rest_route=\/wp\/v2\/posts\/14170"}],"collection":[{"href":"https:\/\/laprensacristiana.com\/index.php?rest_route=\/wp\/v2\/posts"}],"about":[{"href":"https:\/\/laprensacristiana.com\/index.php?rest_route=\/wp\/v2\/types\/post"}],"author":[{"embeddable":true,"href":"https:\/\/laprensacristiana.com\/index.php?rest_route=\/wp\/v2\/users\/3"}],"replies":[{"embeddable":true,"href":"https:\/\/laprensacristiana.com\/index.php?rest_route=%2Fwp%2Fv2%2Fcomments&post=14170"}],"version-history":[{"count":4,"href":"https:\/\/laprensacristiana.com\/index.php?rest_route=\/wp\/v2\/posts\/14170\/revisions"}],"predecessor-version":[{"id":14177,"href":"https:\/\/laprensacristiana.com\/index.php?rest_route=\/wp\/v2\/posts\/14170\/revisions\/14177"}],"wp:featuredmedia":[{"embeddable":true,"href":"https:\/\/laprensacristiana.com\/index.php?rest_route=\/wp\/v2\/media\/14176"}],"wp:attachment":[{"href":"https:\/\/laprensacristiana.com\/index.php?rest_route=%2Fwp%2Fv2%2Fmedia&parent=14170"}],"wp:term":[{"taxonomy":"category","embeddable":true,"href":"https:\/\/laprensacristiana.com\/index.php?rest_route=%2Fwp%2Fv2%2Fcategories&post=14170"},{"taxonomy":"post_tag","embeddable":true,"href":"https:\/\/laprensacristiana.com\/index.php?rest_route=%2Fwp%2Fv2%2Ftags&post=14170"}],"curies":[{"name":"wp","href":"https:\/\/api.w.org\/{rel}","templated":true}]}}