{"id":14181,"date":"2023-02-06T15:50:15","date_gmt":"2023-02-06T15:50:15","guid":{"rendered":"https:\/\/laprensacristiana.com\/?p=14181"},"modified":"2023-02-06T15:50:17","modified_gmt":"2023-02-06T15:50:17","slug":"90-segundos-antes-del-acabo-de-mundo","status":"publish","type":"post","link":"https:\/\/laprensacristiana.com\/?p=14181","title":{"rendered":"90 segundos antes del acabo de mundo"},"content":{"rendered":"\n<p>De acuerdo a un grupo selecto de cient\u00edficos, nos encontrar\u00edamos muy cerca del final de la historia humana. Bueno, es m\u00e1s que eso: se trata del final de la vida como la conocemos.<\/p>\n\n\n\n<p>Ese grupo de cient\u00edficos, aparecieron cerca de un reloj que marcaba precisamente eso: los 90 segundos que faltan para el final. Y ellos, los cient\u00edficos, ten\u00edan una cara tan seria que no se prestaba para pensar que estaban bromeando.<\/p>\n\n\n\n<p>El Reloj del Apocalipsis, (en ingl\u00e9s Doomsday Clock, tambi\u00e9n llamado Reloj del Juicio Final) es un reloj simb\u00f3lico, mantenido desde 1947 por la junta directiva del Bulletin of the Atomic Scientists (Bolet\u00edn de Cient\u00edficos At\u00f3micos) de la Universidad de Chicago, Estados Unidos, que usa la analog\u00eda de la especie humana estando siempre \u00aba minutos de la medianoche\u00bb, donde la medianoche representa la \u00abdestrucci\u00f3n total y catastr\u00f3fica\u00bb de la Humanidad. Originalmente, la analog\u00eda representaba la amenaza de guerra nuclear global, pero desde hace alg\u00fan tiempo incluye cambios clim\u00e1ticos, y todo nuevo desarrollo en las ciencias y nanotecnolog\u00eda que pudiera infligir alg\u00fan da\u00f1o irreparable.<\/p>\n\n\n\n<p>Desde su concepci\u00f3n, el reloj ha aparecido en todas las portadas del Bulletin of the Atomic Scientists. Su primera representaci\u00f3n fue en 1947, cuando el cofundador de la revista, Hyman Goldsmith, le pidi\u00f3 a la artista Martyl Langsdorf (esposa del f\u00edsico del Proyecto Manhattan Alexander Langsdorf Jr.) que dise\u00f1ara una portada para la edici\u00f3n de la revista de junio de 1947.<\/p>\n\n\n\n<p>El n\u00famero de minutos para la medianoche \u2014que mide el grado de amenaza nuclear, ambiental y tecnol\u00f3gica para la Humanidad\u2014 es corregido peri\u00f3dicamente. El 25 de enero de 2018, el reloj se adelant\u00f3 desde \u00abtres minutos para la medianoche\u00bb, en donde estaba desde el 19 de enero del 2017, a \u00abdos minutos y medio para la medianoche\u00bb. El reloj fue actualizado en 2018, poniendo las agujas a dos minutos para la medianoche. Ha permanecido a esta hora en 2019. En enero de 2020 se adelant\u00f3 veinte segundos, y en enero de 2023 otros 10 segundos, qued\u00e1ndose a 90 segundos para la medianoche, lo que supone el momento en el que m\u00e1s cerca se ha situado de las 12 en su historia.<\/p>\n\n\n\n<p>\u00bfSer\u00e1 cre\u00edble todo esto? \u00bfHay bases \u201ccient\u00edficas\u201d para basar estas explicaciones y teor\u00edas en cuestiones que realmente amenacen la supervivencia humana?<\/p>\n\n\n\n<p>Nosotros hemos escrito varios art\u00edculos acerca de la posibilidad que el ser humano sea capaz de destruirse a s\u00ed mismo. (Incluso, grabamos un podcast acerca de \u201cLa civilizaci\u00f3n Autodestructiva\u201d junto a los periodistas de \u2018Entre Amigos con Gerson Garc\u00eda\u201d que se puede encontrar en Spotify).<\/p>\n\n\n\n<p>Porque somos capaces de construir grandes cosas, los seres humanos, tambi\u00e9n tenemos ese af\u00e1n destructivo que nos lleva a terminar con relaciones, trabajos, y la vida humana. Diversos g\u00e9neros musicales como la \u00f3pera, el tango o las rancheras nos ilustran gr\u00e1ficamente de ese ente que se anida en el alma de hombres y mujeres para acabar con todo y de una vez\u2026<\/p>\n\n\n\n<p>Entonces, el reloj ese -el del Apocalipsis o del Juicio Final- es para tomarlo en serio. Porque todo puede ser posible, para un ser humano que la psicolog\u00eda no puede clasificar ante sus reacciones poco predecibles. \u00a1Qu\u00e9 podemos decir de los l\u00edderes mundiales que viaja a todas partes con su malet\u00edn que contiene las claves para lanzar un ataque de bombas nucleares a quien se les ponga por delante en actitud amenazante!<\/p>\n\n\n\n<p>Ante esta realidad asombrosa -que ninguna pel\u00edcula de terror, con super h\u00e9roes incluidos puede imaginar- hoy nos encontramos con este reloj y con estos cient\u00edficos con caras adustas y que no nos transmiten confianza alguna, para que pensemos en poner la casa en orden, por si sucediera que estos 90 segundos de gracia se acortan demasiado\u2026<\/p>\n\n\n\n<p>\u00a1Qu\u00e9 lejas suenan las palabras de aqu\u00e9l que dijo que no estuvi\u00e9ramos ansiosos por nada, porque nadie puede a\u00f1adir un segundo a su vida! Pero, claro, la frase no se terminaba ah\u00ed, porque hab\u00eda una palabra de esperanza, que no se basaba en actitudes humanas, sino en esperar en un poder superior que pod\u00eda traer paz y esperanza al coraz\u00f3n del ser humano. Creer o no creer en ese poder, esa es la cuesti\u00f3n en que se debate el coraz\u00f3n y la mente humana. No es una decisi\u00f3n f\u00e1cil, pero es trascendental. Y nunca hemos usado esta palabra con el significado real que aquella tiene. Porque es as\u00ed: transciende esta existencia que conocemos.<\/p>\n\n\n\n<p>(Guillermo Serrano en Ideas y Voces).<\/p>\n","protected":false},"excerpt":{"rendered":"<p>De acuerdo a un grupo selecto de cient\u00edficos, nos encontrar\u00edamos muy cerca del final de la historia humana. Bueno, es m\u00e1s que eso: se trata del final de la vida como la conocemos. Ese grupo de cient\u00edficos, aparecieron cerca de un reloj que marcaba precisamente eso: los 90 segundos que faltan para el final. Y [&hellip;]<\/p>\n","protected":false},"author":3,"featured_media":12597,"comment_status":"open","ping_status":"open","sticky":false,"template":"","format":"standard","meta":[],"categories":[113],"tags":[],"yoast_head":"<!-- This site is optimized with the Yoast SEO plugin v20.8 - https:\/\/yoast.com\/wordpress\/plugins\/seo\/ -->\n<title>90 segundos antes del acabo de mundo - La Prensa Cristiana<\/title>\n<meta name=\"robots\" content=\"index, follow, max-snippet:-1, max-image-preview:large, max-video-preview:-1\" \/>\n<link rel=\"canonical\" href=\"https:\/\/laprensacristiana.com\/?p=14181\" \/>\n<meta property=\"og:locale\" content=\"es_ES\" \/>\n<meta property=\"og:type\" content=\"article\" \/>\n<meta property=\"og:title\" content=\"90 segundos antes del acabo de mundo - La Prensa Cristiana\" \/>\n<meta property=\"og:description\" content=\"De acuerdo a un grupo selecto de cient\u00edficos, nos encontrar\u00edamos muy cerca del final de la historia humana. Bueno, es m\u00e1s que eso: se trata del final de la vida como la conocemos. Ese grupo de cient\u00edficos, aparecieron cerca de un reloj que marcaba precisamente eso: los 90 segundos que faltan para el final. Y [&hellip;]\" \/>\n<meta property=\"og:url\" content=\"https:\/\/laprensacristiana.com\/?p=14181\" \/>\n<meta property=\"og:site_name\" content=\"La Prensa Cristiana\" \/>\n<meta property=\"article:published_time\" content=\"2023-02-06T15:50:15+00:00\" \/>\n<meta property=\"article:modified_time\" content=\"2023-02-06T15:50:17+00:00\" \/>\n<meta property=\"og:image\" content=\"https:\/\/laprensacristiana.com\/wp-content\/uploads\/2021\/09\/WhatsApp-Image-2021-09-27-at-08.58.18.jpeg\" \/>\n\t<meta property=\"og:image:width\" content=\"487\" \/>\n\t<meta property=\"og:image:height\" content=\"330\" \/>\n\t<meta property=\"og:image:type\" content=\"image\/jpeg\" \/>\n<meta name=\"author\" content=\"EDITOR\" \/>\n<meta name=\"twitter:card\" content=\"summary_large_image\" \/>\n<meta name=\"twitter:label1\" content=\"Escrito por\" \/>\n\t<meta name=\"twitter:data1\" content=\"EDITOR\" \/>\n\t<meta name=\"twitter:label2\" content=\"Tiempo de lectura\" \/>\n\t<meta name=\"twitter:data2\" content=\"4 minutos\" \/>\n<script type=\"application\/ld+json\" class=\"yoast-schema-graph\">{\"@context\":\"https:\/\/schema.org\",\"@graph\":[{\"@type\":\"WebPage\",\"@id\":\"https:\/\/laprensacristiana.com\/?p=14181\",\"url\":\"https:\/\/laprensacristiana.com\/?p=14181\",\"name\":\"90 segundos antes del acabo de mundo - La Prensa Cristiana\",\"isPartOf\":{\"@id\":\"https:\/\/laprensacristiana.com\/#website\"},\"datePublished\":\"2023-02-06T15:50:15+00:00\",\"dateModified\":\"2023-02-06T15:50:17+00:00\",\"author\":{\"@id\":\"https:\/\/laprensacristiana.com\/#\/schema\/person\/3e7d82c6bfd6b1fa67010f8f7cd5256e\"},\"breadcrumb\":{\"@id\":\"https:\/\/laprensacristiana.com\/?p=14181#breadcrumb\"},\"inLanguage\":\"es\",\"potentialAction\":[{\"@type\":\"ReadAction\",\"target\":[\"https:\/\/laprensacristiana.com\/?p=14181\"]}]},{\"@type\":\"BreadcrumbList\",\"@id\":\"https:\/\/laprensacristiana.com\/?p=14181#breadcrumb\",\"itemListElement\":[{\"@type\":\"ListItem\",\"position\":1,\"name\":\"Portada\",\"item\":\"https:\/\/laprensacristiana.com\/\"},{\"@type\":\"ListItem\",\"position\":2,\"name\":\"90 segundos antes del acabo de mundo\"}]},{\"@type\":\"WebSite\",\"@id\":\"https:\/\/laprensacristiana.com\/#website\",\"url\":\"https:\/\/laprensacristiana.com\/\",\"name\":\"La Prensa Cristiana\",\"description\":\"Anunciando Las Buenas Nuevas\",\"potentialAction\":[{\"@type\":\"SearchAction\",\"target\":{\"@type\":\"EntryPoint\",\"urlTemplate\":\"https:\/\/laprensacristiana.com\/?s={search_term_string}\"},\"query-input\":\"required name=search_term_string\"}],\"inLanguage\":\"es\"},{\"@type\":\"Person\",\"@id\":\"https:\/\/laprensacristiana.com\/#\/schema\/person\/3e7d82c6bfd6b1fa67010f8f7cd5256e\",\"name\":\"EDITOR\",\"image\":{\"@type\":\"ImageObject\",\"inLanguage\":\"es\",\"@id\":\"https:\/\/laprensacristiana.com\/#\/schema\/person\/image\/\",\"url\":\"https:\/\/secure.gravatar.com\/avatar\/72069dfb6c13772d9e8381e3638666d2?s=96&d=mm&r=g\",\"contentUrl\":\"https:\/\/secure.gravatar.com\/avatar\/72069dfb6c13772d9e8381e3638666d2?s=96&d=mm&r=g\",\"caption\":\"EDITOR\"},\"url\":\"https:\/\/laprensacristiana.com\/?author=3\"}]}<\/script>\n<!-- \/ Yoast SEO plugin. -->","yoast_head_json":{"title":"90 segundos antes del acabo de mundo - La Prensa Cristiana","robots":{"index":"index","follow":"follow","max-snippet":"max-snippet:-1","max-image-preview":"max-image-preview:large","max-video-preview":"max-video-preview:-1"},"canonical":"https:\/\/laprensacristiana.com\/?p=14181","og_locale":"es_ES","og_type":"article","og_title":"90 segundos antes del acabo de mundo - La Prensa Cristiana","og_description":"De acuerdo a un grupo selecto de cient\u00edficos, nos encontrar\u00edamos muy cerca del final de la historia humana. Bueno, es m\u00e1s que eso: se trata del final de la vida como la conocemos. Ese grupo de cient\u00edficos, aparecieron cerca de un reloj que marcaba precisamente eso: los 90 segundos que faltan para el final. Y [&hellip;]","og_url":"https:\/\/laprensacristiana.com\/?p=14181","og_site_name":"La Prensa Cristiana","article_published_time":"2023-02-06T15:50:15+00:00","article_modified_time":"2023-02-06T15:50:17+00:00","og_image":[{"width":487,"height":330,"url":"https:\/\/laprensacristiana.com\/wp-content\/uploads\/2021\/09\/WhatsApp-Image-2021-09-27-at-08.58.18.jpeg","type":"image\/jpeg"}],"author":"EDITOR","twitter_card":"summary_large_image","twitter_misc":{"Escrito por":"EDITOR","Tiempo de lectura":"4 minutos"},"schema":{"@context":"https:\/\/schema.org","@graph":[{"@type":"WebPage","@id":"https:\/\/laprensacristiana.com\/?p=14181","url":"https:\/\/laprensacristiana.com\/?p=14181","name":"90 segundos antes del acabo de mundo - La Prensa Cristiana","isPartOf":{"@id":"https:\/\/laprensacristiana.com\/#website"},"datePublished":"2023-02-06T15:50:15+00:00","dateModified":"2023-02-06T15:50:17+00:00","author":{"@id":"https:\/\/laprensacristiana.com\/#\/schema\/person\/3e7d82c6bfd6b1fa67010f8f7cd5256e"},"breadcrumb":{"@id":"https:\/\/laprensacristiana.com\/?p=14181#breadcrumb"},"inLanguage":"es","potentialAction":[{"@type":"ReadAction","target":["https:\/\/laprensacristiana.com\/?p=14181"]}]},{"@type":"BreadcrumbList","@id":"https:\/\/laprensacristiana.com\/?p=14181#breadcrumb","itemListElement":[{"@type":"ListItem","position":1,"name":"Portada","item":"https:\/\/laprensacristiana.com\/"},{"@type":"ListItem","position":2,"name":"90 segundos antes del acabo de mundo"}]},{"@type":"WebSite","@id":"https:\/\/laprensacristiana.com\/#website","url":"https:\/\/laprensacristiana.com\/","name":"La Prensa Cristiana","description":"Anunciando Las Buenas Nuevas","potentialAction":[{"@type":"SearchAction","target":{"@type":"EntryPoint","urlTemplate":"https:\/\/laprensacristiana.com\/?s={search_term_string}"},"query-input":"required name=search_term_string"}],"inLanguage":"es"},{"@type":"Person","@id":"https:\/\/laprensacristiana.com\/#\/schema\/person\/3e7d82c6bfd6b1fa67010f8f7cd5256e","name":"EDITOR","image":{"@type":"ImageObject","inLanguage":"es","@id":"https:\/\/laprensacristiana.com\/#\/schema\/person\/image\/","url":"https:\/\/secure.gravatar.com\/avatar\/72069dfb6c13772d9e8381e3638666d2?s=96&d=mm&r=g","contentUrl":"https:\/\/secure.gravatar.com\/avatar\/72069dfb6c13772d9e8381e3638666d2?s=96&d=mm&r=g","caption":"EDITOR"},"url":"https:\/\/laprensacristiana.com\/?author=3"}]}},"_links":{"self":[{"href":"https:\/\/laprensacristiana.com\/index.php?rest_route=\/wp\/v2\/posts\/14181"}],"collection":[{"href":"https:\/\/laprensacristiana.com\/index.php?rest_route=\/wp\/v2\/posts"}],"about":[{"href":"https:\/\/laprensacristiana.com\/index.php?rest_route=\/wp\/v2\/types\/post"}],"author":[{"embeddable":true,"href":"https:\/\/laprensacristiana.com\/index.php?rest_route=\/wp\/v2\/users\/3"}],"replies":[{"embeddable":true,"href":"https:\/\/laprensacristiana.com\/index.php?rest_route=%2Fwp%2Fv2%2Fcomments&post=14181"}],"version-history":[{"count":1,"href":"https:\/\/laprensacristiana.com\/index.php?rest_route=\/wp\/v2\/posts\/14181\/revisions"}],"predecessor-version":[{"id":14182,"href":"https:\/\/laprensacristiana.com\/index.php?rest_route=\/wp\/v2\/posts\/14181\/revisions\/14182"}],"wp:featuredmedia":[{"embeddable":true,"href":"https:\/\/laprensacristiana.com\/index.php?rest_route=\/wp\/v2\/media\/12597"}],"wp:attachment":[{"href":"https:\/\/laprensacristiana.com\/index.php?rest_route=%2Fwp%2Fv2%2Fmedia&parent=14181"}],"wp:term":[{"taxonomy":"category","embeddable":true,"href":"https:\/\/laprensacristiana.com\/index.php?rest_route=%2Fwp%2Fv2%2Fcategories&post=14181"},{"taxonomy":"post_tag","embeddable":true,"href":"https:\/\/laprensacristiana.com\/index.php?rest_route=%2Fwp%2Fv2%2Ftags&post=14181"}],"curies":[{"name":"wp","href":"https:\/\/api.w.org\/{rel}","templated":true}]}}