{"id":14187,"date":"2023-02-13T17:27:04","date_gmt":"2023-02-13T17:27:04","guid":{"rendered":"https:\/\/laprensacristiana.com\/?p=14187"},"modified":"2023-02-13T17:27:05","modified_gmt":"2023-02-13T17:27:05","slug":"dina","status":"publish","type":"post","link":"https:\/\/laprensacristiana.com\/?p=14187","title":{"rendered":"Dina"},"content":{"rendered":"\n<p>G\u00e9nesis 34:1-2&nbsp;\u201cY sali\u00f3&nbsp;Dina, la hija de Lea, a quien esta hab\u00eda dado a luz a Jacob, a visitar a las hijas de la tierra. Y cuando la vio Siquem, hijo de Hamor heveo, pr\u00edncipe de la tierra, se la llev\u00f3&nbsp;y se acost\u00f3&nbsp;con ella y la viol\u00f3\u2026\u201d<\/p>\n\n\n\n<p>Lo que van a leer no les va a gustar a algunas mujeres feministas. &nbsp;Y no les va a gustar porque la Palabra de Dios, que no esconde ninguno de los actos vergonzosos de los humanos, en este pasaje rasca dolorosamente no solo el pasado pero tambi\u00e9n el presente de las mujeres.&nbsp;<\/p>\n\n\n\n<p>As\u00ed&nbsp;es Dios. Tanto habla de las virtudes de sus amigos como tambi\u00e9n sus falencias. Dios es Justo. Y su Justicia nos aplica a todos. Como dice el ingl\u00e9s: No choice.<\/p>\n\n\n\n<p>Primero veamos algo interesante: El primer caso de abuso sexual en la Biblia sucedi\u00f3&nbsp;en Egipto. La esposa de un magnate que hab\u00eda comprado un esclavo hebreo llamado Jos\u00e9, lo lleva a su casa para que se ocupara de su servicio. La esposa, de quien no se nos da el nombre y que tampoco viene al caso, se enamora de&nbsp;\u00e9l. Lo empieza a acosar d\u00eda y noche, invit\u00e1ndolo a que tuviera relaciones con ella. Jos\u00e9&nbsp;se niega una y otra vez, hasta que llega cierto momento y presi\u00f3n que ya no soporta m\u00e1s y la mujer los desviste, lo seduce y est\u00e1&nbsp;a punto de cometer adulterio f\u00edsico, cuando el joven sale huyendo de aquella habitaci\u00f3n para ponerse a salvo del acoso sexual al que estaba siendo sometido.&nbsp;<\/p>\n\n\n\n<p>La ley, como siempre, defiende a la mujer y ponen al hombre en la c\u00e1rcel. Pero, mis amigos, pong\u00e1monos serios. &nbsp;\u00bfQuien acos\u00f3&nbsp;a quien? &nbsp;\u00bfQui\u00e9n persigui\u00f3&nbsp;a quien? &nbsp;Algo para las mujeres: No siempre son ellas las v\u00edctimas. &nbsp;En una buena medida, el coqueteo insolente, la muestra de su piel m\u00e1s all\u00e1&nbsp;de lo permitido&nbsp;\u00e9ticamente, la violaci\u00f3n a las leyes de la decencia y el respeto que una dama debe tener de s\u00ed&nbsp;misma, puede provocar que los hombres pierdan el sentido de la distancia y se vean tentados, por su propia concupiscencia, por supuesto, a cometer alg\u00fan il\u00edcito contra ellas. Todo porque el hombre funciona a trav\u00e9s de los ojos.&nbsp;<\/p>\n\n\n\n<p>Lo dem\u00e1s es historia.&nbsp;<\/p>\n\n\n\n<p>Dina, la&nbsp;\u00fanica hija del patriarca Jacob, hermana de sangre de Sime\u00f3n y Lev\u00ed, siendo una ni\u00f1a consentida por su padre y muy amada por sus hermanos, sale un d\u00eda a conocer a otras j\u00f3venes que no eran de su raza. Eran -dice la Escritura-, hijas de la tierra, t\u00e9rmino que significa que eran gentiles, no creyentes en el Dios de Jacob. Y sucede que el hijo del pr\u00edncipe de esa tierra, Siquem, se enamora perdidamente de ella.<\/p>\n\n\n\n<p>Si este joven ten\u00eda a su alcance a tantas jovencitas de su tierra a cuales m\u00e1s hermosas entre s\u00ed,&nbsp;\u00bfque vio en Dina como para que haya perdido la cabeza por ella? &nbsp;\u00bfQue ten\u00eda de especial esta joven como para enloquecerlo de amor a primera vista? No lo sabemos. Vamos a creer que Dina se vest\u00eda decorosamente como cualquier joven temerosa de Dios. Vamos a suponer que su presencia f\u00edsica no ten\u00eda nada que despertara lujuria en la carne y los ojos de Siquem. Sin embargo, Siquem pierde los estribos y comete un imperdonable pecado contra ella: La viola. Destruye su juventud y su futuro. Su acci\u00f3n est\u00e1&nbsp;fuera de toda l\u00f3gica.<\/p>\n\n\n\n<p>Pero vamos a estudiar con ojos nuevos este episodio y veremos que no fue solo Siquem el culpable de este vergonzoso acto. Porque:&nbsp;\u00bfQu\u00e9&nbsp;estaba haciendo la hija de un Patriarca, hombre que conoc\u00eda la Ley de Dios, hombre temeroso del Dios de sus padres Abraham e Isaac mezcl\u00e1ndose con las hijas de la tierra?&nbsp;\u00bfQu\u00e9&nbsp;anda haciendo una jovencita que pudo haber tenido un futuro brillante al lado de su padre y sus hermanos, saliendo a conocer una cultura que no segu\u00eda las m\u00e1s m\u00ednimas reglas de honestidad y decencia?&nbsp;<\/p>\n\n\n\n<p>Adem\u00e1s, no seamos infantiles: para que Siquem se la haya&nbsp;\u201cllevado\u201d&nbsp;quiere decir que Dina accedi\u00f3&nbsp;a tener amistad con este joven que no ten\u00eda ning\u00fan temor por el Dios que Dina seguramente conoc\u00eda. &nbsp;Si Siquem se sinti\u00f3&nbsp;tentado a abusar de ella fue porque Dina le dio la oportunidad para mantener cierto acercamiento con&nbsp;\u00e9l, ciertas pl\u00e1ticas que fueron drenando poco a poco la voluntad de la joven que fue conquistada en alg\u00fan momento por la gallard\u00eda y guapura del hijo de un pr\u00edncipe. Dina se expuso, no inocentemente; sino atra\u00edda por la aventura de conocer un mundo ajeno a sus creencias. &nbsp;A Dina no la podemos excusar de haber sido incauta de lo que se le avecinaba. Confi\u00f3&nbsp;seguramente en las palabras y la galanter\u00eda de Siquem quien supo endulzarle el o\u00eddo con sus zalamer\u00edas y palabras que vulneraron su confianza en s\u00ed&nbsp;misma. &nbsp;Para Siquem era normal violar j\u00f3venes de su pueblo.&nbsp;<\/p>\n\n\n\n<p>Para Siquem el sexo libre no era algo sagrado. Era parte de su cultura pagana. Era asunto de saciar apetitos carnales. Pero no para Dina. Pero cuando se dio cuenta de su tremendo error ya fue muy tarde. Su futuro hab\u00eda quedado roto para siempre.&nbsp;<\/p>\n\n\n\n<p>Mis amigos: No siempre es el hombre el culpable totalmente de una situaci\u00f3n as\u00ed. La mujer tiene mucho que ver en este fen\u00f3meno que hoy sigue vigente.<\/p>\n","protected":false},"excerpt":{"rendered":"<p>G\u00e9nesis 34:1-2&nbsp;\u201cY sali\u00f3&nbsp;Dina, la hija de Lea, a quien esta hab\u00eda dado a luz a Jacob, a visitar a las hijas de la tierra. Y cuando la vio Siquem, hijo de Hamor heveo, pr\u00edncipe de la tierra, se la llev\u00f3&nbsp;y se acost\u00f3&nbsp;con ella y la viol\u00f3\u2026\u201d Lo que van a leer no les va a [&hellip;]<\/p>\n","protected":false},"author":3,"featured_media":14150,"comment_status":"open","ping_status":"open","sticky":false,"template":"","format":"standard","meta":[],"categories":[36],"tags":[],"yoast_head":"<!-- This site is optimized with the Yoast SEO plugin v20.8 - https:\/\/yoast.com\/wordpress\/plugins\/seo\/ -->\n<title>Dina - La Prensa Cristiana<\/title>\n<meta name=\"robots\" content=\"index, follow, max-snippet:-1, max-image-preview:large, max-video-preview:-1\" \/>\n<link rel=\"canonical\" href=\"https:\/\/laprensacristiana.com\/?p=14187\" \/>\n<meta property=\"og:locale\" content=\"es_ES\" \/>\n<meta property=\"og:type\" content=\"article\" \/>\n<meta property=\"og:title\" content=\"Dina - La Prensa Cristiana\" \/>\n<meta property=\"og:description\" content=\"G\u00e9nesis 34:1-2&nbsp;\u201cY sali\u00f3&nbsp;Dina, la hija de Lea, a quien esta hab\u00eda dado a luz a Jacob, a visitar a las hijas de la tierra. Y cuando la vio Siquem, hijo de Hamor heveo, pr\u00edncipe de la tierra, se la llev\u00f3&nbsp;y se acost\u00f3&nbsp;con ella y la viol\u00f3\u2026\u201d Lo que van a leer no les va a [&hellip;]\" \/>\n<meta property=\"og:url\" content=\"https:\/\/laprensacristiana.com\/?p=14187\" \/>\n<meta property=\"og:site_name\" content=\"La Prensa Cristiana\" \/>\n<meta property=\"article:published_time\" content=\"2023-02-13T17:27:04+00:00\" \/>\n<meta property=\"article:modified_time\" content=\"2023-02-13T17:27:05+00:00\" \/>\n<meta property=\"og:image\" content=\"https:\/\/laprensacristiana.com\/wp-content\/uploads\/2023\/01\/1F11EC58-FE18-48A4-826F-4E98CC130973.png\" \/>\n\t<meta property=\"og:image:width\" content=\"1280\" \/>\n\t<meta property=\"og:image:height\" content=\"714\" \/>\n\t<meta property=\"og:image:type\" content=\"image\/png\" \/>\n<meta name=\"author\" content=\"EDITOR\" \/>\n<meta name=\"twitter:card\" content=\"summary_large_image\" \/>\n<meta name=\"twitter:label1\" content=\"Escrito por\" \/>\n\t<meta name=\"twitter:data1\" content=\"EDITOR\" \/>\n\t<meta name=\"twitter:label2\" content=\"Tiempo de lectura\" \/>\n\t<meta name=\"twitter:data2\" content=\"5 minutos\" \/>\n<script type=\"application\/ld+json\" class=\"yoast-schema-graph\">{\"@context\":\"https:\/\/schema.org\",\"@graph\":[{\"@type\":\"WebPage\",\"@id\":\"https:\/\/laprensacristiana.com\/?p=14187\",\"url\":\"https:\/\/laprensacristiana.com\/?p=14187\",\"name\":\"Dina - La Prensa Cristiana\",\"isPartOf\":{\"@id\":\"https:\/\/laprensacristiana.com\/#website\"},\"datePublished\":\"2023-02-13T17:27:04+00:00\",\"dateModified\":\"2023-02-13T17:27:05+00:00\",\"author\":{\"@id\":\"https:\/\/laprensacristiana.com\/#\/schema\/person\/3e7d82c6bfd6b1fa67010f8f7cd5256e\"},\"breadcrumb\":{\"@id\":\"https:\/\/laprensacristiana.com\/?p=14187#breadcrumb\"},\"inLanguage\":\"es\",\"potentialAction\":[{\"@type\":\"ReadAction\",\"target\":[\"https:\/\/laprensacristiana.com\/?p=14187\"]}]},{\"@type\":\"BreadcrumbList\",\"@id\":\"https:\/\/laprensacristiana.com\/?p=14187#breadcrumb\",\"itemListElement\":[{\"@type\":\"ListItem\",\"position\":1,\"name\":\"Portada\",\"item\":\"https:\/\/laprensacristiana.com\/\"},{\"@type\":\"ListItem\",\"position\":2,\"name\":\"Dina\"}]},{\"@type\":\"WebSite\",\"@id\":\"https:\/\/laprensacristiana.com\/#website\",\"url\":\"https:\/\/laprensacristiana.com\/\",\"name\":\"La Prensa Cristiana\",\"description\":\"Anunciando Las Buenas Nuevas\",\"potentialAction\":[{\"@type\":\"SearchAction\",\"target\":{\"@type\":\"EntryPoint\",\"urlTemplate\":\"https:\/\/laprensacristiana.com\/?s={search_term_string}\"},\"query-input\":\"required name=search_term_string\"}],\"inLanguage\":\"es\"},{\"@type\":\"Person\",\"@id\":\"https:\/\/laprensacristiana.com\/#\/schema\/person\/3e7d82c6bfd6b1fa67010f8f7cd5256e\",\"name\":\"EDITOR\",\"image\":{\"@type\":\"ImageObject\",\"inLanguage\":\"es\",\"@id\":\"https:\/\/laprensacristiana.com\/#\/schema\/person\/image\/\",\"url\":\"https:\/\/secure.gravatar.com\/avatar\/72069dfb6c13772d9e8381e3638666d2?s=96&d=mm&r=g\",\"contentUrl\":\"https:\/\/secure.gravatar.com\/avatar\/72069dfb6c13772d9e8381e3638666d2?s=96&d=mm&r=g\",\"caption\":\"EDITOR\"},\"url\":\"https:\/\/laprensacristiana.com\/?author=3\"}]}<\/script>\n<!-- \/ Yoast SEO plugin. -->","yoast_head_json":{"title":"Dina - La Prensa Cristiana","robots":{"index":"index","follow":"follow","max-snippet":"max-snippet:-1","max-image-preview":"max-image-preview:large","max-video-preview":"max-video-preview:-1"},"canonical":"https:\/\/laprensacristiana.com\/?p=14187","og_locale":"es_ES","og_type":"article","og_title":"Dina - La Prensa Cristiana","og_description":"G\u00e9nesis 34:1-2&nbsp;\u201cY sali\u00f3&nbsp;Dina, la hija de Lea, a quien esta hab\u00eda dado a luz a Jacob, a visitar a las hijas de la tierra. Y cuando la vio Siquem, hijo de Hamor heveo, pr\u00edncipe de la tierra, se la llev\u00f3&nbsp;y se acost\u00f3&nbsp;con ella y la viol\u00f3\u2026\u201d Lo que van a leer no les va a [&hellip;]","og_url":"https:\/\/laprensacristiana.com\/?p=14187","og_site_name":"La Prensa Cristiana","article_published_time":"2023-02-13T17:27:04+00:00","article_modified_time":"2023-02-13T17:27:05+00:00","og_image":[{"width":1280,"height":714,"url":"https:\/\/laprensacristiana.com\/wp-content\/uploads\/2023\/01\/1F11EC58-FE18-48A4-826F-4E98CC130973.png","type":"image\/png"}],"author":"EDITOR","twitter_card":"summary_large_image","twitter_misc":{"Escrito por":"EDITOR","Tiempo de lectura":"5 minutos"},"schema":{"@context":"https:\/\/schema.org","@graph":[{"@type":"WebPage","@id":"https:\/\/laprensacristiana.com\/?p=14187","url":"https:\/\/laprensacristiana.com\/?p=14187","name":"Dina - La Prensa Cristiana","isPartOf":{"@id":"https:\/\/laprensacristiana.com\/#website"},"datePublished":"2023-02-13T17:27:04+00:00","dateModified":"2023-02-13T17:27:05+00:00","author":{"@id":"https:\/\/laprensacristiana.com\/#\/schema\/person\/3e7d82c6bfd6b1fa67010f8f7cd5256e"},"breadcrumb":{"@id":"https:\/\/laprensacristiana.com\/?p=14187#breadcrumb"},"inLanguage":"es","potentialAction":[{"@type":"ReadAction","target":["https:\/\/laprensacristiana.com\/?p=14187"]}]},{"@type":"BreadcrumbList","@id":"https:\/\/laprensacristiana.com\/?p=14187#breadcrumb","itemListElement":[{"@type":"ListItem","position":1,"name":"Portada","item":"https:\/\/laprensacristiana.com\/"},{"@type":"ListItem","position":2,"name":"Dina"}]},{"@type":"WebSite","@id":"https:\/\/laprensacristiana.com\/#website","url":"https:\/\/laprensacristiana.com\/","name":"La Prensa Cristiana","description":"Anunciando Las Buenas Nuevas","potentialAction":[{"@type":"SearchAction","target":{"@type":"EntryPoint","urlTemplate":"https:\/\/laprensacristiana.com\/?s={search_term_string}"},"query-input":"required name=search_term_string"}],"inLanguage":"es"},{"@type":"Person","@id":"https:\/\/laprensacristiana.com\/#\/schema\/person\/3e7d82c6bfd6b1fa67010f8f7cd5256e","name":"EDITOR","image":{"@type":"ImageObject","inLanguage":"es","@id":"https:\/\/laprensacristiana.com\/#\/schema\/person\/image\/","url":"https:\/\/secure.gravatar.com\/avatar\/72069dfb6c13772d9e8381e3638666d2?s=96&d=mm&r=g","contentUrl":"https:\/\/secure.gravatar.com\/avatar\/72069dfb6c13772d9e8381e3638666d2?s=96&d=mm&r=g","caption":"EDITOR"},"url":"https:\/\/laprensacristiana.com\/?author=3"}]}},"_links":{"self":[{"href":"https:\/\/laprensacristiana.com\/index.php?rest_route=\/wp\/v2\/posts\/14187"}],"collection":[{"href":"https:\/\/laprensacristiana.com\/index.php?rest_route=\/wp\/v2\/posts"}],"about":[{"href":"https:\/\/laprensacristiana.com\/index.php?rest_route=\/wp\/v2\/types\/post"}],"author":[{"embeddable":true,"href":"https:\/\/laprensacristiana.com\/index.php?rest_route=\/wp\/v2\/users\/3"}],"replies":[{"embeddable":true,"href":"https:\/\/laprensacristiana.com\/index.php?rest_route=%2Fwp%2Fv2%2Fcomments&post=14187"}],"version-history":[{"count":1,"href":"https:\/\/laprensacristiana.com\/index.php?rest_route=\/wp\/v2\/posts\/14187\/revisions"}],"predecessor-version":[{"id":14188,"href":"https:\/\/laprensacristiana.com\/index.php?rest_route=\/wp\/v2\/posts\/14187\/revisions\/14188"}],"wp:featuredmedia":[{"embeddable":true,"href":"https:\/\/laprensacristiana.com\/index.php?rest_route=\/wp\/v2\/media\/14150"}],"wp:attachment":[{"href":"https:\/\/laprensacristiana.com\/index.php?rest_route=%2Fwp%2Fv2%2Fmedia&parent=14187"}],"wp:term":[{"taxonomy":"category","embeddable":true,"href":"https:\/\/laprensacristiana.com\/index.php?rest_route=%2Fwp%2Fv2%2Fcategories&post=14187"},{"taxonomy":"post_tag","embeddable":true,"href":"https:\/\/laprensacristiana.com\/index.php?rest_route=%2Fwp%2Fv2%2Ftags&post=14187"}],"curies":[{"name":"wp","href":"https:\/\/api.w.org\/{rel}","templated":true}]}}