{"id":14197,"date":"2023-02-17T13:11:29","date_gmt":"2023-02-17T13:11:29","guid":{"rendered":"https:\/\/laprensacristiana.com\/?p=14197"},"modified":"2023-02-17T13:11:30","modified_gmt":"2023-02-17T13:11:30","slug":"dolor-y-sufrimiento","status":"publish","type":"post","link":"https:\/\/laprensacristiana.com\/?p=14197","title":{"rendered":"Dolor y sufrimiento"},"content":{"rendered":"\n<p>G\u00e9nesis 1:2 \u201c\u2026 y las tinieblas cubr\u00edan la superficie del abismo\u2026\u201d<\/p>\n\n\n\n<p>No nos enga\u00f1emos: Primero vamos a encontrar tinieblas en nuestro caminar por la vida. Pero somos los encargados por Dios de llevar luz en donde hay tinieblas.&nbsp; Para poder conocer la luz, primero tenemos que pasar por las tinieblas.&nbsp; Las tinieblas preceden a la luz. Lo primero que tenemos que aprende es a luchar con las tinieblas para poder llegar a disfrutar de la luz.<\/p>\n\n\n\n<p>Posiblemente en estos momentos haya alguien que est\u00e1 pasando por momentos en los que no sabe que hacer, no sabe a donde ir para resolver sus problemas que le acosan en la oscuridad de su vida, no sabe donde pedir ayuda. Pero cuando llegan esos momentos, son momentos tambi\u00e9n de encender la luz de la Palabra de Dios, la luz de la fe, la luz del dar, la luz de la oraci\u00f3n. La oscuridad tiende a producir miedo en nosotros, a veces pensamos que no tenemos miedo a las cosas, pero no nos damos cuenta que tenemos miedos agazapados en nuestro interior.<\/p>\n\n\n\n<p>Por supuesto que hay dos clases de miedos. El miedo racional y el irracional.&nbsp; El miedo racional es el que nos ayuda a ser precavidos, a mirar la calle antes de cruzarla, a evitar amistades da\u00f1inas, a cuidar nuestras boca para no equivocarnos, eso nos ayuda y nos protege de mucha disciplina y castigos.<\/p>\n\n\n\n<p>Pero hay un miedo que nos aterra, que nos subyuga y nos mantiene prisioneros de \u00e9l mismo, caus\u00e1ndonos pavor y desconfianzas, es el miedo irracional. En nuestros cerebro hay un banco de informaci\u00f3n que ha registrado todos los eventos de cada suceso emocional de nuestra ni\u00f1ez o juventud. Fueron cosas que sucedieron y que no los pudimos evitar y tampoco los supimos gestionar. Son esos miedos que llevamos a todas partes porque quedaron grabados en lo profundo de nuestro cerebro y que se convierten en una carga emocional donde quiera que vayamos.<\/p>\n\n\n\n<p>El miedo irracional se muestra con pensamientos irracionales. Nuestro cerebro nos defiende de las cosas que nos da\u00f1aron y que no deseamos repetir cuando ya somos adultos. Ese miedo nos enferma y nos castiga.&nbsp; Por ejemplo, la muerte de un ser querido, el rechazo de nuestros padres, eventos catastr\u00f3ficos que da\u00f1aron enormemente nuestra autoestima, el abuso de alguien, la traici\u00f3n de un amigo, la deslealtad de un c\u00f3nyuge, el abandono de un padre o una madre cuando m\u00e1s lo necesitaba, un insulto o una violaci\u00f3n. Una humillaci\u00f3n o un menosprecio o una burla a nuestros actos.<\/p>\n\n\n\n<p>Todo eso ha quedado registrado en nuestro cerebro que los guarda como un dolor y sufrimiento. Dolor porque es evidente que nos caus\u00f3 dolor, malestar, incomodidad, aflicci\u00f3n. Y sufrimiento porque no supimos responder al dolor apropiadamente. Cuando una experiencia de dolor atormenta la vida entonces usted mismo convierte el dolor en sufrimiento. Son dos cosas distintas.&nbsp; Est\u00e1n relacionadas pero son diferentes. Nadie le puede causar sufrimiento, pero si dolor.<\/p>\n\n\n\n<p>Solo usted y yo podemos causarnos sufrimiento. Es por eso que necesitamos conocer las diferencias entre ambos estadios. Cuando no sabemos manejar el dolor que nos causaron antes, ese dolor se va convirtiendo en sufrimiento y es cuando nacen los celos en el matrimonio porque el dolor de haber sido traicionados por la persona que debi\u00f3 amarnos nos abandon\u00f3 y nos dej\u00f3 en soledad, ahora queda ese miedo a repetir esa historia y se va convirtiendo en un sufrimiento de pensar que ese episodio se volver\u00e1 a repetir. Es cuando el c\u00f3nyuge que no ha sabido gestionar ese dolor vive atormentado por el sufrimiento de pensar que en cualquier momento le volver\u00e1n a dejar solo. La pobreza es otra experiencia dolorosa que nos hace sufrir y no vivimos satisfechos con lo que podemos llegar a tener. Nunca ser\u00e1 suficiente.&nbsp; Una persona puede experimentar dolor pero no sufrimiento. Y otra persona puede estar sufriendo sin necesidad que haya dolor. El sufrimiento es pasajero, pero el dolor es constante. Ese es el miedo malo porque siempre est\u00e1n a la defensiva porque viven desconfiando de otros, no pueden mantener relaciones sanas porque los asfixian con sus celos y desconfianzas. El haber pasado hambre en la ni\u00f1ez produce un miedo a repetir esa historia y se vive con el dolor y el sufrimiento de que todo se termine y volver a tener necesidad. Es el s\u00edndrome del est\u00f3mago vac\u00edo.<\/p>\n\n\n\n<p>Es por eso que en G\u00e9nesis se nos ense\u00f1a que antes que Dios hiciera la luz, primero tuvo que haber tinieblas. No podemos llevar luz a otros si todav\u00eda vivimos en las tinieblas del dolor. Es triste que muchos hijos de Dios vivan con el dolor constante que les roba la paz y la armon\u00eda que podr\u00edan disfrutar con sus seres queridos, con una buena pareja que les ayude a salir de ese tormento y que puedan ver que detr\u00e1s de cualquier acto de tinieblas, hay una luz que resplandece a su favor.&nbsp; Es Cristo, nuestra Luz eterna.<\/p>\n","protected":false},"excerpt":{"rendered":"<p>G\u00e9nesis 1:2 \u201c\u2026 y las tinieblas cubr\u00edan la superficie del abismo\u2026\u201d No nos enga\u00f1emos: Primero vamos a encontrar tinieblas en nuestro caminar por la vida. Pero somos los encargados por Dios de llevar luz en donde hay tinieblas.&nbsp; Para poder conocer la luz, primero tenemos que pasar por las tinieblas.&nbsp; Las tinieblas preceden a la [&hellip;]<\/p>\n","protected":false},"author":3,"featured_media":14150,"comment_status":"open","ping_status":"open","sticky":false,"template":"","format":"standard","meta":[],"categories":[36],"tags":[],"yoast_head":"<!-- This site is optimized with the Yoast SEO plugin v20.8 - https:\/\/yoast.com\/wordpress\/plugins\/seo\/ -->\n<title>Dolor y sufrimiento - La Prensa Cristiana<\/title>\n<meta name=\"robots\" content=\"index, follow, max-snippet:-1, max-image-preview:large, max-video-preview:-1\" \/>\n<link rel=\"canonical\" href=\"https:\/\/laprensacristiana.com\/?p=14197\" \/>\n<meta property=\"og:locale\" content=\"es_ES\" \/>\n<meta property=\"og:type\" content=\"article\" \/>\n<meta property=\"og:title\" content=\"Dolor y sufrimiento - La Prensa Cristiana\" \/>\n<meta property=\"og:description\" content=\"G\u00e9nesis 1:2 \u201c\u2026 y las tinieblas cubr\u00edan la superficie del abismo\u2026\u201d No nos enga\u00f1emos: Primero vamos a encontrar tinieblas en nuestro caminar por la vida. Pero somos los encargados por Dios de llevar luz en donde hay tinieblas.&nbsp; Para poder conocer la luz, primero tenemos que pasar por las tinieblas.&nbsp; Las tinieblas preceden a la [&hellip;]\" \/>\n<meta property=\"og:url\" content=\"https:\/\/laprensacristiana.com\/?p=14197\" \/>\n<meta property=\"og:site_name\" content=\"La Prensa Cristiana\" \/>\n<meta property=\"article:published_time\" content=\"2023-02-17T13:11:29+00:00\" \/>\n<meta property=\"article:modified_time\" content=\"2023-02-17T13:11:30+00:00\" \/>\n<meta property=\"og:image\" content=\"https:\/\/laprensacristiana.com\/wp-content\/uploads\/2023\/01\/1F11EC58-FE18-48A4-826F-4E98CC130973.png\" \/>\n\t<meta property=\"og:image:width\" content=\"1280\" \/>\n\t<meta property=\"og:image:height\" content=\"714\" \/>\n\t<meta property=\"og:image:type\" content=\"image\/png\" \/>\n<meta name=\"author\" content=\"EDITOR\" \/>\n<meta name=\"twitter:card\" content=\"summary_large_image\" \/>\n<meta name=\"twitter:label1\" content=\"Escrito por\" \/>\n\t<meta name=\"twitter:data1\" content=\"EDITOR\" \/>\n\t<meta name=\"twitter:label2\" content=\"Tiempo de lectura\" \/>\n\t<meta name=\"twitter:data2\" content=\"4 minutos\" \/>\n<script type=\"application\/ld+json\" class=\"yoast-schema-graph\">{\"@context\":\"https:\/\/schema.org\",\"@graph\":[{\"@type\":\"WebPage\",\"@id\":\"https:\/\/laprensacristiana.com\/?p=14197\",\"url\":\"https:\/\/laprensacristiana.com\/?p=14197\",\"name\":\"Dolor y sufrimiento - La Prensa Cristiana\",\"isPartOf\":{\"@id\":\"https:\/\/laprensacristiana.com\/#website\"},\"datePublished\":\"2023-02-17T13:11:29+00:00\",\"dateModified\":\"2023-02-17T13:11:30+00:00\",\"author\":{\"@id\":\"https:\/\/laprensacristiana.com\/#\/schema\/person\/3e7d82c6bfd6b1fa67010f8f7cd5256e\"},\"breadcrumb\":{\"@id\":\"https:\/\/laprensacristiana.com\/?p=14197#breadcrumb\"},\"inLanguage\":\"es\",\"potentialAction\":[{\"@type\":\"ReadAction\",\"target\":[\"https:\/\/laprensacristiana.com\/?p=14197\"]}]},{\"@type\":\"BreadcrumbList\",\"@id\":\"https:\/\/laprensacristiana.com\/?p=14197#breadcrumb\",\"itemListElement\":[{\"@type\":\"ListItem\",\"position\":1,\"name\":\"Portada\",\"item\":\"https:\/\/laprensacristiana.com\/\"},{\"@type\":\"ListItem\",\"position\":2,\"name\":\"Dolor y sufrimiento\"}]},{\"@type\":\"WebSite\",\"@id\":\"https:\/\/laprensacristiana.com\/#website\",\"url\":\"https:\/\/laprensacristiana.com\/\",\"name\":\"La Prensa Cristiana\",\"description\":\"Anunciando Las Buenas Nuevas\",\"potentialAction\":[{\"@type\":\"SearchAction\",\"target\":{\"@type\":\"EntryPoint\",\"urlTemplate\":\"https:\/\/laprensacristiana.com\/?s={search_term_string}\"},\"query-input\":\"required name=search_term_string\"}],\"inLanguage\":\"es\"},{\"@type\":\"Person\",\"@id\":\"https:\/\/laprensacristiana.com\/#\/schema\/person\/3e7d82c6bfd6b1fa67010f8f7cd5256e\",\"name\":\"EDITOR\",\"image\":{\"@type\":\"ImageObject\",\"inLanguage\":\"es\",\"@id\":\"https:\/\/laprensacristiana.com\/#\/schema\/person\/image\/\",\"url\":\"https:\/\/secure.gravatar.com\/avatar\/72069dfb6c13772d9e8381e3638666d2?s=96&d=mm&r=g\",\"contentUrl\":\"https:\/\/secure.gravatar.com\/avatar\/72069dfb6c13772d9e8381e3638666d2?s=96&d=mm&r=g\",\"caption\":\"EDITOR\"},\"url\":\"https:\/\/laprensacristiana.com\/?author=3\"}]}<\/script>\n<!-- \/ Yoast SEO plugin. -->","yoast_head_json":{"title":"Dolor y sufrimiento - La Prensa Cristiana","robots":{"index":"index","follow":"follow","max-snippet":"max-snippet:-1","max-image-preview":"max-image-preview:large","max-video-preview":"max-video-preview:-1"},"canonical":"https:\/\/laprensacristiana.com\/?p=14197","og_locale":"es_ES","og_type":"article","og_title":"Dolor y sufrimiento - La Prensa Cristiana","og_description":"G\u00e9nesis 1:2 \u201c\u2026 y las tinieblas cubr\u00edan la superficie del abismo\u2026\u201d No nos enga\u00f1emos: Primero vamos a encontrar tinieblas en nuestro caminar por la vida. Pero somos los encargados por Dios de llevar luz en donde hay tinieblas.&nbsp; Para poder conocer la luz, primero tenemos que pasar por las tinieblas.&nbsp; Las tinieblas preceden a la [&hellip;]","og_url":"https:\/\/laprensacristiana.com\/?p=14197","og_site_name":"La Prensa Cristiana","article_published_time":"2023-02-17T13:11:29+00:00","article_modified_time":"2023-02-17T13:11:30+00:00","og_image":[{"width":1280,"height":714,"url":"https:\/\/laprensacristiana.com\/wp-content\/uploads\/2023\/01\/1F11EC58-FE18-48A4-826F-4E98CC130973.png","type":"image\/png"}],"author":"EDITOR","twitter_card":"summary_large_image","twitter_misc":{"Escrito por":"EDITOR","Tiempo de lectura":"4 minutos"},"schema":{"@context":"https:\/\/schema.org","@graph":[{"@type":"WebPage","@id":"https:\/\/laprensacristiana.com\/?p=14197","url":"https:\/\/laprensacristiana.com\/?p=14197","name":"Dolor y sufrimiento - La Prensa Cristiana","isPartOf":{"@id":"https:\/\/laprensacristiana.com\/#website"},"datePublished":"2023-02-17T13:11:29+00:00","dateModified":"2023-02-17T13:11:30+00:00","author":{"@id":"https:\/\/laprensacristiana.com\/#\/schema\/person\/3e7d82c6bfd6b1fa67010f8f7cd5256e"},"breadcrumb":{"@id":"https:\/\/laprensacristiana.com\/?p=14197#breadcrumb"},"inLanguage":"es","potentialAction":[{"@type":"ReadAction","target":["https:\/\/laprensacristiana.com\/?p=14197"]}]},{"@type":"BreadcrumbList","@id":"https:\/\/laprensacristiana.com\/?p=14197#breadcrumb","itemListElement":[{"@type":"ListItem","position":1,"name":"Portada","item":"https:\/\/laprensacristiana.com\/"},{"@type":"ListItem","position":2,"name":"Dolor y sufrimiento"}]},{"@type":"WebSite","@id":"https:\/\/laprensacristiana.com\/#website","url":"https:\/\/laprensacristiana.com\/","name":"La Prensa Cristiana","description":"Anunciando Las Buenas Nuevas","potentialAction":[{"@type":"SearchAction","target":{"@type":"EntryPoint","urlTemplate":"https:\/\/laprensacristiana.com\/?s={search_term_string}"},"query-input":"required name=search_term_string"}],"inLanguage":"es"},{"@type":"Person","@id":"https:\/\/laprensacristiana.com\/#\/schema\/person\/3e7d82c6bfd6b1fa67010f8f7cd5256e","name":"EDITOR","image":{"@type":"ImageObject","inLanguage":"es","@id":"https:\/\/laprensacristiana.com\/#\/schema\/person\/image\/","url":"https:\/\/secure.gravatar.com\/avatar\/72069dfb6c13772d9e8381e3638666d2?s=96&d=mm&r=g","contentUrl":"https:\/\/secure.gravatar.com\/avatar\/72069dfb6c13772d9e8381e3638666d2?s=96&d=mm&r=g","caption":"EDITOR"},"url":"https:\/\/laprensacristiana.com\/?author=3"}]}},"_links":{"self":[{"href":"https:\/\/laprensacristiana.com\/index.php?rest_route=\/wp\/v2\/posts\/14197"}],"collection":[{"href":"https:\/\/laprensacristiana.com\/index.php?rest_route=\/wp\/v2\/posts"}],"about":[{"href":"https:\/\/laprensacristiana.com\/index.php?rest_route=\/wp\/v2\/types\/post"}],"author":[{"embeddable":true,"href":"https:\/\/laprensacristiana.com\/index.php?rest_route=\/wp\/v2\/users\/3"}],"replies":[{"embeddable":true,"href":"https:\/\/laprensacristiana.com\/index.php?rest_route=%2Fwp%2Fv2%2Fcomments&post=14197"}],"version-history":[{"count":1,"href":"https:\/\/laprensacristiana.com\/index.php?rest_route=\/wp\/v2\/posts\/14197\/revisions"}],"predecessor-version":[{"id":14198,"href":"https:\/\/laprensacristiana.com\/index.php?rest_route=\/wp\/v2\/posts\/14197\/revisions\/14198"}],"wp:featuredmedia":[{"embeddable":true,"href":"https:\/\/laprensacristiana.com\/index.php?rest_route=\/wp\/v2\/media\/14150"}],"wp:attachment":[{"href":"https:\/\/laprensacristiana.com\/index.php?rest_route=%2Fwp%2Fv2%2Fmedia&parent=14197"}],"wp:term":[{"taxonomy":"category","embeddable":true,"href":"https:\/\/laprensacristiana.com\/index.php?rest_route=%2Fwp%2Fv2%2Fcategories&post=14197"},{"taxonomy":"post_tag","embeddable":true,"href":"https:\/\/laprensacristiana.com\/index.php?rest_route=%2Fwp%2Fv2%2Ftags&post=14197"}],"curies":[{"name":"wp","href":"https:\/\/api.w.org\/{rel}","templated":true}]}}