{"id":14209,"date":"2023-02-22T16:22:51","date_gmt":"2023-02-22T16:22:51","guid":{"rendered":"https:\/\/laprensacristiana.com\/?p=14209"},"modified":"2023-02-22T16:22:51","modified_gmt":"2023-02-22T16:22:51","slug":"la-herencia-de-raquel","status":"publish","type":"post","link":"https:\/\/laprensacristiana.com\/?p=14209","title":{"rendered":"La herencia de Raquel"},"content":{"rendered":"\n<p>G\u00e9nesis 31:19&nbsp;\u201cY mientras Lab\u00e1n hab\u00eda ido a trasquilar sus ovejas, Raquel rob\u00f3&nbsp;los&nbsp;\u00eddolos dom\u00e9sticos que eran de su padre\u201d<\/p>\n\n\n\n<p>\u00a1Cuidado padres -los dos-, como se comportan en sus vidas porque sus hijos tendr\u00e1n que pagar las consecuencias! &nbsp;La herencia que les dejemos puede llegar a ser dolorosa o vergonzosa. Si no me creen, lean detenidamente la siguiente historia de la Biblia.<\/p>\n\n\n\n<p>Sabemos&nbsp;que Raquel estaba bastante mimada, al menos al comienzo de la historia, por su belleza, por su condici\u00f3n de elegida&nbsp;y&nbsp;preferida, por ser probablemente la beb\u00e9&nbsp;de la familia aunque no sabemos exactamente si ten\u00eda hermanos menores, la&nbsp;Escritura&nbsp;no dice nada al respecto, por lo que podemos suponer que ella era la m\u00e1s joven. Ella podr\u00eda permitirse muchas cosas que su hermana&nbsp;\u00abodiada\u00bb&nbsp;no permitir\u00eda; probablemente, aqu\u00ed&nbsp;radica la explicaci\u00f3n de su extra\u00f1o robo.&nbsp;Usted&nbsp;quiz\u00e1s recuerde la historia: en G\u00e9nesis 31, despu\u00e9s de largos a\u00f1os de servir a Lab\u00e1n, Jacob decide volver a casa.&nbsp;Cuando&nbsp;\u00e9l se va, Raquel roba los&nbsp;\u00eddolos dom\u00e9sticos de su padre.&nbsp;<\/p>\n\n\n\n<p>Lab\u00e1n alcanza a Jacob y lo acusa del robo. Jacob est\u00e1&nbsp;absolutamente convencido de que, como cuesti\u00f3n de principio, no pod\u00eda haber bienes robados en su campamento. En lo m\u00e1s profundo de su ser, se siente insultado por tal sospecha. Indignado por la acusaci\u00f3n y sin saber del robo de su esposa, invita a Lab\u00e1n a buscar en todo el campamento.&nbsp;\u00c9l dice:&nbsp;\u00ab<em>Con quienquiera que encuentres a tus dioses, no le dejes vivir<\/em>\u00bb&nbsp;G\u00e9nesis 31:32<\/p>\n\n\n\n<p>Lab\u00e1n busca en las tiendas pero no encuentra a sus&nbsp;\u00eddolos: Raquel los esconde sent\u00e1ndose sobre ellos. Por lo tanto, la historia pareci\u00f3&nbsp;terminar favorablemente.&nbsp;\u00bfPero, es realmente el final?<\/p>\n\n\n\n<p>Al poco tiempo de llegar a la tierra, Raquel, a\u00fan una joven, muere inesperadamente al dar a luz.&nbsp;Aparentemente no hay&nbsp;ninguna conexi\u00f3n entre esta muerte y la b\u00fasqueda de Lab\u00e1n en el Cap\u00edtulo 31. Sin embargo,&nbsp;sabemos que las palabras&nbsp;conectan este tr\u00e1gico evento con el juramento de Jacob a Lab\u00e1n:&nbsp;\u201cPero aquel con quien encuentres tus dioses, no vivir\u00e1\u201d &nbsp;Este juramento se cumpli\u00f3, no por Lab\u00e1n, sino por Dios mismo: el que hab\u00eda robado, ten\u00eda que morir.&nbsp;Jacob se lo dijo a Lab\u00e1n, pero lo escuch\u00f3&nbsp;Dios.<\/p>\n\n\n\n<p>Tiempo despu\u00e9s,&nbsp;tanto Jacob como Raquel se dieron cuenta de esta conexi\u00f3n. El nombre que la madre moribunda le da a su hijo&nbsp;\u2013Benoni\u2013&nbsp;probablemente significa&nbsp;\u00abel hijo de mi iniquidad\u00bb.&nbsp;Comprensiblemente, Jacob no quer\u00eda que el ni\u00f1o llevara este nombre, por lo que lo llam\u00f3&nbsp;Benjam\u00edn,&nbsp;\u00abhijo de la mano derecha\u00bb, que tambi\u00e9n puede interpretarse como&nbsp;\u00abhijo del juramento\u00bb, ya que la mano derecha en la Biblia frecuentemente simboliza un juramento.&nbsp;Gn. 35:16<\/p>\n\n\n\n<p>Vemos las leyes del mundo espiritual en las Escrituras. Invisibles y muchas veces ignoradas, son sin embargo, tan inviolables como la ley de la gravedad. Dios mismo cumpli\u00f3&nbsp;el juramento de Jacob a Lab\u00e1n&nbsp;\u2013y Raquel muere\u2013.&nbsp;<\/p>\n\n\n\n<p>Esta historia tiene otra implicaci\u00f3n inesperada. Muchos a\u00f1os despu\u00e9s, los hermanos de Jos\u00e9&nbsp;hab\u00edan sido acusados de robo por el mayordomo de la casa de Jos\u00e9.&nbsp;Veamos&nbsp;la historia: los hermanos vuelven a Egipto por segunda vez, esta vez con Benjam\u00edn, y despu\u00e9s de haber cumplido su misi\u00f3n, a la ma\u00f1ana siguiente emprendieron el camino de regreso.&nbsp;Tambi\u00e9n recordemos&nbsp;que no mucho antes de partir, Jos\u00e9&nbsp;le hab\u00eda ordenado a su mayordomo poner su copa&nbsp;\u2013la de Jos\u00e9\u2013&nbsp;de plata en el saco de Benjam\u00edn. Entonces,&nbsp;\u00ab<em>cuando hubieron salido de la ciudad, y a<\/em><em>\u00fa<\/em><em>n no estaban lejos<\/em><em>\u00bb<\/em><em>, el mayordomo los alcanz<\/em><em>\u00f3&nbsp;<\/em><em>y los acus<\/em><em>\u00f3&nbsp;<\/em><em>del robo. Los hermanos insultados juran a su inocencia literalmente con las mismas palabras que Jacob dijo:&nbsp;<\/em><em>\u00ab<\/em><em>Con cualquiera de tus siervos que se encuentre, que muera<\/em>\u00bb&nbsp;Gn.44:9<\/p>\n\n\n\n<p>Al igual que Jacob, sab\u00edan bien que robar era pecado, e incluso el pensamiento que de alguna manera pudieran estar involucrados en el robo era insoportable y ofensivo. Ambas b\u00fasquedas comienzan casi de la misma manera; pero el final de estas historias es muy diferente: la copa de Jos\u00e9&nbsp;fue encontrada en el saco de Benjam\u00edn, el hijo menor de Raquel.&nbsp;<\/p>\n\n\n\n<p>Sabemos que Benjam\u00edn no rob\u00f3&nbsp;la copa, sabemos que todo esto fue plan de Jos\u00e9, sin embargo, hay una profunda verdad espiritual que debemos aprender de la comparaci\u00f3n entre estas dos b\u00fasquedas. La Biblia quiere que la gente sea consciente de la responsabilidad espiritual que llevan, no&nbsp;<em>solo<\/em><em>&nbsp;<\/em>por sus hijos, sino&nbsp;<em>ante<\/em>&nbsp;sus hijos tambi\u00e9n: las cosas que ocultan de Dios y del hombre puede, de la manera m\u00e1s inesperada, salir a la superficie en la vida de sus hijos. Por eso la b\u00fasqueda de Raquel, la madre que en realidad hab\u00eda robado y, sin embargo, en quien no se encontr\u00f3&nbsp;nada, resuena una generaci\u00f3n m\u00e1s tarde, en un drama tan tenso a trav\u00e9s de la b\u00fasqueda de su hijo, quien siendo inocente, fue acusado de robo.<\/p>\n\n\n\n<p>\u00bfQu\u00e9&nbsp;herencia le est\u00e1&nbsp;usted dejando a sus hijos o a los hijos de sus hijos?&nbsp;\u00bfHa cre\u00eddo que sus acciones pasar\u00e1n desapercibidas en el&nbsp;\u00e1mbito espiritual de Dios? Nos os enga\u00f1\u00e9is\u2026<\/p>\n","protected":false},"excerpt":{"rendered":"<p>G\u00e9nesis 31:19&nbsp;\u201cY mientras Lab\u00e1n hab\u00eda ido a trasquilar sus ovejas, Raquel rob\u00f3&nbsp;los&nbsp;\u00eddolos dom\u00e9sticos que eran de su padre\u201d \u00a1Cuidado padres -los dos-, como se comportan en sus vidas porque sus hijos tendr\u00e1n que pagar las consecuencias! &nbsp;La herencia que les dejemos puede llegar a ser dolorosa o vergonzosa. Si no me creen, lean detenidamente la [&hellip;]<\/p>\n","protected":false},"author":3,"featured_media":14150,"comment_status":"open","ping_status":"open","sticky":false,"template":"","format":"standard","meta":[],"categories":[36],"tags":[],"yoast_head":"<!-- This site is optimized with the Yoast SEO plugin v20.8 - https:\/\/yoast.com\/wordpress\/plugins\/seo\/ -->\n<title>La herencia de Raquel - La Prensa Cristiana<\/title>\n<meta name=\"robots\" content=\"index, follow, max-snippet:-1, max-image-preview:large, max-video-preview:-1\" \/>\n<link rel=\"canonical\" href=\"https:\/\/laprensacristiana.com\/?p=14209\" \/>\n<meta property=\"og:locale\" content=\"es_ES\" \/>\n<meta property=\"og:type\" content=\"article\" \/>\n<meta property=\"og:title\" content=\"La herencia de Raquel - La Prensa Cristiana\" \/>\n<meta property=\"og:description\" content=\"G\u00e9nesis 31:19&nbsp;\u201cY mientras Lab\u00e1n hab\u00eda ido a trasquilar sus ovejas, Raquel rob\u00f3&nbsp;los&nbsp;\u00eddolos dom\u00e9sticos que eran de su padre\u201d \u00a1Cuidado padres -los dos-, como se comportan en sus vidas porque sus hijos tendr\u00e1n que pagar las consecuencias! &nbsp;La herencia que les dejemos puede llegar a ser dolorosa o vergonzosa. Si no me creen, lean detenidamente la [&hellip;]\" \/>\n<meta property=\"og:url\" content=\"https:\/\/laprensacristiana.com\/?p=14209\" \/>\n<meta property=\"og:site_name\" content=\"La Prensa Cristiana\" \/>\n<meta property=\"article:published_time\" content=\"2023-02-22T16:22:51+00:00\" \/>\n<meta property=\"og:image\" content=\"https:\/\/laprensacristiana.com\/wp-content\/uploads\/2023\/01\/1F11EC58-FE18-48A4-826F-4E98CC130973.png\" \/>\n\t<meta property=\"og:image:width\" content=\"1280\" \/>\n\t<meta property=\"og:image:height\" content=\"714\" \/>\n\t<meta property=\"og:image:type\" content=\"image\/png\" \/>\n<meta name=\"author\" content=\"EDITOR\" \/>\n<meta name=\"twitter:card\" content=\"summary_large_image\" \/>\n<meta name=\"twitter:label1\" content=\"Escrito por\" \/>\n\t<meta name=\"twitter:data1\" content=\"EDITOR\" \/>\n\t<meta name=\"twitter:label2\" content=\"Tiempo de lectura\" \/>\n\t<meta name=\"twitter:data2\" content=\"5 minutos\" \/>\n<script type=\"application\/ld+json\" class=\"yoast-schema-graph\">{\"@context\":\"https:\/\/schema.org\",\"@graph\":[{\"@type\":\"WebPage\",\"@id\":\"https:\/\/laprensacristiana.com\/?p=14209\",\"url\":\"https:\/\/laprensacristiana.com\/?p=14209\",\"name\":\"La herencia de Raquel - La Prensa Cristiana\",\"isPartOf\":{\"@id\":\"https:\/\/laprensacristiana.com\/#website\"},\"datePublished\":\"2023-02-22T16:22:51+00:00\",\"dateModified\":\"2023-02-22T16:22:51+00:00\",\"author\":{\"@id\":\"https:\/\/laprensacristiana.com\/#\/schema\/person\/3e7d82c6bfd6b1fa67010f8f7cd5256e\"},\"breadcrumb\":{\"@id\":\"https:\/\/laprensacristiana.com\/?p=14209#breadcrumb\"},\"inLanguage\":\"es\",\"potentialAction\":[{\"@type\":\"ReadAction\",\"target\":[\"https:\/\/laprensacristiana.com\/?p=14209\"]}]},{\"@type\":\"BreadcrumbList\",\"@id\":\"https:\/\/laprensacristiana.com\/?p=14209#breadcrumb\",\"itemListElement\":[{\"@type\":\"ListItem\",\"position\":1,\"name\":\"Portada\",\"item\":\"https:\/\/laprensacristiana.com\/\"},{\"@type\":\"ListItem\",\"position\":2,\"name\":\"La herencia de Raquel\"}]},{\"@type\":\"WebSite\",\"@id\":\"https:\/\/laprensacristiana.com\/#website\",\"url\":\"https:\/\/laprensacristiana.com\/\",\"name\":\"La Prensa Cristiana\",\"description\":\"Anunciando Las Buenas Nuevas\",\"potentialAction\":[{\"@type\":\"SearchAction\",\"target\":{\"@type\":\"EntryPoint\",\"urlTemplate\":\"https:\/\/laprensacristiana.com\/?s={search_term_string}\"},\"query-input\":\"required name=search_term_string\"}],\"inLanguage\":\"es\"},{\"@type\":\"Person\",\"@id\":\"https:\/\/laprensacristiana.com\/#\/schema\/person\/3e7d82c6bfd6b1fa67010f8f7cd5256e\",\"name\":\"EDITOR\",\"image\":{\"@type\":\"ImageObject\",\"inLanguage\":\"es\",\"@id\":\"https:\/\/laprensacristiana.com\/#\/schema\/person\/image\/\",\"url\":\"https:\/\/secure.gravatar.com\/avatar\/72069dfb6c13772d9e8381e3638666d2?s=96&d=mm&r=g\",\"contentUrl\":\"https:\/\/secure.gravatar.com\/avatar\/72069dfb6c13772d9e8381e3638666d2?s=96&d=mm&r=g\",\"caption\":\"EDITOR\"},\"url\":\"https:\/\/laprensacristiana.com\/?author=3\"}]}<\/script>\n<!-- \/ Yoast SEO plugin. -->","yoast_head_json":{"title":"La herencia de Raquel - La Prensa Cristiana","robots":{"index":"index","follow":"follow","max-snippet":"max-snippet:-1","max-image-preview":"max-image-preview:large","max-video-preview":"max-video-preview:-1"},"canonical":"https:\/\/laprensacristiana.com\/?p=14209","og_locale":"es_ES","og_type":"article","og_title":"La herencia de Raquel - La Prensa Cristiana","og_description":"G\u00e9nesis 31:19&nbsp;\u201cY mientras Lab\u00e1n hab\u00eda ido a trasquilar sus ovejas, Raquel rob\u00f3&nbsp;los&nbsp;\u00eddolos dom\u00e9sticos que eran de su padre\u201d \u00a1Cuidado padres -los dos-, como se comportan en sus vidas porque sus hijos tendr\u00e1n que pagar las consecuencias! &nbsp;La herencia que les dejemos puede llegar a ser dolorosa o vergonzosa. Si no me creen, lean detenidamente la [&hellip;]","og_url":"https:\/\/laprensacristiana.com\/?p=14209","og_site_name":"La Prensa Cristiana","article_published_time":"2023-02-22T16:22:51+00:00","og_image":[{"width":1280,"height":714,"url":"https:\/\/laprensacristiana.com\/wp-content\/uploads\/2023\/01\/1F11EC58-FE18-48A4-826F-4E98CC130973.png","type":"image\/png"}],"author":"EDITOR","twitter_card":"summary_large_image","twitter_misc":{"Escrito por":"EDITOR","Tiempo de lectura":"5 minutos"},"schema":{"@context":"https:\/\/schema.org","@graph":[{"@type":"WebPage","@id":"https:\/\/laprensacristiana.com\/?p=14209","url":"https:\/\/laprensacristiana.com\/?p=14209","name":"La herencia de Raquel - La Prensa Cristiana","isPartOf":{"@id":"https:\/\/laprensacristiana.com\/#website"},"datePublished":"2023-02-22T16:22:51+00:00","dateModified":"2023-02-22T16:22:51+00:00","author":{"@id":"https:\/\/laprensacristiana.com\/#\/schema\/person\/3e7d82c6bfd6b1fa67010f8f7cd5256e"},"breadcrumb":{"@id":"https:\/\/laprensacristiana.com\/?p=14209#breadcrumb"},"inLanguage":"es","potentialAction":[{"@type":"ReadAction","target":["https:\/\/laprensacristiana.com\/?p=14209"]}]},{"@type":"BreadcrumbList","@id":"https:\/\/laprensacristiana.com\/?p=14209#breadcrumb","itemListElement":[{"@type":"ListItem","position":1,"name":"Portada","item":"https:\/\/laprensacristiana.com\/"},{"@type":"ListItem","position":2,"name":"La herencia de Raquel"}]},{"@type":"WebSite","@id":"https:\/\/laprensacristiana.com\/#website","url":"https:\/\/laprensacristiana.com\/","name":"La Prensa Cristiana","description":"Anunciando Las Buenas Nuevas","potentialAction":[{"@type":"SearchAction","target":{"@type":"EntryPoint","urlTemplate":"https:\/\/laprensacristiana.com\/?s={search_term_string}"},"query-input":"required name=search_term_string"}],"inLanguage":"es"},{"@type":"Person","@id":"https:\/\/laprensacristiana.com\/#\/schema\/person\/3e7d82c6bfd6b1fa67010f8f7cd5256e","name":"EDITOR","image":{"@type":"ImageObject","inLanguage":"es","@id":"https:\/\/laprensacristiana.com\/#\/schema\/person\/image\/","url":"https:\/\/secure.gravatar.com\/avatar\/72069dfb6c13772d9e8381e3638666d2?s=96&d=mm&r=g","contentUrl":"https:\/\/secure.gravatar.com\/avatar\/72069dfb6c13772d9e8381e3638666d2?s=96&d=mm&r=g","caption":"EDITOR"},"url":"https:\/\/laprensacristiana.com\/?author=3"}]}},"_links":{"self":[{"href":"https:\/\/laprensacristiana.com\/index.php?rest_route=\/wp\/v2\/posts\/14209"}],"collection":[{"href":"https:\/\/laprensacristiana.com\/index.php?rest_route=\/wp\/v2\/posts"}],"about":[{"href":"https:\/\/laprensacristiana.com\/index.php?rest_route=\/wp\/v2\/types\/post"}],"author":[{"embeddable":true,"href":"https:\/\/laprensacristiana.com\/index.php?rest_route=\/wp\/v2\/users\/3"}],"replies":[{"embeddable":true,"href":"https:\/\/laprensacristiana.com\/index.php?rest_route=%2Fwp%2Fv2%2Fcomments&post=14209"}],"version-history":[{"count":1,"href":"https:\/\/laprensacristiana.com\/index.php?rest_route=\/wp\/v2\/posts\/14209\/revisions"}],"predecessor-version":[{"id":14210,"href":"https:\/\/laprensacristiana.com\/index.php?rest_route=\/wp\/v2\/posts\/14209\/revisions\/14210"}],"wp:featuredmedia":[{"embeddable":true,"href":"https:\/\/laprensacristiana.com\/index.php?rest_route=\/wp\/v2\/media\/14150"}],"wp:attachment":[{"href":"https:\/\/laprensacristiana.com\/index.php?rest_route=%2Fwp%2Fv2%2Fmedia&parent=14209"}],"wp:term":[{"taxonomy":"category","embeddable":true,"href":"https:\/\/laprensacristiana.com\/index.php?rest_route=%2Fwp%2Fv2%2Fcategories&post=14209"},{"taxonomy":"post_tag","embeddable":true,"href":"https:\/\/laprensacristiana.com\/index.php?rest_route=%2Fwp%2Fv2%2Ftags&post=14209"}],"curies":[{"name":"wp","href":"https:\/\/api.w.org\/{rel}","templated":true}]}}