{"id":14212,"date":"2023-02-22T22:12:07","date_gmt":"2023-02-22T22:12:07","guid":{"rendered":"https:\/\/laprensacristiana.com\/?p=14212"},"modified":"2023-02-22T22:15:56","modified_gmt":"2023-02-22T22:15:56","slug":"evangelizacion-en-monte-blanco","status":"publish","type":"post","link":"https:\/\/laprensacristiana.com\/?p=14212","title":{"rendered":"Realizan evangelizaci\u00f3n en Monte Blanco"},"content":{"rendered":"\n<p>El pasado s\u00e1bado 18 de febrero Iglesia Casa de Oraci\u00f3n El verbo de Dios, llev\u00f3 a cabo un evento evangelistico denominado \u201cJes\u00fas te ama\u201d, haciendo un llamado a los habitantes de Monte Blanco, en el municipio de Soyapango, a acercarse a Dios.<\/p>\n\n\n\n<p>Ni\u00f1os, j\u00f3venes y adultos se dieron cita para alabar el nombre de Dios y evangelizar sus alrededores.<\/p>\n\n\n\n<figure class=\"wp-block-gallery columns-2 is-cropped wp-block-gallery-1 is-layout-flex\"><ul class=\"blocks-gallery-grid\"><li class=\"blocks-gallery-item\"><figure><img decoding=\"async\" loading=\"lazy\" width=\"1024\" height=\"768\" src=\"https:\/\/laprensacristiana.com\/wp-content\/uploads\/2023\/02\/WhatsApp-Image-2023-02-22-at-16.09.15-1-1-1024x768.jpeg\" alt=\"\" data-id=\"14216\" data-full-url=\"https:\/\/laprensacristiana.com\/wp-content\/uploads\/2023\/02\/WhatsApp-Image-2023-02-22-at-16.09.15-1-1.jpeg\" data-link=\"https:\/\/laprensacristiana.com\/?attachment_id=14216\" class=\"wp-image-14216\" srcset=\"https:\/\/laprensacristiana.com\/wp-content\/uploads\/2023\/02\/WhatsApp-Image-2023-02-22-at-16.09.15-1-1-1024x768.jpeg 1024w, https:\/\/laprensacristiana.com\/wp-content\/uploads\/2023\/02\/WhatsApp-Image-2023-02-22-at-16.09.15-1-1-300x225.jpeg 300w, https:\/\/laprensacristiana.com\/wp-content\/uploads\/2023\/02\/WhatsApp-Image-2023-02-22-at-16.09.15-1-1-768x576.jpeg 768w, https:\/\/laprensacristiana.com\/wp-content\/uploads\/2023\/02\/WhatsApp-Image-2023-02-22-at-16.09.15-1-1-1536x1152.jpeg 1536w, https:\/\/laprensacristiana.com\/wp-content\/uploads\/2023\/02\/WhatsApp-Image-2023-02-22-at-16.09.15-1-1-696x522.jpeg 696w, https:\/\/laprensacristiana.com\/wp-content\/uploads\/2023\/02\/WhatsApp-Image-2023-02-22-at-16.09.15-1-1-1068x801.jpeg 1068w, https:\/\/laprensacristiana.com\/wp-content\/uploads\/2023\/02\/WhatsApp-Image-2023-02-22-at-16.09.15-1-1-600x450.jpeg 600w, https:\/\/laprensacristiana.com\/wp-content\/uploads\/2023\/02\/WhatsApp-Image-2023-02-22-at-16.09.15-1-1.jpeg 1600w\" sizes=\"(max-width: 1024px) 100vw, 1024px\" \/><\/figure><\/li><li class=\"blocks-gallery-item\"><figure><img decoding=\"async\" loading=\"lazy\" width=\"1024\" height=\"725\" src=\"https:\/\/laprensacristiana.com\/wp-content\/uploads\/2023\/02\/WhatsApp-Image-2023-02-22-at-16.09.15-3-1024x725.jpeg\" alt=\"\" data-id=\"14217\" data-full-url=\"https:\/\/laprensacristiana.com\/wp-content\/uploads\/2023\/02\/WhatsApp-Image-2023-02-22-at-16.09.15-3.jpeg\" data-link=\"https:\/\/laprensacristiana.com\/?attachment_id=14217\" class=\"wp-image-14217\" srcset=\"https:\/\/laprensacristiana.com\/wp-content\/uploads\/2023\/02\/WhatsApp-Image-2023-02-22-at-16.09.15-3-1024x725.jpeg 1024w, https:\/\/laprensacristiana.com\/wp-content\/uploads\/2023\/02\/WhatsApp-Image-2023-02-22-at-16.09.15-3-300x212.jpeg 300w, https:\/\/laprensacristiana.com\/wp-content\/uploads\/2023\/02\/WhatsApp-Image-2023-02-22-at-16.09.15-3-768x544.jpeg 768w, https:\/\/laprensacristiana.com\/wp-content\/uploads\/2023\/02\/WhatsApp-Image-2023-02-22-at-16.09.15-3-696x493.jpeg 696w, https:\/\/laprensacristiana.com\/wp-content\/uploads\/2023\/02\/WhatsApp-Image-2023-02-22-at-16.09.15-3-1068x756.jpeg 1068w, https:\/\/laprensacristiana.com\/wp-content\/uploads\/2023\/02\/WhatsApp-Image-2023-02-22-at-16.09.15-3-600x425.jpeg 600w, https:\/\/laprensacristiana.com\/wp-content\/uploads\/2023\/02\/WhatsApp-Image-2023-02-22-at-16.09.15-3.jpeg 1280w\" sizes=\"(max-width: 1024px) 100vw, 1024px\" \/><\/figure><\/li><\/ul><\/figure>\n","protected":false},"excerpt":{"rendered":"<p>El pasado s\u00e1bado 18 de febrero Iglesia Casa de Oraci\u00f3n El verbo de Dios, llev\u00f3 a cabo un evento evangelistico denominado \u201cJes\u00fas te ama\u201d, haciendo un llamado a los habitantes de Monte Blanco, en el municipio de Soyapango, a acercarse a Dios. Ni\u00f1os, j\u00f3venes y adultos se dieron cita para alabar el nombre de Dios [&hellip;]<\/p>\n","protected":false},"author":3,"featured_media":14214,"comment_status":"open","ping_status":"open","sticky":false,"template":"","format":"standard","meta":[],"categories":[56],"tags":[],"yoast_head":"<!-- This site is optimized with the Yoast SEO plugin v20.8 - https:\/\/yoast.com\/wordpress\/plugins\/seo\/ -->\n<title>Realizan evangelizaci\u00f3n en Monte Blanco - La Prensa Cristiana<\/title>\n<meta name=\"robots\" content=\"index, follow, max-snippet:-1, max-image-preview:large, max-video-preview:-1\" \/>\n<link rel=\"canonical\" href=\"https:\/\/laprensacristiana.com\/?p=14212\" \/>\n<meta property=\"og:locale\" content=\"es_ES\" \/>\n<meta property=\"og:type\" content=\"article\" \/>\n<meta property=\"og:title\" content=\"Realizan evangelizaci\u00f3n en Monte Blanco - La Prensa Cristiana\" \/>\n<meta property=\"og:description\" content=\"El pasado s\u00e1bado 18 de febrero Iglesia Casa de Oraci\u00f3n El verbo de Dios, llev\u00f3 a cabo un evento evangelistico denominado \u201cJes\u00fas te ama\u201d, haciendo un llamado a los habitantes de Monte Blanco, en el municipio de Soyapango, a acercarse a Dios. Ni\u00f1os, j\u00f3venes y adultos se dieron cita para alabar el nombre de Dios [&hellip;]\" \/>\n<meta property=\"og:url\" content=\"https:\/\/laprensacristiana.com\/?p=14212\" \/>\n<meta property=\"og:site_name\" content=\"La Prensa Cristiana\" \/>\n<meta property=\"article:published_time\" content=\"2023-02-22T22:12:07+00:00\" \/>\n<meta property=\"article:modified_time\" content=\"2023-02-22T22:15:56+00:00\" \/>\n<meta property=\"og:image\" content=\"https:\/\/laprensacristiana.com\/wp-content\/uploads\/2023\/02\/WhatsApp-Image-2023-02-22-at-16.09.15-2.jpeg\" \/>\n\t<meta property=\"og:image:width\" content=\"1600\" \/>\n\t<meta property=\"og:image:height\" content=\"1200\" \/>\n\t<meta property=\"og:image:type\" content=\"image\/jpeg\" \/>\n<meta name=\"author\" content=\"EDITOR\" \/>\n<meta name=\"twitter:card\" content=\"summary_large_image\" \/>\n<meta name=\"twitter:label1\" content=\"Escrito por\" \/>\n\t<meta name=\"twitter:data1\" content=\"EDITOR\" \/>\n<script type=\"application\/ld+json\" class=\"yoast-schema-graph\">{\"@context\":\"https:\/\/schema.org\",\"@graph\":[{\"@type\":\"WebPage\",\"@id\":\"https:\/\/laprensacristiana.com\/?p=14212\",\"url\":\"https:\/\/laprensacristiana.com\/?p=14212\",\"name\":\"Realizan evangelizaci\u00f3n en Monte Blanco - La Prensa Cristiana\",\"isPartOf\":{\"@id\":\"https:\/\/laprensacristiana.com\/#website\"},\"datePublished\":\"2023-02-22T22:12:07+00:00\",\"dateModified\":\"2023-02-22T22:15:56+00:00\",\"author\":{\"@id\":\"https:\/\/laprensacristiana.com\/#\/schema\/person\/3e7d82c6bfd6b1fa67010f8f7cd5256e\"},\"breadcrumb\":{\"@id\":\"https:\/\/laprensacristiana.com\/?p=14212#breadcrumb\"},\"inLanguage\":\"es\",\"potentialAction\":[{\"@type\":\"ReadAction\",\"target\":[\"https:\/\/laprensacristiana.com\/?p=14212\"]}]},{\"@type\":\"BreadcrumbList\",\"@id\":\"https:\/\/laprensacristiana.com\/?p=14212#breadcrumb\",\"itemListElement\":[{\"@type\":\"ListItem\",\"position\":1,\"name\":\"Portada\",\"item\":\"https:\/\/laprensacristiana.com\/\"},{\"@type\":\"ListItem\",\"position\":2,\"name\":\"Realizan evangelizaci\u00f3n en Monte Blanco\"}]},{\"@type\":\"WebSite\",\"@id\":\"https:\/\/laprensacristiana.com\/#website\",\"url\":\"https:\/\/laprensacristiana.com\/\",\"name\":\"La Prensa Cristiana\",\"description\":\"Anunciando Las Buenas Nuevas\",\"potentialAction\":[{\"@type\":\"SearchAction\",\"target\":{\"@type\":\"EntryPoint\",\"urlTemplate\":\"https:\/\/laprensacristiana.com\/?s={search_term_string}\"},\"query-input\":\"required name=search_term_string\"}],\"inLanguage\":\"es\"},{\"@type\":\"Person\",\"@id\":\"https:\/\/laprensacristiana.com\/#\/schema\/person\/3e7d82c6bfd6b1fa67010f8f7cd5256e\",\"name\":\"EDITOR\",\"image\":{\"@type\":\"ImageObject\",\"inLanguage\":\"es\",\"@id\":\"https:\/\/laprensacristiana.com\/#\/schema\/person\/image\/\",\"url\":\"https:\/\/secure.gravatar.com\/avatar\/72069dfb6c13772d9e8381e3638666d2?s=96&d=mm&r=g\",\"contentUrl\":\"https:\/\/secure.gravatar.com\/avatar\/72069dfb6c13772d9e8381e3638666d2?s=96&d=mm&r=g\",\"caption\":\"EDITOR\"},\"url\":\"https:\/\/laprensacristiana.com\/?author=3\"}]}<\/script>\n<!-- \/ Yoast SEO plugin. -->","yoast_head_json":{"title":"Realizan evangelizaci\u00f3n en Monte Blanco - La Prensa Cristiana","robots":{"index":"index","follow":"follow","max-snippet":"max-snippet:-1","max-image-preview":"max-image-preview:large","max-video-preview":"max-video-preview:-1"},"canonical":"https:\/\/laprensacristiana.com\/?p=14212","og_locale":"es_ES","og_type":"article","og_title":"Realizan evangelizaci\u00f3n en Monte Blanco - La Prensa Cristiana","og_description":"El pasado s\u00e1bado 18 de febrero Iglesia Casa de Oraci\u00f3n El verbo de Dios, llev\u00f3 a cabo un evento evangelistico denominado \u201cJes\u00fas te ama\u201d, haciendo un llamado a los habitantes de Monte Blanco, en el municipio de Soyapango, a acercarse a Dios. Ni\u00f1os, j\u00f3venes y adultos se dieron cita para alabar el nombre de Dios [&hellip;]","og_url":"https:\/\/laprensacristiana.com\/?p=14212","og_site_name":"La Prensa Cristiana","article_published_time":"2023-02-22T22:12:07+00:00","article_modified_time":"2023-02-22T22:15:56+00:00","og_image":[{"width":1600,"height":1200,"url":"https:\/\/laprensacristiana.com\/wp-content\/uploads\/2023\/02\/WhatsApp-Image-2023-02-22-at-16.09.15-2.jpeg","type":"image\/jpeg"}],"author":"EDITOR","twitter_card":"summary_large_image","twitter_misc":{"Escrito por":"EDITOR"},"schema":{"@context":"https:\/\/schema.org","@graph":[{"@type":"WebPage","@id":"https:\/\/laprensacristiana.com\/?p=14212","url":"https:\/\/laprensacristiana.com\/?p=14212","name":"Realizan evangelizaci\u00f3n en Monte Blanco - La Prensa Cristiana","isPartOf":{"@id":"https:\/\/laprensacristiana.com\/#website"},"datePublished":"2023-02-22T22:12:07+00:00","dateModified":"2023-02-22T22:15:56+00:00","author":{"@id":"https:\/\/laprensacristiana.com\/#\/schema\/person\/3e7d82c6bfd6b1fa67010f8f7cd5256e"},"breadcrumb":{"@id":"https:\/\/laprensacristiana.com\/?p=14212#breadcrumb"},"inLanguage":"es","potentialAction":[{"@type":"ReadAction","target":["https:\/\/laprensacristiana.com\/?p=14212"]}]},{"@type":"BreadcrumbList","@id":"https:\/\/laprensacristiana.com\/?p=14212#breadcrumb","itemListElement":[{"@type":"ListItem","position":1,"name":"Portada","item":"https:\/\/laprensacristiana.com\/"},{"@type":"ListItem","position":2,"name":"Realizan evangelizaci\u00f3n en Monte Blanco"}]},{"@type":"WebSite","@id":"https:\/\/laprensacristiana.com\/#website","url":"https:\/\/laprensacristiana.com\/","name":"La Prensa Cristiana","description":"Anunciando Las Buenas Nuevas","potentialAction":[{"@type":"SearchAction","target":{"@type":"EntryPoint","urlTemplate":"https:\/\/laprensacristiana.com\/?s={search_term_string}"},"query-input":"required name=search_term_string"}],"inLanguage":"es"},{"@type":"Person","@id":"https:\/\/laprensacristiana.com\/#\/schema\/person\/3e7d82c6bfd6b1fa67010f8f7cd5256e","name":"EDITOR","image":{"@type":"ImageObject","inLanguage":"es","@id":"https:\/\/laprensacristiana.com\/#\/schema\/person\/image\/","url":"https:\/\/secure.gravatar.com\/avatar\/72069dfb6c13772d9e8381e3638666d2?s=96&d=mm&r=g","contentUrl":"https:\/\/secure.gravatar.com\/avatar\/72069dfb6c13772d9e8381e3638666d2?s=96&d=mm&r=g","caption":"EDITOR"},"url":"https:\/\/laprensacristiana.com\/?author=3"}]}},"_links":{"self":[{"href":"https:\/\/laprensacristiana.com\/index.php?rest_route=\/wp\/v2\/posts\/14212"}],"collection":[{"href":"https:\/\/laprensacristiana.com\/index.php?rest_route=\/wp\/v2\/posts"}],"about":[{"href":"https:\/\/laprensacristiana.com\/index.php?rest_route=\/wp\/v2\/types\/post"}],"author":[{"embeddable":true,"href":"https:\/\/laprensacristiana.com\/index.php?rest_route=\/wp\/v2\/users\/3"}],"replies":[{"embeddable":true,"href":"https:\/\/laprensacristiana.com\/index.php?rest_route=%2Fwp%2Fv2%2Fcomments&post=14212"}],"version-history":[{"count":2,"href":"https:\/\/laprensacristiana.com\/index.php?rest_route=\/wp\/v2\/posts\/14212\/revisions"}],"predecessor-version":[{"id":14220,"href":"https:\/\/laprensacristiana.com\/index.php?rest_route=\/wp\/v2\/posts\/14212\/revisions\/14220"}],"wp:featuredmedia":[{"embeddable":true,"href":"https:\/\/laprensacristiana.com\/index.php?rest_route=\/wp\/v2\/media\/14214"}],"wp:attachment":[{"href":"https:\/\/laprensacristiana.com\/index.php?rest_route=%2Fwp%2Fv2%2Fmedia&parent=14212"}],"wp:term":[{"taxonomy":"category","embeddable":true,"href":"https:\/\/laprensacristiana.com\/index.php?rest_route=%2Fwp%2Fv2%2Fcategories&post=14212"},{"taxonomy":"post_tag","embeddable":true,"href":"https:\/\/laprensacristiana.com\/index.php?rest_route=%2Fwp%2Fv2%2Ftags&post=14212"}],"curies":[{"name":"wp","href":"https:\/\/api.w.org\/{rel}","templated":true}]}}