{"id":1422,"date":"2016-08-29T19:17:02","date_gmt":"2016-08-29T19:17:02","guid":{"rendered":"https:\/\/laprensacristiana.com\/?p=1422"},"modified":"2020-07-02T01:55:56","modified_gmt":"2020-07-02T01:55:56","slug":"sabes-adonde-iras-cuando-mueras","status":"publish","type":"post","link":"https:\/\/laprensacristiana.com\/?p=1422","title":{"rendered":"\u00bfSabes ad\u00f3nde ir\u00e1s cuando mueras?"},"content":{"rendered":"<p>POR JULY DE SOSA<\/p>\n<p style=\"text-align: justify;\">El tema de nuestra partida de este mundo m\u00e1s que darnos temor, deber\u00eda ser interesante para toda la humanidad, frente al hecho de que todos tarde o temprano llegaremos al fin del camino. Muy probablemente muchos prefieran esperar hasta ese tiempo para preocuparse acerca de<\/p>\n<p style=\"text-align: justify;\">\u00bfQu\u00e9 me pasar\u00e1 cuando el reloj que marca mi existencia se detenga?<\/p>\n<p style=\"text-align: justify;\">Ciertamente el mundo tiene sus propias creencias acerca de \u00bfQu\u00e9 pasa despu\u00e9s de la muerte? Unos creen que hay infierno, otros no; estos \u00faltimos sostienen que el, infierno se vive aqu\u00ed mismo en la tierra. Afortunadamente el coraz\u00f3n abierto de Dios mostrado por medio de su palabra escrita \u201cBiblia\u201d Tambi\u00e9n habla acerca de ese tema y lo aclara todo.<\/p>\n<p style=\"text-align: justify;\">La Biblia afirma la existencia del \u201cHades\u201d = infierno, morada de los no creyentes. (Apocalipsis 20:11-15) Y habla tambi\u00e9n del tercer cielo morada de Dios, heredado a los creyentes.(2 Corintios 12:2-3) Pero existe un tercer grupo de personas que creen y defienden su tesis de que al morir todo se termino, \u201cno hay cielo ni infierno \u201cel cuerpo se reduce a polvo y todo se queda all\u00ed.<\/p>\n<p style=\"text-align: justify;\">Una de las mayores debilidades que tenemos los humanos es la \u201ccomodidad\u201d esto nos lleva a creer todo lo que o\u00edmos sin tomarnos el tiempo para buscar su respaldo de confiabilidad, por el hecho que nos resulta m\u00e1s c\u00f3modo \u201ccreer \u201clo que yo quiero creer, y no la verdad mostrada por Dios. Seg\u00fan las afirmaciones en Apocalipsis y 2 corintios; solo hay dos lugares que esperan por nosotros despu\u00e9s de la muerte \u00a1Cielo \u00f3 Infierno!<\/p>\n<p style=\"text-align: justify;\">\u00bfSab\u00eda usted, que a ninguno de estos dos lugares vamos por ser buenas o malas personas? Lo que nos abre y cierra sus puertas es el hecho de si somos creyentes o no, si creemos en Jesucristo o no creemos en \u00e9l. Jes\u00fas dijo: Yo soy la resurrecci\u00f3n y la vida, el que cree en m\u00ed aunque este muerto vivir\u00e1. Y todo aquel que vive y cree en m\u00ed no morir\u00e1 eternamente Juan 11:25. Jes\u00fas cierra su declaraci\u00f3n con una pregunta verso 26 \u00bfCrees esto? \u2026 \u00bfPuede usted hacerse esa misma pregunta? En otra oportunidad Jes\u00fas declaro: Yo soy la puerta el que por mi entre ser\u00e1 salvo. Juan 10:9. Ser creyente en Jes\u00fas resulta f\u00e1cil\u00a0\u00a0 s\u00ed, renunciamos a nuestras propias creencias y decidimos creer la verdad escrita de Dios en la que encontramos muchas evidencias que respaldan su veracidad; entre ellas la verdad de que solo Jes\u00fas tiene el poder de salvarnos \u00c9L lo afirma diciendo: Voy pues a preparar lugar para vosotros. Y si me fuere vendr\u00e9 otra vez, y os tomar\u00e9 a m\u00ed mismo, para que donde yo estoy, vosotros tambi\u00e9n est\u00e9is. Y sabes a d\u00f3nde voy, y sab\u00e9is el camino. Juan 14:2-4.<\/p>\n<p style=\"text-align: justify;\">\u00bfSabe usted cu\u00e1l es el camino? Creer en Jes\u00fas como el hijo de Dios quien muri\u00f3 para darnos perd\u00f3n y salvaci\u00f3n a todos los que en su sacrificio y poder confiemos. Lo maravilloso de esto es que mientras tengamos vida tenemos el poder de decidir \u00bfa d\u00f3nde iremos? cuando nuestro tiempo aqu\u00ed termine. No lo olvide no es por obras es por su misericordia y confesi\u00f3n de nuestros labios a la aceptaci\u00f3n de Jes\u00fas como salvador Romanos 10:9-11.<\/p>\n<p style=\"text-align: justify;\">\u00a1Paz y bien para todos en esta nueva semana!<\/p>\n","protected":false},"excerpt":{"rendered":"<p>POR JULY DE SOSA El tema de nuestra partida de este mundo m\u00e1s que darnos temor, deber\u00eda ser interesante para toda la humanidad, frente al hecho de que todos tarde o temprano llegaremos al fin del camino. Muy probablemente muchos prefieran esperar hasta ese tiempo para preocuparse acerca de \u00bfQu\u00e9 me pasar\u00e1 cuando el reloj [&hellip;]<\/p>\n","protected":false},"author":3,"featured_media":1032,"comment_status":"open","ping_status":"open","sticky":false,"template":"","format":"standard","meta":[],"categories":[36],"tags":[49,47,48],"yoast_head":"<!-- This site is optimized with the Yoast SEO plugin v20.8 - https:\/\/yoast.com\/wordpress\/plugins\/seo\/ -->\n<title>\u00bfSabes ad\u00f3nde ir\u00e1s cuando mueras? - La Prensa Cristiana<\/title>\n<meta name=\"robots\" content=\"index, follow, max-snippet:-1, max-image-preview:large, max-video-preview:-1\" \/>\n<link rel=\"canonical\" href=\"https:\/\/laprensacristiana.com\/?p=1422\" \/>\n<meta property=\"og:locale\" content=\"es_ES\" \/>\n<meta property=\"og:type\" content=\"article\" \/>\n<meta property=\"og:title\" content=\"\u00bfSabes ad\u00f3nde ir\u00e1s cuando mueras? - La Prensa Cristiana\" \/>\n<meta property=\"og:description\" content=\"POR JULY DE SOSA El tema de nuestra partida de este mundo m\u00e1s que darnos temor, deber\u00eda ser interesante para toda la humanidad, frente al hecho de que todos tarde o temprano llegaremos al fin del camino. Muy probablemente muchos prefieran esperar hasta ese tiempo para preocuparse acerca de \u00bfQu\u00e9 me pasar\u00e1 cuando el reloj [&hellip;]\" \/>\n<meta property=\"og:url\" content=\"https:\/\/laprensacristiana.com\/?p=1422\" \/>\n<meta property=\"og:site_name\" content=\"La Prensa Cristiana\" \/>\n<meta property=\"article:published_time\" content=\"2016-08-29T19:17:02+00:00\" \/>\n<meta property=\"article:modified_time\" content=\"2020-07-02T01:55:56+00:00\" \/>\n<meta property=\"og:image\" content=\"https:\/\/laprensacristiana.com\/wp-content\/uploads\/2016\/07\/image.jpeg\" \/>\n\t<meta property=\"og:image:width\" content=\"1280\" \/>\n\t<meta property=\"og:image:height\" content=\"714\" \/>\n\t<meta property=\"og:image:type\" content=\"image\/jpeg\" \/>\n<meta name=\"author\" content=\"EDITOR\" \/>\n<meta name=\"twitter:card\" content=\"summary_large_image\" \/>\n<meta name=\"twitter:label1\" content=\"Escrito por\" \/>\n\t<meta name=\"twitter:data1\" content=\"EDITOR\" \/>\n\t<meta name=\"twitter:label2\" content=\"Tiempo de lectura\" \/>\n\t<meta name=\"twitter:data2\" content=\"3 minutos\" \/>\n<script type=\"application\/ld+json\" class=\"yoast-schema-graph\">{\"@context\":\"https:\/\/schema.org\",\"@graph\":[{\"@type\":\"WebPage\",\"@id\":\"https:\/\/laprensacristiana.com\/?p=1422\",\"url\":\"https:\/\/laprensacristiana.com\/?p=1422\",\"name\":\"\u00bfSabes ad\u00f3nde ir\u00e1s cuando mueras? - La Prensa Cristiana\",\"isPartOf\":{\"@id\":\"https:\/\/laprensacristiana.com\/#website\"},\"datePublished\":\"2016-08-29T19:17:02+00:00\",\"dateModified\":\"2020-07-02T01:55:56+00:00\",\"author\":{\"@id\":\"https:\/\/laprensacristiana.com\/#\/schema\/person\/3e7d82c6bfd6b1fa67010f8f7cd5256e\"},\"breadcrumb\":{\"@id\":\"https:\/\/laprensacristiana.com\/?p=1422#breadcrumb\"},\"inLanguage\":\"es\",\"potentialAction\":[{\"@type\":\"ReadAction\",\"target\":[\"https:\/\/laprensacristiana.com\/?p=1422\"]}]},{\"@type\":\"BreadcrumbList\",\"@id\":\"https:\/\/laprensacristiana.com\/?p=1422#breadcrumb\",\"itemListElement\":[{\"@type\":\"ListItem\",\"position\":1,\"name\":\"Portada\",\"item\":\"https:\/\/laprensacristiana.com\/\"},{\"@type\":\"ListItem\",\"position\":2,\"name\":\"\u00bfSabes ad\u00f3nde ir\u00e1s cuando mueras?\"}]},{\"@type\":\"WebSite\",\"@id\":\"https:\/\/laprensacristiana.com\/#website\",\"url\":\"https:\/\/laprensacristiana.com\/\",\"name\":\"La Prensa Cristiana\",\"description\":\"Anunciando Las Buenas Nuevas\",\"potentialAction\":[{\"@type\":\"SearchAction\",\"target\":{\"@type\":\"EntryPoint\",\"urlTemplate\":\"https:\/\/laprensacristiana.com\/?s={search_term_string}\"},\"query-input\":\"required name=search_term_string\"}],\"inLanguage\":\"es\"},{\"@type\":\"Person\",\"@id\":\"https:\/\/laprensacristiana.com\/#\/schema\/person\/3e7d82c6bfd6b1fa67010f8f7cd5256e\",\"name\":\"EDITOR\",\"image\":{\"@type\":\"ImageObject\",\"inLanguage\":\"es\",\"@id\":\"https:\/\/laprensacristiana.com\/#\/schema\/person\/image\/\",\"url\":\"https:\/\/secure.gravatar.com\/avatar\/72069dfb6c13772d9e8381e3638666d2?s=96&d=mm&r=g\",\"contentUrl\":\"https:\/\/secure.gravatar.com\/avatar\/72069dfb6c13772d9e8381e3638666d2?s=96&d=mm&r=g\",\"caption\":\"EDITOR\"},\"url\":\"https:\/\/laprensacristiana.com\/?author=3\"}]}<\/script>\n<!-- \/ Yoast SEO plugin. -->","yoast_head_json":{"title":"\u00bfSabes ad\u00f3nde ir\u00e1s cuando mueras? - La Prensa Cristiana","robots":{"index":"index","follow":"follow","max-snippet":"max-snippet:-1","max-image-preview":"max-image-preview:large","max-video-preview":"max-video-preview:-1"},"canonical":"https:\/\/laprensacristiana.com\/?p=1422","og_locale":"es_ES","og_type":"article","og_title":"\u00bfSabes ad\u00f3nde ir\u00e1s cuando mueras? - La Prensa Cristiana","og_description":"POR JULY DE SOSA El tema de nuestra partida de este mundo m\u00e1s que darnos temor, deber\u00eda ser interesante para toda la humanidad, frente al hecho de que todos tarde o temprano llegaremos al fin del camino. Muy probablemente muchos prefieran esperar hasta ese tiempo para preocuparse acerca de \u00bfQu\u00e9 me pasar\u00e1 cuando el reloj [&hellip;]","og_url":"https:\/\/laprensacristiana.com\/?p=1422","og_site_name":"La Prensa Cristiana","article_published_time":"2016-08-29T19:17:02+00:00","article_modified_time":"2020-07-02T01:55:56+00:00","og_image":[{"width":1280,"height":714,"url":"https:\/\/laprensacristiana.com\/wp-content\/uploads\/2016\/07\/image.jpeg","type":"image\/jpeg"}],"author":"EDITOR","twitter_card":"summary_large_image","twitter_misc":{"Escrito por":"EDITOR","Tiempo de lectura":"3 minutos"},"schema":{"@context":"https:\/\/schema.org","@graph":[{"@type":"WebPage","@id":"https:\/\/laprensacristiana.com\/?p=1422","url":"https:\/\/laprensacristiana.com\/?p=1422","name":"\u00bfSabes ad\u00f3nde ir\u00e1s cuando mueras? - La Prensa Cristiana","isPartOf":{"@id":"https:\/\/laprensacristiana.com\/#website"},"datePublished":"2016-08-29T19:17:02+00:00","dateModified":"2020-07-02T01:55:56+00:00","author":{"@id":"https:\/\/laprensacristiana.com\/#\/schema\/person\/3e7d82c6bfd6b1fa67010f8f7cd5256e"},"breadcrumb":{"@id":"https:\/\/laprensacristiana.com\/?p=1422#breadcrumb"},"inLanguage":"es","potentialAction":[{"@type":"ReadAction","target":["https:\/\/laprensacristiana.com\/?p=1422"]}]},{"@type":"BreadcrumbList","@id":"https:\/\/laprensacristiana.com\/?p=1422#breadcrumb","itemListElement":[{"@type":"ListItem","position":1,"name":"Portada","item":"https:\/\/laprensacristiana.com\/"},{"@type":"ListItem","position":2,"name":"\u00bfSabes ad\u00f3nde ir\u00e1s cuando mueras?"}]},{"@type":"WebSite","@id":"https:\/\/laprensacristiana.com\/#website","url":"https:\/\/laprensacristiana.com\/","name":"La Prensa Cristiana","description":"Anunciando Las Buenas Nuevas","potentialAction":[{"@type":"SearchAction","target":{"@type":"EntryPoint","urlTemplate":"https:\/\/laprensacristiana.com\/?s={search_term_string}"},"query-input":"required name=search_term_string"}],"inLanguage":"es"},{"@type":"Person","@id":"https:\/\/laprensacristiana.com\/#\/schema\/person\/3e7d82c6bfd6b1fa67010f8f7cd5256e","name":"EDITOR","image":{"@type":"ImageObject","inLanguage":"es","@id":"https:\/\/laprensacristiana.com\/#\/schema\/person\/image\/","url":"https:\/\/secure.gravatar.com\/avatar\/72069dfb6c13772d9e8381e3638666d2?s=96&d=mm&r=g","contentUrl":"https:\/\/secure.gravatar.com\/avatar\/72069dfb6c13772d9e8381e3638666d2?s=96&d=mm&r=g","caption":"EDITOR"},"url":"https:\/\/laprensacristiana.com\/?author=3"}]}},"_links":{"self":[{"href":"https:\/\/laprensacristiana.com\/index.php?rest_route=\/wp\/v2\/posts\/1422"}],"collection":[{"href":"https:\/\/laprensacristiana.com\/index.php?rest_route=\/wp\/v2\/posts"}],"about":[{"href":"https:\/\/laprensacristiana.com\/index.php?rest_route=\/wp\/v2\/types\/post"}],"author":[{"embeddable":true,"href":"https:\/\/laprensacristiana.com\/index.php?rest_route=\/wp\/v2\/users\/3"}],"replies":[{"embeddable":true,"href":"https:\/\/laprensacristiana.com\/index.php?rest_route=%2Fwp%2Fv2%2Fcomments&post=1422"}],"version-history":[{"count":1,"href":"https:\/\/laprensacristiana.com\/index.php?rest_route=\/wp\/v2\/posts\/1422\/revisions"}],"predecessor-version":[{"id":1423,"href":"https:\/\/laprensacristiana.com\/index.php?rest_route=\/wp\/v2\/posts\/1422\/revisions\/1423"}],"wp:featuredmedia":[{"embeddable":true,"href":"https:\/\/laprensacristiana.com\/index.php?rest_route=\/wp\/v2\/media\/1032"}],"wp:attachment":[{"href":"https:\/\/laprensacristiana.com\/index.php?rest_route=%2Fwp%2Fv2%2Fmedia&parent=1422"}],"wp:term":[{"taxonomy":"category","embeddable":true,"href":"https:\/\/laprensacristiana.com\/index.php?rest_route=%2Fwp%2Fv2%2Fcategories&post=1422"},{"taxonomy":"post_tag","embeddable":true,"href":"https:\/\/laprensacristiana.com\/index.php?rest_route=%2Fwp%2Fv2%2Ftags&post=1422"}],"curies":[{"name":"wp","href":"https:\/\/api.w.org\/{rel}","templated":true}]}}