{"id":14221,"date":"2023-02-27T18:40:25","date_gmt":"2023-02-27T18:40:25","guid":{"rendered":"https:\/\/laprensacristiana.com\/?p=14221"},"modified":"2023-02-27T18:40:26","modified_gmt":"2023-02-27T18:40:26","slug":"alianza-evangelica-de-el-salvador-mas-cerca-de-la-iglesia-evangelica-en-el-pais","status":"publish","type":"post","link":"https:\/\/laprensacristiana.com\/?p=14221","title":{"rendered":"Alianza Evang\u00e9lica de El Salvador, m\u00e1s cerca de la iglesia evang\u00e9lica en el pa\u00eds."},"content":{"rendered":"\n<p>Con el prop\u00f3sito de estar cerca y servir a la iglesia evang\u00e9lica de El Salvador, &nbsp;Alianza Evang\u00e9lica retom\u00f3 sus conferencias presenciales el 23, 24 y 25 de febrero. En esta ocasi\u00f3n y por primera vez, los eventos no solo se llevaron a cabo en San Salvador, &nbsp;sino tambi\u00e9n en la zona oriental y occidental del pa\u00eds. &nbsp;<\/p>\n\n\n\n<p>Al evento asistieron pastores y esposas de pastores de diferentes denominaciones, l\u00edderes y directivos de diversos ministerios al servicio de la iglesia, miembros de instituciones educativas, entre otros; quienes compartieron, estrecharon relaciones y disfrutaron un tiempo de comuni\u00f3n.&nbsp;<\/p>\n\n\n\n<p>\u201cLa vida digna del evangelio es morir a nosotros mismos cada d\u00eda para trabajar juntos por la integridad del mensaje del evangelio y su proclamaci\u00f3n en nuestro pa\u00eds. \u00a1Caminemos juntos por causa del Evangelio!\u201d, comparti\u00f3 el Pastor Javier Domignuez, Presidente de Alianza Evang\u00e9lica, durante la conferencia titulada: Juntos por el evangelio.&nbsp;<\/p>\n\n\n\n<p>Durante los eventos tambi\u00e9n se dio a conocer el trabajo que realiza Alianza Evang\u00e9lica, su prop\u00f3sito, sus objetivos, valores y alcance de servir, de diversas maneras, a la iglesia evang\u00e9lica de nuestro pa\u00eds. En esta oportunidad, acorde con la visi\u00f3n de equipar a la iglesia y gracias a la relaci\u00f3n y el aporte de otros ministerios, los asistentes recibieron como regalo la Biblia de Estudio de la Reforma.&nbsp;<\/p>\n\n\n\n<p>Sin duda un tiempo de bendici\u00f3n entre hermanos, una oportunidad para conocerse, acercarse y conectarse, con el prop\u00f3sito de \u00a0servir y continuar trabajando juntos por el evangelio.\u00a0<\/p>\n\n\n\n<figure class=\"wp-block-gallery columns-3 is-cropped wp-block-gallery-1 is-layout-flex\"><ul class=\"blocks-gallery-grid\"><li class=\"blocks-gallery-item\"><figure><img decoding=\"async\" loading=\"lazy\" width=\"1024\" height=\"683\" src=\"https:\/\/laprensacristiana.com\/wp-content\/uploads\/2023\/02\/C15159F4-276E-4DC8-9570-203C7970C69B-1024x683.jpeg\" alt=\"\" data-id=\"14223\" data-full-url=\"https:\/\/laprensacristiana.com\/wp-content\/uploads\/2023\/02\/C15159F4-276E-4DC8-9570-203C7970C69B.jpeg\" data-link=\"https:\/\/laprensacristiana.com\/?attachment_id=14223\" class=\"wp-image-14223\" srcset=\"https:\/\/laprensacristiana.com\/wp-content\/uploads\/2023\/02\/C15159F4-276E-4DC8-9570-203C7970C69B-1024x683.jpeg 1024w, https:\/\/laprensacristiana.com\/wp-content\/uploads\/2023\/02\/C15159F4-276E-4DC8-9570-203C7970C69B-300x200.jpeg 300w, https:\/\/laprensacristiana.com\/wp-content\/uploads\/2023\/02\/C15159F4-276E-4DC8-9570-203C7970C69B-768x512.jpeg 768w, https:\/\/laprensacristiana.com\/wp-content\/uploads\/2023\/02\/C15159F4-276E-4DC8-9570-203C7970C69B-1536x1024.jpeg 1536w, https:\/\/laprensacristiana.com\/wp-content\/uploads\/2023\/02\/C15159F4-276E-4DC8-9570-203C7970C69B-696x464.jpeg 696w, https:\/\/laprensacristiana.com\/wp-content\/uploads\/2023\/02\/C15159F4-276E-4DC8-9570-203C7970C69B-1068x712.jpeg 1068w, https:\/\/laprensacristiana.com\/wp-content\/uploads\/2023\/02\/C15159F4-276E-4DC8-9570-203C7970C69B-1920x1280.jpeg 1920w, https:\/\/laprensacristiana.com\/wp-content\/uploads\/2023\/02\/C15159F4-276E-4DC8-9570-203C7970C69B-600x400.jpeg 600w, https:\/\/laprensacristiana.com\/wp-content\/uploads\/2023\/02\/C15159F4-276E-4DC8-9570-203C7970C69B.jpeg 2048w\" sizes=\"(max-width: 1024px) 100vw, 1024px\" \/><\/figure><\/li><li class=\"blocks-gallery-item\"><figure><img decoding=\"async\" loading=\"lazy\" width=\"1024\" height=\"683\" src=\"https:\/\/laprensacristiana.com\/wp-content\/uploads\/2023\/02\/D40AC999-7DFD-47A9-839D-DF051D3608D5-1024x683.jpeg\" alt=\"\" data-id=\"14224\" data-full-url=\"https:\/\/laprensacristiana.com\/wp-content\/uploads\/2023\/02\/D40AC999-7DFD-47A9-839D-DF051D3608D5.jpeg\" data-link=\"https:\/\/laprensacristiana.com\/?attachment_id=14224\" class=\"wp-image-14224\" srcset=\"https:\/\/laprensacristiana.com\/wp-content\/uploads\/2023\/02\/D40AC999-7DFD-47A9-839D-DF051D3608D5-1024x683.jpeg 1024w, https:\/\/laprensacristiana.com\/wp-content\/uploads\/2023\/02\/D40AC999-7DFD-47A9-839D-DF051D3608D5-300x200.jpeg 300w, https:\/\/laprensacristiana.com\/wp-content\/uploads\/2023\/02\/D40AC999-7DFD-47A9-839D-DF051D3608D5-768x512.jpeg 768w, https:\/\/laprensacristiana.com\/wp-content\/uploads\/2023\/02\/D40AC999-7DFD-47A9-839D-DF051D3608D5-1536x1024.jpeg 1536w, https:\/\/laprensacristiana.com\/wp-content\/uploads\/2023\/02\/D40AC999-7DFD-47A9-839D-DF051D3608D5-696x464.jpeg 696w, https:\/\/laprensacristiana.com\/wp-content\/uploads\/2023\/02\/D40AC999-7DFD-47A9-839D-DF051D3608D5-1068x712.jpeg 1068w, https:\/\/laprensacristiana.com\/wp-content\/uploads\/2023\/02\/D40AC999-7DFD-47A9-839D-DF051D3608D5-1920x1280.jpeg 1920w, https:\/\/laprensacristiana.com\/wp-content\/uploads\/2023\/02\/D40AC999-7DFD-47A9-839D-DF051D3608D5-600x400.jpeg 600w, https:\/\/laprensacristiana.com\/wp-content\/uploads\/2023\/02\/D40AC999-7DFD-47A9-839D-DF051D3608D5.jpeg 2048w\" sizes=\"(max-width: 1024px) 100vw, 1024px\" \/><\/figure><\/li><li class=\"blocks-gallery-item\"><figure><img decoding=\"async\" loading=\"lazy\" width=\"1024\" height=\"683\" src=\"https:\/\/laprensacristiana.com\/wp-content\/uploads\/2023\/02\/E9615E53-1693-41AE-83E4-1D186CDF0E72-1024x683.jpeg\" alt=\"\" data-id=\"14225\" data-full-url=\"https:\/\/laprensacristiana.com\/wp-content\/uploads\/2023\/02\/E9615E53-1693-41AE-83E4-1D186CDF0E72.jpeg\" data-link=\"https:\/\/laprensacristiana.com\/?attachment_id=14225\" class=\"wp-image-14225\" srcset=\"https:\/\/laprensacristiana.com\/wp-content\/uploads\/2023\/02\/E9615E53-1693-41AE-83E4-1D186CDF0E72-1024x683.jpeg 1024w, https:\/\/laprensacristiana.com\/wp-content\/uploads\/2023\/02\/E9615E53-1693-41AE-83E4-1D186CDF0E72-300x200.jpeg 300w, https:\/\/laprensacristiana.com\/wp-content\/uploads\/2023\/02\/E9615E53-1693-41AE-83E4-1D186CDF0E72-768x512.jpeg 768w, https:\/\/laprensacristiana.com\/wp-content\/uploads\/2023\/02\/E9615E53-1693-41AE-83E4-1D186CDF0E72-1536x1024.jpeg 1536w, https:\/\/laprensacristiana.com\/wp-content\/uploads\/2023\/02\/E9615E53-1693-41AE-83E4-1D186CDF0E72-696x464.jpeg 696w, https:\/\/laprensacristiana.com\/wp-content\/uploads\/2023\/02\/E9615E53-1693-41AE-83E4-1D186CDF0E72-1068x712.jpeg 1068w, https:\/\/laprensacristiana.com\/wp-content\/uploads\/2023\/02\/E9615E53-1693-41AE-83E4-1D186CDF0E72-1920x1280.jpeg 1920w, https:\/\/laprensacristiana.com\/wp-content\/uploads\/2023\/02\/E9615E53-1693-41AE-83E4-1D186CDF0E72-600x400.jpeg 600w, https:\/\/laprensacristiana.com\/wp-content\/uploads\/2023\/02\/E9615E53-1693-41AE-83E4-1D186CDF0E72.jpeg 2048w\" sizes=\"(max-width: 1024px) 100vw, 1024px\" \/><\/figure><\/li><li class=\"blocks-gallery-item\"><figure><img decoding=\"async\" loading=\"lazy\" width=\"1024\" height=\"683\" src=\"https:\/\/laprensacristiana.com\/wp-content\/uploads\/2023\/02\/4AECAAF6-E384-4930-8FCC-42C9200BF8B8-1024x683.jpeg\" alt=\"\" data-id=\"14226\" data-full-url=\"https:\/\/laprensacristiana.com\/wp-content\/uploads\/2023\/02\/4AECAAF6-E384-4930-8FCC-42C9200BF8B8.jpeg\" data-link=\"https:\/\/laprensacristiana.com\/?attachment_id=14226\" class=\"wp-image-14226\" srcset=\"https:\/\/laprensacristiana.com\/wp-content\/uploads\/2023\/02\/4AECAAF6-E384-4930-8FCC-42C9200BF8B8-1024x683.jpeg 1024w, https:\/\/laprensacristiana.com\/wp-content\/uploads\/2023\/02\/4AECAAF6-E384-4930-8FCC-42C9200BF8B8-300x200.jpeg 300w, https:\/\/laprensacristiana.com\/wp-content\/uploads\/2023\/02\/4AECAAF6-E384-4930-8FCC-42C9200BF8B8-768x512.jpeg 768w, https:\/\/laprensacristiana.com\/wp-content\/uploads\/2023\/02\/4AECAAF6-E384-4930-8FCC-42C9200BF8B8-1536x1024.jpeg 1536w, https:\/\/laprensacristiana.com\/wp-content\/uploads\/2023\/02\/4AECAAF6-E384-4930-8FCC-42C9200BF8B8-696x464.jpeg 696w, https:\/\/laprensacristiana.com\/wp-content\/uploads\/2023\/02\/4AECAAF6-E384-4930-8FCC-42C9200BF8B8-1068x712.jpeg 1068w, https:\/\/laprensacristiana.com\/wp-content\/uploads\/2023\/02\/4AECAAF6-E384-4930-8FCC-42C9200BF8B8-1920x1280.jpeg 1920w, https:\/\/laprensacristiana.com\/wp-content\/uploads\/2023\/02\/4AECAAF6-E384-4930-8FCC-42C9200BF8B8-600x400.jpeg 600w, https:\/\/laprensacristiana.com\/wp-content\/uploads\/2023\/02\/4AECAAF6-E384-4930-8FCC-42C9200BF8B8.jpeg 2048w\" sizes=\"(max-width: 1024px) 100vw, 1024px\" \/><\/figure><\/li><li class=\"blocks-gallery-item\"><figure><img decoding=\"async\" loading=\"lazy\" width=\"1024\" height=\"683\" src=\"https:\/\/laprensacristiana.com\/wp-content\/uploads\/2023\/02\/AD1F65D6-6A63-4A2F-8B56-8FF607846038-1024x683.jpeg\" alt=\"\" data-id=\"14227\" data-full-url=\"https:\/\/laprensacristiana.com\/wp-content\/uploads\/2023\/02\/AD1F65D6-6A63-4A2F-8B56-8FF607846038.jpeg\" data-link=\"https:\/\/laprensacristiana.com\/?attachment_id=14227\" class=\"wp-image-14227\" srcset=\"https:\/\/laprensacristiana.com\/wp-content\/uploads\/2023\/02\/AD1F65D6-6A63-4A2F-8B56-8FF607846038-1024x683.jpeg 1024w, https:\/\/laprensacristiana.com\/wp-content\/uploads\/2023\/02\/AD1F65D6-6A63-4A2F-8B56-8FF607846038-300x200.jpeg 300w, https:\/\/laprensacristiana.com\/wp-content\/uploads\/2023\/02\/AD1F65D6-6A63-4A2F-8B56-8FF607846038-768x512.jpeg 768w, https:\/\/laprensacristiana.com\/wp-content\/uploads\/2023\/02\/AD1F65D6-6A63-4A2F-8B56-8FF607846038-1536x1024.jpeg 1536w, https:\/\/laprensacristiana.com\/wp-content\/uploads\/2023\/02\/AD1F65D6-6A63-4A2F-8B56-8FF607846038-696x464.jpeg 696w, https:\/\/laprensacristiana.com\/wp-content\/uploads\/2023\/02\/AD1F65D6-6A63-4A2F-8B56-8FF607846038-1068x712.jpeg 1068w, https:\/\/laprensacristiana.com\/wp-content\/uploads\/2023\/02\/AD1F65D6-6A63-4A2F-8B56-8FF607846038-1920x1280.jpeg 1920w, https:\/\/laprensacristiana.com\/wp-content\/uploads\/2023\/02\/AD1F65D6-6A63-4A2F-8B56-8FF607846038-600x400.jpeg 600w, https:\/\/laprensacristiana.com\/wp-content\/uploads\/2023\/02\/AD1F65D6-6A63-4A2F-8B56-8FF607846038.jpeg 2048w\" sizes=\"(max-width: 1024px) 100vw, 1024px\" \/><\/figure><\/li><\/ul><\/figure>\n","protected":false},"excerpt":{"rendered":"<p>Con el prop\u00f3sito de estar cerca y servir a la iglesia evang\u00e9lica de El Salvador, &nbsp;Alianza Evang\u00e9lica retom\u00f3 sus conferencias presenciales el 23, 24 y 25 de febrero. En esta ocasi\u00f3n y por primera vez, los eventos no solo se llevaron a cabo en San Salvador, &nbsp;sino tambi\u00e9n en la zona oriental y occidental del [&hellip;]<\/p>\n","protected":false},"author":3,"featured_media":14222,"comment_status":"open","ping_status":"open","sticky":false,"template":"","format":"standard","meta":[],"categories":[56],"tags":[],"yoast_head":"<!-- This site is optimized with the Yoast SEO plugin v20.8 - https:\/\/yoast.com\/wordpress\/plugins\/seo\/ -->\n<title>Alianza Evang\u00e9lica de El Salvador, m\u00e1s cerca de la iglesia evang\u00e9lica en el pa\u00eds. - La Prensa Cristiana<\/title>\n<meta name=\"robots\" content=\"index, follow, max-snippet:-1, max-image-preview:large, max-video-preview:-1\" \/>\n<link rel=\"canonical\" href=\"https:\/\/laprensacristiana.com\/?p=14221\" \/>\n<meta property=\"og:locale\" content=\"es_ES\" \/>\n<meta property=\"og:type\" content=\"article\" \/>\n<meta property=\"og:title\" content=\"Alianza Evang\u00e9lica de El Salvador, m\u00e1s cerca de la iglesia evang\u00e9lica en el pa\u00eds. - La Prensa Cristiana\" \/>\n<meta property=\"og:description\" content=\"Con el prop\u00f3sito de estar cerca y servir a la iglesia evang\u00e9lica de El Salvador, &nbsp;Alianza Evang\u00e9lica retom\u00f3 sus conferencias presenciales el 23, 24 y 25 de febrero. En esta ocasi\u00f3n y por primera vez, los eventos no solo se llevaron a cabo en San Salvador, &nbsp;sino tambi\u00e9n en la zona oriental y occidental del [&hellip;]\" \/>\n<meta property=\"og:url\" content=\"https:\/\/laprensacristiana.com\/?p=14221\" \/>\n<meta property=\"og:site_name\" content=\"La Prensa Cristiana\" \/>\n<meta property=\"article:published_time\" content=\"2023-02-27T18:40:25+00:00\" \/>\n<meta property=\"article:modified_time\" content=\"2023-02-27T18:40:26+00:00\" \/>\n<meta property=\"og:image\" content=\"https:\/\/laprensacristiana.com\/wp-content\/uploads\/2023\/02\/4C68236A-B578-4B93-A1FB-8093DB313226.jpeg\" \/>\n\t<meta property=\"og:image:width\" content=\"1024\" \/>\n\t<meta property=\"og:image:height\" content=\"683\" \/>\n\t<meta property=\"og:image:type\" content=\"image\/jpeg\" \/>\n<meta name=\"author\" content=\"EDITOR\" \/>\n<meta name=\"twitter:card\" content=\"summary_large_image\" \/>\n<meta name=\"twitter:label1\" content=\"Escrito por\" \/>\n\t<meta name=\"twitter:data1\" content=\"EDITOR\" \/>\n\t<meta name=\"twitter:label2\" content=\"Tiempo de lectura\" \/>\n\t<meta name=\"twitter:data2\" content=\"1 minuto\" \/>\n<script type=\"application\/ld+json\" class=\"yoast-schema-graph\">{\"@context\":\"https:\/\/schema.org\",\"@graph\":[{\"@type\":\"WebPage\",\"@id\":\"https:\/\/laprensacristiana.com\/?p=14221\",\"url\":\"https:\/\/laprensacristiana.com\/?p=14221\",\"name\":\"Alianza Evang\u00e9lica de El Salvador, m\u00e1s cerca de la iglesia evang\u00e9lica en el pa\u00eds. - La Prensa Cristiana\",\"isPartOf\":{\"@id\":\"https:\/\/laprensacristiana.com\/#website\"},\"datePublished\":\"2023-02-27T18:40:25+00:00\",\"dateModified\":\"2023-02-27T18:40:26+00:00\",\"author\":{\"@id\":\"https:\/\/laprensacristiana.com\/#\/schema\/person\/3e7d82c6bfd6b1fa67010f8f7cd5256e\"},\"breadcrumb\":{\"@id\":\"https:\/\/laprensacristiana.com\/?p=14221#breadcrumb\"},\"inLanguage\":\"es\",\"potentialAction\":[{\"@type\":\"ReadAction\",\"target\":[\"https:\/\/laprensacristiana.com\/?p=14221\"]}]},{\"@type\":\"BreadcrumbList\",\"@id\":\"https:\/\/laprensacristiana.com\/?p=14221#breadcrumb\",\"itemListElement\":[{\"@type\":\"ListItem\",\"position\":1,\"name\":\"Portada\",\"item\":\"https:\/\/laprensacristiana.com\/\"},{\"@type\":\"ListItem\",\"position\":2,\"name\":\"Alianza Evang\u00e9lica de El Salvador, m\u00e1s cerca de la iglesia evang\u00e9lica en el pa\u00eds.\"}]},{\"@type\":\"WebSite\",\"@id\":\"https:\/\/laprensacristiana.com\/#website\",\"url\":\"https:\/\/laprensacristiana.com\/\",\"name\":\"La Prensa Cristiana\",\"description\":\"Anunciando Las Buenas Nuevas\",\"potentialAction\":[{\"@type\":\"SearchAction\",\"target\":{\"@type\":\"EntryPoint\",\"urlTemplate\":\"https:\/\/laprensacristiana.com\/?s={search_term_string}\"},\"query-input\":\"required name=search_term_string\"}],\"inLanguage\":\"es\"},{\"@type\":\"Person\",\"@id\":\"https:\/\/laprensacristiana.com\/#\/schema\/person\/3e7d82c6bfd6b1fa67010f8f7cd5256e\",\"name\":\"EDITOR\",\"image\":{\"@type\":\"ImageObject\",\"inLanguage\":\"es\",\"@id\":\"https:\/\/laprensacristiana.com\/#\/schema\/person\/image\/\",\"url\":\"https:\/\/secure.gravatar.com\/avatar\/72069dfb6c13772d9e8381e3638666d2?s=96&d=mm&r=g\",\"contentUrl\":\"https:\/\/secure.gravatar.com\/avatar\/72069dfb6c13772d9e8381e3638666d2?s=96&d=mm&r=g\",\"caption\":\"EDITOR\"},\"url\":\"https:\/\/laprensacristiana.com\/?author=3\"}]}<\/script>\n<!-- \/ Yoast SEO plugin. -->","yoast_head_json":{"title":"Alianza Evang\u00e9lica de El Salvador, m\u00e1s cerca de la iglesia evang\u00e9lica en el pa\u00eds. - La Prensa Cristiana","robots":{"index":"index","follow":"follow","max-snippet":"max-snippet:-1","max-image-preview":"max-image-preview:large","max-video-preview":"max-video-preview:-1"},"canonical":"https:\/\/laprensacristiana.com\/?p=14221","og_locale":"es_ES","og_type":"article","og_title":"Alianza Evang\u00e9lica de El Salvador, m\u00e1s cerca de la iglesia evang\u00e9lica en el pa\u00eds. - La Prensa Cristiana","og_description":"Con el prop\u00f3sito de estar cerca y servir a la iglesia evang\u00e9lica de El Salvador, &nbsp;Alianza Evang\u00e9lica retom\u00f3 sus conferencias presenciales el 23, 24 y 25 de febrero. En esta ocasi\u00f3n y por primera vez, los eventos no solo se llevaron a cabo en San Salvador, &nbsp;sino tambi\u00e9n en la zona oriental y occidental del [&hellip;]","og_url":"https:\/\/laprensacristiana.com\/?p=14221","og_site_name":"La Prensa Cristiana","article_published_time":"2023-02-27T18:40:25+00:00","article_modified_time":"2023-02-27T18:40:26+00:00","og_image":[{"width":1024,"height":683,"url":"https:\/\/laprensacristiana.com\/wp-content\/uploads\/2023\/02\/4C68236A-B578-4B93-A1FB-8093DB313226.jpeg","type":"image\/jpeg"}],"author":"EDITOR","twitter_card":"summary_large_image","twitter_misc":{"Escrito por":"EDITOR","Tiempo de lectura":"1 minuto"},"schema":{"@context":"https:\/\/schema.org","@graph":[{"@type":"WebPage","@id":"https:\/\/laprensacristiana.com\/?p=14221","url":"https:\/\/laprensacristiana.com\/?p=14221","name":"Alianza Evang\u00e9lica de El Salvador, m\u00e1s cerca de la iglesia evang\u00e9lica en el pa\u00eds. - La Prensa Cristiana","isPartOf":{"@id":"https:\/\/laprensacristiana.com\/#website"},"datePublished":"2023-02-27T18:40:25+00:00","dateModified":"2023-02-27T18:40:26+00:00","author":{"@id":"https:\/\/laprensacristiana.com\/#\/schema\/person\/3e7d82c6bfd6b1fa67010f8f7cd5256e"},"breadcrumb":{"@id":"https:\/\/laprensacristiana.com\/?p=14221#breadcrumb"},"inLanguage":"es","potentialAction":[{"@type":"ReadAction","target":["https:\/\/laprensacristiana.com\/?p=14221"]}]},{"@type":"BreadcrumbList","@id":"https:\/\/laprensacristiana.com\/?p=14221#breadcrumb","itemListElement":[{"@type":"ListItem","position":1,"name":"Portada","item":"https:\/\/laprensacristiana.com\/"},{"@type":"ListItem","position":2,"name":"Alianza Evang\u00e9lica de El Salvador, m\u00e1s cerca de la iglesia evang\u00e9lica en el pa\u00eds."}]},{"@type":"WebSite","@id":"https:\/\/laprensacristiana.com\/#website","url":"https:\/\/laprensacristiana.com\/","name":"La Prensa Cristiana","description":"Anunciando Las Buenas Nuevas","potentialAction":[{"@type":"SearchAction","target":{"@type":"EntryPoint","urlTemplate":"https:\/\/laprensacristiana.com\/?s={search_term_string}"},"query-input":"required name=search_term_string"}],"inLanguage":"es"},{"@type":"Person","@id":"https:\/\/laprensacristiana.com\/#\/schema\/person\/3e7d82c6bfd6b1fa67010f8f7cd5256e","name":"EDITOR","image":{"@type":"ImageObject","inLanguage":"es","@id":"https:\/\/laprensacristiana.com\/#\/schema\/person\/image\/","url":"https:\/\/secure.gravatar.com\/avatar\/72069dfb6c13772d9e8381e3638666d2?s=96&d=mm&r=g","contentUrl":"https:\/\/secure.gravatar.com\/avatar\/72069dfb6c13772d9e8381e3638666d2?s=96&d=mm&r=g","caption":"EDITOR"},"url":"https:\/\/laprensacristiana.com\/?author=3"}]}},"_links":{"self":[{"href":"https:\/\/laprensacristiana.com\/index.php?rest_route=\/wp\/v2\/posts\/14221"}],"collection":[{"href":"https:\/\/laprensacristiana.com\/index.php?rest_route=\/wp\/v2\/posts"}],"about":[{"href":"https:\/\/laprensacristiana.com\/index.php?rest_route=\/wp\/v2\/types\/post"}],"author":[{"embeddable":true,"href":"https:\/\/laprensacristiana.com\/index.php?rest_route=\/wp\/v2\/users\/3"}],"replies":[{"embeddable":true,"href":"https:\/\/laprensacristiana.com\/index.php?rest_route=%2Fwp%2Fv2%2Fcomments&post=14221"}],"version-history":[{"count":1,"href":"https:\/\/laprensacristiana.com\/index.php?rest_route=\/wp\/v2\/posts\/14221\/revisions"}],"predecessor-version":[{"id":14228,"href":"https:\/\/laprensacristiana.com\/index.php?rest_route=\/wp\/v2\/posts\/14221\/revisions\/14228"}],"wp:featuredmedia":[{"embeddable":true,"href":"https:\/\/laprensacristiana.com\/index.php?rest_route=\/wp\/v2\/media\/14222"}],"wp:attachment":[{"href":"https:\/\/laprensacristiana.com\/index.php?rest_route=%2Fwp%2Fv2%2Fmedia&parent=14221"}],"wp:term":[{"taxonomy":"category","embeddable":true,"href":"https:\/\/laprensacristiana.com\/index.php?rest_route=%2Fwp%2Fv2%2Fcategories&post=14221"},{"taxonomy":"post_tag","embeddable":true,"href":"https:\/\/laprensacristiana.com\/index.php?rest_route=%2Fwp%2Fv2%2Ftags&post=14221"}],"curies":[{"name":"wp","href":"https:\/\/api.w.org\/{rel}","templated":true}]}}