{"id":14229,"date":"2023-03-01T22:01:54","date_gmt":"2023-03-01T22:01:54","guid":{"rendered":"https:\/\/laprensacristiana.com\/?p=14229"},"modified":"2023-03-01T22:01:55","modified_gmt":"2023-03-01T22:01:55","slug":"mexico-en-la-noticia-o-se-trata-de-menos-democracia","status":"publish","type":"post","link":"https:\/\/laprensacristiana.com\/?p=14229","title":{"rendered":"M\u00e9xico en la noticia\u2026 \u00bfo se trata de menos democracia?"},"content":{"rendered":"\n<p>Todos, cual m\u00e1s o menos, admiramos a M\u00e9xico: su m\u00fasica, sus comidas, sus charros y \u00a1hasta sus comediantes!<\/p>\n\n\n\n<p>Y de pronto, hay algunas cosas que no admiramos. Por ejemplo, sus historias de pol\u00edtica moderna. Con un partido \u201crevolucionario\u201d y sus 70 a\u00f1os en el poder; tampoco admiramos el \u201cadentramiento\u201d de los que manejan el narcotr\u00e1fico en la vida civil judicial o pol\u00edtica del pa\u00eds; y, claro, no nos gusta un M\u00e9xico que quiere -a trav\u00e9s de sus dirigentes- erigirse en la voz de&nbsp;Am\u00e9rica&nbsp;Latina-&nbsp;cuando hay muchas cosas que arreglar en casa.<\/p>\n\n\n\n<p>Y ahora, parece que no comienza a gustarnos una nueva legislaci\u00f3n que pretende ahorrar&nbsp;dinero, pero a costa de un debilitamiento del sistema democr\u00e1tico;<\/p>\n\n\n\n<p>Dice,&nbsp;la jefa de la redacci\u00f3n de EL PA\u00cdS en M\u00e9xico, Socia Corona que&nbsp;\u201cEl \u201cplan B\u201d de la reforma electoral se aprob\u00f3 definitivamente el pasado mi\u00e9rcoles en el Senado y solo est\u00e1 pendiente de su promulgaci\u00f3n. Los cambios en las leyes secundarias acotan el papel del INE comenzando por un recorte de 300 juntas distritales en los 32 Estados del pa\u00eds. Morena, el partido en el Gobierno, argumenta que los cambios a las leyes conseguir\u00e1n un ahorro de 3.500 millones de pesos. Los opositores apuntan a que esto ocurrir\u00e1 con el adelgazamiento de la instituci\u00f3n que organiza las elecciones, lo que abre la puerta a procesos electorales menos confiables y pone en riesgo la democracia. La reforma tambi\u00e9n relaja las reglas para el uso de la propaganda pol\u00edtica entre funcionarios p\u00fablicos, una medida que puede inclinar la balanza en favor de quienes se encuentren ocupando un cargo p\u00fablico y tengan acceso a los presupuestos\u201d.<\/p>\n\n\n\n<p>Nosotros reconocemos que no existe un sistema de gobierno pol\u00edtico que sea perfecto. No a este lado de la creaci\u00f3n, donde todos contribuimos con nuestra propia imperfecci\u00f3n a &nbsp;crear procesos e instituciones que tienen pies de barro\u2026<\/p>\n\n\n\n<p>Fue, por lo tanto, perfectamente l\u00f3gico que miles de mexicanos salieran a protestar en el Z\u00f3calo, una de las plazas abiertas m\u00e1s grandes del mundo, ante las medidas anunciadas, que tiene por objeto restringir la autonom\u00eda y jurisdicci\u00f3n del INE (Instituto Nacional Electoral).<\/p>\n\n\n\n<p>La concentraci\u00f3n dur\u00f3 poco m\u00e1s de una hora y se cerr\u00f3 con el canto del Himno Nacional.<\/p>\n\n\n\n<p>\u00bfSer\u00e1 la tentaci\u00f3n de muchos gobernantes, arreglar constituciones, reglamentos y leyes para ejercer su poder sin contrapeso? \u00bfPor aquello de que ellos s\u00ed saben, y el resto de la poblaci\u00f3n son solo \u201cchusma inconsciente\u201d, como catalogaba un&nbsp;candidato a presidente de un pa\u00eds latinoamericano, a los miles de seguidores que se juntaban a aplaudir al candidato en cuesti\u00f3n?&nbsp;<\/p>\n\n\n\n<p>Claro, ahora, no podemos, criticar mucho al pa\u00eds del norte, cuando m\u00e1s al norte, aun, se ha intentado en la historia reciente dar un golpe de estado, porque al presidente en ejercicio, en uno de sus tantos berrinches de hijo mal criado, se le ocurri\u00f3 que le hab\u00edan robado la elecci\u00f3n.<\/p>\n\n\n\n<p>Un texto muy antiguo, hace una pregunta que calza perfectamente con el tiempo que vivimos: \u201c\u00bfPor&nbsp;qu\u00e9 se amotinan las gentes,&nbsp;y&nbsp;los pueblos piensan vanidad?\u201d<\/p>\n\n\n\n<p>Y nosotros creemos, que a veces -y reconociendo que los pueblos piensan en puras vanidades- que a veces, los alborotos populares son buenos, porque son una reacci\u00f3n ante los malos manejos de aquellos que se creen tocados por la divinidad para gobernar\u2026<\/p>\n\n\n\n<p>El dicho popular afirma que M\u00e9xico, se encuentra muy cerca de Dios, pero muy cerca de Estados Unidos. Ojal\u00e1 que tal cercan\u00eda no da\u00f1e el alma de gobernantes y gobernados para darse el presente y el futuro que se merecen.<\/p>\n\n\n\n<p>(Guillermo Serrano en Ideas y Voces)<\/p>\n","protected":false},"excerpt":{"rendered":"<p>Todos, cual m\u00e1s o menos, admiramos a M\u00e9xico: su m\u00fasica, sus comidas, sus charros y \u00a1hasta sus comediantes! Y de pronto, hay algunas cosas que no admiramos. Por ejemplo, sus historias de pol\u00edtica moderna. Con un partido \u201crevolucionario\u201d y sus 70 a\u00f1os en el poder; tampoco admiramos el \u201cadentramiento\u201d de los que manejan el narcotr\u00e1fico [&hellip;]<\/p>\n","protected":false},"author":3,"featured_media":12615,"comment_status":"open","ping_status":"open","sticky":false,"template":"","format":"standard","meta":[],"categories":[113],"tags":[],"yoast_head":"<!-- This site is optimized with the Yoast SEO plugin v20.8 - https:\/\/yoast.com\/wordpress\/plugins\/seo\/ -->\n<title>M\u00e9xico en la noticia\u2026 \u00bfo se trata de menos democracia? - La Prensa Cristiana<\/title>\n<meta name=\"robots\" content=\"index, follow, max-snippet:-1, max-image-preview:large, max-video-preview:-1\" \/>\n<link rel=\"canonical\" href=\"https:\/\/laprensacristiana.com\/?p=14229\" \/>\n<meta property=\"og:locale\" content=\"es_ES\" \/>\n<meta property=\"og:type\" content=\"article\" \/>\n<meta property=\"og:title\" content=\"M\u00e9xico en la noticia\u2026 \u00bfo se trata de menos democracia? - La Prensa Cristiana\" \/>\n<meta property=\"og:description\" content=\"Todos, cual m\u00e1s o menos, admiramos a M\u00e9xico: su m\u00fasica, sus comidas, sus charros y \u00a1hasta sus comediantes! Y de pronto, hay algunas cosas que no admiramos. Por ejemplo, sus historias de pol\u00edtica moderna. Con un partido \u201crevolucionario\u201d y sus 70 a\u00f1os en el poder; tampoco admiramos el \u201cadentramiento\u201d de los que manejan el narcotr\u00e1fico [&hellip;]\" \/>\n<meta property=\"og:url\" content=\"https:\/\/laprensacristiana.com\/?p=14229\" \/>\n<meta property=\"og:site_name\" content=\"La Prensa Cristiana\" \/>\n<meta property=\"article:published_time\" content=\"2023-03-01T22:01:54+00:00\" \/>\n<meta property=\"article:modified_time\" content=\"2023-03-01T22:01:55+00:00\" \/>\n<meta property=\"og:image\" content=\"https:\/\/laprensacristiana.com\/wp-content\/uploads\/2021\/10\/WhatsApp-Image-2021-10-04-at-7.31.46-AM.jpeg\" \/>\n\t<meta property=\"og:image:width\" content=\"487\" \/>\n\t<meta property=\"og:image:height\" content=\"330\" \/>\n\t<meta property=\"og:image:type\" content=\"image\/jpeg\" \/>\n<meta name=\"author\" content=\"EDITOR\" \/>\n<meta name=\"twitter:card\" content=\"summary_large_image\" \/>\n<meta name=\"twitter:label1\" content=\"Escrito por\" \/>\n\t<meta name=\"twitter:data1\" content=\"EDITOR\" \/>\n\t<meta name=\"twitter:label2\" content=\"Tiempo de lectura\" \/>\n\t<meta name=\"twitter:data2\" content=\"3 minutos\" \/>\n<script type=\"application\/ld+json\" class=\"yoast-schema-graph\">{\"@context\":\"https:\/\/schema.org\",\"@graph\":[{\"@type\":\"WebPage\",\"@id\":\"https:\/\/laprensacristiana.com\/?p=14229\",\"url\":\"https:\/\/laprensacristiana.com\/?p=14229\",\"name\":\"M\u00e9xico en la noticia\u2026 \u00bfo se trata de menos democracia? - La Prensa Cristiana\",\"isPartOf\":{\"@id\":\"https:\/\/laprensacristiana.com\/#website\"},\"datePublished\":\"2023-03-01T22:01:54+00:00\",\"dateModified\":\"2023-03-01T22:01:55+00:00\",\"author\":{\"@id\":\"https:\/\/laprensacristiana.com\/#\/schema\/person\/3e7d82c6bfd6b1fa67010f8f7cd5256e\"},\"breadcrumb\":{\"@id\":\"https:\/\/laprensacristiana.com\/?p=14229#breadcrumb\"},\"inLanguage\":\"es\",\"potentialAction\":[{\"@type\":\"ReadAction\",\"target\":[\"https:\/\/laprensacristiana.com\/?p=14229\"]}]},{\"@type\":\"BreadcrumbList\",\"@id\":\"https:\/\/laprensacristiana.com\/?p=14229#breadcrumb\",\"itemListElement\":[{\"@type\":\"ListItem\",\"position\":1,\"name\":\"Portada\",\"item\":\"https:\/\/laprensacristiana.com\/\"},{\"@type\":\"ListItem\",\"position\":2,\"name\":\"M\u00e9xico en la noticia\u2026 \u00bfo se trata de menos democracia?\"}]},{\"@type\":\"WebSite\",\"@id\":\"https:\/\/laprensacristiana.com\/#website\",\"url\":\"https:\/\/laprensacristiana.com\/\",\"name\":\"La Prensa Cristiana\",\"description\":\"Anunciando Las Buenas Nuevas\",\"potentialAction\":[{\"@type\":\"SearchAction\",\"target\":{\"@type\":\"EntryPoint\",\"urlTemplate\":\"https:\/\/laprensacristiana.com\/?s={search_term_string}\"},\"query-input\":\"required name=search_term_string\"}],\"inLanguage\":\"es\"},{\"@type\":\"Person\",\"@id\":\"https:\/\/laprensacristiana.com\/#\/schema\/person\/3e7d82c6bfd6b1fa67010f8f7cd5256e\",\"name\":\"EDITOR\",\"image\":{\"@type\":\"ImageObject\",\"inLanguage\":\"es\",\"@id\":\"https:\/\/laprensacristiana.com\/#\/schema\/person\/image\/\",\"url\":\"https:\/\/secure.gravatar.com\/avatar\/72069dfb6c13772d9e8381e3638666d2?s=96&d=mm&r=g\",\"contentUrl\":\"https:\/\/secure.gravatar.com\/avatar\/72069dfb6c13772d9e8381e3638666d2?s=96&d=mm&r=g\",\"caption\":\"EDITOR\"},\"url\":\"https:\/\/laprensacristiana.com\/?author=3\"}]}<\/script>\n<!-- \/ Yoast SEO plugin. -->","yoast_head_json":{"title":"M\u00e9xico en la noticia\u2026 \u00bfo se trata de menos democracia? - La Prensa Cristiana","robots":{"index":"index","follow":"follow","max-snippet":"max-snippet:-1","max-image-preview":"max-image-preview:large","max-video-preview":"max-video-preview:-1"},"canonical":"https:\/\/laprensacristiana.com\/?p=14229","og_locale":"es_ES","og_type":"article","og_title":"M\u00e9xico en la noticia\u2026 \u00bfo se trata de menos democracia? - La Prensa Cristiana","og_description":"Todos, cual m\u00e1s o menos, admiramos a M\u00e9xico: su m\u00fasica, sus comidas, sus charros y \u00a1hasta sus comediantes! Y de pronto, hay algunas cosas que no admiramos. Por ejemplo, sus historias de pol\u00edtica moderna. Con un partido \u201crevolucionario\u201d y sus 70 a\u00f1os en el poder; tampoco admiramos el \u201cadentramiento\u201d de los que manejan el narcotr\u00e1fico [&hellip;]","og_url":"https:\/\/laprensacristiana.com\/?p=14229","og_site_name":"La Prensa Cristiana","article_published_time":"2023-03-01T22:01:54+00:00","article_modified_time":"2023-03-01T22:01:55+00:00","og_image":[{"width":487,"height":330,"url":"https:\/\/laprensacristiana.com\/wp-content\/uploads\/2021\/10\/WhatsApp-Image-2021-10-04-at-7.31.46-AM.jpeg","type":"image\/jpeg"}],"author":"EDITOR","twitter_card":"summary_large_image","twitter_misc":{"Escrito por":"EDITOR","Tiempo de lectura":"3 minutos"},"schema":{"@context":"https:\/\/schema.org","@graph":[{"@type":"WebPage","@id":"https:\/\/laprensacristiana.com\/?p=14229","url":"https:\/\/laprensacristiana.com\/?p=14229","name":"M\u00e9xico en la noticia\u2026 \u00bfo se trata de menos democracia? - La Prensa Cristiana","isPartOf":{"@id":"https:\/\/laprensacristiana.com\/#website"},"datePublished":"2023-03-01T22:01:54+00:00","dateModified":"2023-03-01T22:01:55+00:00","author":{"@id":"https:\/\/laprensacristiana.com\/#\/schema\/person\/3e7d82c6bfd6b1fa67010f8f7cd5256e"},"breadcrumb":{"@id":"https:\/\/laprensacristiana.com\/?p=14229#breadcrumb"},"inLanguage":"es","potentialAction":[{"@type":"ReadAction","target":["https:\/\/laprensacristiana.com\/?p=14229"]}]},{"@type":"BreadcrumbList","@id":"https:\/\/laprensacristiana.com\/?p=14229#breadcrumb","itemListElement":[{"@type":"ListItem","position":1,"name":"Portada","item":"https:\/\/laprensacristiana.com\/"},{"@type":"ListItem","position":2,"name":"M\u00e9xico en la noticia\u2026 \u00bfo se trata de menos democracia?"}]},{"@type":"WebSite","@id":"https:\/\/laprensacristiana.com\/#website","url":"https:\/\/laprensacristiana.com\/","name":"La Prensa Cristiana","description":"Anunciando Las Buenas Nuevas","potentialAction":[{"@type":"SearchAction","target":{"@type":"EntryPoint","urlTemplate":"https:\/\/laprensacristiana.com\/?s={search_term_string}"},"query-input":"required name=search_term_string"}],"inLanguage":"es"},{"@type":"Person","@id":"https:\/\/laprensacristiana.com\/#\/schema\/person\/3e7d82c6bfd6b1fa67010f8f7cd5256e","name":"EDITOR","image":{"@type":"ImageObject","inLanguage":"es","@id":"https:\/\/laprensacristiana.com\/#\/schema\/person\/image\/","url":"https:\/\/secure.gravatar.com\/avatar\/72069dfb6c13772d9e8381e3638666d2?s=96&d=mm&r=g","contentUrl":"https:\/\/secure.gravatar.com\/avatar\/72069dfb6c13772d9e8381e3638666d2?s=96&d=mm&r=g","caption":"EDITOR"},"url":"https:\/\/laprensacristiana.com\/?author=3"}]}},"_links":{"self":[{"href":"https:\/\/laprensacristiana.com\/index.php?rest_route=\/wp\/v2\/posts\/14229"}],"collection":[{"href":"https:\/\/laprensacristiana.com\/index.php?rest_route=\/wp\/v2\/posts"}],"about":[{"href":"https:\/\/laprensacristiana.com\/index.php?rest_route=\/wp\/v2\/types\/post"}],"author":[{"embeddable":true,"href":"https:\/\/laprensacristiana.com\/index.php?rest_route=\/wp\/v2\/users\/3"}],"replies":[{"embeddable":true,"href":"https:\/\/laprensacristiana.com\/index.php?rest_route=%2Fwp%2Fv2%2Fcomments&post=14229"}],"version-history":[{"count":1,"href":"https:\/\/laprensacristiana.com\/index.php?rest_route=\/wp\/v2\/posts\/14229\/revisions"}],"predecessor-version":[{"id":14230,"href":"https:\/\/laprensacristiana.com\/index.php?rest_route=\/wp\/v2\/posts\/14229\/revisions\/14230"}],"wp:featuredmedia":[{"embeddable":true,"href":"https:\/\/laprensacristiana.com\/index.php?rest_route=\/wp\/v2\/media\/12615"}],"wp:attachment":[{"href":"https:\/\/laprensacristiana.com\/index.php?rest_route=%2Fwp%2Fv2%2Fmedia&parent=14229"}],"wp:term":[{"taxonomy":"category","embeddable":true,"href":"https:\/\/laprensacristiana.com\/index.php?rest_route=%2Fwp%2Fv2%2Fcategories&post=14229"},{"taxonomy":"post_tag","embeddable":true,"href":"https:\/\/laprensacristiana.com\/index.php?rest_route=%2Fwp%2Fv2%2Ftags&post=14229"}],"curies":[{"name":"wp","href":"https:\/\/api.w.org\/{rel}","templated":true}]}}