{"id":14231,"date":"2023-03-02T14:17:58","date_gmt":"2023-03-02T14:17:58","guid":{"rendered":"https:\/\/laprensacristiana.com\/?p=14231"},"modified":"2023-03-02T14:17:59","modified_gmt":"2023-03-02T14:17:59","slug":"la-oracion","status":"publish","type":"post","link":"https:\/\/laprensacristiana.com\/?p=14231","title":{"rendered":"La oraci\u00f3n"},"content":{"rendered":"\n<p>G\u00e9nesis 25:20-21&nbsp;\u201cTen\u00eda Isaac cuarenta a\u00f1os cuando tom\u00f3&nbsp;por mujer a Rebeca, hija de Betuel, arameo de Pad\u00e1n-aram, hermana de Lab\u00e1n arameo. Y or\u00f3&nbsp;Isaac al SE\u00d1OR en favor de su mujer, porque ella era est\u00e9ril; y lo escuch\u00f3&nbsp;el SE\u00d1OR, y Rebeca su mujer concibi\u00f3\u201d<\/p>\n\n\n\n<p>\u00bfSe desespera usted porque el Se\u00f1or no le responde?<\/p>\n\n\n\n<p>\u00bfEl Diablo le ha dicho que no ore porque Dios no oye a los pecadores?<\/p>\n\n\n\n<p>\u00bfUsted misma se ha dicho que ya no vale la pena orar y que es mejor empezar a ver como resolvemos la situaci\u00f3n que estamos pasando? &nbsp;Y entonces hace caso del dicho del abuelo que dice:&nbsp;\u201cA Dios orando pero con el mazo dando\u201d &nbsp;Y trata, por sus medios, de resolver la situaci\u00f3n que le est\u00e1&nbsp;agobiando. Toma sus papeles, empaca unas pocas cosas que pueda llevar a la espalda, se une a un grupo de gentes que piensan como usted y se va al norte, a buscar un mejor horizonte para&nbsp;\u201csacar adelante a sus hijos y su casa\u201d&nbsp;<\/p>\n\n\n\n<p>O, quiz\u00e1&nbsp;es usted, querido hermano, quien ha estado orando al Se\u00f1or por un trabajo. &nbsp;Ha puesto un mont\u00f3n de solicitudes por todos lados. Hace copias de su t\u00edtulo, su diploma y los adjunta a su solicitud. Pasan los d\u00edas, las semanas y los meses y nada. No hay nada que pueda ayudarle a paliar las necesidades de su familia. El Cielo no hace el milagro que tanto ha deseado con su poca fe que ha aprendido en la Iglesia.<\/p>\n\n\n\n<p>Entonces toma el plan&nbsp;\u201cb\u201d. Al igual que el ejemplo anterior, re\u00fane un poco de dinero prestado y se sube a un bus que lo lleve a la frontera entre Guatemala y M\u00e9xico y se lanza al r\u00edo para pasar al otro lado esperando cruzar el otro r\u00edo y llegar a su destino y lograr entrar al sue\u00f1o americano y que todo se arregle.<\/p>\n\n\n\n<p>Todo porque Dios no le hizo caso a su oraci\u00f3n de largos d\u00edas.&nbsp;<\/p>\n\n\n\n<p>Seguramente -pens\u00f3-, Yo no soy de los escogidos. A mi Dios no me escucha. A otros quiz\u00e1&nbsp;porque son buena gente Dios les responde, pero a mi, que soy peor que un gusano, Dios no me oye. Mejor veo como me&nbsp;\u201crebusco\u201d&nbsp;para salir adelante con mis propias fuerzas. Y deviene la tragedia. Deja a su esposa o esposo, deja a sus hijos, sus deudas pendientes y se queda varado en Tijuana por largos d\u00edas sin esperanzas de llegar a su destino so\u00f1ado.&nbsp;<\/p>\n\n\n\n<p>Fracaso. Desastre. Amenazas de las bandas organizadas. Pasa hambre, fr\u00edo y calor. Se siente abandonado por todo y por todos. Le hecha la culpa a Biden porque cerr\u00f3&nbsp;la frontera. Se desanima y deja de creer en Dios y en usted mismo. Una nube oscura envuelve su vida y su futuro.&nbsp;<\/p>\n\n\n\n<p>\u00bfQue pas\u00f3&nbsp;para que todo eso sucediera?&nbsp;\u00bfComo es que a usted que crey\u00f3&nbsp;en el Dios de la Biblia no obtuvo lo que tanto tiempo deseaba?&nbsp;\u00bfAcaso no hizo la oraci\u00f3n adecuada de fe?&nbsp;\u00bfAcaso no vivi\u00f3&nbsp;en santidad y consagraci\u00f3n como para que Dios le tomara en cuenta en la lista de milagros para sus hijos?<\/p>\n\n\n\n<p>Isaac -dice la Escritura-, ten\u00eda cuarenta a\u00f1os cuando se casa con Rebeca. Al poco tiempo de haberla conocido como esposa, se da cuenta que era est\u00e9ril. No pod\u00eda tener hijos. Sin embargo Abraham le tuvo que haber dicho que por medio de&nbsp;\u00e9l, de Isaac y sus hijos vendr\u00eda la promesa de una generaci\u00f3n de gentes que ser\u00edan hijos de Dios. Pero,&nbsp;\u00bfcomo lograrlo si la esposa del&nbsp;\u00fanico hijo del patriarca es est\u00e9ril? &nbsp;Isaac no se busc\u00f3&nbsp;otra mujer. Fue fiel al voto matrimonial e hizo lo&nbsp;\u00fanico que pod\u00eda resolver el problema: Or\u00f3&nbsp;al Se\u00f1or.<\/p>\n\n\n\n<p>Pero no fue una oraci\u00f3n dominical ni congregacional. Tampoco fue una oraci\u00f3n en el bus mientras se desplazaba. No. Isaac se iba al campo para estar en comuni\u00f3n con su Creador y Se\u00f1or y all\u00ed&nbsp;oraba fuertemente a favor de su esposa. D\u00eda tras d\u00eda. Tarde tras tarde. Fue una oraci\u00f3n de veinte a\u00f1os. A los veinte a\u00f1os de estar orando sin descanso, dice la Biblia: G\u00e9nesis 25:26:&nbsp;\u201cIsaac ten\u00eda sesenta a\u00f1os cuando ella los dio a luz\u201d<\/p>\n\n\n\n<p>\u00bfLo ve?&nbsp;\u00a1Veinte a\u00f1os orando por un milagro! &nbsp;Yo podr\u00eda contarle cuanto tiempo llevo orando por un milagro en mi vida y a\u00fan no ha llegado. Pero el ejemplo de Isaac me ense\u00f1a que Dios no est\u00e1&nbsp;sordo a mi petici\u00f3n. Sencillamente sigo orando porque mi fe me dice que en cualquier momento llegar\u00e1&nbsp;la respuesta. Sea si o no, pero llegar\u00e1.&nbsp;<\/p>\n\n\n\n<p>Es pues, la fe, la certeza de lo que no se ve. La convicci\u00f3n de lo que se espera. &nbsp;No desmaye, no deje de orar, no se desanime. Siga creyendo. Siga orando. Siga esperando.<\/p>\n","protected":false},"excerpt":{"rendered":"<p>G\u00e9nesis 25:20-21&nbsp;\u201cTen\u00eda Isaac cuarenta a\u00f1os cuando tom\u00f3&nbsp;por mujer a Rebeca, hija de Betuel, arameo de Pad\u00e1n-aram, hermana de Lab\u00e1n arameo. Y or\u00f3&nbsp;Isaac al SE\u00d1OR en favor de su mujer, porque ella era est\u00e9ril; y lo escuch\u00f3&nbsp;el SE\u00d1OR, y Rebeca su mujer concibi\u00f3\u201d \u00bfSe desespera usted porque el Se\u00f1or no le responde? \u00bfEl Diablo le ha [&hellip;]<\/p>\n","protected":false},"author":3,"featured_media":14150,"comment_status":"open","ping_status":"open","sticky":false,"template":"","format":"standard","meta":[],"categories":[36],"tags":[],"yoast_head":"<!-- This site is optimized with the Yoast SEO plugin v20.8 - https:\/\/yoast.com\/wordpress\/plugins\/seo\/ -->\n<title>La oraci\u00f3n - La Prensa Cristiana<\/title>\n<meta name=\"robots\" content=\"index, follow, max-snippet:-1, max-image-preview:large, max-video-preview:-1\" \/>\n<link rel=\"canonical\" href=\"https:\/\/laprensacristiana.com\/?p=14231\" \/>\n<meta property=\"og:locale\" content=\"es_ES\" \/>\n<meta property=\"og:type\" content=\"article\" \/>\n<meta property=\"og:title\" content=\"La oraci\u00f3n - La Prensa Cristiana\" \/>\n<meta property=\"og:description\" content=\"G\u00e9nesis 25:20-21&nbsp;\u201cTen\u00eda Isaac cuarenta a\u00f1os cuando tom\u00f3&nbsp;por mujer a Rebeca, hija de Betuel, arameo de Pad\u00e1n-aram, hermana de Lab\u00e1n arameo. Y or\u00f3&nbsp;Isaac al SE\u00d1OR en favor de su mujer, porque ella era est\u00e9ril; y lo escuch\u00f3&nbsp;el SE\u00d1OR, y Rebeca su mujer concibi\u00f3\u201d \u00bfSe desespera usted porque el Se\u00f1or no le responde? \u00bfEl Diablo le ha [&hellip;]\" \/>\n<meta property=\"og:url\" content=\"https:\/\/laprensacristiana.com\/?p=14231\" \/>\n<meta property=\"og:site_name\" content=\"La Prensa Cristiana\" \/>\n<meta property=\"article:published_time\" content=\"2023-03-02T14:17:58+00:00\" \/>\n<meta property=\"article:modified_time\" content=\"2023-03-02T14:17:59+00:00\" \/>\n<meta property=\"og:image\" content=\"https:\/\/laprensacristiana.com\/wp-content\/uploads\/2023\/01\/1F11EC58-FE18-48A4-826F-4E98CC130973.png\" \/>\n\t<meta property=\"og:image:width\" content=\"1280\" \/>\n\t<meta property=\"og:image:height\" content=\"714\" \/>\n\t<meta property=\"og:image:type\" content=\"image\/png\" \/>\n<meta name=\"author\" content=\"EDITOR\" \/>\n<meta name=\"twitter:card\" content=\"summary_large_image\" \/>\n<meta name=\"twitter:label1\" content=\"Escrito por\" \/>\n\t<meta name=\"twitter:data1\" content=\"EDITOR\" \/>\n\t<meta name=\"twitter:label2\" content=\"Tiempo de lectura\" \/>\n\t<meta name=\"twitter:data2\" content=\"4 minutos\" \/>\n<script type=\"application\/ld+json\" class=\"yoast-schema-graph\">{\"@context\":\"https:\/\/schema.org\",\"@graph\":[{\"@type\":\"WebPage\",\"@id\":\"https:\/\/laprensacristiana.com\/?p=14231\",\"url\":\"https:\/\/laprensacristiana.com\/?p=14231\",\"name\":\"La oraci\u00f3n - La Prensa Cristiana\",\"isPartOf\":{\"@id\":\"https:\/\/laprensacristiana.com\/#website\"},\"datePublished\":\"2023-03-02T14:17:58+00:00\",\"dateModified\":\"2023-03-02T14:17:59+00:00\",\"author\":{\"@id\":\"https:\/\/laprensacristiana.com\/#\/schema\/person\/3e7d82c6bfd6b1fa67010f8f7cd5256e\"},\"breadcrumb\":{\"@id\":\"https:\/\/laprensacristiana.com\/?p=14231#breadcrumb\"},\"inLanguage\":\"es\",\"potentialAction\":[{\"@type\":\"ReadAction\",\"target\":[\"https:\/\/laprensacristiana.com\/?p=14231\"]}]},{\"@type\":\"BreadcrumbList\",\"@id\":\"https:\/\/laprensacristiana.com\/?p=14231#breadcrumb\",\"itemListElement\":[{\"@type\":\"ListItem\",\"position\":1,\"name\":\"Portada\",\"item\":\"https:\/\/laprensacristiana.com\/\"},{\"@type\":\"ListItem\",\"position\":2,\"name\":\"La oraci\u00f3n\"}]},{\"@type\":\"WebSite\",\"@id\":\"https:\/\/laprensacristiana.com\/#website\",\"url\":\"https:\/\/laprensacristiana.com\/\",\"name\":\"La Prensa Cristiana\",\"description\":\"Anunciando Las Buenas Nuevas\",\"potentialAction\":[{\"@type\":\"SearchAction\",\"target\":{\"@type\":\"EntryPoint\",\"urlTemplate\":\"https:\/\/laprensacristiana.com\/?s={search_term_string}\"},\"query-input\":\"required name=search_term_string\"}],\"inLanguage\":\"es\"},{\"@type\":\"Person\",\"@id\":\"https:\/\/laprensacristiana.com\/#\/schema\/person\/3e7d82c6bfd6b1fa67010f8f7cd5256e\",\"name\":\"EDITOR\",\"image\":{\"@type\":\"ImageObject\",\"inLanguage\":\"es\",\"@id\":\"https:\/\/laprensacristiana.com\/#\/schema\/person\/image\/\",\"url\":\"https:\/\/secure.gravatar.com\/avatar\/72069dfb6c13772d9e8381e3638666d2?s=96&d=mm&r=g\",\"contentUrl\":\"https:\/\/secure.gravatar.com\/avatar\/72069dfb6c13772d9e8381e3638666d2?s=96&d=mm&r=g\",\"caption\":\"EDITOR\"},\"url\":\"https:\/\/laprensacristiana.com\/?author=3\"}]}<\/script>\n<!-- \/ Yoast SEO plugin. -->","yoast_head_json":{"title":"La oraci\u00f3n - La Prensa Cristiana","robots":{"index":"index","follow":"follow","max-snippet":"max-snippet:-1","max-image-preview":"max-image-preview:large","max-video-preview":"max-video-preview:-1"},"canonical":"https:\/\/laprensacristiana.com\/?p=14231","og_locale":"es_ES","og_type":"article","og_title":"La oraci\u00f3n - La Prensa Cristiana","og_description":"G\u00e9nesis 25:20-21&nbsp;\u201cTen\u00eda Isaac cuarenta a\u00f1os cuando tom\u00f3&nbsp;por mujer a Rebeca, hija de Betuel, arameo de Pad\u00e1n-aram, hermana de Lab\u00e1n arameo. Y or\u00f3&nbsp;Isaac al SE\u00d1OR en favor de su mujer, porque ella era est\u00e9ril; y lo escuch\u00f3&nbsp;el SE\u00d1OR, y Rebeca su mujer concibi\u00f3\u201d \u00bfSe desespera usted porque el Se\u00f1or no le responde? \u00bfEl Diablo le ha [&hellip;]","og_url":"https:\/\/laprensacristiana.com\/?p=14231","og_site_name":"La Prensa Cristiana","article_published_time":"2023-03-02T14:17:58+00:00","article_modified_time":"2023-03-02T14:17:59+00:00","og_image":[{"width":1280,"height":714,"url":"https:\/\/laprensacristiana.com\/wp-content\/uploads\/2023\/01\/1F11EC58-FE18-48A4-826F-4E98CC130973.png","type":"image\/png"}],"author":"EDITOR","twitter_card":"summary_large_image","twitter_misc":{"Escrito por":"EDITOR","Tiempo de lectura":"4 minutos"},"schema":{"@context":"https:\/\/schema.org","@graph":[{"@type":"WebPage","@id":"https:\/\/laprensacristiana.com\/?p=14231","url":"https:\/\/laprensacristiana.com\/?p=14231","name":"La oraci\u00f3n - La Prensa Cristiana","isPartOf":{"@id":"https:\/\/laprensacristiana.com\/#website"},"datePublished":"2023-03-02T14:17:58+00:00","dateModified":"2023-03-02T14:17:59+00:00","author":{"@id":"https:\/\/laprensacristiana.com\/#\/schema\/person\/3e7d82c6bfd6b1fa67010f8f7cd5256e"},"breadcrumb":{"@id":"https:\/\/laprensacristiana.com\/?p=14231#breadcrumb"},"inLanguage":"es","potentialAction":[{"@type":"ReadAction","target":["https:\/\/laprensacristiana.com\/?p=14231"]}]},{"@type":"BreadcrumbList","@id":"https:\/\/laprensacristiana.com\/?p=14231#breadcrumb","itemListElement":[{"@type":"ListItem","position":1,"name":"Portada","item":"https:\/\/laprensacristiana.com\/"},{"@type":"ListItem","position":2,"name":"La oraci\u00f3n"}]},{"@type":"WebSite","@id":"https:\/\/laprensacristiana.com\/#website","url":"https:\/\/laprensacristiana.com\/","name":"La Prensa Cristiana","description":"Anunciando Las Buenas Nuevas","potentialAction":[{"@type":"SearchAction","target":{"@type":"EntryPoint","urlTemplate":"https:\/\/laprensacristiana.com\/?s={search_term_string}"},"query-input":"required name=search_term_string"}],"inLanguage":"es"},{"@type":"Person","@id":"https:\/\/laprensacristiana.com\/#\/schema\/person\/3e7d82c6bfd6b1fa67010f8f7cd5256e","name":"EDITOR","image":{"@type":"ImageObject","inLanguage":"es","@id":"https:\/\/laprensacristiana.com\/#\/schema\/person\/image\/","url":"https:\/\/secure.gravatar.com\/avatar\/72069dfb6c13772d9e8381e3638666d2?s=96&d=mm&r=g","contentUrl":"https:\/\/secure.gravatar.com\/avatar\/72069dfb6c13772d9e8381e3638666d2?s=96&d=mm&r=g","caption":"EDITOR"},"url":"https:\/\/laprensacristiana.com\/?author=3"}]}},"_links":{"self":[{"href":"https:\/\/laprensacristiana.com\/index.php?rest_route=\/wp\/v2\/posts\/14231"}],"collection":[{"href":"https:\/\/laprensacristiana.com\/index.php?rest_route=\/wp\/v2\/posts"}],"about":[{"href":"https:\/\/laprensacristiana.com\/index.php?rest_route=\/wp\/v2\/types\/post"}],"author":[{"embeddable":true,"href":"https:\/\/laprensacristiana.com\/index.php?rest_route=\/wp\/v2\/users\/3"}],"replies":[{"embeddable":true,"href":"https:\/\/laprensacristiana.com\/index.php?rest_route=%2Fwp%2Fv2%2Fcomments&post=14231"}],"version-history":[{"count":1,"href":"https:\/\/laprensacristiana.com\/index.php?rest_route=\/wp\/v2\/posts\/14231\/revisions"}],"predecessor-version":[{"id":14232,"href":"https:\/\/laprensacristiana.com\/index.php?rest_route=\/wp\/v2\/posts\/14231\/revisions\/14232"}],"wp:featuredmedia":[{"embeddable":true,"href":"https:\/\/laprensacristiana.com\/index.php?rest_route=\/wp\/v2\/media\/14150"}],"wp:attachment":[{"href":"https:\/\/laprensacristiana.com\/index.php?rest_route=%2Fwp%2Fv2%2Fmedia&parent=14231"}],"wp:term":[{"taxonomy":"category","embeddable":true,"href":"https:\/\/laprensacristiana.com\/index.php?rest_route=%2Fwp%2Fv2%2Fcategories&post=14231"},{"taxonomy":"post_tag","embeddable":true,"href":"https:\/\/laprensacristiana.com\/index.php?rest_route=%2Fwp%2Fv2%2Ftags&post=14231"}],"curies":[{"name":"wp","href":"https:\/\/api.w.org\/{rel}","templated":true}]}}