{"id":14234,"date":"2023-03-03T20:42:13","date_gmt":"2023-03-03T20:42:13","guid":{"rendered":"https:\/\/laprensacristiana.com\/?p=14234"},"modified":"2023-03-03T20:42:14","modified_gmt":"2023-03-03T20:42:14","slug":"antes-de-la-enfermedad","status":"publish","type":"post","link":"https:\/\/laprensacristiana.com\/?p=14234","title":{"rendered":"Antes de la enfermedad"},"content":{"rendered":"\n<p>\u00c9xodo 8:2&nbsp;\u201dPero si te niegas a dejarlos ir, he aqu\u00ed, herir\u00e9&nbsp;todo tu territorio con ranas\u201d<\/p>\n\n\n\n<p>Somos gente de reacci\u00f3n.&nbsp;<\/p>\n\n\n\n<p>No hemos sido ense\u00f1ado a la prevenci\u00f3n. Es por eso que muchos de nuestros problemas nos agobian tremendamente y cuando ya sentimos el agua al cuello, es entonces cuando queremos pedir ayuda, oramos, ayunamos y pedimos a nuestros hermanos que nos acompa\u00f1en en nuestros ruegos al Se\u00f1or para que nos saque del problema en el que hemos ca\u00eddo.<\/p>\n\n\n\n<p>No vemos las se\u00f1ales de la enfermedad sino hasta que ya es enfermedad. Es decir -corrijo-, no le damos importancia a los s\u00edntomas de que algo no est\u00e1&nbsp;bien dentro de nosotros. Hasta que el ap\u00e9ndice est\u00e1&nbsp;a punto de estallar, hasta que la gastritis ha carcomido nuestro est\u00f3mago, hasta que la presi\u00f3n arterial anda por las nubes, hasta que la catarata en los ojos no nos deja ver.<\/p>\n\n\n\n<p>Hasta entonces vamos al m\u00e9dico. Y empieza un calvario hospitalario. &nbsp;Todo porque no vimos o no quisimos ponerle atenci\u00f3n a las se\u00f1ales.<\/p>\n\n\n\n<p>Eso le pas\u00f3&nbsp;al Fara\u00f3n en Egipto en tiempos de Mois\u00e9s. &nbsp;Dios ha estado enviando se\u00f1ales, una tras otra para que este hombre necio y rebelde, prepotente y eg\u00f3latra hiciera lo que deb\u00eda haber hecho desde la primera se\u00f1al: Dejar ir a los hebreos a que fueran a adorar a su Dios.&nbsp;<\/p>\n\n\n\n<p>Pero no quiso doblegar su orgullo. Claro, se crey\u00f3&nbsp;omnipotente. Se cre\u00eda el dios que hab\u00eda creado el r\u00edo Nilo y que&nbsp;\u00e9ste era su servidor. Pens\u00f3&nbsp;que&nbsp;\u00e9l era descendiente de los dioses de la antig\u00fcedad y que sobre&nbsp;\u00e9l no pod\u00eda caer ninguna de las plagas ni enfermedades con las que Dios hab\u00eda tratado de suavizarlo. &nbsp;No, a todos les puede pasar, menos a&nbsp;\u00e9l.<\/p>\n\n\n\n<p>Eso dicen los viciosos. Fuman como chimeneas y lo que dicen es que a ellos el c\u00e1ncer les hace los mandados. Beben y se emborrachan como vikingos y declaran que a ellos el licor no tiene por qu\u00e9&nbsp;hacerles da\u00f1o. Que son inmunes a las consecuencias hasta que un d\u00eda el p\u00e1ncreas ya no les funciona y sucede lo que ten\u00eda que suceder. Cirrosis garantizada. Entonces, como dicen en mi pueblo:&nbsp;\u00a1Jesus Mar\u00eda!<\/p>\n\n\n\n<p>O que decir de los violentos. Se creen los bravos del barrio. Abusan de los vecinos y no hacen caso de las autoridades que les amenazan con multas y prisi\u00f3n si contin\u00faan con sus feas costumbres de poner su m\u00fasica a todo volumen a media noche, gritan y hacen esc\u00e1ndalos porque se piensan que son los ricos de la cuadra. Hasta que llega otro m\u00e1s bravo que&nbsp;\u00e9l y le pone los puntos sobre las&nbsp;\u00edes. Santo remedio. Siempre hay un grande sobre otro grande mis amigos.<\/p>\n\n\n\n<p>Dios fue m\u00e1s grande que Fara\u00f3n. Pero&nbsp;\u00e9ste no lo cre\u00eda. Plaga tras plaga y este necio no hac\u00eda caso de hacer lo que Mois\u00e9s de buenas maneras le ped\u00eda. &nbsp;Oye, Fara\u00f3n, deja ir al pueblo de Dios al desierto, hombre, porque si no lo haces, te vendr\u00e1&nbsp;otra cosa peor. Lo que est\u00e1s viendo, las ranas, la sangre en el agua, los grillos y esas cosas no son sino los s\u00edntomas que te viene algo peor. Haznos caso, Fara\u00f3n, haznos caso. Te vas a arrepentir de no obedecer la Voz de nuestro Dios.&nbsp;<\/p>\n\n\n\n<p>Hasta que lleg\u00f3&nbsp;la muerte de los primog\u00e9nitos. Entonces, dice la Escritura, el que se cre\u00eda invencible tuvo que rogarles que se fueran. Tomen lo que quieran, oro, plata, piedras preciosas, sus hijos, sus mujeres y sus ganados y por favor qu\u00edtense de nuestra tierra. La muerte de su hijo fue el corolario de toda aquella rebeld\u00eda de este hombre que ha pasado a la historia como un ejemplo de la necedad llevada al extremo ante el Dios Todopoderoso.<\/p>\n\n\n\n<p>\u00bfY nosotros?&nbsp;\u00bfVamos a seguir jugando a que somos Superman? &nbsp;\u00bfVamos a seguir tratando mal a nuestra pareja? &nbsp;\u00bfVamos a seguir insultando a la madre de nuestros hijos creyendo que no pasa nada?&nbsp;\u00a1Vamos, hombres! Un d\u00eda el hijo va a crecer y -como hemos visto muchas veces-, el hijo ya adulto, toma valor y fuerzas y le suelta una sola patada al padre abusador y pegador de mujeres y lo deja quieto. O hasta que lo despiden del trabajo por irresponsable. O hasta que le quitan la casa porque se neg\u00f3&nbsp;a pagar las mensualidades que ofreci\u00f3&nbsp;cancelar al banco. O hasta que lo dejan solo y abandonado porque su familia se cans\u00f3&nbsp;de mantenerlo por aprovechado.&nbsp;<\/p>\n\n\n\n<p>Las se\u00f1ales, queridos, son los s\u00edntomas que algo est\u00e1&nbsp;mal. Corramos a examinar nuestro coraz\u00f3n y nuestra conducta antes que la&nbsp;\u00faltima plaga nos llegue a nosotros tambi\u00e9n.<\/p>\n","protected":false},"excerpt":{"rendered":"<p>\u00c9xodo 8:2&nbsp;\u201dPero si te niegas a dejarlos ir, he aqu\u00ed, herir\u00e9&nbsp;todo tu territorio con ranas\u201d Somos gente de reacci\u00f3n.&nbsp; No hemos sido ense\u00f1ado a la prevenci\u00f3n. Es por eso que muchos de nuestros problemas nos agobian tremendamente y cuando ya sentimos el agua al cuello, es entonces cuando queremos pedir ayuda, oramos, ayunamos y pedimos [&hellip;]<\/p>\n","protected":false},"author":3,"featured_media":14150,"comment_status":"open","ping_status":"open","sticky":false,"template":"","format":"standard","meta":[],"categories":[36],"tags":[],"yoast_head":"<!-- This site is optimized with the Yoast SEO plugin v20.8 - https:\/\/yoast.com\/wordpress\/plugins\/seo\/ -->\n<title>Antes de la enfermedad - La Prensa Cristiana<\/title>\n<meta name=\"robots\" content=\"index, follow, max-snippet:-1, max-image-preview:large, max-video-preview:-1\" \/>\n<link rel=\"canonical\" href=\"https:\/\/laprensacristiana.com\/?p=14234\" \/>\n<meta property=\"og:locale\" content=\"es_ES\" \/>\n<meta property=\"og:type\" content=\"article\" \/>\n<meta property=\"og:title\" content=\"Antes de la enfermedad - La Prensa Cristiana\" \/>\n<meta property=\"og:description\" content=\"\u00c9xodo 8:2&nbsp;\u201dPero si te niegas a dejarlos ir, he aqu\u00ed, herir\u00e9&nbsp;todo tu territorio con ranas\u201d Somos gente de reacci\u00f3n.&nbsp; No hemos sido ense\u00f1ado a la prevenci\u00f3n. Es por eso que muchos de nuestros problemas nos agobian tremendamente y cuando ya sentimos el agua al cuello, es entonces cuando queremos pedir ayuda, oramos, ayunamos y pedimos [&hellip;]\" \/>\n<meta property=\"og:url\" content=\"https:\/\/laprensacristiana.com\/?p=14234\" \/>\n<meta property=\"og:site_name\" content=\"La Prensa Cristiana\" \/>\n<meta property=\"article:published_time\" content=\"2023-03-03T20:42:13+00:00\" \/>\n<meta property=\"article:modified_time\" content=\"2023-03-03T20:42:14+00:00\" \/>\n<meta property=\"og:image\" content=\"https:\/\/laprensacristiana.com\/wp-content\/uploads\/2023\/01\/1F11EC58-FE18-48A4-826F-4E98CC130973.png\" \/>\n\t<meta property=\"og:image:width\" content=\"1280\" \/>\n\t<meta property=\"og:image:height\" content=\"714\" \/>\n\t<meta property=\"og:image:type\" content=\"image\/png\" \/>\n<meta name=\"author\" content=\"EDITOR\" \/>\n<meta name=\"twitter:card\" content=\"summary_large_image\" \/>\n<meta name=\"twitter:label1\" content=\"Escrito por\" \/>\n\t<meta name=\"twitter:data1\" content=\"EDITOR\" \/>\n\t<meta name=\"twitter:label2\" content=\"Tiempo de lectura\" \/>\n\t<meta name=\"twitter:data2\" content=\"4 minutos\" \/>\n<script type=\"application\/ld+json\" class=\"yoast-schema-graph\">{\"@context\":\"https:\/\/schema.org\",\"@graph\":[{\"@type\":\"WebPage\",\"@id\":\"https:\/\/laprensacristiana.com\/?p=14234\",\"url\":\"https:\/\/laprensacristiana.com\/?p=14234\",\"name\":\"Antes de la enfermedad - La Prensa Cristiana\",\"isPartOf\":{\"@id\":\"https:\/\/laprensacristiana.com\/#website\"},\"datePublished\":\"2023-03-03T20:42:13+00:00\",\"dateModified\":\"2023-03-03T20:42:14+00:00\",\"author\":{\"@id\":\"https:\/\/laprensacristiana.com\/#\/schema\/person\/3e7d82c6bfd6b1fa67010f8f7cd5256e\"},\"breadcrumb\":{\"@id\":\"https:\/\/laprensacristiana.com\/?p=14234#breadcrumb\"},\"inLanguage\":\"es\",\"potentialAction\":[{\"@type\":\"ReadAction\",\"target\":[\"https:\/\/laprensacristiana.com\/?p=14234\"]}]},{\"@type\":\"BreadcrumbList\",\"@id\":\"https:\/\/laprensacristiana.com\/?p=14234#breadcrumb\",\"itemListElement\":[{\"@type\":\"ListItem\",\"position\":1,\"name\":\"Portada\",\"item\":\"https:\/\/laprensacristiana.com\/\"},{\"@type\":\"ListItem\",\"position\":2,\"name\":\"Antes de la enfermedad\"}]},{\"@type\":\"WebSite\",\"@id\":\"https:\/\/laprensacristiana.com\/#website\",\"url\":\"https:\/\/laprensacristiana.com\/\",\"name\":\"La Prensa Cristiana\",\"description\":\"Anunciando Las Buenas Nuevas\",\"potentialAction\":[{\"@type\":\"SearchAction\",\"target\":{\"@type\":\"EntryPoint\",\"urlTemplate\":\"https:\/\/laprensacristiana.com\/?s={search_term_string}\"},\"query-input\":\"required name=search_term_string\"}],\"inLanguage\":\"es\"},{\"@type\":\"Person\",\"@id\":\"https:\/\/laprensacristiana.com\/#\/schema\/person\/3e7d82c6bfd6b1fa67010f8f7cd5256e\",\"name\":\"EDITOR\",\"image\":{\"@type\":\"ImageObject\",\"inLanguage\":\"es\",\"@id\":\"https:\/\/laprensacristiana.com\/#\/schema\/person\/image\/\",\"url\":\"https:\/\/secure.gravatar.com\/avatar\/72069dfb6c13772d9e8381e3638666d2?s=96&d=mm&r=g\",\"contentUrl\":\"https:\/\/secure.gravatar.com\/avatar\/72069dfb6c13772d9e8381e3638666d2?s=96&d=mm&r=g\",\"caption\":\"EDITOR\"},\"url\":\"https:\/\/laprensacristiana.com\/?author=3\"}]}<\/script>\n<!-- \/ Yoast SEO plugin. -->","yoast_head_json":{"title":"Antes de la enfermedad - La Prensa Cristiana","robots":{"index":"index","follow":"follow","max-snippet":"max-snippet:-1","max-image-preview":"max-image-preview:large","max-video-preview":"max-video-preview:-1"},"canonical":"https:\/\/laprensacristiana.com\/?p=14234","og_locale":"es_ES","og_type":"article","og_title":"Antes de la enfermedad - La Prensa Cristiana","og_description":"\u00c9xodo 8:2&nbsp;\u201dPero si te niegas a dejarlos ir, he aqu\u00ed, herir\u00e9&nbsp;todo tu territorio con ranas\u201d Somos gente de reacci\u00f3n.&nbsp; No hemos sido ense\u00f1ado a la prevenci\u00f3n. Es por eso que muchos de nuestros problemas nos agobian tremendamente y cuando ya sentimos el agua al cuello, es entonces cuando queremos pedir ayuda, oramos, ayunamos y pedimos [&hellip;]","og_url":"https:\/\/laprensacristiana.com\/?p=14234","og_site_name":"La Prensa Cristiana","article_published_time":"2023-03-03T20:42:13+00:00","article_modified_time":"2023-03-03T20:42:14+00:00","og_image":[{"width":1280,"height":714,"url":"https:\/\/laprensacristiana.com\/wp-content\/uploads\/2023\/01\/1F11EC58-FE18-48A4-826F-4E98CC130973.png","type":"image\/png"}],"author":"EDITOR","twitter_card":"summary_large_image","twitter_misc":{"Escrito por":"EDITOR","Tiempo de lectura":"4 minutos"},"schema":{"@context":"https:\/\/schema.org","@graph":[{"@type":"WebPage","@id":"https:\/\/laprensacristiana.com\/?p=14234","url":"https:\/\/laprensacristiana.com\/?p=14234","name":"Antes de la enfermedad - La Prensa Cristiana","isPartOf":{"@id":"https:\/\/laprensacristiana.com\/#website"},"datePublished":"2023-03-03T20:42:13+00:00","dateModified":"2023-03-03T20:42:14+00:00","author":{"@id":"https:\/\/laprensacristiana.com\/#\/schema\/person\/3e7d82c6bfd6b1fa67010f8f7cd5256e"},"breadcrumb":{"@id":"https:\/\/laprensacristiana.com\/?p=14234#breadcrumb"},"inLanguage":"es","potentialAction":[{"@type":"ReadAction","target":["https:\/\/laprensacristiana.com\/?p=14234"]}]},{"@type":"BreadcrumbList","@id":"https:\/\/laprensacristiana.com\/?p=14234#breadcrumb","itemListElement":[{"@type":"ListItem","position":1,"name":"Portada","item":"https:\/\/laprensacristiana.com\/"},{"@type":"ListItem","position":2,"name":"Antes de la enfermedad"}]},{"@type":"WebSite","@id":"https:\/\/laprensacristiana.com\/#website","url":"https:\/\/laprensacristiana.com\/","name":"La Prensa Cristiana","description":"Anunciando Las Buenas Nuevas","potentialAction":[{"@type":"SearchAction","target":{"@type":"EntryPoint","urlTemplate":"https:\/\/laprensacristiana.com\/?s={search_term_string}"},"query-input":"required name=search_term_string"}],"inLanguage":"es"},{"@type":"Person","@id":"https:\/\/laprensacristiana.com\/#\/schema\/person\/3e7d82c6bfd6b1fa67010f8f7cd5256e","name":"EDITOR","image":{"@type":"ImageObject","inLanguage":"es","@id":"https:\/\/laprensacristiana.com\/#\/schema\/person\/image\/","url":"https:\/\/secure.gravatar.com\/avatar\/72069dfb6c13772d9e8381e3638666d2?s=96&d=mm&r=g","contentUrl":"https:\/\/secure.gravatar.com\/avatar\/72069dfb6c13772d9e8381e3638666d2?s=96&d=mm&r=g","caption":"EDITOR"},"url":"https:\/\/laprensacristiana.com\/?author=3"}]}},"_links":{"self":[{"href":"https:\/\/laprensacristiana.com\/index.php?rest_route=\/wp\/v2\/posts\/14234"}],"collection":[{"href":"https:\/\/laprensacristiana.com\/index.php?rest_route=\/wp\/v2\/posts"}],"about":[{"href":"https:\/\/laprensacristiana.com\/index.php?rest_route=\/wp\/v2\/types\/post"}],"author":[{"embeddable":true,"href":"https:\/\/laprensacristiana.com\/index.php?rest_route=\/wp\/v2\/users\/3"}],"replies":[{"embeddable":true,"href":"https:\/\/laprensacristiana.com\/index.php?rest_route=%2Fwp%2Fv2%2Fcomments&post=14234"}],"version-history":[{"count":1,"href":"https:\/\/laprensacristiana.com\/index.php?rest_route=\/wp\/v2\/posts\/14234\/revisions"}],"predecessor-version":[{"id":14235,"href":"https:\/\/laprensacristiana.com\/index.php?rest_route=\/wp\/v2\/posts\/14234\/revisions\/14235"}],"wp:featuredmedia":[{"embeddable":true,"href":"https:\/\/laprensacristiana.com\/index.php?rest_route=\/wp\/v2\/media\/14150"}],"wp:attachment":[{"href":"https:\/\/laprensacristiana.com\/index.php?rest_route=%2Fwp%2Fv2%2Fmedia&parent=14234"}],"wp:term":[{"taxonomy":"category","embeddable":true,"href":"https:\/\/laprensacristiana.com\/index.php?rest_route=%2Fwp%2Fv2%2Fcategories&post=14234"},{"taxonomy":"post_tag","embeddable":true,"href":"https:\/\/laprensacristiana.com\/index.php?rest_route=%2Fwp%2Fv2%2Ftags&post=14234"}],"curies":[{"name":"wp","href":"https:\/\/api.w.org\/{rel}","templated":true}]}}