{"id":1424,"date":"2016-08-29T21:53:42","date_gmt":"2016-08-29T21:53:42","guid":{"rendered":"https:\/\/laprensacristiana.com\/?p=1424"},"modified":"2020-07-02T01:55:38","modified_gmt":"2020-07-02T01:55:38","slug":"concierto-canaan-2016","status":"publish","type":"post","link":"https:\/\/laprensacristiana.com\/?p=1424","title":{"rendered":"Concierto Cana\u00e1n 2016"},"content":{"rendered":"<p>Por: Silvia Melgar<\/p>\n<p>Con gran \u00e9xito se llev\u00f3 a cabo el concierto Cana\u00e1n 2016, en el Templo Cristiano Cana\u00e1n de Soyapango, el s\u00e1bado pasado dando inicio desde las 5:15 de la tarde.<\/p>\n<figure id=\"attachment_1425\" aria-describedby=\"caption-attachment-1425\" style=\"width: 300px\" class=\"wp-caption alignleft\"><img decoding=\"async\" loading=\"lazy\" class=\"size-medium wp-image-1425\" src=\"https:\/\/laprensacristiana.com\/wp-content\/uploads\/2016\/08\/CANAAN-4-300x169.jpg\" alt=\"Kurios Band\" width=\"300\" height=\"169\" srcset=\"https:\/\/laprensacristiana.com\/wp-content\/uploads\/2016\/08\/CANAAN-4-300x169.jpg 300w, https:\/\/laprensacristiana.com\/wp-content\/uploads\/2016\/08\/CANAAN-4-600x338.jpg 600w, https:\/\/laprensacristiana.com\/wp-content\/uploads\/2016\/08\/CANAAN-4-768x432.jpg 768w, https:\/\/laprensacristiana.com\/wp-content\/uploads\/2016\/08\/CANAAN-4-1024x576.jpg 1024w, https:\/\/laprensacristiana.com\/wp-content\/uploads\/2016\/08\/CANAAN-4-696x392.jpg 696w, https:\/\/laprensacristiana.com\/wp-content\/uploads\/2016\/08\/CANAAN-4-1068x601.jpg 1068w, https:\/\/laprensacristiana.com\/wp-content\/uploads\/2016\/08\/CANAAN-4-747x420.jpg 747w, https:\/\/laprensacristiana.com\/wp-content\/uploads\/2016\/08\/CANAAN-4.jpg 1102w\" sizes=\"(max-width: 300px) 100vw, 300px\" \/><figcaption id=\"caption-attachment-1425\" class=\"wp-caption-text\">Kurios Band<\/figcaption><\/figure>\n<p>Las palabras de bienvenida dadas por representantes de juventud Cana\u00e1n, dijeron estar complacidos por la actividad que con mucho esfuerzo se hab\u00eda preparado. Para comenzar el evento Kurius Band, hizo que los asistentes empezaran a disfrutar y a corear cada canci\u00f3n.<\/p>\n<figure id=\"attachment_1426\" aria-describedby=\"caption-attachment-1426\" style=\"width: 280px\" class=\"wp-caption alignright\"><img decoding=\"async\" loading=\"lazy\" class=\" wp-image-1426\" src=\"https:\/\/laprensacristiana.com\/wp-content\/uploads\/2016\/08\/CANAAN-3-300x169.jpg\" alt=\"ADR \" width=\"280\" height=\"158\" srcset=\"https:\/\/laprensacristiana.com\/wp-content\/uploads\/2016\/08\/CANAAN-3-300x169.jpg 300w, https:\/\/laprensacristiana.com\/wp-content\/uploads\/2016\/08\/CANAAN-3-600x338.jpg 600w, https:\/\/laprensacristiana.com\/wp-content\/uploads\/2016\/08\/CANAAN-3-768x432.jpg 768w, https:\/\/laprensacristiana.com\/wp-content\/uploads\/2016\/08\/CANAAN-3-1024x576.jpg 1024w, https:\/\/laprensacristiana.com\/wp-content\/uploads\/2016\/08\/CANAAN-3-696x392.jpg 696w, https:\/\/laprensacristiana.com\/wp-content\/uploads\/2016\/08\/CANAAN-3-1068x601.jpg 1068w, https:\/\/laprensacristiana.com\/wp-content\/uploads\/2016\/08\/CANAAN-3-747x420.jpg 747w, https:\/\/laprensacristiana.com\/wp-content\/uploads\/2016\/08\/CANAAN-3.jpg 1280w\" sizes=\"(max-width: 280px) 100vw, 280px\" \/><figcaption id=\"caption-attachment-1426\" class=\"wp-caption-text\">ADR<\/figcaption><\/figure>\n<p>&nbsp;<\/p>\n<p>Luego, pasaron al escenario ADR (Arte de Rimar), quienes le pusieron un toque urbano creando beatbox, haci\u00e9ndoles pasar un rato c\u00f3mico a los j\u00f3venes presentes.<\/p>\n<p>En la actividad se dio paso para dar a conocer un poco de la labor que el ministerio realiza y la manera en como han venido evolucionando para agradar a Dios. Adem\u00e1s de una representaci\u00f3n dram\u00e1tica sobre no perder la fe.<\/p>\n<figure id=\"attachment_1427\" aria-describedby=\"caption-attachment-1427\" style=\"width: 300px\" class=\"wp-caption alignleft\"><img decoding=\"async\" loading=\"lazy\" class=\"size-medium wp-image-1427\" src=\"https:\/\/laprensacristiana.com\/wp-content\/uploads\/2016\/08\/CANAAN-2-300x169.jpg\" alt=\"Steffanie Ram\u00edrez y su banda\" width=\"300\" height=\"169\" srcset=\"https:\/\/laprensacristiana.com\/wp-content\/uploads\/2016\/08\/CANAAN-2-300x169.jpg 300w, https:\/\/laprensacristiana.com\/wp-content\/uploads\/2016\/08\/CANAAN-2-600x338.jpg 600w, https:\/\/laprensacristiana.com\/wp-content\/uploads\/2016\/08\/CANAAN-2-768x432.jpg 768w, https:\/\/laprensacristiana.com\/wp-content\/uploads\/2016\/08\/CANAAN-2-1024x576.jpg 1024w, https:\/\/laprensacristiana.com\/wp-content\/uploads\/2016\/08\/CANAAN-2-696x392.jpg 696w, https:\/\/laprensacristiana.com\/wp-content\/uploads\/2016\/08\/CANAAN-2-1068x601.jpg 1068w, https:\/\/laprensacristiana.com\/wp-content\/uploads\/2016\/08\/CANAAN-2-747x420.jpg 747w, https:\/\/laprensacristiana.com\/wp-content\/uploads\/2016\/08\/CANAAN-2.jpg 1280w\" sizes=\"(max-width: 300px) 100vw, 300px\" \/><figcaption id=\"caption-attachment-1427\" class=\"wp-caption-text\">Steffanie Ram\u00edrez y su banda<\/figcaption><\/figure>\n<p>Otra de las bandas invitadas fue Steffanie Ram\u00edrez y su banda, quienes hicieron que la gente se moviera de donde estaban, cantando canciones como: <em>te doy gloria<\/em>, entre otras. Y para finalizar, la tan esperada participaci\u00f3n del puertorrique\u00f1o Indiomar, que muy contento de estar en nuestro pa\u00eds cant\u00f3 de sus \u00faltimas producciones, dejando al p\u00fablico conmocionado.<\/p>\n<figure id=\"attachment_1428\" aria-describedby=\"caption-attachment-1428\" style=\"width: 169px\" class=\"wp-caption aligncenter\"><img decoding=\"async\" loading=\"lazy\" class=\"size-medium wp-image-1428\" src=\"https:\/\/laprensacristiana.com\/wp-content\/uploads\/2016\/08\/CANAAN-169x300.jpg\" alt=\"Indiomar\" width=\"169\" height=\"300\" srcset=\"https:\/\/laprensacristiana.com\/wp-content\/uploads\/2016\/08\/CANAAN-169x300.jpg 169w, https:\/\/laprensacristiana.com\/wp-content\/uploads\/2016\/08\/CANAAN-600x1066.jpg 600w, https:\/\/laprensacristiana.com\/wp-content\/uploads\/2016\/08\/CANAAN-576x1024.jpg 576w, https:\/\/laprensacristiana.com\/wp-content\/uploads\/2016\/08\/CANAAN-236x420.jpg 236w, https:\/\/laprensacristiana.com\/wp-content\/uploads\/2016\/08\/CANAAN.jpg 620w\" sizes=\"(max-width: 169px) 100vw, 169px\" \/><figcaption id=\"caption-attachment-1428\" class=\"wp-caption-text\">Indiomar<\/figcaption><\/figure>\n<p>&nbsp;<\/p>\n","protected":false},"excerpt":{"rendered":"<p>Por: Silvia Melgar Con gran \u00e9xito se llev\u00f3 a cabo el concierto Cana\u00e1n 2016, en el Templo Cristiano Cana\u00e1n de Soyapango, el s\u00e1bado pasado dando inicio desde las 5:15 de la tarde. Las palabras de bienvenida dadas por representantes de juventud Cana\u00e1n, dijeron estar complacidos por la actividad que con mucho esfuerzo se hab\u00eda preparado. [&hellip;]<\/p>\n","protected":false},"author":3,"featured_media":1430,"comment_status":"open","ping_status":"open","sticky":false,"template":"","format":"standard","meta":[],"categories":[101],"tags":[],"yoast_head":"<!-- This site is optimized with the Yoast SEO plugin v20.8 - https:\/\/yoast.com\/wordpress\/plugins\/seo\/ -->\n<title>Concierto Cana\u00e1n 2016 - La Prensa Cristiana<\/title>\n<meta name=\"robots\" content=\"index, follow, max-snippet:-1, max-image-preview:large, max-video-preview:-1\" \/>\n<link rel=\"canonical\" href=\"https:\/\/laprensacristiana.com\/?p=1424\" \/>\n<meta property=\"og:locale\" content=\"es_ES\" \/>\n<meta property=\"og:type\" content=\"article\" \/>\n<meta property=\"og:title\" content=\"Concierto Cana\u00e1n 2016 - La Prensa Cristiana\" \/>\n<meta property=\"og:description\" content=\"Por: Silvia Melgar Con gran \u00e9xito se llev\u00f3 a cabo el concierto Cana\u00e1n 2016, en el Templo Cristiano Cana\u00e1n de Soyapango, el s\u00e1bado pasado dando inicio desde las 5:15 de la tarde. Las palabras de bienvenida dadas por representantes de juventud Cana\u00e1n, dijeron estar complacidos por la actividad que con mucho esfuerzo se hab\u00eda preparado. [&hellip;]\" \/>\n<meta property=\"og:url\" content=\"https:\/\/laprensacristiana.com\/?p=1424\" \/>\n<meta property=\"og:site_name\" content=\"La Prensa Cristiana\" \/>\n<meta property=\"article:published_time\" content=\"2016-08-29T21:53:42+00:00\" \/>\n<meta property=\"article:modified_time\" content=\"2020-07-02T01:55:38+00:00\" \/>\n<meta property=\"og:image\" content=\"https:\/\/laprensacristiana.com\/wp-content\/uploads\/2016\/08\/CANAAN-6.jpg\" \/>\n\t<meta property=\"og:image:width\" content=\"989\" \/>\n\t<meta property=\"og:image:height\" content=\"600\" \/>\n\t<meta property=\"og:image:type\" content=\"image\/jpeg\" \/>\n<meta name=\"author\" content=\"EDITOR\" \/>\n<meta name=\"twitter:card\" content=\"summary_large_image\" \/>\n<meta name=\"twitter:label1\" content=\"Escrito por\" \/>\n\t<meta name=\"twitter:data1\" content=\"EDITOR\" \/>\n\t<meta name=\"twitter:label2\" content=\"Tiempo de lectura\" \/>\n\t<meta name=\"twitter:data2\" content=\"1 minuto\" \/>\n<script type=\"application\/ld+json\" class=\"yoast-schema-graph\">{\"@context\":\"https:\/\/schema.org\",\"@graph\":[{\"@type\":\"WebPage\",\"@id\":\"https:\/\/laprensacristiana.com\/?p=1424\",\"url\":\"https:\/\/laprensacristiana.com\/?p=1424\",\"name\":\"Concierto Cana\u00e1n 2016 - La Prensa Cristiana\",\"isPartOf\":{\"@id\":\"https:\/\/laprensacristiana.com\/#website\"},\"datePublished\":\"2016-08-29T21:53:42+00:00\",\"dateModified\":\"2020-07-02T01:55:38+00:00\",\"author\":{\"@id\":\"https:\/\/laprensacristiana.com\/#\/schema\/person\/3e7d82c6bfd6b1fa67010f8f7cd5256e\"},\"breadcrumb\":{\"@id\":\"https:\/\/laprensacristiana.com\/?p=1424#breadcrumb\"},\"inLanguage\":\"es\",\"potentialAction\":[{\"@type\":\"ReadAction\",\"target\":[\"https:\/\/laprensacristiana.com\/?p=1424\"]}]},{\"@type\":\"BreadcrumbList\",\"@id\":\"https:\/\/laprensacristiana.com\/?p=1424#breadcrumb\",\"itemListElement\":[{\"@type\":\"ListItem\",\"position\":1,\"name\":\"Portada\",\"item\":\"https:\/\/laprensacristiana.com\/\"},{\"@type\":\"ListItem\",\"position\":2,\"name\":\"Concierto Cana\u00e1n 2016\"}]},{\"@type\":\"WebSite\",\"@id\":\"https:\/\/laprensacristiana.com\/#website\",\"url\":\"https:\/\/laprensacristiana.com\/\",\"name\":\"La Prensa Cristiana\",\"description\":\"Anunciando Las Buenas Nuevas\",\"potentialAction\":[{\"@type\":\"SearchAction\",\"target\":{\"@type\":\"EntryPoint\",\"urlTemplate\":\"https:\/\/laprensacristiana.com\/?s={search_term_string}\"},\"query-input\":\"required name=search_term_string\"}],\"inLanguage\":\"es\"},{\"@type\":\"Person\",\"@id\":\"https:\/\/laprensacristiana.com\/#\/schema\/person\/3e7d82c6bfd6b1fa67010f8f7cd5256e\",\"name\":\"EDITOR\",\"image\":{\"@type\":\"ImageObject\",\"inLanguage\":\"es\",\"@id\":\"https:\/\/laprensacristiana.com\/#\/schema\/person\/image\/\",\"url\":\"https:\/\/secure.gravatar.com\/avatar\/72069dfb6c13772d9e8381e3638666d2?s=96&d=mm&r=g\",\"contentUrl\":\"https:\/\/secure.gravatar.com\/avatar\/72069dfb6c13772d9e8381e3638666d2?s=96&d=mm&r=g\",\"caption\":\"EDITOR\"},\"url\":\"https:\/\/laprensacristiana.com\/?author=3\"}]}<\/script>\n<!-- \/ Yoast SEO plugin. -->","yoast_head_json":{"title":"Concierto Cana\u00e1n 2016 - La Prensa Cristiana","robots":{"index":"index","follow":"follow","max-snippet":"max-snippet:-1","max-image-preview":"max-image-preview:large","max-video-preview":"max-video-preview:-1"},"canonical":"https:\/\/laprensacristiana.com\/?p=1424","og_locale":"es_ES","og_type":"article","og_title":"Concierto Cana\u00e1n 2016 - La Prensa Cristiana","og_description":"Por: Silvia Melgar Con gran \u00e9xito se llev\u00f3 a cabo el concierto Cana\u00e1n 2016, en el Templo Cristiano Cana\u00e1n de Soyapango, el s\u00e1bado pasado dando inicio desde las 5:15 de la tarde. Las palabras de bienvenida dadas por representantes de juventud Cana\u00e1n, dijeron estar complacidos por la actividad que con mucho esfuerzo se hab\u00eda preparado. [&hellip;]","og_url":"https:\/\/laprensacristiana.com\/?p=1424","og_site_name":"La Prensa Cristiana","article_published_time":"2016-08-29T21:53:42+00:00","article_modified_time":"2020-07-02T01:55:38+00:00","og_image":[{"width":989,"height":600,"url":"https:\/\/laprensacristiana.com\/wp-content\/uploads\/2016\/08\/CANAAN-6.jpg","type":"image\/jpeg"}],"author":"EDITOR","twitter_card":"summary_large_image","twitter_misc":{"Escrito por":"EDITOR","Tiempo de lectura":"1 minuto"},"schema":{"@context":"https:\/\/schema.org","@graph":[{"@type":"WebPage","@id":"https:\/\/laprensacristiana.com\/?p=1424","url":"https:\/\/laprensacristiana.com\/?p=1424","name":"Concierto Cana\u00e1n 2016 - La Prensa Cristiana","isPartOf":{"@id":"https:\/\/laprensacristiana.com\/#website"},"datePublished":"2016-08-29T21:53:42+00:00","dateModified":"2020-07-02T01:55:38+00:00","author":{"@id":"https:\/\/laprensacristiana.com\/#\/schema\/person\/3e7d82c6bfd6b1fa67010f8f7cd5256e"},"breadcrumb":{"@id":"https:\/\/laprensacristiana.com\/?p=1424#breadcrumb"},"inLanguage":"es","potentialAction":[{"@type":"ReadAction","target":["https:\/\/laprensacristiana.com\/?p=1424"]}]},{"@type":"BreadcrumbList","@id":"https:\/\/laprensacristiana.com\/?p=1424#breadcrumb","itemListElement":[{"@type":"ListItem","position":1,"name":"Portada","item":"https:\/\/laprensacristiana.com\/"},{"@type":"ListItem","position":2,"name":"Concierto Cana\u00e1n 2016"}]},{"@type":"WebSite","@id":"https:\/\/laprensacristiana.com\/#website","url":"https:\/\/laprensacristiana.com\/","name":"La Prensa Cristiana","description":"Anunciando Las Buenas Nuevas","potentialAction":[{"@type":"SearchAction","target":{"@type":"EntryPoint","urlTemplate":"https:\/\/laprensacristiana.com\/?s={search_term_string}"},"query-input":"required name=search_term_string"}],"inLanguage":"es"},{"@type":"Person","@id":"https:\/\/laprensacristiana.com\/#\/schema\/person\/3e7d82c6bfd6b1fa67010f8f7cd5256e","name":"EDITOR","image":{"@type":"ImageObject","inLanguage":"es","@id":"https:\/\/laprensacristiana.com\/#\/schema\/person\/image\/","url":"https:\/\/secure.gravatar.com\/avatar\/72069dfb6c13772d9e8381e3638666d2?s=96&d=mm&r=g","contentUrl":"https:\/\/secure.gravatar.com\/avatar\/72069dfb6c13772d9e8381e3638666d2?s=96&d=mm&r=g","caption":"EDITOR"},"url":"https:\/\/laprensacristiana.com\/?author=3"}]}},"_links":{"self":[{"href":"https:\/\/laprensacristiana.com\/index.php?rest_route=\/wp\/v2\/posts\/1424"}],"collection":[{"href":"https:\/\/laprensacristiana.com\/index.php?rest_route=\/wp\/v2\/posts"}],"about":[{"href":"https:\/\/laprensacristiana.com\/index.php?rest_route=\/wp\/v2\/types\/post"}],"author":[{"embeddable":true,"href":"https:\/\/laprensacristiana.com\/index.php?rest_route=\/wp\/v2\/users\/3"}],"replies":[{"embeddable":true,"href":"https:\/\/laprensacristiana.com\/index.php?rest_route=%2Fwp%2Fv2%2Fcomments&post=1424"}],"version-history":[{"count":1,"href":"https:\/\/laprensacristiana.com\/index.php?rest_route=\/wp\/v2\/posts\/1424\/revisions"}],"predecessor-version":[{"id":1431,"href":"https:\/\/laprensacristiana.com\/index.php?rest_route=\/wp\/v2\/posts\/1424\/revisions\/1431"}],"wp:featuredmedia":[{"embeddable":true,"href":"https:\/\/laprensacristiana.com\/index.php?rest_route=\/wp\/v2\/media\/1430"}],"wp:attachment":[{"href":"https:\/\/laprensacristiana.com\/index.php?rest_route=%2Fwp%2Fv2%2Fmedia&parent=1424"}],"wp:term":[{"taxonomy":"category","embeddable":true,"href":"https:\/\/laprensacristiana.com\/index.php?rest_route=%2Fwp%2Fv2%2Fcategories&post=1424"},{"taxonomy":"post_tag","embeddable":true,"href":"https:\/\/laprensacristiana.com\/index.php?rest_route=%2Fwp%2Fv2%2Ftags&post=1424"}],"curies":[{"name":"wp","href":"https:\/\/api.w.org\/{rel}","templated":true}]}}