{"id":1441,"date":"2016-09-05T16:37:44","date_gmt":"2016-09-05T16:37:44","guid":{"rendered":"https:\/\/laprensacristiana.com\/?p=1441"},"modified":"2020-07-02T01:48:39","modified_gmt":"2020-07-02T01:48:39","slug":"6-mil-jovenes-fueron-llenos-del-espiritu-santo","status":"publish","type":"post","link":"https:\/\/laprensacristiana.com\/?p=1441","title":{"rendered":"6 mil j\u00f3venes fueron llenos del Esp\u00edritu Santo"},"content":{"rendered":"<p>La iglesia de Dios En El Salvador celebr\u00f3 el pasado s\u00e1bado 3 de septiembre el congreso de j\u00f3venes \u201cEmpoderados 2016\u201d el cual cont\u00f3 con participaciones especiales de talla internacional, quienes vinieron a poner su talento al evento y exaltaron el nombre del Se\u00f1or a trav\u00e9s del mismo.<\/p>\n<p>Los obst\u00e1culos e imposibles no existe cuando se cumple el sue\u00f1o que Dios tiene para las personas, de esta menara lo pudieron demostrar los m\u00e1s de 6 mil j\u00f3venes quienes se dieron cita en el Centro Internacional de Ferias y Convenciones (CIFCO). Con un mismo objetivo, ser llenos del Esp\u00edritu Santo y adorarle en todo momento.<\/p>\n<figure id=\"attachment_1442\" aria-describedby=\"caption-attachment-1442\" style=\"width: 300px\" class=\"wp-caption alignnone\"><img decoding=\"async\" loading=\"lazy\" class=\"size-medium wp-image-1442\" src=\"https:\/\/laprensacristiana.com\/wp-content\/uploads\/2016\/09\/14249690_1115851418501618_4505117812111082800_o-300x200.jpg\" alt=\"Foto cortes\u00eda: Facebook.com\/generacionemergentesv\" width=\"300\" height=\"200\" srcset=\"https:\/\/laprensacristiana.com\/wp-content\/uploads\/2016\/09\/14249690_1115851418501618_4505117812111082800_o-300x200.jpg 300w, https:\/\/laprensacristiana.com\/wp-content\/uploads\/2016\/09\/14249690_1115851418501618_4505117812111082800_o-600x400.jpg 600w, https:\/\/laprensacristiana.com\/wp-content\/uploads\/2016\/09\/14249690_1115851418501618_4505117812111082800_o-768x512.jpg 768w, https:\/\/laprensacristiana.com\/wp-content\/uploads\/2016\/09\/14249690_1115851418501618_4505117812111082800_o-1024x683.jpg 1024w, https:\/\/laprensacristiana.com\/wp-content\/uploads\/2016\/09\/14249690_1115851418501618_4505117812111082800_o-696x464.jpg 696w, https:\/\/laprensacristiana.com\/wp-content\/uploads\/2016\/09\/14249690_1115851418501618_4505117812111082800_o-1068x712.jpg 1068w, https:\/\/laprensacristiana.com\/wp-content\/uploads\/2016\/09\/14249690_1115851418501618_4505117812111082800_o-630x420.jpg 630w, https:\/\/laprensacristiana.com\/wp-content\/uploads\/2016\/09\/14249690_1115851418501618_4505117812111082800_o.jpg 2048w\" sizes=\"(max-width: 300px) 100vw, 300px\" \/><figcaption id=\"caption-attachment-1442\" class=\"wp-caption-text\">Foto cortes\u00eda: Facebook.com\/generacionemergentesv<\/figcaption><\/figure>\n<p>\u201cEl \u00e1nimo de ellos se ha incrementado, su pasi\u00f3n se restaur\u00f3, Dios les lleno y se dieron cuenta que pertenecemos a la iglesia de Dios\u201d expreso por medio de sus redes sociales Erick Serrano, coordinador nacional de j\u00f3venes de la iglesia de Dios en El Salvador.<\/p>\n<figure id=\"attachment_1443\" aria-describedby=\"caption-attachment-1443\" style=\"width: 200px\" class=\"wp-caption alignnone\"><img decoding=\"async\" loading=\"lazy\" class=\"size-medium wp-image-1443\" src=\"https:\/\/laprensacristiana.com\/wp-content\/uploads\/2016\/09\/14138781_1115851138501646_8044495971470711091_o-200x300.jpg\" alt=\"Foto cortes\u00eda: Facebook.com\/generacionemergentesv\" width=\"200\" height=\"300\" srcset=\"https:\/\/laprensacristiana.com\/wp-content\/uploads\/2016\/09\/14138781_1115851138501646_8044495971470711091_o-200x300.jpg 200w, https:\/\/laprensacristiana.com\/wp-content\/uploads\/2016\/09\/14138781_1115851138501646_8044495971470711091_o-600x900.jpg 600w, https:\/\/laprensacristiana.com\/wp-content\/uploads\/2016\/09\/14138781_1115851138501646_8044495971470711091_o-768x1152.jpg 768w, https:\/\/laprensacristiana.com\/wp-content\/uploads\/2016\/09\/14138781_1115851138501646_8044495971470711091_o-683x1024.jpg 683w, https:\/\/laprensacristiana.com\/wp-content\/uploads\/2016\/09\/14138781_1115851138501646_8044495971470711091_o-696x1044.jpg 696w, https:\/\/laprensacristiana.com\/wp-content\/uploads\/2016\/09\/14138781_1115851138501646_8044495971470711091_o-1068x1602.jpg 1068w, https:\/\/laprensacristiana.com\/wp-content\/uploads\/2016\/09\/14138781_1115851138501646_8044495971470711091_o-280x420.jpg 280w, https:\/\/laprensacristiana.com\/wp-content\/uploads\/2016\/09\/14138781_1115851138501646_8044495971470711091_o.jpg 1365w\" sizes=\"(max-width: 200px) 100vw, 200px\" \/><figcaption id=\"caption-attachment-1443\" class=\"wp-caption-text\">Foto cortes\u00eda: Facebook.com\/generacionemergentesv<\/figcaption><\/figure>\n<p>\u201cEmpoderados 2016\u201d tuvo la participaci\u00f3n especial de GDS Band, quien recientemente regresa de una seria de presentaciones que hab\u00eda dado en el extranjero, adem\u00e1s del cantante Julio Melgar, quien junto a su banda, llenaron el pabell\u00f3n internacional de CIFCO con la presencia de Dios a trav\u00e9s de su canciones.<\/p>\n<figure id=\"attachment_1444\" aria-describedby=\"caption-attachment-1444\" style=\"width: 300px\" class=\"wp-caption alignnone\"><img decoding=\"async\" loading=\"lazy\" class=\"size-medium wp-image-1444\" src=\"https:\/\/laprensacristiana.com\/wp-content\/uploads\/2016\/09\/14242308_1115851128501647_1662971567725775190_o-300x200.jpg\" alt=\"Foto cortes\u00eda: Facebook.com\/generacionemergentesv\" width=\"300\" height=\"200\" srcset=\"https:\/\/laprensacristiana.com\/wp-content\/uploads\/2016\/09\/14242308_1115851128501647_1662971567725775190_o-300x200.jpg 300w, https:\/\/laprensacristiana.com\/wp-content\/uploads\/2016\/09\/14242308_1115851128501647_1662971567725775190_o-600x400.jpg 600w, https:\/\/laprensacristiana.com\/wp-content\/uploads\/2016\/09\/14242308_1115851128501647_1662971567725775190_o-768x512.jpg 768w, https:\/\/laprensacristiana.com\/wp-content\/uploads\/2016\/09\/14242308_1115851128501647_1662971567725775190_o-1024x683.jpg 1024w, https:\/\/laprensacristiana.com\/wp-content\/uploads\/2016\/09\/14242308_1115851128501647_1662971567725775190_o-696x464.jpg 696w, https:\/\/laprensacristiana.com\/wp-content\/uploads\/2016\/09\/14242308_1115851128501647_1662971567725775190_o-1068x712.jpg 1068w, https:\/\/laprensacristiana.com\/wp-content\/uploads\/2016\/09\/14242308_1115851128501647_1662971567725775190_o-630x420.jpg 630w, https:\/\/laprensacristiana.com\/wp-content\/uploads\/2016\/09\/14242308_1115851128501647_1662971567725775190_o.jpg 2048w\" sizes=\"(max-width: 300px) 100vw, 300px\" \/><figcaption id=\"caption-attachment-1444\" class=\"wp-caption-text\">Foto cortes\u00eda: Facebook.com\/generacionemergentesv<\/figcaption><\/figure>\n<p>Erick Serrano adem\u00e1s motivo a los j\u00f3venes que asistieron, y escribi\u00f3: \u201cAhora a cada uno de ustedes que asistieron les pido que trabajen en sus iglesias locales, trabajen en c\u00e9lulas, planten iglesias, visiten los campos misioneros, hagan viajes cortos a los campos, ofrenden con pasi\u00f3n y sin inter\u00e9s, oren y ayuden, lean las escrituras, congr\u00e9guense, hagan acci\u00f3n social, ayuden a los necesitados, el ciclo de la cosecha nos espera\u201d y finalizo diciendo: \u201cempoderados no ser\u00e1 un evento m\u00e1s, es el inicio de un proceso largo en el cual anhelo que cada joven de El Salvador entienda, que la misi\u00f3n de Dios se vive en el diario vivir\u201d.<\/p>\n","protected":false},"excerpt":{"rendered":"<p>La iglesia de Dios En El Salvador celebr\u00f3 el pasado s\u00e1bado 3 de septiembre el congreso de j\u00f3venes \u201cEmpoderados 2016\u201d el cual cont\u00f3 con participaciones especiales de talla internacional, quienes vinieron a poner su talento al evento y exaltaron el nombre del Se\u00f1or a trav\u00e9s del mismo. Los obst\u00e1culos e imposibles no existe cuando se [&hellip;]<\/p>\n","protected":false},"author":3,"featured_media":1445,"comment_status":"open","ping_status":"open","sticky":false,"template":"","format":"standard","meta":[],"categories":[56],"tags":[],"yoast_head":"<!-- This site is optimized with the Yoast SEO plugin v20.8 - https:\/\/yoast.com\/wordpress\/plugins\/seo\/ -->\n<title>6 mil j\u00f3venes fueron llenos del Esp\u00edritu Santo - La Prensa Cristiana<\/title>\n<meta name=\"robots\" content=\"index, follow, max-snippet:-1, max-image-preview:large, max-video-preview:-1\" \/>\n<link rel=\"canonical\" href=\"https:\/\/laprensacristiana.com\/?p=1441\" \/>\n<meta property=\"og:locale\" content=\"es_ES\" \/>\n<meta property=\"og:type\" content=\"article\" \/>\n<meta property=\"og:title\" content=\"6 mil j\u00f3venes fueron llenos del Esp\u00edritu Santo - La Prensa Cristiana\" \/>\n<meta property=\"og:description\" content=\"La iglesia de Dios En El Salvador celebr\u00f3 el pasado s\u00e1bado 3 de septiembre el congreso de j\u00f3venes \u201cEmpoderados 2016\u201d el cual cont\u00f3 con participaciones especiales de talla internacional, quienes vinieron a poner su talento al evento y exaltaron el nombre del Se\u00f1or a trav\u00e9s del mismo. Los obst\u00e1culos e imposibles no existe cuando se [&hellip;]\" \/>\n<meta property=\"og:url\" content=\"https:\/\/laprensacristiana.com\/?p=1441\" \/>\n<meta property=\"og:site_name\" content=\"La Prensa Cristiana\" \/>\n<meta property=\"article:published_time\" content=\"2016-09-05T16:37:44+00:00\" \/>\n<meta property=\"article:modified_time\" content=\"2020-07-02T01:48:39+00:00\" \/>\n<meta property=\"og:image\" content=\"https:\/\/laprensacristiana.com\/wp-content\/uploads\/2016\/09\/14249723_1115851385168288_7803730831161331775_o.jpg\" \/>\n\t<meta property=\"og:image:width\" content=\"2048\" \/>\n\t<meta property=\"og:image:height\" content=\"1365\" \/>\n\t<meta property=\"og:image:type\" content=\"image\/jpeg\" \/>\n<meta name=\"author\" content=\"EDITOR\" \/>\n<meta name=\"twitter:card\" content=\"summary_large_image\" \/>\n<meta name=\"twitter:label1\" content=\"Escrito por\" \/>\n\t<meta name=\"twitter:data1\" content=\"EDITOR\" \/>\n\t<meta name=\"twitter:label2\" content=\"Tiempo de lectura\" \/>\n\t<meta name=\"twitter:data2\" content=\"2 minutos\" \/>\n<script type=\"application\/ld+json\" class=\"yoast-schema-graph\">{\"@context\":\"https:\/\/schema.org\",\"@graph\":[{\"@type\":\"WebPage\",\"@id\":\"https:\/\/laprensacristiana.com\/?p=1441\",\"url\":\"https:\/\/laprensacristiana.com\/?p=1441\",\"name\":\"6 mil j\u00f3venes fueron llenos del Esp\u00edritu Santo - La Prensa Cristiana\",\"isPartOf\":{\"@id\":\"https:\/\/laprensacristiana.com\/#website\"},\"datePublished\":\"2016-09-05T16:37:44+00:00\",\"dateModified\":\"2020-07-02T01:48:39+00:00\",\"author\":{\"@id\":\"https:\/\/laprensacristiana.com\/#\/schema\/person\/3e7d82c6bfd6b1fa67010f8f7cd5256e\"},\"breadcrumb\":{\"@id\":\"https:\/\/laprensacristiana.com\/?p=1441#breadcrumb\"},\"inLanguage\":\"es\",\"potentialAction\":[{\"@type\":\"ReadAction\",\"target\":[\"https:\/\/laprensacristiana.com\/?p=1441\"]}]},{\"@type\":\"BreadcrumbList\",\"@id\":\"https:\/\/laprensacristiana.com\/?p=1441#breadcrumb\",\"itemListElement\":[{\"@type\":\"ListItem\",\"position\":1,\"name\":\"Portada\",\"item\":\"https:\/\/laprensacristiana.com\/\"},{\"@type\":\"ListItem\",\"position\":2,\"name\":\"6 mil j\u00f3venes fueron llenos del Esp\u00edritu Santo\"}]},{\"@type\":\"WebSite\",\"@id\":\"https:\/\/laprensacristiana.com\/#website\",\"url\":\"https:\/\/laprensacristiana.com\/\",\"name\":\"La Prensa Cristiana\",\"description\":\"Anunciando Las Buenas Nuevas\",\"potentialAction\":[{\"@type\":\"SearchAction\",\"target\":{\"@type\":\"EntryPoint\",\"urlTemplate\":\"https:\/\/laprensacristiana.com\/?s={search_term_string}\"},\"query-input\":\"required name=search_term_string\"}],\"inLanguage\":\"es\"},{\"@type\":\"Person\",\"@id\":\"https:\/\/laprensacristiana.com\/#\/schema\/person\/3e7d82c6bfd6b1fa67010f8f7cd5256e\",\"name\":\"EDITOR\",\"image\":{\"@type\":\"ImageObject\",\"inLanguage\":\"es\",\"@id\":\"https:\/\/laprensacristiana.com\/#\/schema\/person\/image\/\",\"url\":\"https:\/\/secure.gravatar.com\/avatar\/72069dfb6c13772d9e8381e3638666d2?s=96&d=mm&r=g\",\"contentUrl\":\"https:\/\/secure.gravatar.com\/avatar\/72069dfb6c13772d9e8381e3638666d2?s=96&d=mm&r=g\",\"caption\":\"EDITOR\"},\"url\":\"https:\/\/laprensacristiana.com\/?author=3\"}]}<\/script>\n<!-- \/ Yoast SEO plugin. -->","yoast_head_json":{"title":"6 mil j\u00f3venes fueron llenos del Esp\u00edritu Santo - La Prensa Cristiana","robots":{"index":"index","follow":"follow","max-snippet":"max-snippet:-1","max-image-preview":"max-image-preview:large","max-video-preview":"max-video-preview:-1"},"canonical":"https:\/\/laprensacristiana.com\/?p=1441","og_locale":"es_ES","og_type":"article","og_title":"6 mil j\u00f3venes fueron llenos del Esp\u00edritu Santo - La Prensa Cristiana","og_description":"La iglesia de Dios En El Salvador celebr\u00f3 el pasado s\u00e1bado 3 de septiembre el congreso de j\u00f3venes \u201cEmpoderados 2016\u201d el cual cont\u00f3 con participaciones especiales de talla internacional, quienes vinieron a poner su talento al evento y exaltaron el nombre del Se\u00f1or a trav\u00e9s del mismo. Los obst\u00e1culos e imposibles no existe cuando se [&hellip;]","og_url":"https:\/\/laprensacristiana.com\/?p=1441","og_site_name":"La Prensa Cristiana","article_published_time":"2016-09-05T16:37:44+00:00","article_modified_time":"2020-07-02T01:48:39+00:00","og_image":[{"width":2048,"height":1365,"url":"https:\/\/laprensacristiana.com\/wp-content\/uploads\/2016\/09\/14249723_1115851385168288_7803730831161331775_o.jpg","type":"image\/jpeg"}],"author":"EDITOR","twitter_card":"summary_large_image","twitter_misc":{"Escrito por":"EDITOR","Tiempo de lectura":"2 minutos"},"schema":{"@context":"https:\/\/schema.org","@graph":[{"@type":"WebPage","@id":"https:\/\/laprensacristiana.com\/?p=1441","url":"https:\/\/laprensacristiana.com\/?p=1441","name":"6 mil j\u00f3venes fueron llenos del Esp\u00edritu Santo - La Prensa Cristiana","isPartOf":{"@id":"https:\/\/laprensacristiana.com\/#website"},"datePublished":"2016-09-05T16:37:44+00:00","dateModified":"2020-07-02T01:48:39+00:00","author":{"@id":"https:\/\/laprensacristiana.com\/#\/schema\/person\/3e7d82c6bfd6b1fa67010f8f7cd5256e"},"breadcrumb":{"@id":"https:\/\/laprensacristiana.com\/?p=1441#breadcrumb"},"inLanguage":"es","potentialAction":[{"@type":"ReadAction","target":["https:\/\/laprensacristiana.com\/?p=1441"]}]},{"@type":"BreadcrumbList","@id":"https:\/\/laprensacristiana.com\/?p=1441#breadcrumb","itemListElement":[{"@type":"ListItem","position":1,"name":"Portada","item":"https:\/\/laprensacristiana.com\/"},{"@type":"ListItem","position":2,"name":"6 mil j\u00f3venes fueron llenos del Esp\u00edritu Santo"}]},{"@type":"WebSite","@id":"https:\/\/laprensacristiana.com\/#website","url":"https:\/\/laprensacristiana.com\/","name":"La Prensa Cristiana","description":"Anunciando Las Buenas Nuevas","potentialAction":[{"@type":"SearchAction","target":{"@type":"EntryPoint","urlTemplate":"https:\/\/laprensacristiana.com\/?s={search_term_string}"},"query-input":"required name=search_term_string"}],"inLanguage":"es"},{"@type":"Person","@id":"https:\/\/laprensacristiana.com\/#\/schema\/person\/3e7d82c6bfd6b1fa67010f8f7cd5256e","name":"EDITOR","image":{"@type":"ImageObject","inLanguage":"es","@id":"https:\/\/laprensacristiana.com\/#\/schema\/person\/image\/","url":"https:\/\/secure.gravatar.com\/avatar\/72069dfb6c13772d9e8381e3638666d2?s=96&d=mm&r=g","contentUrl":"https:\/\/secure.gravatar.com\/avatar\/72069dfb6c13772d9e8381e3638666d2?s=96&d=mm&r=g","caption":"EDITOR"},"url":"https:\/\/laprensacristiana.com\/?author=3"}]}},"_links":{"self":[{"href":"https:\/\/laprensacristiana.com\/index.php?rest_route=\/wp\/v2\/posts\/1441"}],"collection":[{"href":"https:\/\/laprensacristiana.com\/index.php?rest_route=\/wp\/v2\/posts"}],"about":[{"href":"https:\/\/laprensacristiana.com\/index.php?rest_route=\/wp\/v2\/types\/post"}],"author":[{"embeddable":true,"href":"https:\/\/laprensacristiana.com\/index.php?rest_route=\/wp\/v2\/users\/3"}],"replies":[{"embeddable":true,"href":"https:\/\/laprensacristiana.com\/index.php?rest_route=%2Fwp%2Fv2%2Fcomments&post=1441"}],"version-history":[{"count":2,"href":"https:\/\/laprensacristiana.com\/index.php?rest_route=\/wp\/v2\/posts\/1441\/revisions"}],"predecessor-version":[{"id":1637,"href":"https:\/\/laprensacristiana.com\/index.php?rest_route=\/wp\/v2\/posts\/1441\/revisions\/1637"}],"wp:featuredmedia":[{"embeddable":true,"href":"https:\/\/laprensacristiana.com\/index.php?rest_route=\/wp\/v2\/media\/1445"}],"wp:attachment":[{"href":"https:\/\/laprensacristiana.com\/index.php?rest_route=%2Fwp%2Fv2%2Fmedia&parent=1441"}],"wp:term":[{"taxonomy":"category","embeddable":true,"href":"https:\/\/laprensacristiana.com\/index.php?rest_route=%2Fwp%2Fv2%2Fcategories&post=1441"},{"taxonomy":"post_tag","embeddable":true,"href":"https:\/\/laprensacristiana.com\/index.php?rest_route=%2Fwp%2Fv2%2Ftags&post=1441"}],"curies":[{"name":"wp","href":"https:\/\/api.w.org\/{rel}","templated":true}]}}