{"id":14534,"date":"2023-03-10T18:15:25","date_gmt":"2023-03-10T18:15:25","guid":{"rendered":"https:\/\/laprensacristiana.com\/?p=14534"},"modified":"2023-03-10T18:15:26","modified_gmt":"2023-03-10T18:15:26","slug":"hambre-guerra-peste-y-muerte","status":"publish","type":"post","link":"https:\/\/laprensacristiana.com\/?p=14534","title":{"rendered":"Hambre, Guerra, Peste y Muerte"},"content":{"rendered":"\n<p>Escribimos -hace un a\u00f1o o poco m\u00e1s- acerca de las grandes preocupaciones del ser humano en su ansia por sobrevivir. Bueno, esto parece algo irreal, cuando todos queremos sobrevivir, en un mundo y en una sociedad que se vuelve m\u00e1s y m\u00e1s individualista.<\/p>\n\n\n\n<p>Pero esta semana, es una instituci\u00f3n religiosa -le peses a quien le pese- la que hace un llamado de atenci\u00f3n ante uno de los fen\u00f3menos m\u00e1s acuciantes que&nbsp;afectan a los&nbsp;que&nbsp;poblamos este cansado planeta Tierra.<\/p>\n\n\n\n<p>\u201cComo cada a\u00f1o, la Iglesia Cat\u00f3lica en Brasil lanza la Campa\u00f1a de la Fraternidad durante la Cuaresma. En este tiempo en que los cristianos est\u00e1n llamados a convertirse y prepararse para celebrar el misterio pascual de Jes\u00fas, centro de su fe, la Conferencia Nacional de Obispos de Brasil lanza una alerta, un llamado. Elija un tema candente y desafiante para los cuarenta d\u00edas antes de Pascua.<\/p>\n\n\n\n<p>\u201cEste a\u00f1o el tema es el hambre. El hambre que roe por dentro. El que impide pensar y vivir. El hambre que atormenta a familias enteras, cuyos hijos sufren el flagelo de la desnutrici\u00f3n. \u00bfY por qu\u00e9 el hambre? Porque Brasil ha vuelto a su macabro mapa. M\u00e1s de 30 millones de brasile\u00f1os no tienen qu\u00e9 comer. Aunque sea sorprendente, aunque sea asombroso en un pa\u00eds con tantos recursos naturales, con una agricultura pr\u00f3spera, esta es la realidad. Muchos brasile\u00f1os pasan hambre. Y entre estos, no pocos son victimizados y mueren por desnutrici\u00f3n e inseguridad alimentaria.<\/p>\n\n\n\n<p>\u201cAlgunos se preguntar\u00e1n: pero \u00bfpor qu\u00e9 la Iglesia tiene que lidiar con este problema, que es econ\u00f3mico, social? No es un tema religioso. Esta deber\u00eda ser la agenda de los gobiernos a todos los niveles, incluidas las universidades. \u00bfPor qu\u00e9 la Iglesia pone este problema tan material en el centro de su atenci\u00f3n durante el tiempo lit\u00fargico m\u00e1s importante del a\u00f1o? \u00bfNo deber\u00edas proponer algo que toque m\u00e1s de cerca el esp\u00edritu, la vida de oraci\u00f3n, el crecimiento devocional de tus fieles?\u201d (Jornal do Brasil:&nbsp;A fome do outro: problema espiritual&nbsp;por&nbsp;Maria&nbsp;Clara&nbsp;Lucchetti&nbsp;BingemerPublicado S\u00e1bado, 04 de marco de 2023 \u00e0s 18:31).<\/p>\n\n\n\n<p>Las preguntas, al final del art\u00edculo de la periodista, no son tan ajenos a la religi\u00f3n -cualquiera&nbsp;que sea su apellido-&nbsp;cuando todas ellas&nbsp;-las religiones-&nbsp;buscan o dicen preocuparse del bienestar del ser humano.<\/p>\n\n\n\n<p>Brasil no es la excepci\u00f3n en esta necesidad vital que incluye, agua, alimentos y nutrientes para el homo sapiens, que enhiesto, quiere llegar al planeta Marte, aunque si no tiene lo suficiente para sobrevivir, quiz\u00e1 no logre levantarse del suelo.<\/p>\n\n\n\n<p>\u00bfCu\u00e1l ha sido la respuesta de los que ofician los cargos p\u00fablicos -ll\u00e1mese gobierno- para paliar esta necesidad b\u00e1sica? Pues destinar una cantidad \u00ednfima del presupuesto nacional para ir en ayuda de los que quedan a la vera del camino, destinando cifras m\u00e1s que suficientes a los gastos de defensa -ll\u00e1mese armamentismo- cuestiones administrativas y a veces superfluas, castigando a los habitantes y especialmente a los ni\u00f1os a raciones pobres de alimentos que les har\u00e1n adultos sin expectativas de vida y, lo peor, sin futuro en un mundo en que se nos ha dicho, \u00a1debemos competir para vencer!<\/p>\n\n\n\n<p>No, se\u00f1ores religiosos, pol\u00edticos y los que empresarios que mueven el dinero:&nbsp;el hambre ya est\u00e1 aqu\u00ed y es tarea de todos contribuir para paliar este flagelo, que cual jinete apocal\u00edptico corre desbocado&nbsp;para acabar con sus presas\u2026<\/p>\n\n\n\n<p>Y tal como van las cosas, el pr\u00f3ximo art\u00edculo va a tener que explicar lo cerca que estamos de una tercera guerra mundial, que puede traer el t\u00e9rmino de la vida y el aniquilamiento del planeta.<\/p>\n\n\n\n<p>Ojal\u00e1 que no. Que no sea as\u00ed. Pero la preparaci\u00f3n siempre es buena.<\/p>\n\n\n\n<p>(Guillermo Serrano en Ideas y Voces)<\/p>\n","protected":false},"excerpt":{"rendered":"<p>Escribimos -hace un a\u00f1o o poco m\u00e1s- acerca de las grandes preocupaciones del ser humano en su ansia por sobrevivir. Bueno, esto parece algo irreal, cuando todos queremos sobrevivir, en un mundo y en una sociedad que se vuelve m\u00e1s y m\u00e1s individualista. Pero esta semana, es una instituci\u00f3n religiosa -le peses a quien le [&hellip;]<\/p>\n","protected":false},"author":3,"featured_media":12615,"comment_status":"open","ping_status":"open","sticky":false,"template":"","format":"standard","meta":[],"categories":[113],"tags":[],"yoast_head":"<!-- This site is optimized with the Yoast SEO plugin v20.8 - https:\/\/yoast.com\/wordpress\/plugins\/seo\/ -->\n<title>Hambre, Guerra, Peste y Muerte - La Prensa Cristiana<\/title>\n<meta name=\"robots\" content=\"index, follow, max-snippet:-1, max-image-preview:large, max-video-preview:-1\" \/>\n<link rel=\"canonical\" href=\"https:\/\/laprensacristiana.com\/?p=14534\" \/>\n<meta property=\"og:locale\" content=\"es_ES\" \/>\n<meta property=\"og:type\" content=\"article\" \/>\n<meta property=\"og:title\" content=\"Hambre, Guerra, Peste y Muerte - La Prensa Cristiana\" \/>\n<meta property=\"og:description\" content=\"Escribimos -hace un a\u00f1o o poco m\u00e1s- acerca de las grandes preocupaciones del ser humano en su ansia por sobrevivir. Bueno, esto parece algo irreal, cuando todos queremos sobrevivir, en un mundo y en una sociedad que se vuelve m\u00e1s y m\u00e1s individualista. Pero esta semana, es una instituci\u00f3n religiosa -le peses a quien le [&hellip;]\" \/>\n<meta property=\"og:url\" content=\"https:\/\/laprensacristiana.com\/?p=14534\" \/>\n<meta property=\"og:site_name\" content=\"La Prensa Cristiana\" \/>\n<meta property=\"article:published_time\" content=\"2023-03-10T18:15:25+00:00\" \/>\n<meta property=\"article:modified_time\" content=\"2023-03-10T18:15:26+00:00\" \/>\n<meta property=\"og:image\" content=\"https:\/\/laprensacristiana.com\/wp-content\/uploads\/2021\/10\/WhatsApp-Image-2021-10-04-at-7.31.46-AM.jpeg\" \/>\n\t<meta property=\"og:image:width\" content=\"487\" \/>\n\t<meta property=\"og:image:height\" content=\"330\" \/>\n\t<meta property=\"og:image:type\" content=\"image\/jpeg\" \/>\n<meta name=\"author\" content=\"EDITOR\" \/>\n<meta name=\"twitter:card\" content=\"summary_large_image\" \/>\n<meta name=\"twitter:label1\" content=\"Escrito por\" \/>\n\t<meta name=\"twitter:data1\" content=\"EDITOR\" \/>\n\t<meta name=\"twitter:label2\" content=\"Tiempo de lectura\" \/>\n\t<meta name=\"twitter:data2\" content=\"3 minutos\" \/>\n<script type=\"application\/ld+json\" class=\"yoast-schema-graph\">{\"@context\":\"https:\/\/schema.org\",\"@graph\":[{\"@type\":\"WebPage\",\"@id\":\"https:\/\/laprensacristiana.com\/?p=14534\",\"url\":\"https:\/\/laprensacristiana.com\/?p=14534\",\"name\":\"Hambre, Guerra, Peste y Muerte - La Prensa Cristiana\",\"isPartOf\":{\"@id\":\"https:\/\/laprensacristiana.com\/#website\"},\"datePublished\":\"2023-03-10T18:15:25+00:00\",\"dateModified\":\"2023-03-10T18:15:26+00:00\",\"author\":{\"@id\":\"https:\/\/laprensacristiana.com\/#\/schema\/person\/3e7d82c6bfd6b1fa67010f8f7cd5256e\"},\"breadcrumb\":{\"@id\":\"https:\/\/laprensacristiana.com\/?p=14534#breadcrumb\"},\"inLanguage\":\"es\",\"potentialAction\":[{\"@type\":\"ReadAction\",\"target\":[\"https:\/\/laprensacristiana.com\/?p=14534\"]}]},{\"@type\":\"BreadcrumbList\",\"@id\":\"https:\/\/laprensacristiana.com\/?p=14534#breadcrumb\",\"itemListElement\":[{\"@type\":\"ListItem\",\"position\":1,\"name\":\"Portada\",\"item\":\"https:\/\/laprensacristiana.com\/\"},{\"@type\":\"ListItem\",\"position\":2,\"name\":\"Hambre, Guerra, Peste y Muerte\"}]},{\"@type\":\"WebSite\",\"@id\":\"https:\/\/laprensacristiana.com\/#website\",\"url\":\"https:\/\/laprensacristiana.com\/\",\"name\":\"La Prensa Cristiana\",\"description\":\"Anunciando Las Buenas Nuevas\",\"potentialAction\":[{\"@type\":\"SearchAction\",\"target\":{\"@type\":\"EntryPoint\",\"urlTemplate\":\"https:\/\/laprensacristiana.com\/?s={search_term_string}\"},\"query-input\":\"required name=search_term_string\"}],\"inLanguage\":\"es\"},{\"@type\":\"Person\",\"@id\":\"https:\/\/laprensacristiana.com\/#\/schema\/person\/3e7d82c6bfd6b1fa67010f8f7cd5256e\",\"name\":\"EDITOR\",\"image\":{\"@type\":\"ImageObject\",\"inLanguage\":\"es\",\"@id\":\"https:\/\/laprensacristiana.com\/#\/schema\/person\/image\/\",\"url\":\"https:\/\/secure.gravatar.com\/avatar\/72069dfb6c13772d9e8381e3638666d2?s=96&d=mm&r=g\",\"contentUrl\":\"https:\/\/secure.gravatar.com\/avatar\/72069dfb6c13772d9e8381e3638666d2?s=96&d=mm&r=g\",\"caption\":\"EDITOR\"},\"url\":\"https:\/\/laprensacristiana.com\/?author=3\"}]}<\/script>\n<!-- \/ Yoast SEO plugin. -->","yoast_head_json":{"title":"Hambre, Guerra, Peste y Muerte - La Prensa Cristiana","robots":{"index":"index","follow":"follow","max-snippet":"max-snippet:-1","max-image-preview":"max-image-preview:large","max-video-preview":"max-video-preview:-1"},"canonical":"https:\/\/laprensacristiana.com\/?p=14534","og_locale":"es_ES","og_type":"article","og_title":"Hambre, Guerra, Peste y Muerte - La Prensa Cristiana","og_description":"Escribimos -hace un a\u00f1o o poco m\u00e1s- acerca de las grandes preocupaciones del ser humano en su ansia por sobrevivir. Bueno, esto parece algo irreal, cuando todos queremos sobrevivir, en un mundo y en una sociedad que se vuelve m\u00e1s y m\u00e1s individualista. Pero esta semana, es una instituci\u00f3n religiosa -le peses a quien le [&hellip;]","og_url":"https:\/\/laprensacristiana.com\/?p=14534","og_site_name":"La Prensa Cristiana","article_published_time":"2023-03-10T18:15:25+00:00","article_modified_time":"2023-03-10T18:15:26+00:00","og_image":[{"width":487,"height":330,"url":"https:\/\/laprensacristiana.com\/wp-content\/uploads\/2021\/10\/WhatsApp-Image-2021-10-04-at-7.31.46-AM.jpeg","type":"image\/jpeg"}],"author":"EDITOR","twitter_card":"summary_large_image","twitter_misc":{"Escrito por":"EDITOR","Tiempo de lectura":"3 minutos"},"schema":{"@context":"https:\/\/schema.org","@graph":[{"@type":"WebPage","@id":"https:\/\/laprensacristiana.com\/?p=14534","url":"https:\/\/laprensacristiana.com\/?p=14534","name":"Hambre, Guerra, Peste y Muerte - La Prensa Cristiana","isPartOf":{"@id":"https:\/\/laprensacristiana.com\/#website"},"datePublished":"2023-03-10T18:15:25+00:00","dateModified":"2023-03-10T18:15:26+00:00","author":{"@id":"https:\/\/laprensacristiana.com\/#\/schema\/person\/3e7d82c6bfd6b1fa67010f8f7cd5256e"},"breadcrumb":{"@id":"https:\/\/laprensacristiana.com\/?p=14534#breadcrumb"},"inLanguage":"es","potentialAction":[{"@type":"ReadAction","target":["https:\/\/laprensacristiana.com\/?p=14534"]}]},{"@type":"BreadcrumbList","@id":"https:\/\/laprensacristiana.com\/?p=14534#breadcrumb","itemListElement":[{"@type":"ListItem","position":1,"name":"Portada","item":"https:\/\/laprensacristiana.com\/"},{"@type":"ListItem","position":2,"name":"Hambre, Guerra, Peste y Muerte"}]},{"@type":"WebSite","@id":"https:\/\/laprensacristiana.com\/#website","url":"https:\/\/laprensacristiana.com\/","name":"La Prensa Cristiana","description":"Anunciando Las Buenas Nuevas","potentialAction":[{"@type":"SearchAction","target":{"@type":"EntryPoint","urlTemplate":"https:\/\/laprensacristiana.com\/?s={search_term_string}"},"query-input":"required name=search_term_string"}],"inLanguage":"es"},{"@type":"Person","@id":"https:\/\/laprensacristiana.com\/#\/schema\/person\/3e7d82c6bfd6b1fa67010f8f7cd5256e","name":"EDITOR","image":{"@type":"ImageObject","inLanguage":"es","@id":"https:\/\/laprensacristiana.com\/#\/schema\/person\/image\/","url":"https:\/\/secure.gravatar.com\/avatar\/72069dfb6c13772d9e8381e3638666d2?s=96&d=mm&r=g","contentUrl":"https:\/\/secure.gravatar.com\/avatar\/72069dfb6c13772d9e8381e3638666d2?s=96&d=mm&r=g","caption":"EDITOR"},"url":"https:\/\/laprensacristiana.com\/?author=3"}]}},"_links":{"self":[{"href":"https:\/\/laprensacristiana.com\/index.php?rest_route=\/wp\/v2\/posts\/14534"}],"collection":[{"href":"https:\/\/laprensacristiana.com\/index.php?rest_route=\/wp\/v2\/posts"}],"about":[{"href":"https:\/\/laprensacristiana.com\/index.php?rest_route=\/wp\/v2\/types\/post"}],"author":[{"embeddable":true,"href":"https:\/\/laprensacristiana.com\/index.php?rest_route=\/wp\/v2\/users\/3"}],"replies":[{"embeddable":true,"href":"https:\/\/laprensacristiana.com\/index.php?rest_route=%2Fwp%2Fv2%2Fcomments&post=14534"}],"version-history":[{"count":1,"href":"https:\/\/laprensacristiana.com\/index.php?rest_route=\/wp\/v2\/posts\/14534\/revisions"}],"predecessor-version":[{"id":14535,"href":"https:\/\/laprensacristiana.com\/index.php?rest_route=\/wp\/v2\/posts\/14534\/revisions\/14535"}],"wp:featuredmedia":[{"embeddable":true,"href":"https:\/\/laprensacristiana.com\/index.php?rest_route=\/wp\/v2\/media\/12615"}],"wp:attachment":[{"href":"https:\/\/laprensacristiana.com\/index.php?rest_route=%2Fwp%2Fv2%2Fmedia&parent=14534"}],"wp:term":[{"taxonomy":"category","embeddable":true,"href":"https:\/\/laprensacristiana.com\/index.php?rest_route=%2Fwp%2Fv2%2Fcategories&post=14534"},{"taxonomy":"post_tag","embeddable":true,"href":"https:\/\/laprensacristiana.com\/index.php?rest_route=%2Fwp%2Fv2%2Ftags&post=14534"}],"curies":[{"name":"wp","href":"https:\/\/api.w.org\/{rel}","templated":true}]}}