{"id":14605,"date":"2023-03-12T22:06:41","date_gmt":"2023-03-12T22:06:41","guid":{"rendered":"https:\/\/laprensacristiana.com\/?p=14605"},"modified":"2023-03-12T22:06:42","modified_gmt":"2023-03-12T22:06:42","slug":"campana-evangelistica-fiesta-de-la-cosecha-2023","status":"publish","type":"post","link":"https:\/\/laprensacristiana.com\/?p=14605","title":{"rendered":"Campa\u00f1a evangel\u00edstica: \u201cFiesta de la cosecha 2023\u201d"},"content":{"rendered":"\n<p>En horas de la tarde del 11 de marzo, m\u00e1s de 20,000 personas se reunieron en el Complejo Deportivo El Cafetal\u00f3n, en Santa Tecla, La Libertad, para proclamar el se\u00f1or\u00edo de Dios en El Salvador.<\/p>\n\n\n\n<p>El evangelista de nacionalidad rusa, pero residente en Sacramento, California, Estados Unidos, Vadim Taniya Pekun, del ministerio Light To The World, ministr\u00f3 la palabra de Dios en el evento: \u201cUn gran despertar y avivamiento ha comenzado en El Salvador, hemos sido testigos de miles de personas recibiendo a Cristo, sanidades milagrosas, liberaciones, bautismos con el Esp\u00edritu Santo, le damos toda la gloria a Jesucristo\u201d, enfatiz\u00f3.<\/p>\n\n\n\n<p>Iglesia de Dios en El Salvador, una de las principales denominaciones evang\u00e9licas en el pa\u00eds, tiene entre sus ejes de acci\u00f3n, el evangelismo, en un proceso que llaman: \u201cLa Gran Comisi\u00f3n\u201d, basada en ir por todo el mundo y predicar el evangelio, llevan a\u00f1os de capacitaci\u00f3n, discipulado, plantaci\u00f3n de iglesias y una serie de elementos estructurados para poder ganar a las personas para Cristo, desarrollan el ciclo de la cosecha, y en esta ocasi\u00f3n este evento catalogado como la \u201cFiesta de la cosecha\u201d, es visto como la recolecci\u00f3n del fruto de todos estos a\u00f1os de esfuerzo como organizaci\u00f3n.<\/p>\n\n\n\n<p>\u201cDios sigue salvando, sanando y bautizando con su Santo Esp\u00edritu, damos gracias a Dios por esta linda actividad, sin duda alguna fue una experiencia incre\u00edble\u201d, indic\u00f3 el pastor Miguel Perdomo, Supervisor Nacional de Iglesia de Dios en El Salvador.<\/p>\n\n\n\n<p>El pastor Jos\u00e9 Santos Fuentes, director del \u00e1rea Incidencia Publica y Social para El Salvador y Centro Am\u00e9rica de Iglesia de Dios, quien estuvo a cargo de la organizaci\u00f3n del evento en representaci\u00f3n de su denominaci\u00f3n: \u201cEs tiempo de darle gloria y honra a Dios por todo lo que hizo, muchas personas fueron sanadas, liberadas, llenos de su presencia, y salvos para \u00c9l\u201d, destac\u00f3 el pastor Fuentes.<\/p>\n\n\n\n<p>En Estados Unidos, dos misioneros, William Omar Hern\u00e1ndez del Ministerio Cristo Te Ama y Josu\u00e9 Anaya del Ministerio Jehova Rhapa International, de nacionalidad salvadore\u00f1a, ambos con d\u00e9cadas de trayectoria ministerial, han comenzado a incidir para que distintas campa\u00f1as evangel\u00edsticas se desarrollen en El Salvador, convirti\u00e9ndose en polos de desarrollo para la iglesia evang\u00e9lica.<\/p>\n\n\n\n<p>\u201cTremenda noche la que hemos vivido, con Iglesia de Dios, Ligh To The World, Cristo Te Ama y Jehova Rhapa, hemos visto la gloria de Dios, ha habido una doble unci\u00f3n del Esp\u00edritu Santo, esper\u00e1bamos 15,000 personas, pero Dios se encarg\u00f3 de hacer su propia convocatoria y a\u00f1adi\u00f3 miles m\u00e1s\u201d, concluy\u00f3 el Dr. Josu\u00e9 Anaya.<\/p>\n\n\n\n<p>\u201cAdelante iglesia de Dios no te detengas anuncia a tu Se\u00f1or, en la unidad est\u00e1 la fuerza\u201d, recalc\u00f3 Iglesia de Dios en El Salvador.<\/p>\n\n\n\n<figure class=\"wp-block-image size-large\"><img decoding=\"async\" loading=\"lazy\" width=\"1024\" height=\"768\" src=\"https:\/\/laprensacristiana.com\/wp-content\/uploads\/2023\/03\/335448028_481331370734128_8740645815713758776_n-1-1024x768.jpg\" alt=\"\" class=\"wp-image-14607\" srcset=\"https:\/\/laprensacristiana.com\/wp-content\/uploads\/2023\/03\/335448028_481331370734128_8740645815713758776_n-1-1024x768.jpg 1024w, https:\/\/laprensacristiana.com\/wp-content\/uploads\/2023\/03\/335448028_481331370734128_8740645815713758776_n-1-300x225.jpg 300w, https:\/\/laprensacristiana.com\/wp-content\/uploads\/2023\/03\/335448028_481331370734128_8740645815713758776_n-1-768x576.jpg 768w, https:\/\/laprensacristiana.com\/wp-content\/uploads\/2023\/03\/335448028_481331370734128_8740645815713758776_n-1-1536x1152.jpg 1536w, https:\/\/laprensacristiana.com\/wp-content\/uploads\/2023\/03\/335448028_481331370734128_8740645815713758776_n-1-696x522.jpg 696w, https:\/\/laprensacristiana.com\/wp-content\/uploads\/2023\/03\/335448028_481331370734128_8740645815713758776_n-1-1068x801.jpg 1068w, https:\/\/laprensacristiana.com\/wp-content\/uploads\/2023\/03\/335448028_481331370734128_8740645815713758776_n-1-600x450.jpg 600w, https:\/\/laprensacristiana.com\/wp-content\/uploads\/2023\/03\/335448028_481331370734128_8740645815713758776_n-1.jpg 1600w\" sizes=\"(max-width: 1024px) 100vw, 1024px\" \/><figcaption>Evangelista Vadim Pekun, predicando en Fiesta de la Cosecha 2023, en El Cafetal\u00f3n, La Libertad.  <\/figcaption><\/figure>\n","protected":false},"excerpt":{"rendered":"<p>En horas de la tarde del 11 de marzo, m\u00e1s de 20,000 personas se reunieron en el Complejo Deportivo El Cafetal\u00f3n, en Santa Tecla, La Libertad, para proclamar el se\u00f1or\u00edo de Dios en El Salvador. El evangelista de nacionalidad rusa, pero residente en Sacramento, California, Estados Unidos, Vadim Taniya Pekun, del ministerio Light To The [&hellip;]<\/p>\n","protected":false},"author":3,"featured_media":14608,"comment_status":"open","ping_status":"open","sticky":false,"template":"","format":"standard","meta":[],"categories":[56],"tags":[],"yoast_head":"<!-- This site is optimized with the Yoast SEO plugin v20.8 - https:\/\/yoast.com\/wordpress\/plugins\/seo\/ -->\n<title>Campa\u00f1a evangel\u00edstica: \u201cFiesta de la cosecha 2023\u201d - La Prensa Cristiana<\/title>\n<meta name=\"robots\" content=\"index, follow, max-snippet:-1, max-image-preview:large, max-video-preview:-1\" \/>\n<link rel=\"canonical\" href=\"https:\/\/laprensacristiana.com\/?p=14605\" \/>\n<meta property=\"og:locale\" content=\"es_ES\" \/>\n<meta property=\"og:type\" content=\"article\" \/>\n<meta property=\"og:title\" content=\"Campa\u00f1a evangel\u00edstica: \u201cFiesta de la cosecha 2023\u201d - La Prensa Cristiana\" \/>\n<meta property=\"og:description\" content=\"En horas de la tarde del 11 de marzo, m\u00e1s de 20,000 personas se reunieron en el Complejo Deportivo El Cafetal\u00f3n, en Santa Tecla, La Libertad, para proclamar el se\u00f1or\u00edo de Dios en El Salvador. El evangelista de nacionalidad rusa, pero residente en Sacramento, California, Estados Unidos, Vadim Taniya Pekun, del ministerio Light To The [&hellip;]\" \/>\n<meta property=\"og:url\" content=\"https:\/\/laprensacristiana.com\/?p=14605\" \/>\n<meta property=\"og:site_name\" content=\"La Prensa Cristiana\" \/>\n<meta property=\"article:published_time\" content=\"2023-03-12T22:06:41+00:00\" \/>\n<meta property=\"article:modified_time\" content=\"2023-03-12T22:06:42+00:00\" \/>\n<meta property=\"og:image\" content=\"https:\/\/laprensacristiana.com\/wp-content\/uploads\/2023\/03\/335497432_181840741259976_6854545594264139079_n.jpg\" \/>\n\t<meta property=\"og:image:width\" content=\"1600\" \/>\n\t<meta property=\"og:image:height\" content=\"921\" \/>\n\t<meta property=\"og:image:type\" content=\"image\/jpeg\" \/>\n<meta name=\"author\" content=\"EDITOR\" \/>\n<meta name=\"twitter:card\" content=\"summary_large_image\" \/>\n<meta name=\"twitter:label1\" content=\"Escrito por\" \/>\n\t<meta name=\"twitter:data1\" content=\"EDITOR\" \/>\n\t<meta name=\"twitter:label2\" content=\"Tiempo de lectura\" \/>\n\t<meta name=\"twitter:data2\" content=\"2 minutos\" \/>\n<script type=\"application\/ld+json\" class=\"yoast-schema-graph\">{\"@context\":\"https:\/\/schema.org\",\"@graph\":[{\"@type\":\"WebPage\",\"@id\":\"https:\/\/laprensacristiana.com\/?p=14605\",\"url\":\"https:\/\/laprensacristiana.com\/?p=14605\",\"name\":\"Campa\u00f1a evangel\u00edstica: \u201cFiesta de la cosecha 2023\u201d - La Prensa Cristiana\",\"isPartOf\":{\"@id\":\"https:\/\/laprensacristiana.com\/#website\"},\"datePublished\":\"2023-03-12T22:06:41+00:00\",\"dateModified\":\"2023-03-12T22:06:42+00:00\",\"author\":{\"@id\":\"https:\/\/laprensacristiana.com\/#\/schema\/person\/3e7d82c6bfd6b1fa67010f8f7cd5256e\"},\"breadcrumb\":{\"@id\":\"https:\/\/laprensacristiana.com\/?p=14605#breadcrumb\"},\"inLanguage\":\"es\",\"potentialAction\":[{\"@type\":\"ReadAction\",\"target\":[\"https:\/\/laprensacristiana.com\/?p=14605\"]}]},{\"@type\":\"BreadcrumbList\",\"@id\":\"https:\/\/laprensacristiana.com\/?p=14605#breadcrumb\",\"itemListElement\":[{\"@type\":\"ListItem\",\"position\":1,\"name\":\"Portada\",\"item\":\"https:\/\/laprensacristiana.com\/\"},{\"@type\":\"ListItem\",\"position\":2,\"name\":\"Campa\u00f1a evangel\u00edstica: \u201cFiesta de la cosecha 2023\u201d\"}]},{\"@type\":\"WebSite\",\"@id\":\"https:\/\/laprensacristiana.com\/#website\",\"url\":\"https:\/\/laprensacristiana.com\/\",\"name\":\"La Prensa Cristiana\",\"description\":\"Anunciando Las Buenas Nuevas\",\"potentialAction\":[{\"@type\":\"SearchAction\",\"target\":{\"@type\":\"EntryPoint\",\"urlTemplate\":\"https:\/\/laprensacristiana.com\/?s={search_term_string}\"},\"query-input\":\"required name=search_term_string\"}],\"inLanguage\":\"es\"},{\"@type\":\"Person\",\"@id\":\"https:\/\/laprensacristiana.com\/#\/schema\/person\/3e7d82c6bfd6b1fa67010f8f7cd5256e\",\"name\":\"EDITOR\",\"image\":{\"@type\":\"ImageObject\",\"inLanguage\":\"es\",\"@id\":\"https:\/\/laprensacristiana.com\/#\/schema\/person\/image\/\",\"url\":\"https:\/\/secure.gravatar.com\/avatar\/72069dfb6c13772d9e8381e3638666d2?s=96&d=mm&r=g\",\"contentUrl\":\"https:\/\/secure.gravatar.com\/avatar\/72069dfb6c13772d9e8381e3638666d2?s=96&d=mm&r=g\",\"caption\":\"EDITOR\"},\"url\":\"https:\/\/laprensacristiana.com\/?author=3\"}]}<\/script>\n<!-- \/ Yoast SEO plugin. -->","yoast_head_json":{"title":"Campa\u00f1a evangel\u00edstica: \u201cFiesta de la cosecha 2023\u201d - La Prensa Cristiana","robots":{"index":"index","follow":"follow","max-snippet":"max-snippet:-1","max-image-preview":"max-image-preview:large","max-video-preview":"max-video-preview:-1"},"canonical":"https:\/\/laprensacristiana.com\/?p=14605","og_locale":"es_ES","og_type":"article","og_title":"Campa\u00f1a evangel\u00edstica: \u201cFiesta de la cosecha 2023\u201d - La Prensa Cristiana","og_description":"En horas de la tarde del 11 de marzo, m\u00e1s de 20,000 personas se reunieron en el Complejo Deportivo El Cafetal\u00f3n, en Santa Tecla, La Libertad, para proclamar el se\u00f1or\u00edo de Dios en El Salvador. El evangelista de nacionalidad rusa, pero residente en Sacramento, California, Estados Unidos, Vadim Taniya Pekun, del ministerio Light To The [&hellip;]","og_url":"https:\/\/laprensacristiana.com\/?p=14605","og_site_name":"La Prensa Cristiana","article_published_time":"2023-03-12T22:06:41+00:00","article_modified_time":"2023-03-12T22:06:42+00:00","og_image":[{"width":1600,"height":921,"url":"https:\/\/laprensacristiana.com\/wp-content\/uploads\/2023\/03\/335497432_181840741259976_6854545594264139079_n.jpg","type":"image\/jpeg"}],"author":"EDITOR","twitter_card":"summary_large_image","twitter_misc":{"Escrito por":"EDITOR","Tiempo de lectura":"2 minutos"},"schema":{"@context":"https:\/\/schema.org","@graph":[{"@type":"WebPage","@id":"https:\/\/laprensacristiana.com\/?p=14605","url":"https:\/\/laprensacristiana.com\/?p=14605","name":"Campa\u00f1a evangel\u00edstica: \u201cFiesta de la cosecha 2023\u201d - La Prensa Cristiana","isPartOf":{"@id":"https:\/\/laprensacristiana.com\/#website"},"datePublished":"2023-03-12T22:06:41+00:00","dateModified":"2023-03-12T22:06:42+00:00","author":{"@id":"https:\/\/laprensacristiana.com\/#\/schema\/person\/3e7d82c6bfd6b1fa67010f8f7cd5256e"},"breadcrumb":{"@id":"https:\/\/laprensacristiana.com\/?p=14605#breadcrumb"},"inLanguage":"es","potentialAction":[{"@type":"ReadAction","target":["https:\/\/laprensacristiana.com\/?p=14605"]}]},{"@type":"BreadcrumbList","@id":"https:\/\/laprensacristiana.com\/?p=14605#breadcrumb","itemListElement":[{"@type":"ListItem","position":1,"name":"Portada","item":"https:\/\/laprensacristiana.com\/"},{"@type":"ListItem","position":2,"name":"Campa\u00f1a evangel\u00edstica: \u201cFiesta de la cosecha 2023\u201d"}]},{"@type":"WebSite","@id":"https:\/\/laprensacristiana.com\/#website","url":"https:\/\/laprensacristiana.com\/","name":"La Prensa Cristiana","description":"Anunciando Las Buenas Nuevas","potentialAction":[{"@type":"SearchAction","target":{"@type":"EntryPoint","urlTemplate":"https:\/\/laprensacristiana.com\/?s={search_term_string}"},"query-input":"required name=search_term_string"}],"inLanguage":"es"},{"@type":"Person","@id":"https:\/\/laprensacristiana.com\/#\/schema\/person\/3e7d82c6bfd6b1fa67010f8f7cd5256e","name":"EDITOR","image":{"@type":"ImageObject","inLanguage":"es","@id":"https:\/\/laprensacristiana.com\/#\/schema\/person\/image\/","url":"https:\/\/secure.gravatar.com\/avatar\/72069dfb6c13772d9e8381e3638666d2?s=96&d=mm&r=g","contentUrl":"https:\/\/secure.gravatar.com\/avatar\/72069dfb6c13772d9e8381e3638666d2?s=96&d=mm&r=g","caption":"EDITOR"},"url":"https:\/\/laprensacristiana.com\/?author=3"}]}},"_links":{"self":[{"href":"https:\/\/laprensacristiana.com\/index.php?rest_route=\/wp\/v2\/posts\/14605"}],"collection":[{"href":"https:\/\/laprensacristiana.com\/index.php?rest_route=\/wp\/v2\/posts"}],"about":[{"href":"https:\/\/laprensacristiana.com\/index.php?rest_route=\/wp\/v2\/types\/post"}],"author":[{"embeddable":true,"href":"https:\/\/laprensacristiana.com\/index.php?rest_route=\/wp\/v2\/users\/3"}],"replies":[{"embeddable":true,"href":"https:\/\/laprensacristiana.com\/index.php?rest_route=%2Fwp%2Fv2%2Fcomments&post=14605"}],"version-history":[{"count":1,"href":"https:\/\/laprensacristiana.com\/index.php?rest_route=\/wp\/v2\/posts\/14605\/revisions"}],"predecessor-version":[{"id":14609,"href":"https:\/\/laprensacristiana.com\/index.php?rest_route=\/wp\/v2\/posts\/14605\/revisions\/14609"}],"wp:featuredmedia":[{"embeddable":true,"href":"https:\/\/laprensacristiana.com\/index.php?rest_route=\/wp\/v2\/media\/14608"}],"wp:attachment":[{"href":"https:\/\/laprensacristiana.com\/index.php?rest_route=%2Fwp%2Fv2%2Fmedia&parent=14605"}],"wp:term":[{"taxonomy":"category","embeddable":true,"href":"https:\/\/laprensacristiana.com\/index.php?rest_route=%2Fwp%2Fv2%2Fcategories&post=14605"},{"taxonomy":"post_tag","embeddable":true,"href":"https:\/\/laprensacristiana.com\/index.php?rest_route=%2Fwp%2Fv2%2Ftags&post=14605"}],"curies":[{"name":"wp","href":"https:\/\/api.w.org\/{rel}","templated":true}]}}