{"id":14683,"date":"2023-03-15T14:33:35","date_gmt":"2023-03-15T14:33:35","guid":{"rendered":"https:\/\/laprensacristiana.com\/?p=14683"},"modified":"2023-03-15T14:33:36","modified_gmt":"2023-03-15T14:33:36","slug":"las-plagas-o-el-segundo-jinete-del-apocalipsis","status":"publish","type":"post","link":"https:\/\/laprensacristiana.com\/?p=14683","title":{"rendered":"Las plagas o el segundo jinete del Apocalipsis"},"content":{"rendered":"\n<p>Pareciera que el texto antiguo que afirmaba que \u201clos pobres siempre estar\u00edan entre nosotros\u201d deber\u00eda cambiarse y decir que las plagas van a convivir con nosotros hasta que nos muramos.<\/p>\n\n\n\n<p>Y sabemos del resultado mortal de alguna de esta plagas leyendo sobre los casos de enfermedades terminales y de los que se mueren todos los d\u00eda a causa del moderno Covid-19.<\/p>\n\n\n\n<p>\u00bfQu\u00e9 es lo&nbsp;\u200bque sabemos de ese virus que nos ha afectado a nivel planetario?<\/p>\n\n\n\n<p>Aparte de los mitos, tales como que el virus mentado se desarrolla y expande entre los humanos por comer carne de murci\u00e9lago, hasta el otro que dice que es Bill Gates, -uno de los supermillonarios de este mundo- que estar\u00eda tratando de agregarle algunos millones m\u00e1s a su estrafalaria fortuna de muchos cientos de millones de d\u00f3lares, vendiendo la patente de las vacunas que pueden salvar muchas vidas humanas\u2026<\/p>\n\n\n\n<p>Pero, y, aqu\u00ed, no estamos para fantas\u00edas, sino para o\u00edr la voz de los que s\u00ed saben, como la Organizaci\u00f3n Mundial de la Salud que depende de las Naciones Unidas.&nbsp;<\/p>\n\n\n\n<p>\u201cLa enfermedad por coronavirus (COVID-19) es una enfermedad infecciosa causada por el virus SARS-CoV-2. La mayor\u00eda de las personas infectadas por el virus experimentar\u00e1n una enfermedad respiratoria de leve a moderada y se recuperar\u00e1n sin requerir un tratamiento especial. Sin embargo, algunas enfermar\u00e1n gravemente y requerir\u00e1n atenci\u00f3n m\u00e9dica. Las personas mayores y las que padecen enfermedades subyacentes, como enfermedades cardiovasculares, diabetes, enfermedades respiratorias cr\u00f3nicas o c\u00e1ncer, tienen m\u00e1s probabilidades de desarrollar una enfermedad grave. Cualquier persona, de cualquier edad, puede contraer la COVID-19 y enfermar gravemente o morir.&nbsp;<\/p>\n\n\n\n<p>La mejor manera de prevenir y ralentizar la transmisi\u00f3n es estar bien informado sobre la enfermedad y c\u00f3mo se propaga el virus. Prot\u00e9jase a s\u00ed mismo y a los dem\u00e1s de la infecci\u00f3n manteni\u00e9ndose a una distancia&nbsp;m\u00ednima de un metro de los dem\u00e1s, llevando una mascarilla bien ajustada y lav\u00e1ndose las manos o limpi\u00e1ndolas con un desinfectante de base alcoh\u00f3lica con frecuencia. Vac\u00fanese cuando le toque y siga las orientaciones locales\u201d (OMS.<a href=\"https:\/\/www.who.int\/es\/health-topics\/coronavirus#tab=tab_1\">https:\/\/www.who.int\/es\/health-topics\/coronavirus#tab=tab_1<\/a>).<\/p>\n\n\n\n<p>El gran problema que nos est\u00e1 afectando a los que vivimos bajo el sol, es que algunas enfermedades -que se cre\u00edan desterradas- est\u00e1nde vuelta, como puede ser el caso de la&nbsp;Tuberculosis,&nbsp;Hepatitis&nbsp;B, Difteria, T\u00e9tanos, Tos convulsiva, Poliomielitis, Sarampi\u00f3n, Rubeola, Paperas, Influenza, Rabia, Virus Papiloma Humano (vacuna recientemente integrada al programa) y enfermedades por Neumococo, Meningococo y Haemophilus influenzae.<\/p>\n\n\n\n<p>Una de las causas de la vuelta de las enfermedades&nbsp;mencionadas antes,&nbsp;radica en padres obstinados, que se creen todos los mitos que personas o empresas interesadas,&nbsp;logran imponer&nbsp;con sus&nbsp;criterios&nbsp;oscurantistas&nbsp;-como los mencionados antes-&nbsp;en cuanto a vacunarse para no contraer las etapas virulentas, como lo puede ser el Covid-19.<\/p>\n\n\n\n<p>Es posible, por qu\u00e9 no, que estas plagas -que cre\u00edamos desterradas- afecten a medio planeta y la poblaci\u00f3n se reduzca significativamente.<\/p>\n\n\n\n<p>Ser\u00e1 la confirmaci\u00f3n -para aquellos que creen en un \u201cacabo de mundo\u201d. Pero si no se termina la raza humana, vamos a pasar muy r\u00e1pido, de un planeta con 8 mil millones de personas, a unos pocos millones que andar\u00e1n procurando&nbsp;alguna&nbsp;a alimentaci\u00f3n b\u00e1sica.&nbsp;<\/p>\n\n\n\n<p>Para estar entre \u201clos que se quedar\u00e1n\u2019 vivos y sanos sobre la&nbsp;Tierra,&nbsp;tenemos que encontrar&nbsp;a algunos millones de personas, despiertas y activas \u201ccrey\u00e9ndole\u201d a las autoridades sanitarias para que todos seamos la fuerza motriz que llegar\u00e1 a convencer a otros que, las medidas sanitarias&nbsp;son buenas y son efectivas. De no ser as\u00ed, tendremos que entender que la convivencia se har\u00e1, si no dif\u00edcil, casi imposible.<\/p>\n\n\n\n<p>(Guillermo Serrano en Ideas y Voces)<\/p>\n","protected":false},"excerpt":{"rendered":"<p>Pareciera que el texto antiguo que afirmaba que \u201clos pobres siempre estar\u00edan entre nosotros\u201d deber\u00eda cambiarse y decir que las plagas van a convivir con nosotros hasta que nos muramos. Y sabemos del resultado mortal de alguna de esta plagas leyendo sobre los casos de enfermedades terminales y de los que se mueren todos los [&hellip;]<\/p>\n","protected":false},"author":3,"featured_media":12615,"comment_status":"open","ping_status":"open","sticky":false,"template":"","format":"standard","meta":[],"categories":[113],"tags":[],"yoast_head":"<!-- This site is optimized with the Yoast SEO plugin v20.8 - https:\/\/yoast.com\/wordpress\/plugins\/seo\/ -->\n<title>Las plagas o el segundo jinete del Apocalipsis - La Prensa Cristiana<\/title>\n<meta name=\"robots\" content=\"index, follow, max-snippet:-1, max-image-preview:large, max-video-preview:-1\" \/>\n<link rel=\"canonical\" href=\"https:\/\/laprensacristiana.com\/?p=14683\" \/>\n<meta property=\"og:locale\" content=\"es_ES\" \/>\n<meta property=\"og:type\" content=\"article\" \/>\n<meta property=\"og:title\" content=\"Las plagas o el segundo jinete del Apocalipsis - La Prensa Cristiana\" \/>\n<meta property=\"og:description\" content=\"Pareciera que el texto antiguo que afirmaba que \u201clos pobres siempre estar\u00edan entre nosotros\u201d deber\u00eda cambiarse y decir que las plagas van a convivir con nosotros hasta que nos muramos. Y sabemos del resultado mortal de alguna de esta plagas leyendo sobre los casos de enfermedades terminales y de los que se mueren todos los [&hellip;]\" \/>\n<meta property=\"og:url\" content=\"https:\/\/laprensacristiana.com\/?p=14683\" \/>\n<meta property=\"og:site_name\" content=\"La Prensa Cristiana\" \/>\n<meta property=\"article:published_time\" content=\"2023-03-15T14:33:35+00:00\" \/>\n<meta property=\"article:modified_time\" content=\"2023-03-15T14:33:36+00:00\" \/>\n<meta property=\"og:image\" content=\"https:\/\/laprensacristiana.com\/wp-content\/uploads\/2021\/10\/WhatsApp-Image-2021-10-04-at-7.31.46-AM.jpeg\" \/>\n\t<meta property=\"og:image:width\" content=\"487\" \/>\n\t<meta property=\"og:image:height\" content=\"330\" \/>\n\t<meta property=\"og:image:type\" content=\"image\/jpeg\" \/>\n<meta name=\"author\" content=\"EDITOR\" \/>\n<meta name=\"twitter:card\" content=\"summary_large_image\" \/>\n<meta name=\"twitter:label1\" content=\"Escrito por\" \/>\n\t<meta name=\"twitter:data1\" content=\"EDITOR\" \/>\n\t<meta name=\"twitter:label2\" content=\"Tiempo de lectura\" \/>\n\t<meta name=\"twitter:data2\" content=\"3 minutos\" \/>\n<script type=\"application\/ld+json\" class=\"yoast-schema-graph\">{\"@context\":\"https:\/\/schema.org\",\"@graph\":[{\"@type\":\"WebPage\",\"@id\":\"https:\/\/laprensacristiana.com\/?p=14683\",\"url\":\"https:\/\/laprensacristiana.com\/?p=14683\",\"name\":\"Las plagas o el segundo jinete del Apocalipsis - La Prensa Cristiana\",\"isPartOf\":{\"@id\":\"https:\/\/laprensacristiana.com\/#website\"},\"datePublished\":\"2023-03-15T14:33:35+00:00\",\"dateModified\":\"2023-03-15T14:33:36+00:00\",\"author\":{\"@id\":\"https:\/\/laprensacristiana.com\/#\/schema\/person\/3e7d82c6bfd6b1fa67010f8f7cd5256e\"},\"breadcrumb\":{\"@id\":\"https:\/\/laprensacristiana.com\/?p=14683#breadcrumb\"},\"inLanguage\":\"es\",\"potentialAction\":[{\"@type\":\"ReadAction\",\"target\":[\"https:\/\/laprensacristiana.com\/?p=14683\"]}]},{\"@type\":\"BreadcrumbList\",\"@id\":\"https:\/\/laprensacristiana.com\/?p=14683#breadcrumb\",\"itemListElement\":[{\"@type\":\"ListItem\",\"position\":1,\"name\":\"Portada\",\"item\":\"https:\/\/laprensacristiana.com\/\"},{\"@type\":\"ListItem\",\"position\":2,\"name\":\"Las plagas o el segundo jinete del Apocalipsis\"}]},{\"@type\":\"WebSite\",\"@id\":\"https:\/\/laprensacristiana.com\/#website\",\"url\":\"https:\/\/laprensacristiana.com\/\",\"name\":\"La Prensa Cristiana\",\"description\":\"Anunciando Las Buenas Nuevas\",\"potentialAction\":[{\"@type\":\"SearchAction\",\"target\":{\"@type\":\"EntryPoint\",\"urlTemplate\":\"https:\/\/laprensacristiana.com\/?s={search_term_string}\"},\"query-input\":\"required name=search_term_string\"}],\"inLanguage\":\"es\"},{\"@type\":\"Person\",\"@id\":\"https:\/\/laprensacristiana.com\/#\/schema\/person\/3e7d82c6bfd6b1fa67010f8f7cd5256e\",\"name\":\"EDITOR\",\"image\":{\"@type\":\"ImageObject\",\"inLanguage\":\"es\",\"@id\":\"https:\/\/laprensacristiana.com\/#\/schema\/person\/image\/\",\"url\":\"https:\/\/secure.gravatar.com\/avatar\/72069dfb6c13772d9e8381e3638666d2?s=96&d=mm&r=g\",\"contentUrl\":\"https:\/\/secure.gravatar.com\/avatar\/72069dfb6c13772d9e8381e3638666d2?s=96&d=mm&r=g\",\"caption\":\"EDITOR\"},\"url\":\"https:\/\/laprensacristiana.com\/?author=3\"}]}<\/script>\n<!-- \/ Yoast SEO plugin. -->","yoast_head_json":{"title":"Las plagas o el segundo jinete del Apocalipsis - La Prensa Cristiana","robots":{"index":"index","follow":"follow","max-snippet":"max-snippet:-1","max-image-preview":"max-image-preview:large","max-video-preview":"max-video-preview:-1"},"canonical":"https:\/\/laprensacristiana.com\/?p=14683","og_locale":"es_ES","og_type":"article","og_title":"Las plagas o el segundo jinete del Apocalipsis - La Prensa Cristiana","og_description":"Pareciera que el texto antiguo que afirmaba que \u201clos pobres siempre estar\u00edan entre nosotros\u201d deber\u00eda cambiarse y decir que las plagas van a convivir con nosotros hasta que nos muramos. Y sabemos del resultado mortal de alguna de esta plagas leyendo sobre los casos de enfermedades terminales y de los que se mueren todos los [&hellip;]","og_url":"https:\/\/laprensacristiana.com\/?p=14683","og_site_name":"La Prensa Cristiana","article_published_time":"2023-03-15T14:33:35+00:00","article_modified_time":"2023-03-15T14:33:36+00:00","og_image":[{"width":487,"height":330,"url":"https:\/\/laprensacristiana.com\/wp-content\/uploads\/2021\/10\/WhatsApp-Image-2021-10-04-at-7.31.46-AM.jpeg","type":"image\/jpeg"}],"author":"EDITOR","twitter_card":"summary_large_image","twitter_misc":{"Escrito por":"EDITOR","Tiempo de lectura":"3 minutos"},"schema":{"@context":"https:\/\/schema.org","@graph":[{"@type":"WebPage","@id":"https:\/\/laprensacristiana.com\/?p=14683","url":"https:\/\/laprensacristiana.com\/?p=14683","name":"Las plagas o el segundo jinete del Apocalipsis - La Prensa Cristiana","isPartOf":{"@id":"https:\/\/laprensacristiana.com\/#website"},"datePublished":"2023-03-15T14:33:35+00:00","dateModified":"2023-03-15T14:33:36+00:00","author":{"@id":"https:\/\/laprensacristiana.com\/#\/schema\/person\/3e7d82c6bfd6b1fa67010f8f7cd5256e"},"breadcrumb":{"@id":"https:\/\/laprensacristiana.com\/?p=14683#breadcrumb"},"inLanguage":"es","potentialAction":[{"@type":"ReadAction","target":["https:\/\/laprensacristiana.com\/?p=14683"]}]},{"@type":"BreadcrumbList","@id":"https:\/\/laprensacristiana.com\/?p=14683#breadcrumb","itemListElement":[{"@type":"ListItem","position":1,"name":"Portada","item":"https:\/\/laprensacristiana.com\/"},{"@type":"ListItem","position":2,"name":"Las plagas o el segundo jinete del Apocalipsis"}]},{"@type":"WebSite","@id":"https:\/\/laprensacristiana.com\/#website","url":"https:\/\/laprensacristiana.com\/","name":"La Prensa Cristiana","description":"Anunciando Las Buenas Nuevas","potentialAction":[{"@type":"SearchAction","target":{"@type":"EntryPoint","urlTemplate":"https:\/\/laprensacristiana.com\/?s={search_term_string}"},"query-input":"required name=search_term_string"}],"inLanguage":"es"},{"@type":"Person","@id":"https:\/\/laprensacristiana.com\/#\/schema\/person\/3e7d82c6bfd6b1fa67010f8f7cd5256e","name":"EDITOR","image":{"@type":"ImageObject","inLanguage":"es","@id":"https:\/\/laprensacristiana.com\/#\/schema\/person\/image\/","url":"https:\/\/secure.gravatar.com\/avatar\/72069dfb6c13772d9e8381e3638666d2?s=96&d=mm&r=g","contentUrl":"https:\/\/secure.gravatar.com\/avatar\/72069dfb6c13772d9e8381e3638666d2?s=96&d=mm&r=g","caption":"EDITOR"},"url":"https:\/\/laprensacristiana.com\/?author=3"}]}},"_links":{"self":[{"href":"https:\/\/laprensacristiana.com\/index.php?rest_route=\/wp\/v2\/posts\/14683"}],"collection":[{"href":"https:\/\/laprensacristiana.com\/index.php?rest_route=\/wp\/v2\/posts"}],"about":[{"href":"https:\/\/laprensacristiana.com\/index.php?rest_route=\/wp\/v2\/types\/post"}],"author":[{"embeddable":true,"href":"https:\/\/laprensacristiana.com\/index.php?rest_route=\/wp\/v2\/users\/3"}],"replies":[{"embeddable":true,"href":"https:\/\/laprensacristiana.com\/index.php?rest_route=%2Fwp%2Fv2%2Fcomments&post=14683"}],"version-history":[{"count":1,"href":"https:\/\/laprensacristiana.com\/index.php?rest_route=\/wp\/v2\/posts\/14683\/revisions"}],"predecessor-version":[{"id":14684,"href":"https:\/\/laprensacristiana.com\/index.php?rest_route=\/wp\/v2\/posts\/14683\/revisions\/14684"}],"wp:featuredmedia":[{"embeddable":true,"href":"https:\/\/laprensacristiana.com\/index.php?rest_route=\/wp\/v2\/media\/12615"}],"wp:attachment":[{"href":"https:\/\/laprensacristiana.com\/index.php?rest_route=%2Fwp%2Fv2%2Fmedia&parent=14683"}],"wp:term":[{"taxonomy":"category","embeddable":true,"href":"https:\/\/laprensacristiana.com\/index.php?rest_route=%2Fwp%2Fv2%2Fcategories&post=14683"},{"taxonomy":"post_tag","embeddable":true,"href":"https:\/\/laprensacristiana.com\/index.php?rest_route=%2Fwp%2Fv2%2Ftags&post=14683"}],"curies":[{"name":"wp","href":"https:\/\/api.w.org\/{rel}","templated":true}]}}