{"id":14685,"date":"2023-03-15T14:35:41","date_gmt":"2023-03-15T14:35:41","guid":{"rendered":"https:\/\/laprensacristiana.com\/?p=14685"},"modified":"2023-03-15T14:35:43","modified_gmt":"2023-03-15T14:35:43","slug":"como-fue-posible-2","status":"publish","type":"post","link":"https:\/\/laprensacristiana.com\/?p=14685","title":{"rendered":"\u00bfC\u00f3mo fue posible?"},"content":{"rendered":"\n<p>Lucas 12:32&nbsp;\u201cNo tem\u00e1is, manada peque\u00f1a; porque al Padre ha placido daros el reino\u201d<\/p>\n\n\n\n<p>A mi me ha sucedido, no tengo empacho en confesarlo. Negarlo ser\u00eda mentirles sobre mi propia naturaleza pecaminosa y de falta de fe.<\/p>\n\n\n\n<p>La fe es algo que se pierde f\u00e1cilmente. Aunque llevo a\u00f1os viviendo de la Misericordiosa Mano proveedora del Se\u00f1or, a\u00fan lucho contra esa inclinaci\u00f3n al mal que me invade a veces provocando miedo e inseguridad cuando las cosas se ponen lentas, especialmente en materia financiera.<\/p>\n\n\n\n<p>\u00bfPor qu\u00e9&nbsp;ser\u00e1&nbsp;que las finanzas nos importan tanto? La respuesta es sencilla: El dinero sirve para todo. Con&nbsp;\u00e9l se cancelan los recibos mensuales, se paga el apartamento y los gastos fijos de cada hogar. Sin el dinero es dif\u00edcil quedarse tranquilos. Y eso Dios lo sabe. Es por eso que nos prueba de cuando en cuando para ver si corremos al banco, a la tarjeta aunque ya no tengamos fondos o a alguien para que nos saque del apuro.<\/p>\n\n\n\n<p>Otros, m\u00e1s valientes, se aventuran a irse al norte atravesando r\u00edos, monta\u00f1as y ciudades llenas de narcos con tal de pasar&nbsp;\u201cal otro lado\u201d&nbsp;a como de lugar con tal de llegar a su destino y enviar en unos pocos d\u00edas algo para paliar las necesidades de su hogar. La mayor\u00eda de las veces no lo logran, pero, como se dice en el argot callejero, por lo menos lo intent\u00e9.<\/p>\n\n\n\n<p>Es por eso que no podemos ser tan crueles de criticar a los que cometen errores cuando las cosas se ponen color de hormiga. &nbsp;Debo confesar que a veces, quiz\u00e1&nbsp;muchas, a mi mismo me han dado deseos de salir a buscarme un trabajo fuera del que tengo como pastor, a pesar que mi edad ya no me permite encontrar uno f\u00e1cilmente, pero cruzan por mi mente esos pensamientos. &nbsp;Despu\u00e9s, cuando bajo a la realidad, le pido perd\u00f3n al Se\u00f1or por tener ese tipo de dudas y tormentos de no creer que&nbsp;\u00c9l me suplir\u00e1&nbsp;para mis necesidades.<\/p>\n\n\n\n<p>Esperar no es f\u00e1cil. Y eso es lo que m\u00e1s da\u00f1o le hace a la fe.&nbsp;\u00c9sta se tambalea cuando pasan los d\u00edas y el milagro no llega. Cuando vemos que la Fidelidad del Se\u00f1or empieza a retrasar su llegada y empezamos a navegar en ese t\u00fanel de dudas, en donde no vemos la luz al final y entramos en p\u00e1nico. Un p\u00e1nico que quita el sue\u00f1o, quita el hambre y el estr\u00e9s interno empieza a aparecer con su feo rostro rob\u00e1ndonos la paz que podr\u00edamos haber tenido mientras todo iba bien.<\/p>\n\n\n\n<p>Perdemos la tranquilidad, perdemos la comuni\u00f3n con Dios y nuestro viejo hombre empieza a reclamar que debemos hacer algo para proveernos a nosotros mismos lo que tanto nos urge.&nbsp;<\/p>\n\n\n\n<p>A pesar que sabemos que Dios nunca nos dejar\u00e1&nbsp;solos. Primero porque&nbsp;\u00e9l lo ha prometido, segundo porque f\u00e1cilmente olvidamos que si el mes pasado nos sac\u00f3&nbsp;adelante,&nbsp;\u00bfpor qu\u00e9&nbsp;no habr\u00eda de hacerlo ahora? Sus promesas son si y am\u00e9n para nosotros sus hijos. Pero, mis amigos, la espera nos desespera. As\u00ed&nbsp;de franco tengo que ser. Espero que me comprendan amigos mios.<\/p>\n\n\n\n<p>Eso nos explica por qu\u00e9&nbsp;los israelitas, en el desierto le pidieron un&nbsp;\u00eddolo a Aar\u00f3n para que los guiara en el camino por donde iban. Mois\u00e9s ha subido al Monte a atender un llamado de Dios y se ha tardado m\u00e1s de lo debido. Para ellos, la direcci\u00f3n de su l\u00edder era tan indispensable que ahora que se ha perdido de vista se sienten desprotegidos.&nbsp;Estando tan conectados con Dios en el&nbsp;\u00e9xodo, en la partida del mar y en la entrega de los Diez mandamientos, es llamativo el desv\u00edo en 180 grados a abrazar la idolatr\u00eda en tan poco tiempo.<\/p>\n\n\n\n<p>\u00bfQu\u00e9&nbsp;les pas\u00f3, hermanos israelitas? &nbsp;\u00bfC\u00f3mo pudieron inventarse un becerro para darle forma de dios, sabiendo que su Dios estaba all\u00e1&nbsp;arriba haciendo planes de bien para ustedes? &nbsp;Es una buena pregunta que necesita una buena respuesta.<\/p>\n\n\n\n<p>Pero la&nbsp;Biblia&nbsp;nos dice el motivo expl\u00edcitamente&nbsp;\u201cEl pueblo temi\u00f3&nbsp;porque&nbsp;Mois\u00e9s&nbsp;se atras\u00f3&nbsp;y le dijeron a Aaron, haz para nosotros un nuevo&nbsp;dios\u201d. El apego y la dependencia con Mois\u00e9s&nbsp;era tal que un peque\u00f1o retraso los hizo entrar en p\u00e1nico y cometer los peores errores.<\/p>\n\n\n\n<p>Una de las principales virtudes de una persona de fe es sostenerse cuando hay temor, cuando nuestro&nbsp;Se\u00f1or&nbsp;se oculta y parece no querer volver, en estos casos es cuando m\u00e1s cuesta sostener la fe cuando el sost\u00e9n en quien nos apoy\u00e1bamos desaparece.&nbsp;Lo m\u00e1s ir\u00f3nico es que Mois\u00e9s&nbsp;ya estaba a punto de bajar con las tablas&nbsp;de la Ley, si&nbsp;hubieran tenido&nbsp;apenas un poco m\u00e1s de paciencia no&nbsp;hubieran pecado&nbsp;con este&nbsp;hecho, pero les gan\u00f3&nbsp;la ansiedad y el temor.<\/p>\n\n\n\n<p>Eso es lo que nos ocurre a nosotros. No nos hacemos un becerro cuando la duda nos carcome, cuando el p\u00e1nico nos rodea, pero vamos al banco, al amigo, al truco, a vender nuestras argollas matrimoniales, cuando hacemos lo que no debemos, en vez de esperar.&nbsp;Cuando entramos en p\u00e1nico nos aferramos a cualquier cosa pensando que es Dios.&nbsp;Y all\u00ed&nbsp;est\u00e1&nbsp;el pecado. Convertir en dios lo que no es nuestro Dios. No le pidamos al C\u00e9sar lo que no puede darnos.<\/p>\n","protected":false},"excerpt":{"rendered":"<p>Lucas 12:32&nbsp;\u201cNo tem\u00e1is, manada peque\u00f1a; porque al Padre ha placido daros el reino\u201d A mi me ha sucedido, no tengo empacho en confesarlo. Negarlo ser\u00eda mentirles sobre mi propia naturaleza pecaminosa y de falta de fe. La fe es algo que se pierde f\u00e1cilmente. Aunque llevo a\u00f1os viviendo de la Misericordiosa Mano proveedora del Se\u00f1or, [&hellip;]<\/p>\n","protected":false},"author":3,"featured_media":14150,"comment_status":"open","ping_status":"open","sticky":false,"template":"","format":"standard","meta":[],"categories":[36],"tags":[],"yoast_head":"<!-- This site is optimized with the Yoast SEO plugin v20.8 - https:\/\/yoast.com\/wordpress\/plugins\/seo\/ -->\n<title>\u00bfC\u00f3mo fue posible? - La Prensa Cristiana<\/title>\n<meta name=\"robots\" content=\"index, follow, max-snippet:-1, max-image-preview:large, max-video-preview:-1\" \/>\n<link rel=\"canonical\" href=\"https:\/\/laprensacristiana.com\/?p=14685\" \/>\n<meta property=\"og:locale\" content=\"es_ES\" \/>\n<meta property=\"og:type\" content=\"article\" \/>\n<meta property=\"og:title\" content=\"\u00bfC\u00f3mo fue posible? - La Prensa Cristiana\" \/>\n<meta property=\"og:description\" content=\"Lucas 12:32&nbsp;\u201cNo tem\u00e1is, manada peque\u00f1a; porque al Padre ha placido daros el reino\u201d A mi me ha sucedido, no tengo empacho en confesarlo. Negarlo ser\u00eda mentirles sobre mi propia naturaleza pecaminosa y de falta de fe. La fe es algo que se pierde f\u00e1cilmente. Aunque llevo a\u00f1os viviendo de la Misericordiosa Mano proveedora del Se\u00f1or, [&hellip;]\" \/>\n<meta property=\"og:url\" content=\"https:\/\/laprensacristiana.com\/?p=14685\" \/>\n<meta property=\"og:site_name\" content=\"La Prensa Cristiana\" \/>\n<meta property=\"article:published_time\" content=\"2023-03-15T14:35:41+00:00\" \/>\n<meta property=\"article:modified_time\" content=\"2023-03-15T14:35:43+00:00\" \/>\n<meta property=\"og:image\" content=\"https:\/\/laprensacristiana.com\/wp-content\/uploads\/2023\/01\/1F11EC58-FE18-48A4-826F-4E98CC130973.png\" \/>\n\t<meta property=\"og:image:width\" content=\"1280\" \/>\n\t<meta property=\"og:image:height\" content=\"714\" \/>\n\t<meta property=\"og:image:type\" content=\"image\/png\" \/>\n<meta name=\"author\" content=\"EDITOR\" \/>\n<meta name=\"twitter:card\" content=\"summary_large_image\" \/>\n<meta name=\"twitter:label1\" content=\"Escrito por\" \/>\n\t<meta name=\"twitter:data1\" content=\"EDITOR\" \/>\n\t<meta name=\"twitter:label2\" content=\"Tiempo de lectura\" \/>\n\t<meta name=\"twitter:data2\" content=\"5 minutos\" \/>\n<script type=\"application\/ld+json\" class=\"yoast-schema-graph\">{\"@context\":\"https:\/\/schema.org\",\"@graph\":[{\"@type\":\"WebPage\",\"@id\":\"https:\/\/laprensacristiana.com\/?p=14685\",\"url\":\"https:\/\/laprensacristiana.com\/?p=14685\",\"name\":\"\u00bfC\u00f3mo fue posible? - La Prensa Cristiana\",\"isPartOf\":{\"@id\":\"https:\/\/laprensacristiana.com\/#website\"},\"datePublished\":\"2023-03-15T14:35:41+00:00\",\"dateModified\":\"2023-03-15T14:35:43+00:00\",\"author\":{\"@id\":\"https:\/\/laprensacristiana.com\/#\/schema\/person\/3e7d82c6bfd6b1fa67010f8f7cd5256e\"},\"breadcrumb\":{\"@id\":\"https:\/\/laprensacristiana.com\/?p=14685#breadcrumb\"},\"inLanguage\":\"es\",\"potentialAction\":[{\"@type\":\"ReadAction\",\"target\":[\"https:\/\/laprensacristiana.com\/?p=14685\"]}]},{\"@type\":\"BreadcrumbList\",\"@id\":\"https:\/\/laprensacristiana.com\/?p=14685#breadcrumb\",\"itemListElement\":[{\"@type\":\"ListItem\",\"position\":1,\"name\":\"Portada\",\"item\":\"https:\/\/laprensacristiana.com\/\"},{\"@type\":\"ListItem\",\"position\":2,\"name\":\"\u00bfC\u00f3mo fue posible?\"}]},{\"@type\":\"WebSite\",\"@id\":\"https:\/\/laprensacristiana.com\/#website\",\"url\":\"https:\/\/laprensacristiana.com\/\",\"name\":\"La Prensa Cristiana\",\"description\":\"Anunciando Las Buenas Nuevas\",\"potentialAction\":[{\"@type\":\"SearchAction\",\"target\":{\"@type\":\"EntryPoint\",\"urlTemplate\":\"https:\/\/laprensacristiana.com\/?s={search_term_string}\"},\"query-input\":\"required name=search_term_string\"}],\"inLanguage\":\"es\"},{\"@type\":\"Person\",\"@id\":\"https:\/\/laprensacristiana.com\/#\/schema\/person\/3e7d82c6bfd6b1fa67010f8f7cd5256e\",\"name\":\"EDITOR\",\"image\":{\"@type\":\"ImageObject\",\"inLanguage\":\"es\",\"@id\":\"https:\/\/laprensacristiana.com\/#\/schema\/person\/image\/\",\"url\":\"https:\/\/secure.gravatar.com\/avatar\/72069dfb6c13772d9e8381e3638666d2?s=96&d=mm&r=g\",\"contentUrl\":\"https:\/\/secure.gravatar.com\/avatar\/72069dfb6c13772d9e8381e3638666d2?s=96&d=mm&r=g\",\"caption\":\"EDITOR\"},\"url\":\"https:\/\/laprensacristiana.com\/?author=3\"}]}<\/script>\n<!-- \/ Yoast SEO plugin. -->","yoast_head_json":{"title":"\u00bfC\u00f3mo fue posible? - La Prensa Cristiana","robots":{"index":"index","follow":"follow","max-snippet":"max-snippet:-1","max-image-preview":"max-image-preview:large","max-video-preview":"max-video-preview:-1"},"canonical":"https:\/\/laprensacristiana.com\/?p=14685","og_locale":"es_ES","og_type":"article","og_title":"\u00bfC\u00f3mo fue posible? - La Prensa Cristiana","og_description":"Lucas 12:32&nbsp;\u201cNo tem\u00e1is, manada peque\u00f1a; porque al Padre ha placido daros el reino\u201d A mi me ha sucedido, no tengo empacho en confesarlo. Negarlo ser\u00eda mentirles sobre mi propia naturaleza pecaminosa y de falta de fe. La fe es algo que se pierde f\u00e1cilmente. Aunque llevo a\u00f1os viviendo de la Misericordiosa Mano proveedora del Se\u00f1or, [&hellip;]","og_url":"https:\/\/laprensacristiana.com\/?p=14685","og_site_name":"La Prensa Cristiana","article_published_time":"2023-03-15T14:35:41+00:00","article_modified_time":"2023-03-15T14:35:43+00:00","og_image":[{"width":1280,"height":714,"url":"https:\/\/laprensacristiana.com\/wp-content\/uploads\/2023\/01\/1F11EC58-FE18-48A4-826F-4E98CC130973.png","type":"image\/png"}],"author":"EDITOR","twitter_card":"summary_large_image","twitter_misc":{"Escrito por":"EDITOR","Tiempo de lectura":"5 minutos"},"schema":{"@context":"https:\/\/schema.org","@graph":[{"@type":"WebPage","@id":"https:\/\/laprensacristiana.com\/?p=14685","url":"https:\/\/laprensacristiana.com\/?p=14685","name":"\u00bfC\u00f3mo fue posible? - La Prensa Cristiana","isPartOf":{"@id":"https:\/\/laprensacristiana.com\/#website"},"datePublished":"2023-03-15T14:35:41+00:00","dateModified":"2023-03-15T14:35:43+00:00","author":{"@id":"https:\/\/laprensacristiana.com\/#\/schema\/person\/3e7d82c6bfd6b1fa67010f8f7cd5256e"},"breadcrumb":{"@id":"https:\/\/laprensacristiana.com\/?p=14685#breadcrumb"},"inLanguage":"es","potentialAction":[{"@type":"ReadAction","target":["https:\/\/laprensacristiana.com\/?p=14685"]}]},{"@type":"BreadcrumbList","@id":"https:\/\/laprensacristiana.com\/?p=14685#breadcrumb","itemListElement":[{"@type":"ListItem","position":1,"name":"Portada","item":"https:\/\/laprensacristiana.com\/"},{"@type":"ListItem","position":2,"name":"\u00bfC\u00f3mo fue posible?"}]},{"@type":"WebSite","@id":"https:\/\/laprensacristiana.com\/#website","url":"https:\/\/laprensacristiana.com\/","name":"La Prensa Cristiana","description":"Anunciando Las Buenas Nuevas","potentialAction":[{"@type":"SearchAction","target":{"@type":"EntryPoint","urlTemplate":"https:\/\/laprensacristiana.com\/?s={search_term_string}"},"query-input":"required name=search_term_string"}],"inLanguage":"es"},{"@type":"Person","@id":"https:\/\/laprensacristiana.com\/#\/schema\/person\/3e7d82c6bfd6b1fa67010f8f7cd5256e","name":"EDITOR","image":{"@type":"ImageObject","inLanguage":"es","@id":"https:\/\/laprensacristiana.com\/#\/schema\/person\/image\/","url":"https:\/\/secure.gravatar.com\/avatar\/72069dfb6c13772d9e8381e3638666d2?s=96&d=mm&r=g","contentUrl":"https:\/\/secure.gravatar.com\/avatar\/72069dfb6c13772d9e8381e3638666d2?s=96&d=mm&r=g","caption":"EDITOR"},"url":"https:\/\/laprensacristiana.com\/?author=3"}]}},"_links":{"self":[{"href":"https:\/\/laprensacristiana.com\/index.php?rest_route=\/wp\/v2\/posts\/14685"}],"collection":[{"href":"https:\/\/laprensacristiana.com\/index.php?rest_route=\/wp\/v2\/posts"}],"about":[{"href":"https:\/\/laprensacristiana.com\/index.php?rest_route=\/wp\/v2\/types\/post"}],"author":[{"embeddable":true,"href":"https:\/\/laprensacristiana.com\/index.php?rest_route=\/wp\/v2\/users\/3"}],"replies":[{"embeddable":true,"href":"https:\/\/laprensacristiana.com\/index.php?rest_route=%2Fwp%2Fv2%2Fcomments&post=14685"}],"version-history":[{"count":1,"href":"https:\/\/laprensacristiana.com\/index.php?rest_route=\/wp\/v2\/posts\/14685\/revisions"}],"predecessor-version":[{"id":14686,"href":"https:\/\/laprensacristiana.com\/index.php?rest_route=\/wp\/v2\/posts\/14685\/revisions\/14686"}],"wp:featuredmedia":[{"embeddable":true,"href":"https:\/\/laprensacristiana.com\/index.php?rest_route=\/wp\/v2\/media\/14150"}],"wp:attachment":[{"href":"https:\/\/laprensacristiana.com\/index.php?rest_route=%2Fwp%2Fv2%2Fmedia&parent=14685"}],"wp:term":[{"taxonomy":"category","embeddable":true,"href":"https:\/\/laprensacristiana.com\/index.php?rest_route=%2Fwp%2Fv2%2Fcategories&post=14685"},{"taxonomy":"post_tag","embeddable":true,"href":"https:\/\/laprensacristiana.com\/index.php?rest_route=%2Fwp%2Fv2%2Ftags&post=14685"}],"curies":[{"name":"wp","href":"https:\/\/api.w.org\/{rel}","templated":true}]}}