{"id":14711,"date":"2023-03-23T15:51:52","date_gmt":"2023-03-23T15:51:52","guid":{"rendered":"https:\/\/laprensacristiana.com\/?p=14711"},"modified":"2023-03-23T15:59:29","modified_gmt":"2023-03-23T15:59:29","slug":"el-aborto-terapeutico-y-la-sola-escritura-un-analisis-teologico-desde-la-perspectiva-del-evangelio","status":"publish","type":"post","link":"https:\/\/laprensacristiana.com\/?p=14711","title":{"rendered":"EL ABORTO TERAPEUTICO Y LA SOLA ESCRITURA: un an\u00e1lisis teol\u00f3gico desde la perspectiva del evangelio."},"content":{"rendered":"\n<p>En El Salvador, el debate sobre el aborto terap\u00e9utico ha generado apasionadas discusiones en<br>los \u00faltimos d\u00edas. Como miembros del cuerpo de Cristo, debemos tener claridad sobre c\u00f3mo la<br>Sola Escritura responde contrariamente a los grupos a favor. Por esta raz\u00f3n, en el presente<br>art\u00edculo exploraremos cinco argumentos por los cuales el aborto terap\u00e9utico carece de<br>justificaci\u00f3n moral, \u00e9tica y teol\u00f3gica. A medida que observemos los argumentos presentados,<br>se revelar\u00e1 la importancia de que la iglesia evang\u00e9lica de El Salvador proteja la vida desde su<br>concepci\u00f3n, incluso en situaciones de extrema adversidad.<\/p>\n\n\n\n<p><br>1. La santidad de la vida humana.<br>Seg\u00fan la ense\u00f1anza b\u00edblica, Dios cre\u00f3 a la humanidad a su imagen (G\u00e9nesis 1:27), lo que<br>implica que toda la humanidad posee un valor y dignidad intr\u00ednseco. Esto se traduce en que<br>cualquier acci\u00f3n que ponga fin a una vida humana es una violaci\u00f3n de este principio<br>fundamental. El aborto terap\u00e9utico, aun cuando tenga la intenci\u00f3n de preservar la vida o la<br>salud de la madre, no puede justificarse si implica poner fin a la vida de un ni\u00f1o por nacer. Si<br>consideramos las graves consecuencias que Dios estableci\u00f3 para quienes ocasionaran un<br>aborto accidental (Ex. 21:22-23) podemos imaginar la santidad de la divina indignaci\u00f3n cuando<br>se hace de manera intencional.<\/p>\n\n\n\n<p><br>2. El valor de la vida humana desde la concepci\u00f3n.<br>La Biblia afirma que la vida humana tiene valor desde el momento de la concepci\u00f3n. El Salmo<br>139:13-16 que describe c\u00f3mo Dios teje a cada persona en el vientre de su madre, es una<br>evidencia entre otras, de que la vida comienza en la concepci\u00f3n. Por tanto, si con humildad se<br>acepta que la vida humana comienza desde ese instante, entonces el aborto terap\u00e9utico no<br>puede justificarse de ninguna manera, ni bajo ninguna circunstancia, ya que implica la<br>destrucci\u00f3n de una vida humana con pleno valor y dignidad.<\/p>\n\n\n\n<p><br>3. La soberan\u00eda de Dios.<br>Dios es soberano. La Biblia afirma que su soberan\u00eda est\u00e1 en todas las \u00e1reas de la vida, incluida<br>la vida y la muerte. Esto significa que Dios es el \u00fanico que tiene la autoridad para dar y quitar<br>la vida (Job 9:12 cf. Rom 9:18-23). Por lo tanto, las decisiones humanas sobre el aborto<br>terap\u00e9utico usurpan la autoridad divina. Al interrumpir un embarazo con fines terap\u00e9uticos, se<br>reemplaza la voluntad de Dios con la del ser humano, lo que va en contra de la sumisi\u00f3n<br>debida a su soberan\u00eda (Isa. 33:22). Optar por el aborto terap\u00e9utico en situaciones de riesgo<br>para la madre o anomal\u00edas cong\u00e9nitas implica asumir un papel que corresponde<br>exclusivamente a Dios, decidiendo qui\u00e9n vive y qui\u00e9n muere. El evangelio nos ense\u00f1a que<br>debemos confiar en la sabidur\u00eda y el plan eterno de Dios en lugar de tomar decisiones basadas<br>en nuestros temores, suposiciones y limitaciones humanas.<\/p>\n\n\n\n<p><br>4. La responsabilidad de proteger a esta poblaci\u00f3n vulnerable.<br>La historia de redenci\u00f3n nos demuestra que los cristianos tenemos la responsabilidad de<br>proteger y cuidar a una de las poblaciones m\u00e1s indefensas y vulnerables: los beb\u00e9s no<br>nacidos. Sin embargo, el aborto terap\u00e9utico en lugar de proteger al no nacido, prioriza la vida y<br>el bienestar de la madre en detrimento del ni\u00f1o. Como discipulos de Cristo, los cristianos<br>estamos llamados a proteger y defender \u201ca ambos\u201d, madre e hijo, en lugar de justificar<br>acciones que puedan da\u00f1ar a uno de ellos. Debemos consolarnos en la verdad de que Dios<br>tiene un prop\u00f3sito para cada vida la de la madre y la del beb\u00e9, incluso en circunstancias<br>dif\u00edciles o dolorosas.<\/p>\n\n\n\n<p><br>5. La confianza en Dios en medio del sufrimiento.<br>Se reconocen que la vida puede presentar situaciones dif\u00edciles y angustiantes para todos,<br>como por ejemplo un embarazo que pone en peligro la vida de la madre. Sin embargo, en lugar<br>de recurrir al aborto terap\u00e9utico, el evangelio exhorta a los creyentes a confiar en Dios en<br>medio del sufrimiento y buscar su direcci\u00f3n y sabidur\u00eda. La Biblia enfatiza que Dios puede usar<br>incluso las situaciones m\u00e1s dif\u00edciles para su gloria y el bien de aquellos que lo aman (Romanos<br>8:28).Por lo tanto, se alientan a los cristianos a buscar el apoyo y la sabidur\u00eda de la comunidad<br>de fe en tiempos dif\u00edciles.<\/p>\n\n\n\n<p><br>En conclusi\u00f3n, este an\u00e1lisis teol\u00f3gico revela que el aborto terap\u00e9utico carece de justificaci\u00f3n<br>moral, \u00e9tica y teol\u00f3gica de cara a la Sola Escritura. Al defender la santidad de la vida, el valor<br>de la vida humana desde la concepci\u00f3n, la soberan\u00eda de Dios, la responsabilidad de proteger a<br>los beb\u00e9s no nacidos y la confianza en Dios en medio del sufrimiento, los cristianos deben<br>abogar por la protecci\u00f3n de la vida humana en todas las circunstancias, incluso en situaciones<br>de extrema adversidad.<\/p>\n\n\n\n<p><br>Es crucial que la iglesia evang\u00e9lica en El Salvador se mantenga firme en sus convicciones<br>b\u00edblicas y promueva un enfoque centrado en el evangelio al abordar el tema del aborto<br>terap\u00e9utico. Ser\u00e1 a trav\u00e9s de una comprensi\u00f3n clara del evangelio de Jesucristo, de la verdad,<br>de la educaci\u00f3n b\u00edblica, de la oraci\u00f3n y la compasi\u00f3n a aquellos que enfrentan situaciones<br>dif\u00edciles, que los cristianos podr\u00e1n demostrar el amor de Dios y su compromiso con la<br>protecci\u00f3n de la vida humana desde la concepci\u00f3n hasta la muerte natural.<\/p>\n","protected":false},"excerpt":{"rendered":"<p>En El Salvador, el debate sobre el aborto terap\u00e9utico ha generado apasionadas discusiones enlos \u00faltimos d\u00edas. Como miembros del cuerpo de Cristo, debemos tener claridad sobre c\u00f3mo laSola Escritura responde contrariamente a los grupos a favor. Por esta raz\u00f3n, en el presenteart\u00edculo exploraremos cinco argumentos por los cuales el aborto terap\u00e9utico carece dejustificaci\u00f3n moral, \u00e9tica [&hellip;]<\/p>\n","protected":false},"author":3,"featured_media":14714,"comment_status":"open","ping_status":"open","sticky":false,"template":"","format":"standard","meta":[],"categories":[23],"tags":[],"yoast_head":"<!-- This site is optimized with the Yoast SEO plugin v20.8 - https:\/\/yoast.com\/wordpress\/plugins\/seo\/ -->\n<title>EL ABORTO TERAPEUTICO Y LA SOLA ESCRITURA: un an\u00e1lisis teol\u00f3gico desde la perspectiva del evangelio. - La Prensa Cristiana<\/title>\n<meta name=\"robots\" content=\"index, follow, max-snippet:-1, max-image-preview:large, max-video-preview:-1\" \/>\n<link rel=\"canonical\" href=\"https:\/\/laprensacristiana.com\/?p=14711\" \/>\n<meta property=\"og:locale\" content=\"es_ES\" \/>\n<meta property=\"og:type\" content=\"article\" \/>\n<meta property=\"og:title\" content=\"EL ABORTO TERAPEUTICO Y LA SOLA ESCRITURA: un an\u00e1lisis teol\u00f3gico desde la perspectiva del evangelio. - La Prensa Cristiana\" \/>\n<meta property=\"og:description\" content=\"En El Salvador, el debate sobre el aborto terap\u00e9utico ha generado apasionadas discusiones enlos \u00faltimos d\u00edas. Como miembros del cuerpo de Cristo, debemos tener claridad sobre c\u00f3mo laSola Escritura responde contrariamente a los grupos a favor. Por esta raz\u00f3n, en el presenteart\u00edculo exploraremos cinco argumentos por los cuales el aborto terap\u00e9utico carece dejustificaci\u00f3n moral, \u00e9tica [&hellip;]\" \/>\n<meta property=\"og:url\" content=\"https:\/\/laprensacristiana.com\/?p=14711\" \/>\n<meta property=\"og:site_name\" content=\"La Prensa Cristiana\" \/>\n<meta property=\"article:published_time\" content=\"2023-03-23T15:51:52+00:00\" \/>\n<meta property=\"article:modified_time\" content=\"2023-03-23T15:59:29+00:00\" \/>\n<meta property=\"og:image\" content=\"https:\/\/laprensacristiana.com\/wp-content\/uploads\/2023\/03\/EL-ABORTO-TERAP\u00c9UTICO-Y-LA-SOLA-ESCRITURA-OpenGraph-01.jpg\" \/>\n\t<meta property=\"og:image:width\" content=\"1200\" \/>\n\t<meta property=\"og:image:height\" content=\"630\" \/>\n\t<meta property=\"og:image:type\" content=\"image\/jpeg\" \/>\n<meta name=\"author\" content=\"EDITOR\" \/>\n<meta name=\"twitter:card\" content=\"summary_large_image\" \/>\n<meta name=\"twitter:label1\" content=\"Escrito por\" \/>\n\t<meta name=\"twitter:data1\" content=\"EDITOR\" \/>\n\t<meta name=\"twitter:label2\" content=\"Tiempo de lectura\" \/>\n\t<meta name=\"twitter:data2\" content=\"4 minutos\" \/>\n<script type=\"application\/ld+json\" class=\"yoast-schema-graph\">{\"@context\":\"https:\/\/schema.org\",\"@graph\":[{\"@type\":\"WebPage\",\"@id\":\"https:\/\/laprensacristiana.com\/?p=14711\",\"url\":\"https:\/\/laprensacristiana.com\/?p=14711\",\"name\":\"EL ABORTO TERAPEUTICO Y LA SOLA ESCRITURA: un an\u00e1lisis teol\u00f3gico desde la perspectiva del evangelio. - La Prensa Cristiana\",\"isPartOf\":{\"@id\":\"https:\/\/laprensacristiana.com\/#website\"},\"datePublished\":\"2023-03-23T15:51:52+00:00\",\"dateModified\":\"2023-03-23T15:59:29+00:00\",\"author\":{\"@id\":\"https:\/\/laprensacristiana.com\/#\/schema\/person\/3e7d82c6bfd6b1fa67010f8f7cd5256e\"},\"breadcrumb\":{\"@id\":\"https:\/\/laprensacristiana.com\/?p=14711#breadcrumb\"},\"inLanguage\":\"es\",\"potentialAction\":[{\"@type\":\"ReadAction\",\"target\":[\"https:\/\/laprensacristiana.com\/?p=14711\"]}]},{\"@type\":\"BreadcrumbList\",\"@id\":\"https:\/\/laprensacristiana.com\/?p=14711#breadcrumb\",\"itemListElement\":[{\"@type\":\"ListItem\",\"position\":1,\"name\":\"Portada\",\"item\":\"https:\/\/laprensacristiana.com\/\"},{\"@type\":\"ListItem\",\"position\":2,\"name\":\"EL ABORTO TERAPEUTICO Y LA SOLA ESCRITURA: un an\u00e1lisis teol\u00f3gico desde la perspectiva del evangelio.\"}]},{\"@type\":\"WebSite\",\"@id\":\"https:\/\/laprensacristiana.com\/#website\",\"url\":\"https:\/\/laprensacristiana.com\/\",\"name\":\"La Prensa Cristiana\",\"description\":\"Anunciando Las Buenas Nuevas\",\"potentialAction\":[{\"@type\":\"SearchAction\",\"target\":{\"@type\":\"EntryPoint\",\"urlTemplate\":\"https:\/\/laprensacristiana.com\/?s={search_term_string}\"},\"query-input\":\"required name=search_term_string\"}],\"inLanguage\":\"es\"},{\"@type\":\"Person\",\"@id\":\"https:\/\/laprensacristiana.com\/#\/schema\/person\/3e7d82c6bfd6b1fa67010f8f7cd5256e\",\"name\":\"EDITOR\",\"image\":{\"@type\":\"ImageObject\",\"inLanguage\":\"es\",\"@id\":\"https:\/\/laprensacristiana.com\/#\/schema\/person\/image\/\",\"url\":\"https:\/\/secure.gravatar.com\/avatar\/72069dfb6c13772d9e8381e3638666d2?s=96&d=mm&r=g\",\"contentUrl\":\"https:\/\/secure.gravatar.com\/avatar\/72069dfb6c13772d9e8381e3638666d2?s=96&d=mm&r=g\",\"caption\":\"EDITOR\"},\"url\":\"https:\/\/laprensacristiana.com\/?author=3\"}]}<\/script>\n<!-- \/ Yoast SEO plugin. -->","yoast_head_json":{"title":"EL ABORTO TERAPEUTICO Y LA SOLA ESCRITURA: un an\u00e1lisis teol\u00f3gico desde la perspectiva del evangelio. - La Prensa Cristiana","robots":{"index":"index","follow":"follow","max-snippet":"max-snippet:-1","max-image-preview":"max-image-preview:large","max-video-preview":"max-video-preview:-1"},"canonical":"https:\/\/laprensacristiana.com\/?p=14711","og_locale":"es_ES","og_type":"article","og_title":"EL ABORTO TERAPEUTICO Y LA SOLA ESCRITURA: un an\u00e1lisis teol\u00f3gico desde la perspectiva del evangelio. - La Prensa Cristiana","og_description":"En El Salvador, el debate sobre el aborto terap\u00e9utico ha generado apasionadas discusiones enlos \u00faltimos d\u00edas. Como miembros del cuerpo de Cristo, debemos tener claridad sobre c\u00f3mo laSola Escritura responde contrariamente a los grupos a favor. Por esta raz\u00f3n, en el presenteart\u00edculo exploraremos cinco argumentos por los cuales el aborto terap\u00e9utico carece dejustificaci\u00f3n moral, \u00e9tica [&hellip;]","og_url":"https:\/\/laprensacristiana.com\/?p=14711","og_site_name":"La Prensa Cristiana","article_published_time":"2023-03-23T15:51:52+00:00","article_modified_time":"2023-03-23T15:59:29+00:00","og_image":[{"width":1200,"height":630,"url":"https:\/\/laprensacristiana.com\/wp-content\/uploads\/2023\/03\/EL-ABORTO-TERAP\u00c9UTICO-Y-LA-SOLA-ESCRITURA-OpenGraph-01.jpg","type":"image\/jpeg"}],"author":"EDITOR","twitter_card":"summary_large_image","twitter_misc":{"Escrito por":"EDITOR","Tiempo de lectura":"4 minutos"},"schema":{"@context":"https:\/\/schema.org","@graph":[{"@type":"WebPage","@id":"https:\/\/laprensacristiana.com\/?p=14711","url":"https:\/\/laprensacristiana.com\/?p=14711","name":"EL ABORTO TERAPEUTICO Y LA SOLA ESCRITURA: un an\u00e1lisis teol\u00f3gico desde la perspectiva del evangelio. - La Prensa Cristiana","isPartOf":{"@id":"https:\/\/laprensacristiana.com\/#website"},"datePublished":"2023-03-23T15:51:52+00:00","dateModified":"2023-03-23T15:59:29+00:00","author":{"@id":"https:\/\/laprensacristiana.com\/#\/schema\/person\/3e7d82c6bfd6b1fa67010f8f7cd5256e"},"breadcrumb":{"@id":"https:\/\/laprensacristiana.com\/?p=14711#breadcrumb"},"inLanguage":"es","potentialAction":[{"@type":"ReadAction","target":["https:\/\/laprensacristiana.com\/?p=14711"]}]},{"@type":"BreadcrumbList","@id":"https:\/\/laprensacristiana.com\/?p=14711#breadcrumb","itemListElement":[{"@type":"ListItem","position":1,"name":"Portada","item":"https:\/\/laprensacristiana.com\/"},{"@type":"ListItem","position":2,"name":"EL ABORTO TERAPEUTICO Y LA SOLA ESCRITURA: un an\u00e1lisis teol\u00f3gico desde la perspectiva del evangelio."}]},{"@type":"WebSite","@id":"https:\/\/laprensacristiana.com\/#website","url":"https:\/\/laprensacristiana.com\/","name":"La Prensa Cristiana","description":"Anunciando Las Buenas Nuevas","potentialAction":[{"@type":"SearchAction","target":{"@type":"EntryPoint","urlTemplate":"https:\/\/laprensacristiana.com\/?s={search_term_string}"},"query-input":"required name=search_term_string"}],"inLanguage":"es"},{"@type":"Person","@id":"https:\/\/laprensacristiana.com\/#\/schema\/person\/3e7d82c6bfd6b1fa67010f8f7cd5256e","name":"EDITOR","image":{"@type":"ImageObject","inLanguage":"es","@id":"https:\/\/laprensacristiana.com\/#\/schema\/person\/image\/","url":"https:\/\/secure.gravatar.com\/avatar\/72069dfb6c13772d9e8381e3638666d2?s=96&d=mm&r=g","contentUrl":"https:\/\/secure.gravatar.com\/avatar\/72069dfb6c13772d9e8381e3638666d2?s=96&d=mm&r=g","caption":"EDITOR"},"url":"https:\/\/laprensacristiana.com\/?author=3"}]}},"_links":{"self":[{"href":"https:\/\/laprensacristiana.com\/index.php?rest_route=\/wp\/v2\/posts\/14711"}],"collection":[{"href":"https:\/\/laprensacristiana.com\/index.php?rest_route=\/wp\/v2\/posts"}],"about":[{"href":"https:\/\/laprensacristiana.com\/index.php?rest_route=\/wp\/v2\/types\/post"}],"author":[{"embeddable":true,"href":"https:\/\/laprensacristiana.com\/index.php?rest_route=\/wp\/v2\/users\/3"}],"replies":[{"embeddable":true,"href":"https:\/\/laprensacristiana.com\/index.php?rest_route=%2Fwp%2Fv2%2Fcomments&post=14711"}],"version-history":[{"count":1,"href":"https:\/\/laprensacristiana.com\/index.php?rest_route=\/wp\/v2\/posts\/14711\/revisions"}],"predecessor-version":[{"id":14713,"href":"https:\/\/laprensacristiana.com\/index.php?rest_route=\/wp\/v2\/posts\/14711\/revisions\/14713"}],"wp:featuredmedia":[{"embeddable":true,"href":"https:\/\/laprensacristiana.com\/index.php?rest_route=\/wp\/v2\/media\/14714"}],"wp:attachment":[{"href":"https:\/\/laprensacristiana.com\/index.php?rest_route=%2Fwp%2Fv2%2Fmedia&parent=14711"}],"wp:term":[{"taxonomy":"category","embeddable":true,"href":"https:\/\/laprensacristiana.com\/index.php?rest_route=%2Fwp%2Fv2%2Fcategories&post=14711"},{"taxonomy":"post_tag","embeddable":true,"href":"https:\/\/laprensacristiana.com\/index.php?rest_route=%2Fwp%2Fv2%2Ftags&post=14711"}],"curies":[{"name":"wp","href":"https:\/\/api.w.org\/{rel}","templated":true}]}}