{"id":14718,"date":"2023-03-24T17:52:47","date_gmt":"2023-03-24T17:52:47","guid":{"rendered":"https:\/\/laprensacristiana.com\/?p=14718"},"modified":"2023-03-24T17:52:48","modified_gmt":"2023-03-24T17:52:48","slug":"misiones-para-cristo-nuestros-ninos-y-jovenes-necesitan-saber-quien-es-jesus","status":"publish","type":"post","link":"https:\/\/laprensacristiana.com\/?p=14718","title":{"rendered":"Misiones para Cristo: \u201cNuestros ni\u00f1os y j\u00f3venes necesitan saber quien es Jes\u00fas\u201d"},"content":{"rendered":"\n<p>Fundaci\u00f3n Misiones para Cristo junto a iglesias&nbsp;&nbsp;locales y Center Point se desplegaron esta semana por comunidades y escuelas para evangelizar a ni\u00f1os, j\u00f3venes y adultos.&nbsp;<\/p>\n\n\n\n<p>Misioneros de Estados Unidos se han unido a esta labor evangel\u00edstica, Centros Educativos privados ,p\u00fablicos y Universidades tambi\u00e9n fueron alcanzados en esta jornada de compartir el evangelio.&nbsp;<\/p>\n\n\n\n<p>\u00abEl alcance a nuestra sociedad no solo est\u00e1 en las colonias, comunidades, hospitales, ej\u00e9rcito, polic\u00eda, si no en los centros educativos p\u00fablicos y privados, nuestros ni\u00f1os, ni\u00f1as, juventud necesitan conocer qui\u00e9n es Jesucristo ya que es una generaci\u00f3n confusa, ciega y sin direcci\u00f3n a la vida eterna\u00bb indicaron voceros de la Fundaci\u00f3n Misiones para Cristo.<\/p>\n\n\n\n<figure class=\"wp-block-image size-large\"><img decoding=\"async\" loading=\"lazy\" width=\"720\" height=\"405\" src=\"https:\/\/laprensacristiana.com\/wp-content\/uploads\/2023\/03\/D5E5E05A-EF26-4244-B0C5-BF5F339A2F2D.jpeg\" alt=\"\" class=\"wp-image-14720\" srcset=\"https:\/\/laprensacristiana.com\/wp-content\/uploads\/2023\/03\/D5E5E05A-EF26-4244-B0C5-BF5F339A2F2D.jpeg 720w, https:\/\/laprensacristiana.com\/wp-content\/uploads\/2023\/03\/D5E5E05A-EF26-4244-B0C5-BF5F339A2F2D-300x169.jpeg 300w, https:\/\/laprensacristiana.com\/wp-content\/uploads\/2023\/03\/D5E5E05A-EF26-4244-B0C5-BF5F339A2F2D-696x392.jpeg 696w, https:\/\/laprensacristiana.com\/wp-content\/uploads\/2023\/03\/D5E5E05A-EF26-4244-B0C5-BF5F339A2F2D-600x338.jpeg 600w\" sizes=\"(max-width: 720px) 100vw, 720px\" \/><\/figure>\n","protected":false},"excerpt":{"rendered":"<p>Fundaci\u00f3n Misiones para Cristo junto a iglesias&nbsp;&nbsp;locales y Center Point se desplegaron esta semana por comunidades y escuelas para evangelizar a ni\u00f1os, j\u00f3venes y adultos.&nbsp; Misioneros de Estados Unidos se han unido a esta labor evangel\u00edstica, Centros Educativos privados ,p\u00fablicos y Universidades tambi\u00e9n fueron alcanzados en esta jornada de compartir el evangelio.&nbsp; \u00abEl alcance a [&hellip;]<\/p>\n","protected":false},"author":3,"featured_media":14719,"comment_status":"open","ping_status":"open","sticky":false,"template":"","format":"standard","meta":[],"categories":[56],"tags":[],"yoast_head":"<!-- This site is optimized with the Yoast SEO plugin v20.8 - https:\/\/yoast.com\/wordpress\/plugins\/seo\/ -->\n<title>Misiones para Cristo: \u201cNuestros ni\u00f1os y j\u00f3venes necesitan saber quien es Jes\u00fas\u201d - La Prensa Cristiana<\/title>\n<meta name=\"robots\" content=\"index, follow, max-snippet:-1, max-image-preview:large, max-video-preview:-1\" \/>\n<link rel=\"canonical\" href=\"https:\/\/laprensacristiana.com\/?p=14718\" \/>\n<meta property=\"og:locale\" content=\"es_ES\" \/>\n<meta property=\"og:type\" content=\"article\" \/>\n<meta property=\"og:title\" content=\"Misiones para Cristo: \u201cNuestros ni\u00f1os y j\u00f3venes necesitan saber quien es Jes\u00fas\u201d - La Prensa Cristiana\" \/>\n<meta property=\"og:description\" content=\"Fundaci\u00f3n Misiones para Cristo junto a iglesias&nbsp;&nbsp;locales y Center Point se desplegaron esta semana por comunidades y escuelas para evangelizar a ni\u00f1os, j\u00f3venes y adultos.&nbsp; Misioneros de Estados Unidos se han unido a esta labor evangel\u00edstica, Centros Educativos privados ,p\u00fablicos y Universidades tambi\u00e9n fueron alcanzados en esta jornada de compartir el evangelio.&nbsp; \u00abEl alcance a [&hellip;]\" \/>\n<meta property=\"og:url\" content=\"https:\/\/laprensacristiana.com\/?p=14718\" \/>\n<meta property=\"og:site_name\" content=\"La Prensa Cristiana\" \/>\n<meta property=\"article:published_time\" content=\"2023-03-24T17:52:47+00:00\" \/>\n<meta property=\"article:modified_time\" content=\"2023-03-24T17:52:48+00:00\" \/>\n<meta property=\"og:image\" content=\"https:\/\/laprensacristiana.com\/wp-content\/uploads\/2023\/03\/184D0570-EFA0-4AFC-AF5B-555EEF04AD96.jpeg\" \/>\n\t<meta property=\"og:image:width\" content=\"720\" \/>\n\t<meta property=\"og:image:height\" content=\"540\" \/>\n\t<meta property=\"og:image:type\" content=\"image\/jpeg\" \/>\n<meta name=\"author\" content=\"EDITOR\" \/>\n<meta name=\"twitter:card\" content=\"summary_large_image\" \/>\n<meta name=\"twitter:label1\" content=\"Escrito por\" \/>\n\t<meta name=\"twitter:data1\" content=\"EDITOR\" \/>\n\t<meta name=\"twitter:label2\" content=\"Tiempo de lectura\" \/>\n\t<meta name=\"twitter:data2\" content=\"1 minuto\" \/>\n<script type=\"application\/ld+json\" class=\"yoast-schema-graph\">{\"@context\":\"https:\/\/schema.org\",\"@graph\":[{\"@type\":\"WebPage\",\"@id\":\"https:\/\/laprensacristiana.com\/?p=14718\",\"url\":\"https:\/\/laprensacristiana.com\/?p=14718\",\"name\":\"Misiones para Cristo: \u201cNuestros ni\u00f1os y j\u00f3venes necesitan saber quien es Jes\u00fas\u201d - La Prensa Cristiana\",\"isPartOf\":{\"@id\":\"https:\/\/laprensacristiana.com\/#website\"},\"datePublished\":\"2023-03-24T17:52:47+00:00\",\"dateModified\":\"2023-03-24T17:52:48+00:00\",\"author\":{\"@id\":\"https:\/\/laprensacristiana.com\/#\/schema\/person\/3e7d82c6bfd6b1fa67010f8f7cd5256e\"},\"breadcrumb\":{\"@id\":\"https:\/\/laprensacristiana.com\/?p=14718#breadcrumb\"},\"inLanguage\":\"es\",\"potentialAction\":[{\"@type\":\"ReadAction\",\"target\":[\"https:\/\/laprensacristiana.com\/?p=14718\"]}]},{\"@type\":\"BreadcrumbList\",\"@id\":\"https:\/\/laprensacristiana.com\/?p=14718#breadcrumb\",\"itemListElement\":[{\"@type\":\"ListItem\",\"position\":1,\"name\":\"Portada\",\"item\":\"https:\/\/laprensacristiana.com\/\"},{\"@type\":\"ListItem\",\"position\":2,\"name\":\"Misiones para Cristo: \u201cNuestros ni\u00f1os y j\u00f3venes necesitan saber quien es Jes\u00fas\u201d\"}]},{\"@type\":\"WebSite\",\"@id\":\"https:\/\/laprensacristiana.com\/#website\",\"url\":\"https:\/\/laprensacristiana.com\/\",\"name\":\"La Prensa Cristiana\",\"description\":\"Anunciando Las Buenas Nuevas\",\"potentialAction\":[{\"@type\":\"SearchAction\",\"target\":{\"@type\":\"EntryPoint\",\"urlTemplate\":\"https:\/\/laprensacristiana.com\/?s={search_term_string}\"},\"query-input\":\"required name=search_term_string\"}],\"inLanguage\":\"es\"},{\"@type\":\"Person\",\"@id\":\"https:\/\/laprensacristiana.com\/#\/schema\/person\/3e7d82c6bfd6b1fa67010f8f7cd5256e\",\"name\":\"EDITOR\",\"image\":{\"@type\":\"ImageObject\",\"inLanguage\":\"es\",\"@id\":\"https:\/\/laprensacristiana.com\/#\/schema\/person\/image\/\",\"url\":\"https:\/\/secure.gravatar.com\/avatar\/72069dfb6c13772d9e8381e3638666d2?s=96&d=mm&r=g\",\"contentUrl\":\"https:\/\/secure.gravatar.com\/avatar\/72069dfb6c13772d9e8381e3638666d2?s=96&d=mm&r=g\",\"caption\":\"EDITOR\"},\"url\":\"https:\/\/laprensacristiana.com\/?author=3\"}]}<\/script>\n<!-- \/ Yoast SEO plugin. -->","yoast_head_json":{"title":"Misiones para Cristo: \u201cNuestros ni\u00f1os y j\u00f3venes necesitan saber quien es Jes\u00fas\u201d - La Prensa Cristiana","robots":{"index":"index","follow":"follow","max-snippet":"max-snippet:-1","max-image-preview":"max-image-preview:large","max-video-preview":"max-video-preview:-1"},"canonical":"https:\/\/laprensacristiana.com\/?p=14718","og_locale":"es_ES","og_type":"article","og_title":"Misiones para Cristo: \u201cNuestros ni\u00f1os y j\u00f3venes necesitan saber quien es Jes\u00fas\u201d - La Prensa Cristiana","og_description":"Fundaci\u00f3n Misiones para Cristo junto a iglesias&nbsp;&nbsp;locales y Center Point se desplegaron esta semana por comunidades y escuelas para evangelizar a ni\u00f1os, j\u00f3venes y adultos.&nbsp; Misioneros de Estados Unidos se han unido a esta labor evangel\u00edstica, Centros Educativos privados ,p\u00fablicos y Universidades tambi\u00e9n fueron alcanzados en esta jornada de compartir el evangelio.&nbsp; \u00abEl alcance a [&hellip;]","og_url":"https:\/\/laprensacristiana.com\/?p=14718","og_site_name":"La Prensa Cristiana","article_published_time":"2023-03-24T17:52:47+00:00","article_modified_time":"2023-03-24T17:52:48+00:00","og_image":[{"width":720,"height":540,"url":"https:\/\/laprensacristiana.com\/wp-content\/uploads\/2023\/03\/184D0570-EFA0-4AFC-AF5B-555EEF04AD96.jpeg","type":"image\/jpeg"}],"author":"EDITOR","twitter_card":"summary_large_image","twitter_misc":{"Escrito por":"EDITOR","Tiempo de lectura":"1 minuto"},"schema":{"@context":"https:\/\/schema.org","@graph":[{"@type":"WebPage","@id":"https:\/\/laprensacristiana.com\/?p=14718","url":"https:\/\/laprensacristiana.com\/?p=14718","name":"Misiones para Cristo: \u201cNuestros ni\u00f1os y j\u00f3venes necesitan saber quien es Jes\u00fas\u201d - La Prensa Cristiana","isPartOf":{"@id":"https:\/\/laprensacristiana.com\/#website"},"datePublished":"2023-03-24T17:52:47+00:00","dateModified":"2023-03-24T17:52:48+00:00","author":{"@id":"https:\/\/laprensacristiana.com\/#\/schema\/person\/3e7d82c6bfd6b1fa67010f8f7cd5256e"},"breadcrumb":{"@id":"https:\/\/laprensacristiana.com\/?p=14718#breadcrumb"},"inLanguage":"es","potentialAction":[{"@type":"ReadAction","target":["https:\/\/laprensacristiana.com\/?p=14718"]}]},{"@type":"BreadcrumbList","@id":"https:\/\/laprensacristiana.com\/?p=14718#breadcrumb","itemListElement":[{"@type":"ListItem","position":1,"name":"Portada","item":"https:\/\/laprensacristiana.com\/"},{"@type":"ListItem","position":2,"name":"Misiones para Cristo: \u201cNuestros ni\u00f1os y j\u00f3venes necesitan saber quien es Jes\u00fas\u201d"}]},{"@type":"WebSite","@id":"https:\/\/laprensacristiana.com\/#website","url":"https:\/\/laprensacristiana.com\/","name":"La Prensa Cristiana","description":"Anunciando Las Buenas Nuevas","potentialAction":[{"@type":"SearchAction","target":{"@type":"EntryPoint","urlTemplate":"https:\/\/laprensacristiana.com\/?s={search_term_string}"},"query-input":"required name=search_term_string"}],"inLanguage":"es"},{"@type":"Person","@id":"https:\/\/laprensacristiana.com\/#\/schema\/person\/3e7d82c6bfd6b1fa67010f8f7cd5256e","name":"EDITOR","image":{"@type":"ImageObject","inLanguage":"es","@id":"https:\/\/laprensacristiana.com\/#\/schema\/person\/image\/","url":"https:\/\/secure.gravatar.com\/avatar\/72069dfb6c13772d9e8381e3638666d2?s=96&d=mm&r=g","contentUrl":"https:\/\/secure.gravatar.com\/avatar\/72069dfb6c13772d9e8381e3638666d2?s=96&d=mm&r=g","caption":"EDITOR"},"url":"https:\/\/laprensacristiana.com\/?author=3"}]}},"_links":{"self":[{"href":"https:\/\/laprensacristiana.com\/index.php?rest_route=\/wp\/v2\/posts\/14718"}],"collection":[{"href":"https:\/\/laprensacristiana.com\/index.php?rest_route=\/wp\/v2\/posts"}],"about":[{"href":"https:\/\/laprensacristiana.com\/index.php?rest_route=\/wp\/v2\/types\/post"}],"author":[{"embeddable":true,"href":"https:\/\/laprensacristiana.com\/index.php?rest_route=\/wp\/v2\/users\/3"}],"replies":[{"embeddable":true,"href":"https:\/\/laprensacristiana.com\/index.php?rest_route=%2Fwp%2Fv2%2Fcomments&post=14718"}],"version-history":[{"count":1,"href":"https:\/\/laprensacristiana.com\/index.php?rest_route=\/wp\/v2\/posts\/14718\/revisions"}],"predecessor-version":[{"id":14721,"href":"https:\/\/laprensacristiana.com\/index.php?rest_route=\/wp\/v2\/posts\/14718\/revisions\/14721"}],"wp:featuredmedia":[{"embeddable":true,"href":"https:\/\/laprensacristiana.com\/index.php?rest_route=\/wp\/v2\/media\/14719"}],"wp:attachment":[{"href":"https:\/\/laprensacristiana.com\/index.php?rest_route=%2Fwp%2Fv2%2Fmedia&parent=14718"}],"wp:term":[{"taxonomy":"category","embeddable":true,"href":"https:\/\/laprensacristiana.com\/index.php?rest_route=%2Fwp%2Fv2%2Fcategories&post=14718"},{"taxonomy":"post_tag","embeddable":true,"href":"https:\/\/laprensacristiana.com\/index.php?rest_route=%2Fwp%2Fv2%2Ftags&post=14718"}],"curies":[{"name":"wp","href":"https:\/\/api.w.org\/{rel}","templated":true}]}}