{"id":14722,"date":"2023-03-27T14:18:50","date_gmt":"2023-03-27T14:18:50","guid":{"rendered":"https:\/\/laprensacristiana.com\/?p=14722"},"modified":"2023-03-27T14:18:51","modified_gmt":"2023-03-27T14:18:51","slug":"se-puede-o-no","status":"publish","type":"post","link":"https:\/\/laprensacristiana.com\/?p=14722","title":{"rendered":"\u00bfSe puede o no?"},"content":{"rendered":"\n<p>G\u00e9nesis 6:9 &nbsp;\u201cNo\u00e9&nbsp;era un hombre justo, perfecto entre sus contempor\u00e1neos; No\u00e9&nbsp;andaba con Dios\u201d<\/p>\n\n\n\n<p>\u00bfNoe era justo realmente? Seg\u00fan los estudiosos, comparado con la conducta pecaminosa de la generaci\u00f3n de su tiempo, Noe era justo. Y lo era por una raz\u00f3n: Caminaba con Dios.<\/p>\n\n\n\n<p>Pero,&nbsp;\u00bfqu\u00e9&nbsp;significa que caminaba con Dios? &nbsp;Aqu\u00ed&nbsp;est\u00e1&nbsp;el quid de la cuesti\u00f3n. No era f\u00e1cil. No era asunto solo de oraci\u00f3n y consagraci\u00f3n. No era asunto de esconderse en una iglesia todo el domingo para aparatarse de la sociedad corrupta de su tiempo.<\/p>\n\n\n\n<p>Y, para que Dios dijera que Noe era justo delante de&nbsp;\u00c9l, es porque lo era. Dios nunca adorna la conducta de sus santos. Lo negro lo llama negro y lo blanco blanco. De manera que cuando Dios dice que su siervo era justo es porque lo era. Disculpen la repetici\u00f3n, pero debo dejar claro que ser justo no significa lo que nosotros creemos. Es lo que Dios dice y punto.<\/p>\n\n\n\n<p>Para que seamos claros, el texto dice en el verso 7:&nbsp;\u201cporque he visto que solo t\u00fa&nbsp;eres justo delante de m\u00ed&nbsp;en esta generaci\u00f3n\u201d&nbsp;dice claramente que era justo delante de Dios, no solo de los hombres pero tambi\u00e9n delante de Dios. Y&nbsp;\u00bfcomo lo logr\u00f3&nbsp;Noe?<\/p>\n\n\n\n<p>Noe era justo y perfecto a pesar de toda la maldad que hab\u00eda en los hombres que le rodeaban. &nbsp;Esto nos ense\u00f1a que ni la cultura, ni las costumbres del pa\u00eds, ni las personas que nos rodean, ni la sociedad pueden ser responsables de la conducta de una persona. &nbsp;Cada uno tiene una responsabilidad para vivir en justicia e integridad delante de Dios.<\/p>\n\n\n\n<p>\u201cNoe andaba con Dios\u201d, esto significa que Noe se hizo caminar con Dios. No fue una cosa f\u00e1cil. &nbsp;Se esforzaba para poder hacerlo y lo logr\u00f3. Esto nos ense\u00f1a que este hombre se esforzaba para poder hacerlo. Noe decidi\u00f3&nbsp;seguir un camino con Dios a base de una disciplina personal. Tom\u00f3&nbsp;la decisi\u00f3n de evitar todo aquello que contaminara no solo su vida p\u00fablica pero tambi\u00e9n su vida espiritual sabiendo que Dios estaba en todo lugar.&nbsp;<\/p>\n\n\n\n<p>En Ezequiel 14 la Escritura nos dice que Dios menciona a Noe como una de las personas m\u00e1s influyente en la historia humana junto con Job y Daniel. Es un alto honor que el Creador vea que usted y muchos m\u00e1s tratemos de andar con&nbsp;\u00c9l. No es asunto de misticismo. No se trata de abandonar a la familia. No es cuesti\u00f3n de irnos a un monte a meditar en busca del Nirvana ni mucho menos.&nbsp;<\/p>\n\n\n\n<p>Es asunto de vivir en medio de la gente que nos rodea pero con la firme convicci\u00f3n de no ser parte de ellos. Que ellos se conviertan a mi pero no yo a ellos es el mandato. Podemos vivir al lado de un vecino cuya conducta es aberrante y vulgar pero nosotros no tenemos por qu\u00e9&nbsp;hacer lo mismo. Pero hoy, especialmente los j\u00f3venes, se est\u00e1n dejando influenciar por sus amigos, dej\u00e1ndose llevar por las costumbres mundanas de quienes estudian con ellos y tranquilamente salen de noche a reunirse con ellos en sus discotecas, sus karaokes y dem\u00e1s desviaciones porque&nbsp;\u201cnecesitan amigos\u201d&nbsp;los cuales les llevan por derroteros nada santos ni agradables al Se\u00f1or.<\/p>\n\n\n\n<p>En los tiempos de Noe la sociedad era tan corrupta que incluso los animales se hab\u00edan corrompido. La Biblia dice:&nbsp;G\u00e9nesis 6:12&nbsp;\u201cY mir\u00f3&nbsp;Dios a la tierra, y he aqu\u00ed&nbsp;que estaba corrompida, porque toda carne hab\u00eda corrompido su camino sobre la tierra\u201d&nbsp;Aqui podemos notar que los hombres ya hab\u00edan tratado de manipular la gen\u00e9tica animal para hacer mezclas que Dios no hab\u00eda permitido. Sin embargo ellos neciamente hab\u00edan ca\u00eddo en una perversi\u00f3n tal que hasta los animales estaban sufriendo a causa de la maldad humana.<\/p>\n\n\n\n<p>\u00bfHa visto usted alguna vez a un le\u00f3n macho tratando de tener relaciones sexuales con otro le\u00f3n macho? &nbsp;Podemos ver que incluso en el reino de los animales cada uno de ellos tiene una identidad propia, separando su naturaleza entre machos y hembras. &nbsp;Dif\u00edcilmente un animal hembra acepta ayuntarse con otra hembra. Eso solo lo hac\u00edan los seres humanos del tiempo de Noe. Sin embargo ya en ese tiempo el sexo desordenado de los hombres hab\u00eda alcanzado niveles tan aberrantes como lo estamos viendo hoy en nuestro tiempo.&nbsp;<\/p>\n\n\n\n<p>Por eso el Se\u00f1or le dijo a Noe:&nbsp;\u201c\u2026de las aves seg\u00fan su especie, de los animales seg\u00fan su especie, de los reptiles seg\u00fan su especie\u2026para que les preserves su vida\u201d.&nbsp;\u00bfY el resto que? Estaban corrompidos. Veamos&nbsp;G\u00e9nesis 6:7&nbsp;\u201cY el SE\u00d1OR dijo: Borrar\u00e9&nbsp;de la faz de la tierra al hombre que he creado, desde el hombre hasta el ganado, los reptiles y las aves del cielo, porque me pesa haberlos hecho\u201d<\/p>\n\n\n\n<p>En esa sociedad fue que Noe no permiti\u00f3&nbsp;contaminarse.&nbsp;\u00bfFue f\u00e1cil entonces? No.&nbsp;\u00bfComo lo logr\u00f3? A base de convicci\u00f3n. Disciplina personal. Decisi\u00f3n a toda prueba con tal de agradar a su Dios. Caminar con Dios es eso: caminar con Dios. No con la sociedad.<\/p>\n","protected":false},"excerpt":{"rendered":"<p>G\u00e9nesis 6:9 &nbsp;\u201cNo\u00e9&nbsp;era un hombre justo, perfecto entre sus contempor\u00e1neos; No\u00e9&nbsp;andaba con Dios\u201d \u00bfNoe era justo realmente? Seg\u00fan los estudiosos, comparado con la conducta pecaminosa de la generaci\u00f3n de su tiempo, Noe era justo. Y lo era por una raz\u00f3n: Caminaba con Dios. Pero,&nbsp;\u00bfqu\u00e9&nbsp;significa que caminaba con Dios? &nbsp;Aqu\u00ed&nbsp;est\u00e1&nbsp;el quid de la cuesti\u00f3n. No era [&hellip;]<\/p>\n","protected":false},"author":3,"featured_media":14150,"comment_status":"open","ping_status":"open","sticky":false,"template":"","format":"standard","meta":[],"categories":[36],"tags":[],"yoast_head":"<!-- This site is optimized with the Yoast SEO plugin v20.8 - https:\/\/yoast.com\/wordpress\/plugins\/seo\/ -->\n<title>\u00bfSe puede o no? - La Prensa Cristiana<\/title>\n<meta name=\"robots\" content=\"index, follow, max-snippet:-1, max-image-preview:large, max-video-preview:-1\" \/>\n<link rel=\"canonical\" href=\"https:\/\/laprensacristiana.com\/?p=14722\" \/>\n<meta property=\"og:locale\" content=\"es_ES\" \/>\n<meta property=\"og:type\" content=\"article\" \/>\n<meta property=\"og:title\" content=\"\u00bfSe puede o no? - La Prensa Cristiana\" \/>\n<meta property=\"og:description\" content=\"G\u00e9nesis 6:9 &nbsp;\u201cNo\u00e9&nbsp;era un hombre justo, perfecto entre sus contempor\u00e1neos; No\u00e9&nbsp;andaba con Dios\u201d \u00bfNoe era justo realmente? Seg\u00fan los estudiosos, comparado con la conducta pecaminosa de la generaci\u00f3n de su tiempo, Noe era justo. Y lo era por una raz\u00f3n: Caminaba con Dios. Pero,&nbsp;\u00bfqu\u00e9&nbsp;significa que caminaba con Dios? &nbsp;Aqu\u00ed&nbsp;est\u00e1&nbsp;el quid de la cuesti\u00f3n. No era [&hellip;]\" \/>\n<meta property=\"og:url\" content=\"https:\/\/laprensacristiana.com\/?p=14722\" \/>\n<meta property=\"og:site_name\" content=\"La Prensa Cristiana\" \/>\n<meta property=\"article:published_time\" content=\"2023-03-27T14:18:50+00:00\" \/>\n<meta property=\"article:modified_time\" content=\"2023-03-27T14:18:51+00:00\" \/>\n<meta property=\"og:image\" content=\"https:\/\/laprensacristiana.com\/wp-content\/uploads\/2023\/01\/1F11EC58-FE18-48A4-826F-4E98CC130973.png\" \/>\n\t<meta property=\"og:image:width\" content=\"1280\" \/>\n\t<meta property=\"og:image:height\" content=\"714\" \/>\n\t<meta property=\"og:image:type\" content=\"image\/png\" \/>\n<meta name=\"author\" content=\"EDITOR\" \/>\n<meta name=\"twitter:card\" content=\"summary_large_image\" \/>\n<meta name=\"twitter:label1\" content=\"Escrito por\" \/>\n\t<meta name=\"twitter:data1\" content=\"EDITOR\" \/>\n\t<meta name=\"twitter:label2\" content=\"Tiempo de lectura\" \/>\n\t<meta name=\"twitter:data2\" content=\"5 minutos\" \/>\n<script type=\"application\/ld+json\" class=\"yoast-schema-graph\">{\"@context\":\"https:\/\/schema.org\",\"@graph\":[{\"@type\":\"WebPage\",\"@id\":\"https:\/\/laprensacristiana.com\/?p=14722\",\"url\":\"https:\/\/laprensacristiana.com\/?p=14722\",\"name\":\"\u00bfSe puede o no? - La Prensa Cristiana\",\"isPartOf\":{\"@id\":\"https:\/\/laprensacristiana.com\/#website\"},\"datePublished\":\"2023-03-27T14:18:50+00:00\",\"dateModified\":\"2023-03-27T14:18:51+00:00\",\"author\":{\"@id\":\"https:\/\/laprensacristiana.com\/#\/schema\/person\/3e7d82c6bfd6b1fa67010f8f7cd5256e\"},\"breadcrumb\":{\"@id\":\"https:\/\/laprensacristiana.com\/?p=14722#breadcrumb\"},\"inLanguage\":\"es\",\"potentialAction\":[{\"@type\":\"ReadAction\",\"target\":[\"https:\/\/laprensacristiana.com\/?p=14722\"]}]},{\"@type\":\"BreadcrumbList\",\"@id\":\"https:\/\/laprensacristiana.com\/?p=14722#breadcrumb\",\"itemListElement\":[{\"@type\":\"ListItem\",\"position\":1,\"name\":\"Portada\",\"item\":\"https:\/\/laprensacristiana.com\/\"},{\"@type\":\"ListItem\",\"position\":2,\"name\":\"\u00bfSe puede o no?\"}]},{\"@type\":\"WebSite\",\"@id\":\"https:\/\/laprensacristiana.com\/#website\",\"url\":\"https:\/\/laprensacristiana.com\/\",\"name\":\"La Prensa Cristiana\",\"description\":\"Anunciando Las Buenas Nuevas\",\"potentialAction\":[{\"@type\":\"SearchAction\",\"target\":{\"@type\":\"EntryPoint\",\"urlTemplate\":\"https:\/\/laprensacristiana.com\/?s={search_term_string}\"},\"query-input\":\"required name=search_term_string\"}],\"inLanguage\":\"es\"},{\"@type\":\"Person\",\"@id\":\"https:\/\/laprensacristiana.com\/#\/schema\/person\/3e7d82c6bfd6b1fa67010f8f7cd5256e\",\"name\":\"EDITOR\",\"image\":{\"@type\":\"ImageObject\",\"inLanguage\":\"es\",\"@id\":\"https:\/\/laprensacristiana.com\/#\/schema\/person\/image\/\",\"url\":\"https:\/\/secure.gravatar.com\/avatar\/72069dfb6c13772d9e8381e3638666d2?s=96&d=mm&r=g\",\"contentUrl\":\"https:\/\/secure.gravatar.com\/avatar\/72069dfb6c13772d9e8381e3638666d2?s=96&d=mm&r=g\",\"caption\":\"EDITOR\"},\"url\":\"https:\/\/laprensacristiana.com\/?author=3\"}]}<\/script>\n<!-- \/ Yoast SEO plugin. -->","yoast_head_json":{"title":"\u00bfSe puede o no? - La Prensa Cristiana","robots":{"index":"index","follow":"follow","max-snippet":"max-snippet:-1","max-image-preview":"max-image-preview:large","max-video-preview":"max-video-preview:-1"},"canonical":"https:\/\/laprensacristiana.com\/?p=14722","og_locale":"es_ES","og_type":"article","og_title":"\u00bfSe puede o no? - La Prensa Cristiana","og_description":"G\u00e9nesis 6:9 &nbsp;\u201cNo\u00e9&nbsp;era un hombre justo, perfecto entre sus contempor\u00e1neos; No\u00e9&nbsp;andaba con Dios\u201d \u00bfNoe era justo realmente? Seg\u00fan los estudiosos, comparado con la conducta pecaminosa de la generaci\u00f3n de su tiempo, Noe era justo. Y lo era por una raz\u00f3n: Caminaba con Dios. Pero,&nbsp;\u00bfqu\u00e9&nbsp;significa que caminaba con Dios? &nbsp;Aqu\u00ed&nbsp;est\u00e1&nbsp;el quid de la cuesti\u00f3n. No era [&hellip;]","og_url":"https:\/\/laprensacristiana.com\/?p=14722","og_site_name":"La Prensa Cristiana","article_published_time":"2023-03-27T14:18:50+00:00","article_modified_time":"2023-03-27T14:18:51+00:00","og_image":[{"width":1280,"height":714,"url":"https:\/\/laprensacristiana.com\/wp-content\/uploads\/2023\/01\/1F11EC58-FE18-48A4-826F-4E98CC130973.png","type":"image\/png"}],"author":"EDITOR","twitter_card":"summary_large_image","twitter_misc":{"Escrito por":"EDITOR","Tiempo de lectura":"5 minutos"},"schema":{"@context":"https:\/\/schema.org","@graph":[{"@type":"WebPage","@id":"https:\/\/laprensacristiana.com\/?p=14722","url":"https:\/\/laprensacristiana.com\/?p=14722","name":"\u00bfSe puede o no? - La Prensa Cristiana","isPartOf":{"@id":"https:\/\/laprensacristiana.com\/#website"},"datePublished":"2023-03-27T14:18:50+00:00","dateModified":"2023-03-27T14:18:51+00:00","author":{"@id":"https:\/\/laprensacristiana.com\/#\/schema\/person\/3e7d82c6bfd6b1fa67010f8f7cd5256e"},"breadcrumb":{"@id":"https:\/\/laprensacristiana.com\/?p=14722#breadcrumb"},"inLanguage":"es","potentialAction":[{"@type":"ReadAction","target":["https:\/\/laprensacristiana.com\/?p=14722"]}]},{"@type":"BreadcrumbList","@id":"https:\/\/laprensacristiana.com\/?p=14722#breadcrumb","itemListElement":[{"@type":"ListItem","position":1,"name":"Portada","item":"https:\/\/laprensacristiana.com\/"},{"@type":"ListItem","position":2,"name":"\u00bfSe puede o no?"}]},{"@type":"WebSite","@id":"https:\/\/laprensacristiana.com\/#website","url":"https:\/\/laprensacristiana.com\/","name":"La Prensa Cristiana","description":"Anunciando Las Buenas Nuevas","potentialAction":[{"@type":"SearchAction","target":{"@type":"EntryPoint","urlTemplate":"https:\/\/laprensacristiana.com\/?s={search_term_string}"},"query-input":"required name=search_term_string"}],"inLanguage":"es"},{"@type":"Person","@id":"https:\/\/laprensacristiana.com\/#\/schema\/person\/3e7d82c6bfd6b1fa67010f8f7cd5256e","name":"EDITOR","image":{"@type":"ImageObject","inLanguage":"es","@id":"https:\/\/laprensacristiana.com\/#\/schema\/person\/image\/","url":"https:\/\/secure.gravatar.com\/avatar\/72069dfb6c13772d9e8381e3638666d2?s=96&d=mm&r=g","contentUrl":"https:\/\/secure.gravatar.com\/avatar\/72069dfb6c13772d9e8381e3638666d2?s=96&d=mm&r=g","caption":"EDITOR"},"url":"https:\/\/laprensacristiana.com\/?author=3"}]}},"_links":{"self":[{"href":"https:\/\/laprensacristiana.com\/index.php?rest_route=\/wp\/v2\/posts\/14722"}],"collection":[{"href":"https:\/\/laprensacristiana.com\/index.php?rest_route=\/wp\/v2\/posts"}],"about":[{"href":"https:\/\/laprensacristiana.com\/index.php?rest_route=\/wp\/v2\/types\/post"}],"author":[{"embeddable":true,"href":"https:\/\/laprensacristiana.com\/index.php?rest_route=\/wp\/v2\/users\/3"}],"replies":[{"embeddable":true,"href":"https:\/\/laprensacristiana.com\/index.php?rest_route=%2Fwp%2Fv2%2Fcomments&post=14722"}],"version-history":[{"count":1,"href":"https:\/\/laprensacristiana.com\/index.php?rest_route=\/wp\/v2\/posts\/14722\/revisions"}],"predecessor-version":[{"id":14723,"href":"https:\/\/laprensacristiana.com\/index.php?rest_route=\/wp\/v2\/posts\/14722\/revisions\/14723"}],"wp:featuredmedia":[{"embeddable":true,"href":"https:\/\/laprensacristiana.com\/index.php?rest_route=\/wp\/v2\/media\/14150"}],"wp:attachment":[{"href":"https:\/\/laprensacristiana.com\/index.php?rest_route=%2Fwp%2Fv2%2Fmedia&parent=14722"}],"wp:term":[{"taxonomy":"category","embeddable":true,"href":"https:\/\/laprensacristiana.com\/index.php?rest_route=%2Fwp%2Fv2%2Fcategories&post=14722"},{"taxonomy":"post_tag","embeddable":true,"href":"https:\/\/laprensacristiana.com\/index.php?rest_route=%2Fwp%2Fv2%2Ftags&post=14722"}],"curies":[{"name":"wp","href":"https:\/\/api.w.org\/{rel}","templated":true}]}}