{"id":14724,"date":"2023-03-27T14:48:32","date_gmt":"2023-03-27T14:48:32","guid":{"rendered":"https:\/\/laprensacristiana.com\/?p=14724"},"modified":"2023-06-07T16:40:34","modified_gmt":"2023-06-07T16:40:34","slug":"billy-graham-rechazo-a-hollywood-por-predicar-de-jesus","status":"publish","type":"post","link":"https:\/\/laprensacristiana.com\/?p=14724","title":{"rendered":"Billy Graham rechaz\u00f3  a Hollywood por predicar de Jes\u00fas"},"content":{"rendered":"\n<p>Por: Ethel Maldonado<\/p>\n\n\n\n<p>A los 31 a\u00f1os el evangelista Billy Graham recibi\u00f3 una oferta por parte de Hollywood para ser protagonista&nbsp;&nbsp;de pel\u00edculas,&nbsp;&nbsp;a lo que \u00e9l joven evangelista respondi\u00f3:<\/p>\n\n\n\n<p>\u201cNo lo har\u00eda ni por un mill\u00f3n de d\u00f3lares.&nbsp;&nbsp;Si me dejaran hacer un cortometraje donde pudiera predicar el Evangelio, podr\u00eda estar interesado\u201d.<\/p>\n\n\n\n<p>Billy Graham particip\u00f3 en sus propias pel\u00edculas realizadas por su compa\u00f1\u00eda World Wide Pictures, desde 1953 sus pel\u00edculas han sido exhibidas por todo el mundo, registrando m\u00e1s de dos millones de conversiones, seg\u00fan inform\u00f3 Billy Graham Evangelistic Association, a trav\u00e9s de su sitio web.<\/p>\n","protected":false},"excerpt":{"rendered":"<p>Por: Ethel Maldonado A los 31 a\u00f1os el evangelista Billy Graham recibi\u00f3 una oferta por parte de Hollywood para ser protagonista&nbsp;&nbsp;de pel\u00edculas,&nbsp;&nbsp;a lo que \u00e9l joven evangelista respondi\u00f3: \u201cNo lo har\u00eda ni por un mill\u00f3n de d\u00f3lares.&nbsp;&nbsp;Si me dejaran hacer un cortometraje donde pudiera predicar el Evangelio, podr\u00eda estar interesado\u201d. Billy Graham particip\u00f3 en sus [&hellip;]<\/p>\n","protected":false},"author":3,"featured_media":14725,"comment_status":"open","ping_status":"open","sticky":false,"template":"","format":"standard","meta":[],"categories":[56],"tags":[],"yoast_head":"<!-- This site is optimized with the Yoast SEO plugin v20.8 - https:\/\/yoast.com\/wordpress\/plugins\/seo\/ -->\n<title>Billy Graham rechaz\u00f3 a Hollywood por predicar de Jes\u00fas - La Prensa Cristiana<\/title>\n<meta name=\"robots\" content=\"index, follow, max-snippet:-1, max-image-preview:large, max-video-preview:-1\" \/>\n<link rel=\"canonical\" href=\"https:\/\/laprensacristiana.com\/?p=14724\" \/>\n<meta property=\"og:locale\" content=\"es_ES\" \/>\n<meta property=\"og:type\" content=\"article\" \/>\n<meta property=\"og:title\" content=\"Billy Graham rechaz\u00f3 a Hollywood por predicar de Jes\u00fas - La Prensa Cristiana\" \/>\n<meta property=\"og:description\" content=\"Por: Ethel Maldonado A los 31 a\u00f1os el evangelista Billy Graham recibi\u00f3 una oferta por parte de Hollywood para ser protagonista&nbsp;&nbsp;de pel\u00edculas,&nbsp;&nbsp;a lo que \u00e9l joven evangelista respondi\u00f3: \u201cNo lo har\u00eda ni por un mill\u00f3n de d\u00f3lares.&nbsp;&nbsp;Si me dejaran hacer un cortometraje donde pudiera predicar el Evangelio, podr\u00eda estar interesado\u201d. Billy Graham particip\u00f3 en sus [&hellip;]\" \/>\n<meta property=\"og:url\" content=\"https:\/\/laprensacristiana.com\/?p=14724\" \/>\n<meta property=\"og:site_name\" content=\"La Prensa Cristiana\" \/>\n<meta property=\"article:published_time\" content=\"2023-03-27T14:48:32+00:00\" \/>\n<meta property=\"article:modified_time\" content=\"2023-06-07T16:40:34+00:00\" \/>\n<meta property=\"og:image\" content=\"https:\/\/laprensacristiana.com\/wp-content\/uploads\/2023\/03\/FBDAF0DA-316B-4651-85F6-BF1D36092E66.jpeg\" \/>\n\t<meta property=\"og:image:width\" content=\"712\" \/>\n\t<meta property=\"og:image:height\" content=\"475\" \/>\n\t<meta property=\"og:image:type\" content=\"image\/jpeg\" \/>\n<meta name=\"author\" content=\"EDITOR\" \/>\n<meta name=\"twitter:card\" content=\"summary_large_image\" \/>\n<meta name=\"twitter:label1\" content=\"Escrito por\" \/>\n\t<meta name=\"twitter:data1\" content=\"EDITOR\" \/>\n\t<meta name=\"twitter:label2\" content=\"Tiempo de lectura\" \/>\n\t<meta name=\"twitter:data2\" content=\"1 minuto\" \/>\n<script type=\"application\/ld+json\" class=\"yoast-schema-graph\">{\"@context\":\"https:\/\/schema.org\",\"@graph\":[{\"@type\":\"WebPage\",\"@id\":\"https:\/\/laprensacristiana.com\/?p=14724\",\"url\":\"https:\/\/laprensacristiana.com\/?p=14724\",\"name\":\"Billy Graham rechaz\u00f3 a Hollywood por predicar de Jes\u00fas - La Prensa Cristiana\",\"isPartOf\":{\"@id\":\"https:\/\/laprensacristiana.com\/#website\"},\"datePublished\":\"2023-03-27T14:48:32+00:00\",\"dateModified\":\"2023-06-07T16:40:34+00:00\",\"author\":{\"@id\":\"https:\/\/laprensacristiana.com\/#\/schema\/person\/3e7d82c6bfd6b1fa67010f8f7cd5256e\"},\"breadcrumb\":{\"@id\":\"https:\/\/laprensacristiana.com\/?p=14724#breadcrumb\"},\"inLanguage\":\"es\",\"potentialAction\":[{\"@type\":\"ReadAction\",\"target\":[\"https:\/\/laprensacristiana.com\/?p=14724\"]}]},{\"@type\":\"BreadcrumbList\",\"@id\":\"https:\/\/laprensacristiana.com\/?p=14724#breadcrumb\",\"itemListElement\":[{\"@type\":\"ListItem\",\"position\":1,\"name\":\"Portada\",\"item\":\"https:\/\/laprensacristiana.com\/\"},{\"@type\":\"ListItem\",\"position\":2,\"name\":\"Billy Graham rechaz\u00f3 a Hollywood por predicar de Jes\u00fas\"}]},{\"@type\":\"WebSite\",\"@id\":\"https:\/\/laprensacristiana.com\/#website\",\"url\":\"https:\/\/laprensacristiana.com\/\",\"name\":\"La Prensa Cristiana\",\"description\":\"Anunciando Las Buenas Nuevas\",\"potentialAction\":[{\"@type\":\"SearchAction\",\"target\":{\"@type\":\"EntryPoint\",\"urlTemplate\":\"https:\/\/laprensacristiana.com\/?s={search_term_string}\"},\"query-input\":\"required name=search_term_string\"}],\"inLanguage\":\"es\"},{\"@type\":\"Person\",\"@id\":\"https:\/\/laprensacristiana.com\/#\/schema\/person\/3e7d82c6bfd6b1fa67010f8f7cd5256e\",\"name\":\"EDITOR\",\"image\":{\"@type\":\"ImageObject\",\"inLanguage\":\"es\",\"@id\":\"https:\/\/laprensacristiana.com\/#\/schema\/person\/image\/\",\"url\":\"https:\/\/secure.gravatar.com\/avatar\/72069dfb6c13772d9e8381e3638666d2?s=96&d=mm&r=g\",\"contentUrl\":\"https:\/\/secure.gravatar.com\/avatar\/72069dfb6c13772d9e8381e3638666d2?s=96&d=mm&r=g\",\"caption\":\"EDITOR\"},\"url\":\"https:\/\/laprensacristiana.com\/?author=3\"}]}<\/script>\n<!-- \/ Yoast SEO plugin. -->","yoast_head_json":{"title":"Billy Graham rechaz\u00f3 a Hollywood por predicar de Jes\u00fas - La Prensa Cristiana","robots":{"index":"index","follow":"follow","max-snippet":"max-snippet:-1","max-image-preview":"max-image-preview:large","max-video-preview":"max-video-preview:-1"},"canonical":"https:\/\/laprensacristiana.com\/?p=14724","og_locale":"es_ES","og_type":"article","og_title":"Billy Graham rechaz\u00f3 a Hollywood por predicar de Jes\u00fas - La Prensa Cristiana","og_description":"Por: Ethel Maldonado A los 31 a\u00f1os el evangelista Billy Graham recibi\u00f3 una oferta por parte de Hollywood para ser protagonista&nbsp;&nbsp;de pel\u00edculas,&nbsp;&nbsp;a lo que \u00e9l joven evangelista respondi\u00f3: \u201cNo lo har\u00eda ni por un mill\u00f3n de d\u00f3lares.&nbsp;&nbsp;Si me dejaran hacer un cortometraje donde pudiera predicar el Evangelio, podr\u00eda estar interesado\u201d. Billy Graham particip\u00f3 en sus [&hellip;]","og_url":"https:\/\/laprensacristiana.com\/?p=14724","og_site_name":"La Prensa Cristiana","article_published_time":"2023-03-27T14:48:32+00:00","article_modified_time":"2023-06-07T16:40:34+00:00","og_image":[{"width":712,"height":475,"url":"https:\/\/laprensacristiana.com\/wp-content\/uploads\/2023\/03\/FBDAF0DA-316B-4651-85F6-BF1D36092E66.jpeg","type":"image\/jpeg"}],"author":"EDITOR","twitter_card":"summary_large_image","twitter_misc":{"Escrito por":"EDITOR","Tiempo de lectura":"1 minuto"},"schema":{"@context":"https:\/\/schema.org","@graph":[{"@type":"WebPage","@id":"https:\/\/laprensacristiana.com\/?p=14724","url":"https:\/\/laprensacristiana.com\/?p=14724","name":"Billy Graham rechaz\u00f3 a Hollywood por predicar de Jes\u00fas - La Prensa Cristiana","isPartOf":{"@id":"https:\/\/laprensacristiana.com\/#website"},"datePublished":"2023-03-27T14:48:32+00:00","dateModified":"2023-06-07T16:40:34+00:00","author":{"@id":"https:\/\/laprensacristiana.com\/#\/schema\/person\/3e7d82c6bfd6b1fa67010f8f7cd5256e"},"breadcrumb":{"@id":"https:\/\/laprensacristiana.com\/?p=14724#breadcrumb"},"inLanguage":"es","potentialAction":[{"@type":"ReadAction","target":["https:\/\/laprensacristiana.com\/?p=14724"]}]},{"@type":"BreadcrumbList","@id":"https:\/\/laprensacristiana.com\/?p=14724#breadcrumb","itemListElement":[{"@type":"ListItem","position":1,"name":"Portada","item":"https:\/\/laprensacristiana.com\/"},{"@type":"ListItem","position":2,"name":"Billy Graham rechaz\u00f3 a Hollywood por predicar de Jes\u00fas"}]},{"@type":"WebSite","@id":"https:\/\/laprensacristiana.com\/#website","url":"https:\/\/laprensacristiana.com\/","name":"La Prensa Cristiana","description":"Anunciando Las Buenas Nuevas","potentialAction":[{"@type":"SearchAction","target":{"@type":"EntryPoint","urlTemplate":"https:\/\/laprensacristiana.com\/?s={search_term_string}"},"query-input":"required name=search_term_string"}],"inLanguage":"es"},{"@type":"Person","@id":"https:\/\/laprensacristiana.com\/#\/schema\/person\/3e7d82c6bfd6b1fa67010f8f7cd5256e","name":"EDITOR","image":{"@type":"ImageObject","inLanguage":"es","@id":"https:\/\/laprensacristiana.com\/#\/schema\/person\/image\/","url":"https:\/\/secure.gravatar.com\/avatar\/72069dfb6c13772d9e8381e3638666d2?s=96&d=mm&r=g","contentUrl":"https:\/\/secure.gravatar.com\/avatar\/72069dfb6c13772d9e8381e3638666d2?s=96&d=mm&r=g","caption":"EDITOR"},"url":"https:\/\/laprensacristiana.com\/?author=3"}]}},"_links":{"self":[{"href":"https:\/\/laprensacristiana.com\/index.php?rest_route=\/wp\/v2\/posts\/14724"}],"collection":[{"href":"https:\/\/laprensacristiana.com\/index.php?rest_route=\/wp\/v2\/posts"}],"about":[{"href":"https:\/\/laprensacristiana.com\/index.php?rest_route=\/wp\/v2\/types\/post"}],"author":[{"embeddable":true,"href":"https:\/\/laprensacristiana.com\/index.php?rest_route=\/wp\/v2\/users\/3"}],"replies":[{"embeddable":true,"href":"https:\/\/laprensacristiana.com\/index.php?rest_route=%2Fwp%2Fv2%2Fcomments&post=14724"}],"version-history":[{"count":2,"href":"https:\/\/laprensacristiana.com\/index.php?rest_route=\/wp\/v2\/posts\/14724\/revisions"}],"predecessor-version":[{"id":15088,"href":"https:\/\/laprensacristiana.com\/index.php?rest_route=\/wp\/v2\/posts\/14724\/revisions\/15088"}],"wp:featuredmedia":[{"embeddable":true,"href":"https:\/\/laprensacristiana.com\/index.php?rest_route=\/wp\/v2\/media\/14725"}],"wp:attachment":[{"href":"https:\/\/laprensacristiana.com\/index.php?rest_route=%2Fwp%2Fv2%2Fmedia&parent=14724"}],"wp:term":[{"taxonomy":"category","embeddable":true,"href":"https:\/\/laprensacristiana.com\/index.php?rest_route=%2Fwp%2Fv2%2Fcategories&post=14724"},{"taxonomy":"post_tag","embeddable":true,"href":"https:\/\/laprensacristiana.com\/index.php?rest_route=%2Fwp%2Fv2%2Ftags&post=14724"}],"curies":[{"name":"wp","href":"https:\/\/api.w.org\/{rel}","templated":true}]}}