{"id":14729,"date":"2023-03-27T15:41:36","date_gmt":"2023-03-27T15:41:36","guid":{"rendered":"https:\/\/laprensacristiana.com\/?p=14729"},"modified":"2023-03-27T15:41:37","modified_gmt":"2023-03-27T15:41:37","slug":"iglesias-en-peru-se-pronuncian-a-favor-de-la-vida","status":"publish","type":"post","link":"https:\/\/laprensacristiana.com\/?p=14729","title":{"rendered":"Iglesias en Per\u00fa se pronuncian a favor de la vida"},"content":{"rendered":"\n<p>El pasado 24 de marzo a trav\u00e9s de un comunicado de prensa, la Federaci\u00f3n de Iglesias Cristianas Evang\u00e9licas del Per\u00fa&nbsp;&nbsp;dieron a conocer su postura ante las iniciativas promotoras del aborto dentro de su pa\u00eds.&nbsp;<\/p>\n\n\n\n<p>Con la finalidad de poder presentar e invitar a las autoridades de dicho pa\u00eds a defender la vida desde la concepci\u00f3n, presentaron el siguiente comunicado:<\/p>\n\n\n\n<figure class=\"wp-block-image size-large\"><img decoding=\"async\" loading=\"lazy\" width=\"727\" height=\"1024\" src=\"https:\/\/laprensacristiana.com\/wp-content\/uploads\/2023\/03\/364AC8B8-B2CF-4069-9173-7608B882A674.jpeg\" alt=\"\" class=\"wp-image-14730\" srcset=\"https:\/\/laprensacristiana.com\/wp-content\/uploads\/2023\/03\/364AC8B8-B2CF-4069-9173-7608B882A674.jpeg 727w, https:\/\/laprensacristiana.com\/wp-content\/uploads\/2023\/03\/364AC8B8-B2CF-4069-9173-7608B882A674-213x300.jpeg 213w, https:\/\/laprensacristiana.com\/wp-content\/uploads\/2023\/03\/364AC8B8-B2CF-4069-9173-7608B882A674-696x980.jpeg 696w, https:\/\/laprensacristiana.com\/wp-content\/uploads\/2023\/03\/364AC8B8-B2CF-4069-9173-7608B882A674-600x845.jpeg 600w\" sizes=\"(max-width: 727px) 100vw, 727px\" \/><\/figure>\n","protected":false},"excerpt":{"rendered":"<p>El pasado 24 de marzo a trav\u00e9s de un comunicado de prensa, la Federaci\u00f3n de Iglesias Cristianas Evang\u00e9licas del Per\u00fa&nbsp;&nbsp;dieron a conocer su postura ante las iniciativas promotoras del aborto dentro de su pa\u00eds.&nbsp; Con la finalidad de poder presentar e invitar a las autoridades de dicho pa\u00eds a defender la vida desde la concepci\u00f3n, [&hellip;]<\/p>\n","protected":false},"author":3,"featured_media":14728,"comment_status":"open","ping_status":"open","sticky":false,"template":"","format":"standard","meta":[],"categories":[56],"tags":[],"yoast_head":"<!-- This site is optimized with the Yoast SEO plugin v20.8 - https:\/\/yoast.com\/wordpress\/plugins\/seo\/ -->\n<title>Iglesias en Per\u00fa se pronuncian a favor de la vida - La Prensa Cristiana<\/title>\n<meta name=\"robots\" content=\"index, follow, max-snippet:-1, max-image-preview:large, max-video-preview:-1\" \/>\n<link rel=\"canonical\" href=\"https:\/\/laprensacristiana.com\/?p=14729\" \/>\n<meta property=\"og:locale\" content=\"es_ES\" \/>\n<meta property=\"og:type\" content=\"article\" \/>\n<meta property=\"og:title\" content=\"Iglesias en Per\u00fa se pronuncian a favor de la vida - La Prensa Cristiana\" \/>\n<meta property=\"og:description\" content=\"El pasado 24 de marzo a trav\u00e9s de un comunicado de prensa, la Federaci\u00f3n de Iglesias Cristianas Evang\u00e9licas del Per\u00fa&nbsp;&nbsp;dieron a conocer su postura ante las iniciativas promotoras del aborto dentro de su pa\u00eds.&nbsp; Con la finalidad de poder presentar e invitar a las autoridades de dicho pa\u00eds a defender la vida desde la concepci\u00f3n, [&hellip;]\" \/>\n<meta property=\"og:url\" content=\"https:\/\/laprensacristiana.com\/?p=14729\" \/>\n<meta property=\"og:site_name\" content=\"La Prensa Cristiana\" \/>\n<meta property=\"article:published_time\" content=\"2023-03-27T15:41:36+00:00\" \/>\n<meta property=\"article:modified_time\" content=\"2023-03-27T15:41:37+00:00\" \/>\n<meta property=\"og:image\" content=\"https:\/\/laprensacristiana.com\/wp-content\/uploads\/2023\/03\/BFAD0FAA-685B-48D7-9661-AD65261489EC.png\" \/>\n\t<meta property=\"og:image:width\" content=\"2560\" \/>\n\t<meta property=\"og:image:height\" content=\"1233\" \/>\n\t<meta property=\"og:image:type\" content=\"image\/png\" \/>\n<meta name=\"author\" content=\"EDITOR\" \/>\n<meta name=\"twitter:card\" content=\"summary_large_image\" \/>\n<meta name=\"twitter:label1\" content=\"Escrito por\" \/>\n\t<meta name=\"twitter:data1\" content=\"EDITOR\" \/>\n<script type=\"application\/ld+json\" class=\"yoast-schema-graph\">{\"@context\":\"https:\/\/schema.org\",\"@graph\":[{\"@type\":\"WebPage\",\"@id\":\"https:\/\/laprensacristiana.com\/?p=14729\",\"url\":\"https:\/\/laprensacristiana.com\/?p=14729\",\"name\":\"Iglesias en Per\u00fa se pronuncian a favor de la vida - La Prensa Cristiana\",\"isPartOf\":{\"@id\":\"https:\/\/laprensacristiana.com\/#website\"},\"datePublished\":\"2023-03-27T15:41:36+00:00\",\"dateModified\":\"2023-03-27T15:41:37+00:00\",\"author\":{\"@id\":\"https:\/\/laprensacristiana.com\/#\/schema\/person\/3e7d82c6bfd6b1fa67010f8f7cd5256e\"},\"breadcrumb\":{\"@id\":\"https:\/\/laprensacristiana.com\/?p=14729#breadcrumb\"},\"inLanguage\":\"es\",\"potentialAction\":[{\"@type\":\"ReadAction\",\"target\":[\"https:\/\/laprensacristiana.com\/?p=14729\"]}]},{\"@type\":\"BreadcrumbList\",\"@id\":\"https:\/\/laprensacristiana.com\/?p=14729#breadcrumb\",\"itemListElement\":[{\"@type\":\"ListItem\",\"position\":1,\"name\":\"Portada\",\"item\":\"https:\/\/laprensacristiana.com\/\"},{\"@type\":\"ListItem\",\"position\":2,\"name\":\"Iglesias en Per\u00fa se pronuncian a favor de la vida\"}]},{\"@type\":\"WebSite\",\"@id\":\"https:\/\/laprensacristiana.com\/#website\",\"url\":\"https:\/\/laprensacristiana.com\/\",\"name\":\"La Prensa Cristiana\",\"description\":\"Anunciando Las Buenas Nuevas\",\"potentialAction\":[{\"@type\":\"SearchAction\",\"target\":{\"@type\":\"EntryPoint\",\"urlTemplate\":\"https:\/\/laprensacristiana.com\/?s={search_term_string}\"},\"query-input\":\"required name=search_term_string\"}],\"inLanguage\":\"es\"},{\"@type\":\"Person\",\"@id\":\"https:\/\/laprensacristiana.com\/#\/schema\/person\/3e7d82c6bfd6b1fa67010f8f7cd5256e\",\"name\":\"EDITOR\",\"image\":{\"@type\":\"ImageObject\",\"inLanguage\":\"es\",\"@id\":\"https:\/\/laprensacristiana.com\/#\/schema\/person\/image\/\",\"url\":\"https:\/\/secure.gravatar.com\/avatar\/72069dfb6c13772d9e8381e3638666d2?s=96&d=mm&r=g\",\"contentUrl\":\"https:\/\/secure.gravatar.com\/avatar\/72069dfb6c13772d9e8381e3638666d2?s=96&d=mm&r=g\",\"caption\":\"EDITOR\"},\"url\":\"https:\/\/laprensacristiana.com\/?author=3\"}]}<\/script>\n<!-- \/ Yoast SEO plugin. -->","yoast_head_json":{"title":"Iglesias en Per\u00fa se pronuncian a favor de la vida - La Prensa Cristiana","robots":{"index":"index","follow":"follow","max-snippet":"max-snippet:-1","max-image-preview":"max-image-preview:large","max-video-preview":"max-video-preview:-1"},"canonical":"https:\/\/laprensacristiana.com\/?p=14729","og_locale":"es_ES","og_type":"article","og_title":"Iglesias en Per\u00fa se pronuncian a favor de la vida - La Prensa Cristiana","og_description":"El pasado 24 de marzo a trav\u00e9s de un comunicado de prensa, la Federaci\u00f3n de Iglesias Cristianas Evang\u00e9licas del Per\u00fa&nbsp;&nbsp;dieron a conocer su postura ante las iniciativas promotoras del aborto dentro de su pa\u00eds.&nbsp; Con la finalidad de poder presentar e invitar a las autoridades de dicho pa\u00eds a defender la vida desde la concepci\u00f3n, [&hellip;]","og_url":"https:\/\/laprensacristiana.com\/?p=14729","og_site_name":"La Prensa Cristiana","article_published_time":"2023-03-27T15:41:36+00:00","article_modified_time":"2023-03-27T15:41:37+00:00","og_image":[{"width":2560,"height":1233,"url":"https:\/\/laprensacristiana.com\/wp-content\/uploads\/2023\/03\/BFAD0FAA-685B-48D7-9661-AD65261489EC.png","type":"image\/png"}],"author":"EDITOR","twitter_card":"summary_large_image","twitter_misc":{"Escrito por":"EDITOR"},"schema":{"@context":"https:\/\/schema.org","@graph":[{"@type":"WebPage","@id":"https:\/\/laprensacristiana.com\/?p=14729","url":"https:\/\/laprensacristiana.com\/?p=14729","name":"Iglesias en Per\u00fa se pronuncian a favor de la vida - La Prensa Cristiana","isPartOf":{"@id":"https:\/\/laprensacristiana.com\/#website"},"datePublished":"2023-03-27T15:41:36+00:00","dateModified":"2023-03-27T15:41:37+00:00","author":{"@id":"https:\/\/laprensacristiana.com\/#\/schema\/person\/3e7d82c6bfd6b1fa67010f8f7cd5256e"},"breadcrumb":{"@id":"https:\/\/laprensacristiana.com\/?p=14729#breadcrumb"},"inLanguage":"es","potentialAction":[{"@type":"ReadAction","target":["https:\/\/laprensacristiana.com\/?p=14729"]}]},{"@type":"BreadcrumbList","@id":"https:\/\/laprensacristiana.com\/?p=14729#breadcrumb","itemListElement":[{"@type":"ListItem","position":1,"name":"Portada","item":"https:\/\/laprensacristiana.com\/"},{"@type":"ListItem","position":2,"name":"Iglesias en Per\u00fa se pronuncian a favor de la vida"}]},{"@type":"WebSite","@id":"https:\/\/laprensacristiana.com\/#website","url":"https:\/\/laprensacristiana.com\/","name":"La Prensa Cristiana","description":"Anunciando Las Buenas Nuevas","potentialAction":[{"@type":"SearchAction","target":{"@type":"EntryPoint","urlTemplate":"https:\/\/laprensacristiana.com\/?s={search_term_string}"},"query-input":"required name=search_term_string"}],"inLanguage":"es"},{"@type":"Person","@id":"https:\/\/laprensacristiana.com\/#\/schema\/person\/3e7d82c6bfd6b1fa67010f8f7cd5256e","name":"EDITOR","image":{"@type":"ImageObject","inLanguage":"es","@id":"https:\/\/laprensacristiana.com\/#\/schema\/person\/image\/","url":"https:\/\/secure.gravatar.com\/avatar\/72069dfb6c13772d9e8381e3638666d2?s=96&d=mm&r=g","contentUrl":"https:\/\/secure.gravatar.com\/avatar\/72069dfb6c13772d9e8381e3638666d2?s=96&d=mm&r=g","caption":"EDITOR"},"url":"https:\/\/laprensacristiana.com\/?author=3"}]}},"_links":{"self":[{"href":"https:\/\/laprensacristiana.com\/index.php?rest_route=\/wp\/v2\/posts\/14729"}],"collection":[{"href":"https:\/\/laprensacristiana.com\/index.php?rest_route=\/wp\/v2\/posts"}],"about":[{"href":"https:\/\/laprensacristiana.com\/index.php?rest_route=\/wp\/v2\/types\/post"}],"author":[{"embeddable":true,"href":"https:\/\/laprensacristiana.com\/index.php?rest_route=\/wp\/v2\/users\/3"}],"replies":[{"embeddable":true,"href":"https:\/\/laprensacristiana.com\/index.php?rest_route=%2Fwp%2Fv2%2Fcomments&post=14729"}],"version-history":[{"count":1,"href":"https:\/\/laprensacristiana.com\/index.php?rest_route=\/wp\/v2\/posts\/14729\/revisions"}],"predecessor-version":[{"id":14731,"href":"https:\/\/laprensacristiana.com\/index.php?rest_route=\/wp\/v2\/posts\/14729\/revisions\/14731"}],"wp:featuredmedia":[{"embeddable":true,"href":"https:\/\/laprensacristiana.com\/index.php?rest_route=\/wp\/v2\/media\/14728"}],"wp:attachment":[{"href":"https:\/\/laprensacristiana.com\/index.php?rest_route=%2Fwp%2Fv2%2Fmedia&parent=14729"}],"wp:term":[{"taxonomy":"category","embeddable":true,"href":"https:\/\/laprensacristiana.com\/index.php?rest_route=%2Fwp%2Fv2%2Fcategories&post=14729"},{"taxonomy":"post_tag","embeddable":true,"href":"https:\/\/laprensacristiana.com\/index.php?rest_route=%2Fwp%2Fv2%2Ftags&post=14729"}],"curies":[{"name":"wp","href":"https:\/\/api.w.org\/{rel}","templated":true}]}}