{"id":14736,"date":"2023-03-29T03:58:38","date_gmt":"2023-03-29T03:58:38","guid":{"rendered":"https:\/\/laprensacristiana.com\/?p=14736"},"modified":"2023-03-29T03:58:39","modified_gmt":"2023-03-29T03:58:39","slug":"no-pierdas-la-esperanza","status":"publish","type":"post","link":"https:\/\/laprensacristiana.com\/?p=14736","title":{"rendered":"No pierdas la esperanza"},"content":{"rendered":"\n<p>La esperanza es descrita como el estado de \u00e1nimo en el cual se cree que aquello que uno desea o pretende sea posible. Un ejemplo de este concepto puede ser planteado de la siguiente manera: alguien que este enfermo, pero tiene esperanza que va recibir la sanidad que su cuerpo necesita. \u00bfQu\u00e9 sucede cuando esto no ocurre?<\/p>\n\n\n\n<p><br>Es posible que reaccionemos molestos, porque ten\u00edamos, fe de que un milagro sucediera y nada paso, ante esto debemos de recordar que Dios no est\u00e1 obligado a satisfacer todos nuestros caprichos, que el es Dios y act\u00faa conforme a su voluntad, eso si, la voluntad de Dios siempre ser\u00e1 agradable y perfecta para nuestras vidas. (Romanos 12:2).<\/p>\n\n\n\n<p>Existe, adem\u00e1s, la posibilidad de que, ante una situaci\u00f3n no resuelta a nuestro favor, cuando las cosas no salen como nos esper\u00e1bamos, ante ese escenario hay quienes se apartan de la fe cristiana, en ese sentido hemos visto muchas personas que se van de la iglesia, pero mas que eso terminan molesto con Dios, porque seg\u00fan ellos no merec\u00edan lo que les paso. Si este es el caso recordemos que Dios no pierde nada, que el sigue siendo el mismo de ayer y por todos los siglos, los que perdemos somos nosotros porque separados de el no somos nada. (San Juan 15:5)<\/p>\n\n\n\n<p>De manera que ante una situaci\u00f3n dif\u00edcil que nos toque enfrentar en la vida, en lugar de desalentarnos, debe de ense\u00f1arnos a depender de Dios cada d\u00eda, a confiar plenamente en el aun cuando las cosas no sucedan como nosotros las esper\u00e1bamos, debemos de aprender a confiar en Dios as\u00ed como el hijo conf\u00eda en el padre, nosotros debemos de confiar en nuestro Padre celestial, el tiene pensamientos, de paz, de bien para cada uno de nosotros. (Jerem\u00edas 29:11)<\/p>\n\n\n\n<p>Dios y act\u00faa conforme a su voluntad, eso si, la voluntad de Dios siempre ser\u00e1 agradable y perfecta para nuestras vidas. (Romanos 12:2)<\/p>\n\n\n\n<p><em>Miguel Perdomo \/ Supervisor Nacional IDES<\/em><\/p>\n\n\n\n<p><\/p>\n","protected":false},"excerpt":{"rendered":"<p>La esperanza es descrita como el estado de \u00e1nimo en el cual se cree que aquello que uno desea o pretende sea posible. Un ejemplo de este concepto puede ser planteado de la siguiente manera: alguien que este enfermo, pero tiene esperanza que va recibir la sanidad que su cuerpo necesita. \u00bfQu\u00e9 sucede cuando esto [&hellip;]<\/p>\n","protected":false},"author":3,"featured_media":14737,"comment_status":"open","ping_status":"open","sticky":false,"template":"","format":"standard","meta":[],"categories":[36],"tags":[],"yoast_head":"<!-- This site is optimized with the Yoast SEO plugin v20.8 - https:\/\/yoast.com\/wordpress\/plugins\/seo\/ -->\n<title>No pierdas la esperanza - La Prensa Cristiana<\/title>\n<meta name=\"robots\" content=\"index, follow, max-snippet:-1, max-image-preview:large, max-video-preview:-1\" \/>\n<link rel=\"canonical\" href=\"https:\/\/laprensacristiana.com\/?p=14736\" \/>\n<meta property=\"og:locale\" content=\"es_ES\" \/>\n<meta property=\"og:type\" content=\"article\" \/>\n<meta property=\"og:title\" content=\"No pierdas la esperanza - La Prensa Cristiana\" \/>\n<meta property=\"og:description\" content=\"La esperanza es descrita como el estado de \u00e1nimo en el cual se cree que aquello que uno desea o pretende sea posible. Un ejemplo de este concepto puede ser planteado de la siguiente manera: alguien que este enfermo, pero tiene esperanza que va recibir la sanidad que su cuerpo necesita. \u00bfQu\u00e9 sucede cuando esto [&hellip;]\" \/>\n<meta property=\"og:url\" content=\"https:\/\/laprensacristiana.com\/?p=14736\" \/>\n<meta property=\"og:site_name\" content=\"La Prensa Cristiana\" \/>\n<meta property=\"article:published_time\" content=\"2023-03-29T03:58:38+00:00\" \/>\n<meta property=\"article:modified_time\" content=\"2023-03-29T03:58:39+00:00\" \/>\n<meta property=\"og:image\" content=\"https:\/\/laprensacristiana.com\/wp-content\/uploads\/2023\/03\/REFLEXI\u00d3N-PASTOR-MIGUEL-PERDOMO-copia.jpg\" \/>\n\t<meta property=\"og:image:width\" content=\"2000\" \/>\n\t<meta property=\"og:image:height\" content=\"1111\" \/>\n\t<meta property=\"og:image:type\" content=\"image\/jpeg\" \/>\n<meta name=\"author\" content=\"EDITOR\" \/>\n<meta name=\"twitter:card\" content=\"summary_large_image\" \/>\n<meta name=\"twitter:label1\" content=\"Escrito por\" \/>\n\t<meta name=\"twitter:data1\" content=\"EDITOR\" \/>\n\t<meta name=\"twitter:label2\" content=\"Tiempo de lectura\" \/>\n\t<meta name=\"twitter:data2\" content=\"2 minutos\" \/>\n<script type=\"application\/ld+json\" class=\"yoast-schema-graph\">{\"@context\":\"https:\/\/schema.org\",\"@graph\":[{\"@type\":\"WebPage\",\"@id\":\"https:\/\/laprensacristiana.com\/?p=14736\",\"url\":\"https:\/\/laprensacristiana.com\/?p=14736\",\"name\":\"No pierdas la esperanza - La Prensa Cristiana\",\"isPartOf\":{\"@id\":\"https:\/\/laprensacristiana.com\/#website\"},\"datePublished\":\"2023-03-29T03:58:38+00:00\",\"dateModified\":\"2023-03-29T03:58:39+00:00\",\"author\":{\"@id\":\"https:\/\/laprensacristiana.com\/#\/schema\/person\/3e7d82c6bfd6b1fa67010f8f7cd5256e\"},\"breadcrumb\":{\"@id\":\"https:\/\/laprensacristiana.com\/?p=14736#breadcrumb\"},\"inLanguage\":\"es\",\"potentialAction\":[{\"@type\":\"ReadAction\",\"target\":[\"https:\/\/laprensacristiana.com\/?p=14736\"]}]},{\"@type\":\"BreadcrumbList\",\"@id\":\"https:\/\/laprensacristiana.com\/?p=14736#breadcrumb\",\"itemListElement\":[{\"@type\":\"ListItem\",\"position\":1,\"name\":\"Portada\",\"item\":\"https:\/\/laprensacristiana.com\/\"},{\"@type\":\"ListItem\",\"position\":2,\"name\":\"No pierdas la esperanza\"}]},{\"@type\":\"WebSite\",\"@id\":\"https:\/\/laprensacristiana.com\/#website\",\"url\":\"https:\/\/laprensacristiana.com\/\",\"name\":\"La Prensa Cristiana\",\"description\":\"Anunciando Las Buenas Nuevas\",\"potentialAction\":[{\"@type\":\"SearchAction\",\"target\":{\"@type\":\"EntryPoint\",\"urlTemplate\":\"https:\/\/laprensacristiana.com\/?s={search_term_string}\"},\"query-input\":\"required name=search_term_string\"}],\"inLanguage\":\"es\"},{\"@type\":\"Person\",\"@id\":\"https:\/\/laprensacristiana.com\/#\/schema\/person\/3e7d82c6bfd6b1fa67010f8f7cd5256e\",\"name\":\"EDITOR\",\"image\":{\"@type\":\"ImageObject\",\"inLanguage\":\"es\",\"@id\":\"https:\/\/laprensacristiana.com\/#\/schema\/person\/image\/\",\"url\":\"https:\/\/secure.gravatar.com\/avatar\/72069dfb6c13772d9e8381e3638666d2?s=96&d=mm&r=g\",\"contentUrl\":\"https:\/\/secure.gravatar.com\/avatar\/72069dfb6c13772d9e8381e3638666d2?s=96&d=mm&r=g\",\"caption\":\"EDITOR\"},\"url\":\"https:\/\/laprensacristiana.com\/?author=3\"}]}<\/script>\n<!-- \/ Yoast SEO plugin. -->","yoast_head_json":{"title":"No pierdas la esperanza - La Prensa Cristiana","robots":{"index":"index","follow":"follow","max-snippet":"max-snippet:-1","max-image-preview":"max-image-preview:large","max-video-preview":"max-video-preview:-1"},"canonical":"https:\/\/laprensacristiana.com\/?p=14736","og_locale":"es_ES","og_type":"article","og_title":"No pierdas la esperanza - La Prensa Cristiana","og_description":"La esperanza es descrita como el estado de \u00e1nimo en el cual se cree que aquello que uno desea o pretende sea posible. Un ejemplo de este concepto puede ser planteado de la siguiente manera: alguien que este enfermo, pero tiene esperanza que va recibir la sanidad que su cuerpo necesita. \u00bfQu\u00e9 sucede cuando esto [&hellip;]","og_url":"https:\/\/laprensacristiana.com\/?p=14736","og_site_name":"La Prensa Cristiana","article_published_time":"2023-03-29T03:58:38+00:00","article_modified_time":"2023-03-29T03:58:39+00:00","og_image":[{"width":2000,"height":1111,"url":"https:\/\/laprensacristiana.com\/wp-content\/uploads\/2023\/03\/REFLEXI\u00d3N-PASTOR-MIGUEL-PERDOMO-copia.jpg","type":"image\/jpeg"}],"author":"EDITOR","twitter_card":"summary_large_image","twitter_misc":{"Escrito por":"EDITOR","Tiempo de lectura":"2 minutos"},"schema":{"@context":"https:\/\/schema.org","@graph":[{"@type":"WebPage","@id":"https:\/\/laprensacristiana.com\/?p=14736","url":"https:\/\/laprensacristiana.com\/?p=14736","name":"No pierdas la esperanza - La Prensa Cristiana","isPartOf":{"@id":"https:\/\/laprensacristiana.com\/#website"},"datePublished":"2023-03-29T03:58:38+00:00","dateModified":"2023-03-29T03:58:39+00:00","author":{"@id":"https:\/\/laprensacristiana.com\/#\/schema\/person\/3e7d82c6bfd6b1fa67010f8f7cd5256e"},"breadcrumb":{"@id":"https:\/\/laprensacristiana.com\/?p=14736#breadcrumb"},"inLanguage":"es","potentialAction":[{"@type":"ReadAction","target":["https:\/\/laprensacristiana.com\/?p=14736"]}]},{"@type":"BreadcrumbList","@id":"https:\/\/laprensacristiana.com\/?p=14736#breadcrumb","itemListElement":[{"@type":"ListItem","position":1,"name":"Portada","item":"https:\/\/laprensacristiana.com\/"},{"@type":"ListItem","position":2,"name":"No pierdas la esperanza"}]},{"@type":"WebSite","@id":"https:\/\/laprensacristiana.com\/#website","url":"https:\/\/laprensacristiana.com\/","name":"La Prensa Cristiana","description":"Anunciando Las Buenas Nuevas","potentialAction":[{"@type":"SearchAction","target":{"@type":"EntryPoint","urlTemplate":"https:\/\/laprensacristiana.com\/?s={search_term_string}"},"query-input":"required name=search_term_string"}],"inLanguage":"es"},{"@type":"Person","@id":"https:\/\/laprensacristiana.com\/#\/schema\/person\/3e7d82c6bfd6b1fa67010f8f7cd5256e","name":"EDITOR","image":{"@type":"ImageObject","inLanguage":"es","@id":"https:\/\/laprensacristiana.com\/#\/schema\/person\/image\/","url":"https:\/\/secure.gravatar.com\/avatar\/72069dfb6c13772d9e8381e3638666d2?s=96&d=mm&r=g","contentUrl":"https:\/\/secure.gravatar.com\/avatar\/72069dfb6c13772d9e8381e3638666d2?s=96&d=mm&r=g","caption":"EDITOR"},"url":"https:\/\/laprensacristiana.com\/?author=3"}]}},"_links":{"self":[{"href":"https:\/\/laprensacristiana.com\/index.php?rest_route=\/wp\/v2\/posts\/14736"}],"collection":[{"href":"https:\/\/laprensacristiana.com\/index.php?rest_route=\/wp\/v2\/posts"}],"about":[{"href":"https:\/\/laprensacristiana.com\/index.php?rest_route=\/wp\/v2\/types\/post"}],"author":[{"embeddable":true,"href":"https:\/\/laprensacristiana.com\/index.php?rest_route=\/wp\/v2\/users\/3"}],"replies":[{"embeddable":true,"href":"https:\/\/laprensacristiana.com\/index.php?rest_route=%2Fwp%2Fv2%2Fcomments&post=14736"}],"version-history":[{"count":1,"href":"https:\/\/laprensacristiana.com\/index.php?rest_route=\/wp\/v2\/posts\/14736\/revisions"}],"predecessor-version":[{"id":14738,"href":"https:\/\/laprensacristiana.com\/index.php?rest_route=\/wp\/v2\/posts\/14736\/revisions\/14738"}],"wp:featuredmedia":[{"embeddable":true,"href":"https:\/\/laprensacristiana.com\/index.php?rest_route=\/wp\/v2\/media\/14737"}],"wp:attachment":[{"href":"https:\/\/laprensacristiana.com\/index.php?rest_route=%2Fwp%2Fv2%2Fmedia&parent=14736"}],"wp:term":[{"taxonomy":"category","embeddable":true,"href":"https:\/\/laprensacristiana.com\/index.php?rest_route=%2Fwp%2Fv2%2Fcategories&post=14736"},{"taxonomy":"post_tag","embeddable":true,"href":"https:\/\/laprensacristiana.com\/index.php?rest_route=%2Fwp%2Fv2%2Ftags&post=14736"}],"curies":[{"name":"wp","href":"https:\/\/api.w.org\/{rel}","templated":true}]}}