{"id":14746,"date":"2023-03-29T21:11:00","date_gmt":"2023-03-29T21:11:00","guid":{"rendered":"https:\/\/laprensacristiana.com\/?p=14746"},"modified":"2023-03-29T21:16:46","modified_gmt":"2023-03-29T21:16:46","slug":"alianza-evangelica-habla-sobre-familia-y-ministerio-en-san-miguel","status":"publish","type":"post","link":"https:\/\/laprensacristiana.com\/?p=14746","title":{"rendered":"Alianza Evang\u00e9lica habla sobre familia y ministerio en San Miguel"},"content":{"rendered":"\n<p>Alianza Evang\u00e9lica de El Salvador llev\u00f3 a cabo su conferencia mensual en la zona oriental bajo el titulo: \u00abManteniendo el equilibrio entre el Ministerio y la familia\u201d a cargo del Pastor Luis \u00c1ngel Diaz , Pastor de la Iglesia de Dios en El Salvador, Secretario del Comit\u00e9 Directivo Nacional de Iglesia de Dios, quien ha sido presidente de Alianza Evang\u00e9lica de El Salvador.<\/p>\n\n\n\n<p>El evento se realiz\u00f3 en San Miguel, contando con la presencia de pastores, l\u00edderes de ministerios e instituciones educativas de la zona.<\/p>\n\n\n\n<p>La ense\u00f1anza del pastor D\u00edaz se bas\u00f3 en la importancia de tener claridad en nuestras prioridades como ministros, tomando como referencia 1 Timoteo 3:1-7.: \u201cEl ministro de Dios debe procurar su relaci\u00f3n personal con Dios\u2026 tener claridad en sus prioridades. Debe cumplir con requisitos espec\u00edficos, entre otros saber gobernar su casa porque esto lo califica para gobernar la iglesia\u201d.<\/p>\n\n\n\n<p>Durante la actividad hubo oportunidad de compartir un foro con preguntas y respuestas, hacer relaciones con hermanos de otros ministerios y compartir anuncios de actividades en la zona. Tambi\u00e9n los asistentes recibieron algunos recursos brindados por ministerios e instituciones.<\/p>\n\n\n\n<figure class=\"wp-block-gallery columns-3 is-cropped wp-block-gallery-1 is-layout-flex\"><ul class=\"blocks-gallery-grid\"><li class=\"blocks-gallery-item\"><figure><img decoding=\"async\" loading=\"lazy\" width=\"1024\" height=\"683\" src=\"https:\/\/laprensacristiana.com\/wp-content\/uploads\/2023\/03\/5E5B4B8D-6339-4500-91F8-3527C21D9564-1024x683.jpeg\" alt=\"\" data-id=\"14745\" data-full-url=\"https:\/\/laprensacristiana.com\/wp-content\/uploads\/2023\/03\/5E5B4B8D-6339-4500-91F8-3527C21D9564.jpeg\" data-link=\"https:\/\/laprensacristiana.com\/?attachment_id=14745\" class=\"wp-image-14745\" srcset=\"https:\/\/laprensacristiana.com\/wp-content\/uploads\/2023\/03\/5E5B4B8D-6339-4500-91F8-3527C21D9564-1024x683.jpeg 1024w, https:\/\/laprensacristiana.com\/wp-content\/uploads\/2023\/03\/5E5B4B8D-6339-4500-91F8-3527C21D9564-300x200.jpeg 300w, https:\/\/laprensacristiana.com\/wp-content\/uploads\/2023\/03\/5E5B4B8D-6339-4500-91F8-3527C21D9564-768x512.jpeg 768w, https:\/\/laprensacristiana.com\/wp-content\/uploads\/2023\/03\/5E5B4B8D-6339-4500-91F8-3527C21D9564-696x464.jpeg 696w, https:\/\/laprensacristiana.com\/wp-content\/uploads\/2023\/03\/5E5B4B8D-6339-4500-91F8-3527C21D9564-1068x712.jpeg 1068w, https:\/\/laprensacristiana.com\/wp-content\/uploads\/2023\/03\/5E5B4B8D-6339-4500-91F8-3527C21D9564-600x400.jpeg 600w, https:\/\/laprensacristiana.com\/wp-content\/uploads\/2023\/03\/5E5B4B8D-6339-4500-91F8-3527C21D9564.jpeg 1488w\" sizes=\"(max-width: 1024px) 100vw, 1024px\" \/><\/figure><\/li><li class=\"blocks-gallery-item\"><figure><img decoding=\"async\" loading=\"lazy\" width=\"1024\" height=\"683\" src=\"https:\/\/laprensacristiana.com\/wp-content\/uploads\/2023\/03\/D3A474EB-0353-4B5B-BB6A-824DD415ADAF-1024x683.jpeg\" alt=\"\" data-id=\"14744\" data-full-url=\"https:\/\/laprensacristiana.com\/wp-content\/uploads\/2023\/03\/D3A474EB-0353-4B5B-BB6A-824DD415ADAF.jpeg\" data-link=\"https:\/\/laprensacristiana.com\/?attachment_id=14744\" class=\"wp-image-14744\" srcset=\"https:\/\/laprensacristiana.com\/wp-content\/uploads\/2023\/03\/D3A474EB-0353-4B5B-BB6A-824DD415ADAF-1024x683.jpeg 1024w, https:\/\/laprensacristiana.com\/wp-content\/uploads\/2023\/03\/D3A474EB-0353-4B5B-BB6A-824DD415ADAF-300x200.jpeg 300w, https:\/\/laprensacristiana.com\/wp-content\/uploads\/2023\/03\/D3A474EB-0353-4B5B-BB6A-824DD415ADAF-768x512.jpeg 768w, https:\/\/laprensacristiana.com\/wp-content\/uploads\/2023\/03\/D3A474EB-0353-4B5B-BB6A-824DD415ADAF-696x464.jpeg 696w, https:\/\/laprensacristiana.com\/wp-content\/uploads\/2023\/03\/D3A474EB-0353-4B5B-BB6A-824DD415ADAF-1068x712.jpeg 1068w, https:\/\/laprensacristiana.com\/wp-content\/uploads\/2023\/03\/D3A474EB-0353-4B5B-BB6A-824DD415ADAF-600x400.jpeg 600w, https:\/\/laprensacristiana.com\/wp-content\/uploads\/2023\/03\/D3A474EB-0353-4B5B-BB6A-824DD415ADAF.jpeg 1488w\" sizes=\"(max-width: 1024px) 100vw, 1024px\" \/><\/figure><\/li><li class=\"blocks-gallery-item\"><figure><img decoding=\"async\" loading=\"lazy\" width=\"1024\" height=\"683\" src=\"https:\/\/laprensacristiana.com\/wp-content\/uploads\/2023\/03\/1BA02108-0BF8-4B9E-8196-88AC318888A3-1024x683.jpeg\" alt=\"\" data-id=\"14743\" data-full-url=\"https:\/\/laprensacristiana.com\/wp-content\/uploads\/2023\/03\/1BA02108-0BF8-4B9E-8196-88AC318888A3.jpeg\" data-link=\"https:\/\/laprensacristiana.com\/?attachment_id=14743\" class=\"wp-image-14743\" srcset=\"https:\/\/laprensacristiana.com\/wp-content\/uploads\/2023\/03\/1BA02108-0BF8-4B9E-8196-88AC318888A3-1024x683.jpeg 1024w, https:\/\/laprensacristiana.com\/wp-content\/uploads\/2023\/03\/1BA02108-0BF8-4B9E-8196-88AC318888A3-300x200.jpeg 300w, https:\/\/laprensacristiana.com\/wp-content\/uploads\/2023\/03\/1BA02108-0BF8-4B9E-8196-88AC318888A3-768x512.jpeg 768w, https:\/\/laprensacristiana.com\/wp-content\/uploads\/2023\/03\/1BA02108-0BF8-4B9E-8196-88AC318888A3-696x464.jpeg 696w, https:\/\/laprensacristiana.com\/wp-content\/uploads\/2023\/03\/1BA02108-0BF8-4B9E-8196-88AC318888A3-1068x712.jpeg 1068w, https:\/\/laprensacristiana.com\/wp-content\/uploads\/2023\/03\/1BA02108-0BF8-4B9E-8196-88AC318888A3-600x400.jpeg 600w, https:\/\/laprensacristiana.com\/wp-content\/uploads\/2023\/03\/1BA02108-0BF8-4B9E-8196-88AC318888A3.jpeg 1488w\" sizes=\"(max-width: 1024px) 100vw, 1024px\" \/><\/figure><\/li><li class=\"blocks-gallery-item\"><figure><img decoding=\"async\" loading=\"lazy\" width=\"1024\" height=\"683\" src=\"https:\/\/laprensacristiana.com\/wp-content\/uploads\/2023\/03\/E56D8F83-12E0-45F6-AB64-7F23A4F6C269-1024x683.jpeg\" alt=\"\" data-id=\"14742\" data-full-url=\"https:\/\/laprensacristiana.com\/wp-content\/uploads\/2023\/03\/E56D8F83-12E0-45F6-AB64-7F23A4F6C269.jpeg\" data-link=\"https:\/\/laprensacristiana.com\/?attachment_id=14742\" class=\"wp-image-14742\" srcset=\"https:\/\/laprensacristiana.com\/wp-content\/uploads\/2023\/03\/E56D8F83-12E0-45F6-AB64-7F23A4F6C269-1024x683.jpeg 1024w, https:\/\/laprensacristiana.com\/wp-content\/uploads\/2023\/03\/E56D8F83-12E0-45F6-AB64-7F23A4F6C269-300x200.jpeg 300w, https:\/\/laprensacristiana.com\/wp-content\/uploads\/2023\/03\/E56D8F83-12E0-45F6-AB64-7F23A4F6C269-768x512.jpeg 768w, https:\/\/laprensacristiana.com\/wp-content\/uploads\/2023\/03\/E56D8F83-12E0-45F6-AB64-7F23A4F6C269-696x464.jpeg 696w, https:\/\/laprensacristiana.com\/wp-content\/uploads\/2023\/03\/E56D8F83-12E0-45F6-AB64-7F23A4F6C269-1068x712.jpeg 1068w, https:\/\/laprensacristiana.com\/wp-content\/uploads\/2023\/03\/E56D8F83-12E0-45F6-AB64-7F23A4F6C269-600x400.jpeg 600w, https:\/\/laprensacristiana.com\/wp-content\/uploads\/2023\/03\/E56D8F83-12E0-45F6-AB64-7F23A4F6C269.jpeg 1488w\" sizes=\"(max-width: 1024px) 100vw, 1024px\" \/><\/figure><\/li><li class=\"blocks-gallery-item\"><figure><img decoding=\"async\" loading=\"lazy\" width=\"1024\" height=\"711\" src=\"https:\/\/laprensacristiana.com\/wp-content\/uploads\/2023\/03\/29075E4B-66D5-4F61-A927-A1AD765BABAC-1024x711.jpeg\" alt=\"\" data-id=\"14741\" data-full-url=\"https:\/\/laprensacristiana.com\/wp-content\/uploads\/2023\/03\/29075E4B-66D5-4F61-A927-A1AD765BABAC.jpeg\" data-link=\"https:\/\/laprensacristiana.com\/?attachment_id=14741\" class=\"wp-image-14741\" srcset=\"https:\/\/laprensacristiana.com\/wp-content\/uploads\/2023\/03\/29075E4B-66D5-4F61-A927-A1AD765BABAC-1024x711.jpeg 1024w, https:\/\/laprensacristiana.com\/wp-content\/uploads\/2023\/03\/29075E4B-66D5-4F61-A927-A1AD765BABAC-300x208.jpeg 300w, https:\/\/laprensacristiana.com\/wp-content\/uploads\/2023\/03\/29075E4B-66D5-4F61-A927-A1AD765BABAC-768x533.jpeg 768w, https:\/\/laprensacristiana.com\/wp-content\/uploads\/2023\/03\/29075E4B-66D5-4F61-A927-A1AD765BABAC-218x150.jpeg 218w, https:\/\/laprensacristiana.com\/wp-content\/uploads\/2023\/03\/29075E4B-66D5-4F61-A927-A1AD765BABAC-696x483.jpeg 696w, https:\/\/laprensacristiana.com\/wp-content\/uploads\/2023\/03\/29075E4B-66D5-4F61-A927-A1AD765BABAC-1068x741.jpeg 1068w, https:\/\/laprensacristiana.com\/wp-content\/uploads\/2023\/03\/29075E4B-66D5-4F61-A927-A1AD765BABAC-600x417.jpeg 600w, https:\/\/laprensacristiana.com\/wp-content\/uploads\/2023\/03\/29075E4B-66D5-4F61-A927-A1AD765BABAC.jpeg 1341w\" sizes=\"(max-width: 1024px) 100vw, 1024px\" \/><\/figure><\/li><\/ul><\/figure>\n","protected":false},"excerpt":{"rendered":"<p>Alianza Evang\u00e9lica de El Salvador llev\u00f3 a cabo su conferencia mensual en la zona oriental bajo el titulo: \u00abManteniendo el equilibrio entre el Ministerio y la familia\u201d a cargo del Pastor Luis \u00c1ngel Diaz , Pastor de la Iglesia de Dios en El Salvador, Secretario del Comit\u00e9 Directivo Nacional de Iglesia de Dios, quien ha [&hellip;]<\/p>\n","protected":false},"author":3,"featured_media":14740,"comment_status":"open","ping_status":"open","sticky":false,"template":"","format":"standard","meta":[],"categories":[56],"tags":[],"yoast_head":"<!-- This site is optimized with the Yoast SEO plugin v20.8 - https:\/\/yoast.com\/wordpress\/plugins\/seo\/ -->\n<title>Alianza Evang\u00e9lica habla sobre familia y ministerio en San Miguel - La Prensa Cristiana<\/title>\n<meta name=\"robots\" content=\"index, follow, max-snippet:-1, max-image-preview:large, max-video-preview:-1\" \/>\n<link rel=\"canonical\" href=\"https:\/\/laprensacristiana.com\/?p=14746\" \/>\n<meta property=\"og:locale\" content=\"es_ES\" \/>\n<meta property=\"og:type\" content=\"article\" \/>\n<meta property=\"og:title\" content=\"Alianza Evang\u00e9lica habla sobre familia y ministerio en San Miguel - La Prensa Cristiana\" \/>\n<meta property=\"og:description\" content=\"Alianza Evang\u00e9lica de El Salvador llev\u00f3 a cabo su conferencia mensual en la zona oriental bajo el titulo: \u00abManteniendo el equilibrio entre el Ministerio y la familia\u201d a cargo del Pastor Luis \u00c1ngel Diaz , Pastor de la Iglesia de Dios en El Salvador, Secretario del Comit\u00e9 Directivo Nacional de Iglesia de Dios, quien ha [&hellip;]\" \/>\n<meta property=\"og:url\" content=\"https:\/\/laprensacristiana.com\/?p=14746\" \/>\n<meta property=\"og:site_name\" content=\"La Prensa Cristiana\" \/>\n<meta property=\"article:published_time\" content=\"2023-03-29T21:11:00+00:00\" \/>\n<meta property=\"article:modified_time\" content=\"2023-03-29T21:16:46+00:00\" \/>\n<meta property=\"og:image\" content=\"https:\/\/laprensacristiana.com\/wp-content\/uploads\/2023\/03\/E6A6B749-4883-4251-988F-2CF900EB3CD8.jpeg\" \/>\n\t<meta property=\"og:image:width\" content=\"1299\" \/>\n\t<meta property=\"og:image:height\" content=\"947\" \/>\n\t<meta property=\"og:image:type\" content=\"image\/jpeg\" \/>\n<meta name=\"author\" content=\"EDITOR\" \/>\n<meta name=\"twitter:card\" content=\"summary_large_image\" \/>\n<meta name=\"twitter:label1\" content=\"Escrito por\" \/>\n\t<meta name=\"twitter:data1\" content=\"EDITOR\" \/>\n\t<meta name=\"twitter:label2\" content=\"Tiempo de lectura\" \/>\n\t<meta name=\"twitter:data2\" content=\"1 minuto\" \/>\n<script type=\"application\/ld+json\" class=\"yoast-schema-graph\">{\"@context\":\"https:\/\/schema.org\",\"@graph\":[{\"@type\":\"WebPage\",\"@id\":\"https:\/\/laprensacristiana.com\/?p=14746\",\"url\":\"https:\/\/laprensacristiana.com\/?p=14746\",\"name\":\"Alianza Evang\u00e9lica habla sobre familia y ministerio en San Miguel - La Prensa Cristiana\",\"isPartOf\":{\"@id\":\"https:\/\/laprensacristiana.com\/#website\"},\"datePublished\":\"2023-03-29T21:11:00+00:00\",\"dateModified\":\"2023-03-29T21:16:46+00:00\",\"author\":{\"@id\":\"https:\/\/laprensacristiana.com\/#\/schema\/person\/3e7d82c6bfd6b1fa67010f8f7cd5256e\"},\"breadcrumb\":{\"@id\":\"https:\/\/laprensacristiana.com\/?p=14746#breadcrumb\"},\"inLanguage\":\"es\",\"potentialAction\":[{\"@type\":\"ReadAction\",\"target\":[\"https:\/\/laprensacristiana.com\/?p=14746\"]}]},{\"@type\":\"BreadcrumbList\",\"@id\":\"https:\/\/laprensacristiana.com\/?p=14746#breadcrumb\",\"itemListElement\":[{\"@type\":\"ListItem\",\"position\":1,\"name\":\"Portada\",\"item\":\"https:\/\/laprensacristiana.com\/\"},{\"@type\":\"ListItem\",\"position\":2,\"name\":\"Alianza Evang\u00e9lica habla sobre familia y ministerio en San Miguel\"}]},{\"@type\":\"WebSite\",\"@id\":\"https:\/\/laprensacristiana.com\/#website\",\"url\":\"https:\/\/laprensacristiana.com\/\",\"name\":\"La Prensa Cristiana\",\"description\":\"Anunciando Las Buenas Nuevas\",\"potentialAction\":[{\"@type\":\"SearchAction\",\"target\":{\"@type\":\"EntryPoint\",\"urlTemplate\":\"https:\/\/laprensacristiana.com\/?s={search_term_string}\"},\"query-input\":\"required name=search_term_string\"}],\"inLanguage\":\"es\"},{\"@type\":\"Person\",\"@id\":\"https:\/\/laprensacristiana.com\/#\/schema\/person\/3e7d82c6bfd6b1fa67010f8f7cd5256e\",\"name\":\"EDITOR\",\"image\":{\"@type\":\"ImageObject\",\"inLanguage\":\"es\",\"@id\":\"https:\/\/laprensacristiana.com\/#\/schema\/person\/image\/\",\"url\":\"https:\/\/secure.gravatar.com\/avatar\/72069dfb6c13772d9e8381e3638666d2?s=96&d=mm&r=g\",\"contentUrl\":\"https:\/\/secure.gravatar.com\/avatar\/72069dfb6c13772d9e8381e3638666d2?s=96&d=mm&r=g\",\"caption\":\"EDITOR\"},\"url\":\"https:\/\/laprensacristiana.com\/?author=3\"}]}<\/script>\n<!-- \/ Yoast SEO plugin. -->","yoast_head_json":{"title":"Alianza Evang\u00e9lica habla sobre familia y ministerio en San Miguel - La Prensa Cristiana","robots":{"index":"index","follow":"follow","max-snippet":"max-snippet:-1","max-image-preview":"max-image-preview:large","max-video-preview":"max-video-preview:-1"},"canonical":"https:\/\/laprensacristiana.com\/?p=14746","og_locale":"es_ES","og_type":"article","og_title":"Alianza Evang\u00e9lica habla sobre familia y ministerio en San Miguel - La Prensa Cristiana","og_description":"Alianza Evang\u00e9lica de El Salvador llev\u00f3 a cabo su conferencia mensual en la zona oriental bajo el titulo: \u00abManteniendo el equilibrio entre el Ministerio y la familia\u201d a cargo del Pastor Luis \u00c1ngel Diaz , Pastor de la Iglesia de Dios en El Salvador, Secretario del Comit\u00e9 Directivo Nacional de Iglesia de Dios, quien ha [&hellip;]","og_url":"https:\/\/laprensacristiana.com\/?p=14746","og_site_name":"La Prensa Cristiana","article_published_time":"2023-03-29T21:11:00+00:00","article_modified_time":"2023-03-29T21:16:46+00:00","og_image":[{"width":1299,"height":947,"url":"https:\/\/laprensacristiana.com\/wp-content\/uploads\/2023\/03\/E6A6B749-4883-4251-988F-2CF900EB3CD8.jpeg","type":"image\/jpeg"}],"author":"EDITOR","twitter_card":"summary_large_image","twitter_misc":{"Escrito por":"EDITOR","Tiempo de lectura":"1 minuto"},"schema":{"@context":"https:\/\/schema.org","@graph":[{"@type":"WebPage","@id":"https:\/\/laprensacristiana.com\/?p=14746","url":"https:\/\/laprensacristiana.com\/?p=14746","name":"Alianza Evang\u00e9lica habla sobre familia y ministerio en San Miguel - La Prensa Cristiana","isPartOf":{"@id":"https:\/\/laprensacristiana.com\/#website"},"datePublished":"2023-03-29T21:11:00+00:00","dateModified":"2023-03-29T21:16:46+00:00","author":{"@id":"https:\/\/laprensacristiana.com\/#\/schema\/person\/3e7d82c6bfd6b1fa67010f8f7cd5256e"},"breadcrumb":{"@id":"https:\/\/laprensacristiana.com\/?p=14746#breadcrumb"},"inLanguage":"es","potentialAction":[{"@type":"ReadAction","target":["https:\/\/laprensacristiana.com\/?p=14746"]}]},{"@type":"BreadcrumbList","@id":"https:\/\/laprensacristiana.com\/?p=14746#breadcrumb","itemListElement":[{"@type":"ListItem","position":1,"name":"Portada","item":"https:\/\/laprensacristiana.com\/"},{"@type":"ListItem","position":2,"name":"Alianza Evang\u00e9lica habla sobre familia y ministerio en San Miguel"}]},{"@type":"WebSite","@id":"https:\/\/laprensacristiana.com\/#website","url":"https:\/\/laprensacristiana.com\/","name":"La Prensa Cristiana","description":"Anunciando Las Buenas Nuevas","potentialAction":[{"@type":"SearchAction","target":{"@type":"EntryPoint","urlTemplate":"https:\/\/laprensacristiana.com\/?s={search_term_string}"},"query-input":"required name=search_term_string"}],"inLanguage":"es"},{"@type":"Person","@id":"https:\/\/laprensacristiana.com\/#\/schema\/person\/3e7d82c6bfd6b1fa67010f8f7cd5256e","name":"EDITOR","image":{"@type":"ImageObject","inLanguage":"es","@id":"https:\/\/laprensacristiana.com\/#\/schema\/person\/image\/","url":"https:\/\/secure.gravatar.com\/avatar\/72069dfb6c13772d9e8381e3638666d2?s=96&d=mm&r=g","contentUrl":"https:\/\/secure.gravatar.com\/avatar\/72069dfb6c13772d9e8381e3638666d2?s=96&d=mm&r=g","caption":"EDITOR"},"url":"https:\/\/laprensacristiana.com\/?author=3"}]}},"_links":{"self":[{"href":"https:\/\/laprensacristiana.com\/index.php?rest_route=\/wp\/v2\/posts\/14746"}],"collection":[{"href":"https:\/\/laprensacristiana.com\/index.php?rest_route=\/wp\/v2\/posts"}],"about":[{"href":"https:\/\/laprensacristiana.com\/index.php?rest_route=\/wp\/v2\/types\/post"}],"author":[{"embeddable":true,"href":"https:\/\/laprensacristiana.com\/index.php?rest_route=\/wp\/v2\/users\/3"}],"replies":[{"embeddable":true,"href":"https:\/\/laprensacristiana.com\/index.php?rest_route=%2Fwp%2Fv2%2Fcomments&post=14746"}],"version-history":[{"count":2,"href":"https:\/\/laprensacristiana.com\/index.php?rest_route=\/wp\/v2\/posts\/14746\/revisions"}],"predecessor-version":[{"id":14748,"href":"https:\/\/laprensacristiana.com\/index.php?rest_route=\/wp\/v2\/posts\/14746\/revisions\/14748"}],"wp:featuredmedia":[{"embeddable":true,"href":"https:\/\/laprensacristiana.com\/index.php?rest_route=\/wp\/v2\/media\/14740"}],"wp:attachment":[{"href":"https:\/\/laprensacristiana.com\/index.php?rest_route=%2Fwp%2Fv2%2Fmedia&parent=14746"}],"wp:term":[{"taxonomy":"category","embeddable":true,"href":"https:\/\/laprensacristiana.com\/index.php?rest_route=%2Fwp%2Fv2%2Fcategories&post=14746"},{"taxonomy":"post_tag","embeddable":true,"href":"https:\/\/laprensacristiana.com\/index.php?rest_route=%2Fwp%2Fv2%2Ftags&post=14746"}],"curies":[{"name":"wp","href":"https:\/\/api.w.org\/{rel}","templated":true}]}}