{"id":14755,"date":"2023-03-30T18:34:24","date_gmt":"2023-03-30T18:34:24","guid":{"rendered":"https:\/\/laprensacristiana.com\/?p=14755"},"modified":"2023-03-30T18:34:26","modified_gmt":"2023-03-30T18:34:26","slug":"hija-de-pastor-es-una-de-las-victimas-mortales-del-tiroteo-en-nashville-en-ee-uu","status":"publish","type":"post","link":"https:\/\/laprensacristiana.com\/?p=14755","title":{"rendered":"Hija de pastor es una de las v\u00edctimas mortales del tiroteo en Nashville en EE.UU."},"content":{"rendered":"\n<p><em>Por: Ethel Palacios <\/em><\/p>\n\n\n\n<p>Seg\u00fan medios internacionales, la hija del pastor Chad Shcruggs, pastor principal de la Iglesia Presbiteriana Covenant, fue una de las 6 v\u00edctimas mortales que dej\u00f3 el tiroteo en una escuela cristiana privada. La peque\u00f1a ten\u00eda 9 a\u00f1os de edad.<\/p>\n\n\n\n<p>La iglesia hermana&nbsp;&nbsp;Presbiteriana de Park Cities, emiti\u00f3 un comunicado sobre lo ocurrido:&nbsp;<\/p>\n\n\n\n<p>La familia de la Iglesia Presbiteriana de Park Cities (PCPC) est\u00e1 incre\u00edblemente entristecida por la tragedia inimaginable de hoy en la Escuela Presbiteriana de Covenant en Nashville, TN. La Iglesia Presbiteriana del Pacto es una iglesia hermana de PCPC; muchos de nuestros miembros tienen amistades profundas y conexiones familiares all\u00ed. \u201cLloramos profundamente por el dolor inimaginable que nuestros amigos de la Iglesia y Escuela Presbiteriana Covenant est\u00e1n sufriendo y seguir\u00e1n sufriendo. Como hermanos y hermanas en Cristo, sufriremos junto a nuestros amigos y nos afligiremos juntos, pero no como los que no tienen la esperanza de Jes\u00fas\u00bb, dijo Paul Goebel, pastor asociado.<\/p>\n","protected":false},"excerpt":{"rendered":"<p>Por: Ethel Palacios Seg\u00fan medios internacionales, la hija del pastor Chad Shcruggs, pastor principal de la Iglesia Presbiteriana Covenant, fue una de las 6 v\u00edctimas mortales que dej\u00f3 el tiroteo en una escuela cristiana privada. La peque\u00f1a ten\u00eda 9 a\u00f1os de edad. La iglesia hermana&nbsp;&nbsp;Presbiteriana de Park Cities, emiti\u00f3 un comunicado sobre lo ocurrido:&nbsp; La [&hellip;]<\/p>\n","protected":false},"author":3,"featured_media":14756,"comment_status":"open","ping_status":"open","sticky":false,"template":"","format":"standard","meta":[],"categories":[56],"tags":[],"yoast_head":"<!-- This site is optimized with the Yoast SEO plugin v20.8 - https:\/\/yoast.com\/wordpress\/plugins\/seo\/ -->\n<title>Hija de pastor es una de las v\u00edctimas mortales del tiroteo en Nashville en EE.UU. - La Prensa Cristiana<\/title>\n<meta name=\"robots\" content=\"index, follow, max-snippet:-1, max-image-preview:large, max-video-preview:-1\" \/>\n<link rel=\"canonical\" href=\"https:\/\/laprensacristiana.com\/?p=14755\" \/>\n<meta property=\"og:locale\" content=\"es_ES\" \/>\n<meta property=\"og:type\" content=\"article\" \/>\n<meta property=\"og:title\" content=\"Hija de pastor es una de las v\u00edctimas mortales del tiroteo en Nashville en EE.UU. - La Prensa Cristiana\" \/>\n<meta property=\"og:description\" content=\"Por: Ethel Palacios Seg\u00fan medios internacionales, la hija del pastor Chad Shcruggs, pastor principal de la Iglesia Presbiteriana Covenant, fue una de las 6 v\u00edctimas mortales que dej\u00f3 el tiroteo en una escuela cristiana privada. La peque\u00f1a ten\u00eda 9 a\u00f1os de edad. La iglesia hermana&nbsp;&nbsp;Presbiteriana de Park Cities, emiti\u00f3 un comunicado sobre lo ocurrido:&nbsp; La [&hellip;]\" \/>\n<meta property=\"og:url\" content=\"https:\/\/laprensacristiana.com\/?p=14755\" \/>\n<meta property=\"og:site_name\" content=\"La Prensa Cristiana\" \/>\n<meta property=\"article:published_time\" content=\"2023-03-30T18:34:24+00:00\" \/>\n<meta property=\"article:modified_time\" content=\"2023-03-30T18:34:26+00:00\" \/>\n<meta property=\"og:image\" content=\"https:\/\/laprensacristiana.com\/wp-content\/uploads\/2023\/03\/DC7E950E-3277-429C-A23C-4C39521561DA.jpeg\" \/>\n\t<meta property=\"og:image:width\" content=\"720\" \/>\n\t<meta property=\"og:image:height\" content=\"1080\" \/>\n\t<meta property=\"og:image:type\" content=\"image\/jpeg\" \/>\n<meta name=\"author\" content=\"EDITOR\" \/>\n<meta name=\"twitter:card\" content=\"summary_large_image\" \/>\n<meta name=\"twitter:label1\" content=\"Escrito por\" \/>\n\t<meta name=\"twitter:data1\" content=\"EDITOR\" \/>\n\t<meta name=\"twitter:label2\" content=\"Tiempo de lectura\" \/>\n\t<meta name=\"twitter:data2\" content=\"1 minuto\" \/>\n<script type=\"application\/ld+json\" class=\"yoast-schema-graph\">{\"@context\":\"https:\/\/schema.org\",\"@graph\":[{\"@type\":\"WebPage\",\"@id\":\"https:\/\/laprensacristiana.com\/?p=14755\",\"url\":\"https:\/\/laprensacristiana.com\/?p=14755\",\"name\":\"Hija de pastor es una de las v\u00edctimas mortales del tiroteo en Nashville en EE.UU. - La Prensa Cristiana\",\"isPartOf\":{\"@id\":\"https:\/\/laprensacristiana.com\/#website\"},\"datePublished\":\"2023-03-30T18:34:24+00:00\",\"dateModified\":\"2023-03-30T18:34:26+00:00\",\"author\":{\"@id\":\"https:\/\/laprensacristiana.com\/#\/schema\/person\/3e7d82c6bfd6b1fa67010f8f7cd5256e\"},\"breadcrumb\":{\"@id\":\"https:\/\/laprensacristiana.com\/?p=14755#breadcrumb\"},\"inLanguage\":\"es\",\"potentialAction\":[{\"@type\":\"ReadAction\",\"target\":[\"https:\/\/laprensacristiana.com\/?p=14755\"]}]},{\"@type\":\"BreadcrumbList\",\"@id\":\"https:\/\/laprensacristiana.com\/?p=14755#breadcrumb\",\"itemListElement\":[{\"@type\":\"ListItem\",\"position\":1,\"name\":\"Portada\",\"item\":\"https:\/\/laprensacristiana.com\/\"},{\"@type\":\"ListItem\",\"position\":2,\"name\":\"Hija de pastor es una de las v\u00edctimas mortales del tiroteo en Nashville en EE.UU.\"}]},{\"@type\":\"WebSite\",\"@id\":\"https:\/\/laprensacristiana.com\/#website\",\"url\":\"https:\/\/laprensacristiana.com\/\",\"name\":\"La Prensa Cristiana\",\"description\":\"Anunciando Las Buenas Nuevas\",\"potentialAction\":[{\"@type\":\"SearchAction\",\"target\":{\"@type\":\"EntryPoint\",\"urlTemplate\":\"https:\/\/laprensacristiana.com\/?s={search_term_string}\"},\"query-input\":\"required name=search_term_string\"}],\"inLanguage\":\"es\"},{\"@type\":\"Person\",\"@id\":\"https:\/\/laprensacristiana.com\/#\/schema\/person\/3e7d82c6bfd6b1fa67010f8f7cd5256e\",\"name\":\"EDITOR\",\"image\":{\"@type\":\"ImageObject\",\"inLanguage\":\"es\",\"@id\":\"https:\/\/laprensacristiana.com\/#\/schema\/person\/image\/\",\"url\":\"https:\/\/secure.gravatar.com\/avatar\/72069dfb6c13772d9e8381e3638666d2?s=96&d=mm&r=g\",\"contentUrl\":\"https:\/\/secure.gravatar.com\/avatar\/72069dfb6c13772d9e8381e3638666d2?s=96&d=mm&r=g\",\"caption\":\"EDITOR\"},\"url\":\"https:\/\/laprensacristiana.com\/?author=3\"}]}<\/script>\n<!-- \/ Yoast SEO plugin. -->","yoast_head_json":{"title":"Hija de pastor es una de las v\u00edctimas mortales del tiroteo en Nashville en EE.UU. - La Prensa Cristiana","robots":{"index":"index","follow":"follow","max-snippet":"max-snippet:-1","max-image-preview":"max-image-preview:large","max-video-preview":"max-video-preview:-1"},"canonical":"https:\/\/laprensacristiana.com\/?p=14755","og_locale":"es_ES","og_type":"article","og_title":"Hija de pastor es una de las v\u00edctimas mortales del tiroteo en Nashville en EE.UU. - La Prensa Cristiana","og_description":"Por: Ethel Palacios Seg\u00fan medios internacionales, la hija del pastor Chad Shcruggs, pastor principal de la Iglesia Presbiteriana Covenant, fue una de las 6 v\u00edctimas mortales que dej\u00f3 el tiroteo en una escuela cristiana privada. La peque\u00f1a ten\u00eda 9 a\u00f1os de edad. La iglesia hermana&nbsp;&nbsp;Presbiteriana de Park Cities, emiti\u00f3 un comunicado sobre lo ocurrido:&nbsp; La [&hellip;]","og_url":"https:\/\/laprensacristiana.com\/?p=14755","og_site_name":"La Prensa Cristiana","article_published_time":"2023-03-30T18:34:24+00:00","article_modified_time":"2023-03-30T18:34:26+00:00","og_image":[{"width":720,"height":1080,"url":"https:\/\/laprensacristiana.com\/wp-content\/uploads\/2023\/03\/DC7E950E-3277-429C-A23C-4C39521561DA.jpeg","type":"image\/jpeg"}],"author":"EDITOR","twitter_card":"summary_large_image","twitter_misc":{"Escrito por":"EDITOR","Tiempo de lectura":"1 minuto"},"schema":{"@context":"https:\/\/schema.org","@graph":[{"@type":"WebPage","@id":"https:\/\/laprensacristiana.com\/?p=14755","url":"https:\/\/laprensacristiana.com\/?p=14755","name":"Hija de pastor es una de las v\u00edctimas mortales del tiroteo en Nashville en EE.UU. - La Prensa Cristiana","isPartOf":{"@id":"https:\/\/laprensacristiana.com\/#website"},"datePublished":"2023-03-30T18:34:24+00:00","dateModified":"2023-03-30T18:34:26+00:00","author":{"@id":"https:\/\/laprensacristiana.com\/#\/schema\/person\/3e7d82c6bfd6b1fa67010f8f7cd5256e"},"breadcrumb":{"@id":"https:\/\/laprensacristiana.com\/?p=14755#breadcrumb"},"inLanguage":"es","potentialAction":[{"@type":"ReadAction","target":["https:\/\/laprensacristiana.com\/?p=14755"]}]},{"@type":"BreadcrumbList","@id":"https:\/\/laprensacristiana.com\/?p=14755#breadcrumb","itemListElement":[{"@type":"ListItem","position":1,"name":"Portada","item":"https:\/\/laprensacristiana.com\/"},{"@type":"ListItem","position":2,"name":"Hija de pastor es una de las v\u00edctimas mortales del tiroteo en Nashville en EE.UU."}]},{"@type":"WebSite","@id":"https:\/\/laprensacristiana.com\/#website","url":"https:\/\/laprensacristiana.com\/","name":"La Prensa Cristiana","description":"Anunciando Las Buenas Nuevas","potentialAction":[{"@type":"SearchAction","target":{"@type":"EntryPoint","urlTemplate":"https:\/\/laprensacristiana.com\/?s={search_term_string}"},"query-input":"required name=search_term_string"}],"inLanguage":"es"},{"@type":"Person","@id":"https:\/\/laprensacristiana.com\/#\/schema\/person\/3e7d82c6bfd6b1fa67010f8f7cd5256e","name":"EDITOR","image":{"@type":"ImageObject","inLanguage":"es","@id":"https:\/\/laprensacristiana.com\/#\/schema\/person\/image\/","url":"https:\/\/secure.gravatar.com\/avatar\/72069dfb6c13772d9e8381e3638666d2?s=96&d=mm&r=g","contentUrl":"https:\/\/secure.gravatar.com\/avatar\/72069dfb6c13772d9e8381e3638666d2?s=96&d=mm&r=g","caption":"EDITOR"},"url":"https:\/\/laprensacristiana.com\/?author=3"}]}},"_links":{"self":[{"href":"https:\/\/laprensacristiana.com\/index.php?rest_route=\/wp\/v2\/posts\/14755"}],"collection":[{"href":"https:\/\/laprensacristiana.com\/index.php?rest_route=\/wp\/v2\/posts"}],"about":[{"href":"https:\/\/laprensacristiana.com\/index.php?rest_route=\/wp\/v2\/types\/post"}],"author":[{"embeddable":true,"href":"https:\/\/laprensacristiana.com\/index.php?rest_route=\/wp\/v2\/users\/3"}],"replies":[{"embeddable":true,"href":"https:\/\/laprensacristiana.com\/index.php?rest_route=%2Fwp%2Fv2%2Fcomments&post=14755"}],"version-history":[{"count":1,"href":"https:\/\/laprensacristiana.com\/index.php?rest_route=\/wp\/v2\/posts\/14755\/revisions"}],"predecessor-version":[{"id":14757,"href":"https:\/\/laprensacristiana.com\/index.php?rest_route=\/wp\/v2\/posts\/14755\/revisions\/14757"}],"wp:featuredmedia":[{"embeddable":true,"href":"https:\/\/laprensacristiana.com\/index.php?rest_route=\/wp\/v2\/media\/14756"}],"wp:attachment":[{"href":"https:\/\/laprensacristiana.com\/index.php?rest_route=%2Fwp%2Fv2%2Fmedia&parent=14755"}],"wp:term":[{"taxonomy":"category","embeddable":true,"href":"https:\/\/laprensacristiana.com\/index.php?rest_route=%2Fwp%2Fv2%2Fcategories&post=14755"},{"taxonomy":"post_tag","embeddable":true,"href":"https:\/\/laprensacristiana.com\/index.php?rest_route=%2Fwp%2Fv2%2Ftags&post=14755"}],"curies":[{"name":"wp","href":"https:\/\/api.w.org\/{rel}","templated":true}]}}