{"id":14761,"date":"2023-03-31T12:33:05","date_gmt":"2023-03-31T12:33:05","guid":{"rendered":"https:\/\/laprensacristiana.com\/?p=14761"},"modified":"2023-03-31T12:33:06","modified_gmt":"2023-03-31T12:33:06","slug":"la-importancia-de-ser-padre","status":"publish","type":"post","link":"https:\/\/laprensacristiana.com\/?p=14761","title":{"rendered":"\u00a1La importancia de ser padre!"},"content":{"rendered":"\n<p>G\u00e9nesis 12:1 \u201cY el SE\u00d1OR dijo a Abram: Vete de tu tierra, de entre tus parientes y de la casa de tu padre, a la tierra que yo te mostrar\u00e9\u201d<\/p>\n\n\n\n<p>Bueno, estamos en la era de la p\u00e9rdida de los valores familiares. Pero no se asusten, lectores, que eso ya sucedi\u00f3 mucho antes que todos nosotros naci\u00e9ramos o siquiera pens\u00e1ramos en nacer.<\/p>\n\n\n\n<p>Claro, eso no es pretexto para repetir la historia. El hecho que ya haya sucedido lo que estamos viendo y viviendo hoy en d\u00eda no es excusa para que no pongamos las barbas en remojo. Especialmente los hombres. Si, los hombres que se casan, tienen buenos empleos, abundancia de t\u00edtulos acad\u00e9micos y buenos sueldos, tienen hijos y no saben como ser lo que sus hijos los llaman: pap\u00e1.<\/p>\n\n\n\n<p>Siempre se ha escuchado decir que nadie nos ense\u00f1a a ser padres. Pero eso es mentira. Porque para eso existe el espejo que se llama Biblia. El problema es que nadie la lee antes de ser padre. Incluy\u00e9ndome a mi por supuesto. Ahora que peino canas, que transito por la que llaman la \u201ctercera edad\u201d y soy abuelo de varios nietos me veo en la necesidad de escribir un poco de esto.<\/p>\n\n\n\n<p>Les contar\u00e9 la historia que me motiva a hablarles de esto\u2026<\/p>\n\n\n\n<p>Aunque No\u00e9 era un hombre justo delante de Dios, no ten\u00eda la capacidad de encaminar a sus hijos en la justicia de Dios.&nbsp; Despu\u00e9s de salir del arca se convirti\u00f3 en un experto en agricultura.&nbsp;&nbsp; Parece que su dedicaci\u00f3n a su vida laboral ocupaba demasiado lugar en su vida de modo que la educaci\u00f3n de sus hijos y sus nietos no ten\u00eda tanta prioridad. Al igual que hoy, los padres se est\u00e1n dedicando m\u00e1s a su autorrealizaci\u00f3n profesional y le est\u00e1n delegando a la escuela y al gobierno la educaci\u00f3n de sus hijos.&nbsp; Y es por eso que los est\u00e1n perdiendo.<\/p>\n\n\n\n<p>Lo que llama la atenci\u00f3n es que Noe bebi\u00f3 vino solo, sin compartir la alegr\u00eda del producto de la tierra con su familia.&nbsp; Esto indica que su mente estaba m\u00e1s en su propio trabajo que en su familia.&nbsp; Esa es la tentaci\u00f3n para cada padre de familia, sentirse m\u00e1s realizado mediante sus propios logros laborales que en el hecho de desarrollar una vida espiritual profunda con su esposa y de educar a sus hijos.<\/p>\n\n\n\n<p>Los padres y tambi\u00e9n los abuelos, tienen una gran tarea para instruir a sus hijos en el camino del conocimiento de Dios.&nbsp; Noe ten\u00eda tres hijos adultos y ya deber\u00edan haber recibido instrucci\u00f3n de su padre.&nbsp; Sin embargo, ten\u00eda un nieto, Canaan, que necesitaba toda la instrucci\u00f3n necesaria para llegar a ser un hombre justo y recto.&nbsp; Pero Noe se dedic\u00f3 m\u00e1s a la producci\u00f3n agr\u00edcola que de la educaci\u00f3n espiritual de sus descendientes.<\/p>\n\n\n\n<p>Ezequiel 14 nos dice que los hijos de Noe no pudieron ser liberados de un juicio divino espec\u00edfico sobre diferentes naciones y especialmente sobre Israel.&nbsp; Solo Noe es mencionado junto con otros dos paradigmas.&nbsp; Sus hijos no eran tan justos como \u00e9l.<\/p>\n\n\n\n<p>El resultado de esa falta de educaci\u00f3n a la Palabra de Dios a favor de sus hijos, se vio m\u00e1s adelante. Con algunas excepciones, pr\u00e1cticamente todos los descendientes de Noe se rebelaron contra el Se\u00f1or bajo el reinado de Nimrod.&nbsp; Su rebeld\u00eda fue castigada con confusi\u00f3n, y lo hijos de Noe fueron esparcidos por toda la tierra.<\/p>\n\n\n\n<p>Sin embargo, gracias a la misericordia del Se\u00f1or, solo Sem alcanz\u00f3 un nivel espiritual que honrara al Se\u00f1or con sus hijos y su linaje. En la d\u00e9cima generaci\u00f3n vemos al Se\u00f1or obrando a favor de la raza humana creando a Abram, de quien Dios mismo expres\u00f3 que \u00e9l -Abram-, le ense\u00f1ar\u00eda a sus hijos y a los hijos de sus hijos que el Se\u00f1or es Dios. G\u00e9nesis 18:19 \u201cPorque yo lo he escogido para que mande a sus hijos y a su casa despu\u00e9s de \u00e9l que guarden el camino del SE\u00d1OR, haciendo justicia y juicio, para que el SE\u00d1OR cumpla en Abraham todo lo que \u00c9l ha dicho acerca de \u00e9l\u201d.<\/p>\n\n\n\n<p>Si Dios no interviene en la vida de este hombre quien fue el padre de multitudes, ver\u00edamos otro panorama con respecto a la vida de los patriarcas que nos legaron al Mes\u00edas prometido, nuestro Se\u00f1or Jesus.&nbsp; El descuido de un padre que Dios hab\u00eda llamado \u201cjusto\u201d nos muestra que no solo del trabajo vive el hombre.<\/p>\n\n\n\n<p>\u00a1\u00a1Qu\u00e9 importante es ser padre!! \u00a1Qu\u00e9 importante es instruir a los hijos en el camino del Se\u00f1or! Noe no tuvo esa capacidad, por eso el Se\u00f1or tuvo que escoger a otro que s\u00ed la ten\u00eda.<\/p>\n\n\n\n<p>\u00bfY nosotros\u2026?<\/p>\n","protected":false},"excerpt":{"rendered":"<p>G\u00e9nesis 12:1 \u201cY el SE\u00d1OR dijo a Abram: Vete de tu tierra, de entre tus parientes y de la casa de tu padre, a la tierra que yo te mostrar\u00e9\u201d Bueno, estamos en la era de la p\u00e9rdida de los valores familiares. Pero no se asusten, lectores, que eso ya sucedi\u00f3 mucho antes que todos [&hellip;]<\/p>\n","protected":false},"author":3,"featured_media":14150,"comment_status":"open","ping_status":"open","sticky":false,"template":"","format":"standard","meta":[],"categories":[36],"tags":[],"yoast_head":"<!-- This site is optimized with the Yoast SEO plugin v20.8 - https:\/\/yoast.com\/wordpress\/plugins\/seo\/ -->\n<title>\u00a1La importancia de ser padre! - La Prensa Cristiana<\/title>\n<meta name=\"robots\" content=\"index, follow, max-snippet:-1, max-image-preview:large, max-video-preview:-1\" \/>\n<link rel=\"canonical\" href=\"https:\/\/laprensacristiana.com\/?p=14761\" \/>\n<meta property=\"og:locale\" content=\"es_ES\" \/>\n<meta property=\"og:type\" content=\"article\" \/>\n<meta property=\"og:title\" content=\"\u00a1La importancia de ser padre! - La Prensa Cristiana\" \/>\n<meta property=\"og:description\" content=\"G\u00e9nesis 12:1 \u201cY el SE\u00d1OR dijo a Abram: Vete de tu tierra, de entre tus parientes y de la casa de tu padre, a la tierra que yo te mostrar\u00e9\u201d Bueno, estamos en la era de la p\u00e9rdida de los valores familiares. Pero no se asusten, lectores, que eso ya sucedi\u00f3 mucho antes que todos [&hellip;]\" \/>\n<meta property=\"og:url\" content=\"https:\/\/laprensacristiana.com\/?p=14761\" \/>\n<meta property=\"og:site_name\" content=\"La Prensa Cristiana\" \/>\n<meta property=\"article:published_time\" content=\"2023-03-31T12:33:05+00:00\" \/>\n<meta property=\"article:modified_time\" content=\"2023-03-31T12:33:06+00:00\" \/>\n<meta property=\"og:image\" content=\"https:\/\/laprensacristiana.com\/wp-content\/uploads\/2023\/01\/1F11EC58-FE18-48A4-826F-4E98CC130973.png\" \/>\n\t<meta property=\"og:image:width\" content=\"1280\" \/>\n\t<meta property=\"og:image:height\" content=\"714\" \/>\n\t<meta property=\"og:image:type\" content=\"image\/png\" \/>\n<meta name=\"author\" content=\"EDITOR\" \/>\n<meta name=\"twitter:card\" content=\"summary_large_image\" \/>\n<meta name=\"twitter:label1\" content=\"Escrito por\" \/>\n\t<meta name=\"twitter:data1\" content=\"EDITOR\" \/>\n\t<meta name=\"twitter:label2\" content=\"Tiempo de lectura\" \/>\n\t<meta name=\"twitter:data2\" content=\"4 minutos\" \/>\n<script type=\"application\/ld+json\" class=\"yoast-schema-graph\">{\"@context\":\"https:\/\/schema.org\",\"@graph\":[{\"@type\":\"WebPage\",\"@id\":\"https:\/\/laprensacristiana.com\/?p=14761\",\"url\":\"https:\/\/laprensacristiana.com\/?p=14761\",\"name\":\"\u00a1La importancia de ser padre! - La Prensa Cristiana\",\"isPartOf\":{\"@id\":\"https:\/\/laprensacristiana.com\/#website\"},\"datePublished\":\"2023-03-31T12:33:05+00:00\",\"dateModified\":\"2023-03-31T12:33:06+00:00\",\"author\":{\"@id\":\"https:\/\/laprensacristiana.com\/#\/schema\/person\/3e7d82c6bfd6b1fa67010f8f7cd5256e\"},\"breadcrumb\":{\"@id\":\"https:\/\/laprensacristiana.com\/?p=14761#breadcrumb\"},\"inLanguage\":\"es\",\"potentialAction\":[{\"@type\":\"ReadAction\",\"target\":[\"https:\/\/laprensacristiana.com\/?p=14761\"]}]},{\"@type\":\"BreadcrumbList\",\"@id\":\"https:\/\/laprensacristiana.com\/?p=14761#breadcrumb\",\"itemListElement\":[{\"@type\":\"ListItem\",\"position\":1,\"name\":\"Portada\",\"item\":\"https:\/\/laprensacristiana.com\/\"},{\"@type\":\"ListItem\",\"position\":2,\"name\":\"\u00a1La importancia de ser padre!\"}]},{\"@type\":\"WebSite\",\"@id\":\"https:\/\/laprensacristiana.com\/#website\",\"url\":\"https:\/\/laprensacristiana.com\/\",\"name\":\"La Prensa Cristiana\",\"description\":\"Anunciando Las Buenas Nuevas\",\"potentialAction\":[{\"@type\":\"SearchAction\",\"target\":{\"@type\":\"EntryPoint\",\"urlTemplate\":\"https:\/\/laprensacristiana.com\/?s={search_term_string}\"},\"query-input\":\"required name=search_term_string\"}],\"inLanguage\":\"es\"},{\"@type\":\"Person\",\"@id\":\"https:\/\/laprensacristiana.com\/#\/schema\/person\/3e7d82c6bfd6b1fa67010f8f7cd5256e\",\"name\":\"EDITOR\",\"image\":{\"@type\":\"ImageObject\",\"inLanguage\":\"es\",\"@id\":\"https:\/\/laprensacristiana.com\/#\/schema\/person\/image\/\",\"url\":\"https:\/\/secure.gravatar.com\/avatar\/72069dfb6c13772d9e8381e3638666d2?s=96&d=mm&r=g\",\"contentUrl\":\"https:\/\/secure.gravatar.com\/avatar\/72069dfb6c13772d9e8381e3638666d2?s=96&d=mm&r=g\",\"caption\":\"EDITOR\"},\"url\":\"https:\/\/laprensacristiana.com\/?author=3\"}]}<\/script>\n<!-- \/ Yoast SEO plugin. -->","yoast_head_json":{"title":"\u00a1La importancia de ser padre! - La Prensa Cristiana","robots":{"index":"index","follow":"follow","max-snippet":"max-snippet:-1","max-image-preview":"max-image-preview:large","max-video-preview":"max-video-preview:-1"},"canonical":"https:\/\/laprensacristiana.com\/?p=14761","og_locale":"es_ES","og_type":"article","og_title":"\u00a1La importancia de ser padre! - La Prensa Cristiana","og_description":"G\u00e9nesis 12:1 \u201cY el SE\u00d1OR dijo a Abram: Vete de tu tierra, de entre tus parientes y de la casa de tu padre, a la tierra que yo te mostrar\u00e9\u201d Bueno, estamos en la era de la p\u00e9rdida de los valores familiares. Pero no se asusten, lectores, que eso ya sucedi\u00f3 mucho antes que todos [&hellip;]","og_url":"https:\/\/laprensacristiana.com\/?p=14761","og_site_name":"La Prensa Cristiana","article_published_time":"2023-03-31T12:33:05+00:00","article_modified_time":"2023-03-31T12:33:06+00:00","og_image":[{"width":1280,"height":714,"url":"https:\/\/laprensacristiana.com\/wp-content\/uploads\/2023\/01\/1F11EC58-FE18-48A4-826F-4E98CC130973.png","type":"image\/png"}],"author":"EDITOR","twitter_card":"summary_large_image","twitter_misc":{"Escrito por":"EDITOR","Tiempo de lectura":"4 minutos"},"schema":{"@context":"https:\/\/schema.org","@graph":[{"@type":"WebPage","@id":"https:\/\/laprensacristiana.com\/?p=14761","url":"https:\/\/laprensacristiana.com\/?p=14761","name":"\u00a1La importancia de ser padre! - La Prensa Cristiana","isPartOf":{"@id":"https:\/\/laprensacristiana.com\/#website"},"datePublished":"2023-03-31T12:33:05+00:00","dateModified":"2023-03-31T12:33:06+00:00","author":{"@id":"https:\/\/laprensacristiana.com\/#\/schema\/person\/3e7d82c6bfd6b1fa67010f8f7cd5256e"},"breadcrumb":{"@id":"https:\/\/laprensacristiana.com\/?p=14761#breadcrumb"},"inLanguage":"es","potentialAction":[{"@type":"ReadAction","target":["https:\/\/laprensacristiana.com\/?p=14761"]}]},{"@type":"BreadcrumbList","@id":"https:\/\/laprensacristiana.com\/?p=14761#breadcrumb","itemListElement":[{"@type":"ListItem","position":1,"name":"Portada","item":"https:\/\/laprensacristiana.com\/"},{"@type":"ListItem","position":2,"name":"\u00a1La importancia de ser padre!"}]},{"@type":"WebSite","@id":"https:\/\/laprensacristiana.com\/#website","url":"https:\/\/laprensacristiana.com\/","name":"La Prensa Cristiana","description":"Anunciando Las Buenas Nuevas","potentialAction":[{"@type":"SearchAction","target":{"@type":"EntryPoint","urlTemplate":"https:\/\/laprensacristiana.com\/?s={search_term_string}"},"query-input":"required name=search_term_string"}],"inLanguage":"es"},{"@type":"Person","@id":"https:\/\/laprensacristiana.com\/#\/schema\/person\/3e7d82c6bfd6b1fa67010f8f7cd5256e","name":"EDITOR","image":{"@type":"ImageObject","inLanguage":"es","@id":"https:\/\/laprensacristiana.com\/#\/schema\/person\/image\/","url":"https:\/\/secure.gravatar.com\/avatar\/72069dfb6c13772d9e8381e3638666d2?s=96&d=mm&r=g","contentUrl":"https:\/\/secure.gravatar.com\/avatar\/72069dfb6c13772d9e8381e3638666d2?s=96&d=mm&r=g","caption":"EDITOR"},"url":"https:\/\/laprensacristiana.com\/?author=3"}]}},"_links":{"self":[{"href":"https:\/\/laprensacristiana.com\/index.php?rest_route=\/wp\/v2\/posts\/14761"}],"collection":[{"href":"https:\/\/laprensacristiana.com\/index.php?rest_route=\/wp\/v2\/posts"}],"about":[{"href":"https:\/\/laprensacristiana.com\/index.php?rest_route=\/wp\/v2\/types\/post"}],"author":[{"embeddable":true,"href":"https:\/\/laprensacristiana.com\/index.php?rest_route=\/wp\/v2\/users\/3"}],"replies":[{"embeddable":true,"href":"https:\/\/laprensacristiana.com\/index.php?rest_route=%2Fwp%2Fv2%2Fcomments&post=14761"}],"version-history":[{"count":1,"href":"https:\/\/laprensacristiana.com\/index.php?rest_route=\/wp\/v2\/posts\/14761\/revisions"}],"predecessor-version":[{"id":14762,"href":"https:\/\/laprensacristiana.com\/index.php?rest_route=\/wp\/v2\/posts\/14761\/revisions\/14762"}],"wp:featuredmedia":[{"embeddable":true,"href":"https:\/\/laprensacristiana.com\/index.php?rest_route=\/wp\/v2\/media\/14150"}],"wp:attachment":[{"href":"https:\/\/laprensacristiana.com\/index.php?rest_route=%2Fwp%2Fv2%2Fmedia&parent=14761"}],"wp:term":[{"taxonomy":"category","embeddable":true,"href":"https:\/\/laprensacristiana.com\/index.php?rest_route=%2Fwp%2Fv2%2Fcategories&post=14761"},{"taxonomy":"post_tag","embeddable":true,"href":"https:\/\/laprensacristiana.com\/index.php?rest_route=%2Fwp%2Fv2%2Ftags&post=14761"}],"curies":[{"name":"wp","href":"https:\/\/api.w.org\/{rel}","templated":true}]}}