{"id":14766,"date":"2023-03-31T12:45:53","date_gmt":"2023-03-31T12:45:53","guid":{"rendered":"https:\/\/laprensacristiana.com\/?p=14766"},"modified":"2023-03-31T12:46:50","modified_gmt":"2023-03-31T12:46:50","slug":"alianza-evangelica-latina-emite-comunicado-ante-la-tragedia-de-migrantes-en-ciudad-juarez","status":"publish","type":"post","link":"https:\/\/laprensacristiana.com\/?p=14766","title":{"rendered":"Alianza Evang\u00e9lica Latina emite comunicado ante la tragedia de migrantes en Ciudad Ju\u00e1rez"},"content":{"rendered":"\n<p>El pasado lunes 27 de marzo ocurri\u00f3 un incendio en el Instituto Nacional de Migraci\u00f3n en Ciudad de Ju\u00e1rez, frontera con EEUU, por causas desconocidas, dejando como resultado la muerte de 39 personas migrantes, de las cuales 12 eran salvadore\u00f1as.<\/p>\n\n\n\n<p>Los migrantes se encontraban en hacinamiento y en condiciones inhumanas, la Comisi\u00f3n de Asuntos Humanitarios y Di\u00e1logo Cooperativo de la Alianza Evang\u00e9lica Latina a trav\u00e9s de un comunicado expresaron su sentir y solidaridad con las v\u00edctimas. Solicitando a las autoridades mexicanas que se haga justicia.<\/p>\n\n\n\n<figure class=\"wp-block-image size-large\"><img decoding=\"async\" loading=\"lazy\" width=\"720\" height=\"902\" src=\"https:\/\/laprensacristiana.com\/wp-content\/uploads\/2023\/03\/WhatsApp-Image-2023-03-30-at-10.24.12.jpeg\" alt=\"\" class=\"wp-image-14768\" srcset=\"https:\/\/laprensacristiana.com\/wp-content\/uploads\/2023\/03\/WhatsApp-Image-2023-03-30-at-10.24.12.jpeg 720w, https:\/\/laprensacristiana.com\/wp-content\/uploads\/2023\/03\/WhatsApp-Image-2023-03-30-at-10.24.12-239x300.jpeg 239w, https:\/\/laprensacristiana.com\/wp-content\/uploads\/2023\/03\/WhatsApp-Image-2023-03-30-at-10.24.12-696x872.jpeg 696w, https:\/\/laprensacristiana.com\/wp-content\/uploads\/2023\/03\/WhatsApp-Image-2023-03-30-at-10.24.12-600x752.jpeg 600w\" sizes=\"(max-width: 720px) 100vw, 720px\" \/><\/figure>\n","protected":false},"excerpt":{"rendered":"<p>El pasado lunes 27 de marzo ocurri\u00f3 un incendio en el Instituto Nacional de Migraci\u00f3n en Ciudad de Ju\u00e1rez, frontera con EEUU, por causas desconocidas, dejando como resultado la muerte de 39 personas migrantes, de las cuales 12 eran salvadore\u00f1as. Los migrantes se encontraban en hacinamiento y en condiciones inhumanas, la Comisi\u00f3n de Asuntos Humanitarios [&hellip;]<\/p>\n","protected":false},"author":3,"featured_media":14767,"comment_status":"open","ping_status":"open","sticky":false,"template":"","format":"standard","meta":[],"categories":[56],"tags":[],"yoast_head":"<!-- This site is optimized with the Yoast SEO plugin v20.8 - https:\/\/yoast.com\/wordpress\/plugins\/seo\/ -->\n<title>Alianza Evang\u00e9lica Latina emite comunicado ante la tragedia de migrantes en Ciudad Ju\u00e1rez - La Prensa Cristiana<\/title>\n<meta name=\"robots\" content=\"index, follow, max-snippet:-1, max-image-preview:large, max-video-preview:-1\" \/>\n<link rel=\"canonical\" href=\"https:\/\/laprensacristiana.com\/?p=14766\" \/>\n<meta property=\"og:locale\" content=\"es_ES\" \/>\n<meta property=\"og:type\" content=\"article\" \/>\n<meta property=\"og:title\" content=\"Alianza Evang\u00e9lica Latina emite comunicado ante la tragedia de migrantes en Ciudad Ju\u00e1rez - La Prensa Cristiana\" \/>\n<meta property=\"og:description\" content=\"El pasado lunes 27 de marzo ocurri\u00f3 un incendio en el Instituto Nacional de Migraci\u00f3n en Ciudad de Ju\u00e1rez, frontera con EEUU, por causas desconocidas, dejando como resultado la muerte de 39 personas migrantes, de las cuales 12 eran salvadore\u00f1as. Los migrantes se encontraban en hacinamiento y en condiciones inhumanas, la Comisi\u00f3n de Asuntos Humanitarios [&hellip;]\" \/>\n<meta property=\"og:url\" content=\"https:\/\/laprensacristiana.com\/?p=14766\" \/>\n<meta property=\"og:site_name\" content=\"La Prensa Cristiana\" \/>\n<meta property=\"article:published_time\" content=\"2023-03-31T12:45:53+00:00\" \/>\n<meta property=\"article:modified_time\" content=\"2023-03-31T12:46:50+00:00\" \/>\n<meta property=\"og:image\" content=\"https:\/\/laprensacristiana.com\/wp-content\/uploads\/2023\/03\/foto-migrantes-copia.jpg\" \/>\n\t<meta property=\"og:image:width\" content=\"2000\" \/>\n\t<meta property=\"og:image:height\" content=\"1111\" \/>\n\t<meta property=\"og:image:type\" content=\"image\/jpeg\" \/>\n<meta name=\"author\" content=\"EDITOR\" \/>\n<meta name=\"twitter:card\" content=\"summary_large_image\" \/>\n<meta name=\"twitter:label1\" content=\"Escrito por\" \/>\n\t<meta name=\"twitter:data1\" content=\"EDITOR\" \/>\n<script type=\"application\/ld+json\" class=\"yoast-schema-graph\">{\"@context\":\"https:\/\/schema.org\",\"@graph\":[{\"@type\":\"WebPage\",\"@id\":\"https:\/\/laprensacristiana.com\/?p=14766\",\"url\":\"https:\/\/laprensacristiana.com\/?p=14766\",\"name\":\"Alianza Evang\u00e9lica Latina emite comunicado ante la tragedia de migrantes en Ciudad Ju\u00e1rez - La Prensa Cristiana\",\"isPartOf\":{\"@id\":\"https:\/\/laprensacristiana.com\/#website\"},\"datePublished\":\"2023-03-31T12:45:53+00:00\",\"dateModified\":\"2023-03-31T12:46:50+00:00\",\"author\":{\"@id\":\"https:\/\/laprensacristiana.com\/#\/schema\/person\/3e7d82c6bfd6b1fa67010f8f7cd5256e\"},\"breadcrumb\":{\"@id\":\"https:\/\/laprensacristiana.com\/?p=14766#breadcrumb\"},\"inLanguage\":\"es\",\"potentialAction\":[{\"@type\":\"ReadAction\",\"target\":[\"https:\/\/laprensacristiana.com\/?p=14766\"]}]},{\"@type\":\"BreadcrumbList\",\"@id\":\"https:\/\/laprensacristiana.com\/?p=14766#breadcrumb\",\"itemListElement\":[{\"@type\":\"ListItem\",\"position\":1,\"name\":\"Portada\",\"item\":\"https:\/\/laprensacristiana.com\/\"},{\"@type\":\"ListItem\",\"position\":2,\"name\":\"Alianza Evang\u00e9lica Latina emite comunicado ante la tragedia de migrantes en Ciudad Ju\u00e1rez\"}]},{\"@type\":\"WebSite\",\"@id\":\"https:\/\/laprensacristiana.com\/#website\",\"url\":\"https:\/\/laprensacristiana.com\/\",\"name\":\"La Prensa Cristiana\",\"description\":\"Anunciando Las Buenas Nuevas\",\"potentialAction\":[{\"@type\":\"SearchAction\",\"target\":{\"@type\":\"EntryPoint\",\"urlTemplate\":\"https:\/\/laprensacristiana.com\/?s={search_term_string}\"},\"query-input\":\"required name=search_term_string\"}],\"inLanguage\":\"es\"},{\"@type\":\"Person\",\"@id\":\"https:\/\/laprensacristiana.com\/#\/schema\/person\/3e7d82c6bfd6b1fa67010f8f7cd5256e\",\"name\":\"EDITOR\",\"image\":{\"@type\":\"ImageObject\",\"inLanguage\":\"es\",\"@id\":\"https:\/\/laprensacristiana.com\/#\/schema\/person\/image\/\",\"url\":\"https:\/\/secure.gravatar.com\/avatar\/72069dfb6c13772d9e8381e3638666d2?s=96&d=mm&r=g\",\"contentUrl\":\"https:\/\/secure.gravatar.com\/avatar\/72069dfb6c13772d9e8381e3638666d2?s=96&d=mm&r=g\",\"caption\":\"EDITOR\"},\"url\":\"https:\/\/laprensacristiana.com\/?author=3\"}]}<\/script>\n<!-- \/ Yoast SEO plugin. -->","yoast_head_json":{"title":"Alianza Evang\u00e9lica Latina emite comunicado ante la tragedia de migrantes en Ciudad Ju\u00e1rez - La Prensa Cristiana","robots":{"index":"index","follow":"follow","max-snippet":"max-snippet:-1","max-image-preview":"max-image-preview:large","max-video-preview":"max-video-preview:-1"},"canonical":"https:\/\/laprensacristiana.com\/?p=14766","og_locale":"es_ES","og_type":"article","og_title":"Alianza Evang\u00e9lica Latina emite comunicado ante la tragedia de migrantes en Ciudad Ju\u00e1rez - La Prensa Cristiana","og_description":"El pasado lunes 27 de marzo ocurri\u00f3 un incendio en el Instituto Nacional de Migraci\u00f3n en Ciudad de Ju\u00e1rez, frontera con EEUU, por causas desconocidas, dejando como resultado la muerte de 39 personas migrantes, de las cuales 12 eran salvadore\u00f1as. Los migrantes se encontraban en hacinamiento y en condiciones inhumanas, la Comisi\u00f3n de Asuntos Humanitarios [&hellip;]","og_url":"https:\/\/laprensacristiana.com\/?p=14766","og_site_name":"La Prensa Cristiana","article_published_time":"2023-03-31T12:45:53+00:00","article_modified_time":"2023-03-31T12:46:50+00:00","og_image":[{"width":2000,"height":1111,"url":"https:\/\/laprensacristiana.com\/wp-content\/uploads\/2023\/03\/foto-migrantes-copia.jpg","type":"image\/jpeg"}],"author":"EDITOR","twitter_card":"summary_large_image","twitter_misc":{"Escrito por":"EDITOR"},"schema":{"@context":"https:\/\/schema.org","@graph":[{"@type":"WebPage","@id":"https:\/\/laprensacristiana.com\/?p=14766","url":"https:\/\/laprensacristiana.com\/?p=14766","name":"Alianza Evang\u00e9lica Latina emite comunicado ante la tragedia de migrantes en Ciudad Ju\u00e1rez - La Prensa Cristiana","isPartOf":{"@id":"https:\/\/laprensacristiana.com\/#website"},"datePublished":"2023-03-31T12:45:53+00:00","dateModified":"2023-03-31T12:46:50+00:00","author":{"@id":"https:\/\/laprensacristiana.com\/#\/schema\/person\/3e7d82c6bfd6b1fa67010f8f7cd5256e"},"breadcrumb":{"@id":"https:\/\/laprensacristiana.com\/?p=14766#breadcrumb"},"inLanguage":"es","potentialAction":[{"@type":"ReadAction","target":["https:\/\/laprensacristiana.com\/?p=14766"]}]},{"@type":"BreadcrumbList","@id":"https:\/\/laprensacristiana.com\/?p=14766#breadcrumb","itemListElement":[{"@type":"ListItem","position":1,"name":"Portada","item":"https:\/\/laprensacristiana.com\/"},{"@type":"ListItem","position":2,"name":"Alianza Evang\u00e9lica Latina emite comunicado ante la tragedia de migrantes en Ciudad Ju\u00e1rez"}]},{"@type":"WebSite","@id":"https:\/\/laprensacristiana.com\/#website","url":"https:\/\/laprensacristiana.com\/","name":"La Prensa Cristiana","description":"Anunciando Las Buenas Nuevas","potentialAction":[{"@type":"SearchAction","target":{"@type":"EntryPoint","urlTemplate":"https:\/\/laprensacristiana.com\/?s={search_term_string}"},"query-input":"required name=search_term_string"}],"inLanguage":"es"},{"@type":"Person","@id":"https:\/\/laprensacristiana.com\/#\/schema\/person\/3e7d82c6bfd6b1fa67010f8f7cd5256e","name":"EDITOR","image":{"@type":"ImageObject","inLanguage":"es","@id":"https:\/\/laprensacristiana.com\/#\/schema\/person\/image\/","url":"https:\/\/secure.gravatar.com\/avatar\/72069dfb6c13772d9e8381e3638666d2?s=96&d=mm&r=g","contentUrl":"https:\/\/secure.gravatar.com\/avatar\/72069dfb6c13772d9e8381e3638666d2?s=96&d=mm&r=g","caption":"EDITOR"},"url":"https:\/\/laprensacristiana.com\/?author=3"}]}},"_links":{"self":[{"href":"https:\/\/laprensacristiana.com\/index.php?rest_route=\/wp\/v2\/posts\/14766"}],"collection":[{"href":"https:\/\/laprensacristiana.com\/index.php?rest_route=\/wp\/v2\/posts"}],"about":[{"href":"https:\/\/laprensacristiana.com\/index.php?rest_route=\/wp\/v2\/types\/post"}],"author":[{"embeddable":true,"href":"https:\/\/laprensacristiana.com\/index.php?rest_route=\/wp\/v2\/users\/3"}],"replies":[{"embeddable":true,"href":"https:\/\/laprensacristiana.com\/index.php?rest_route=%2Fwp%2Fv2%2Fcomments&post=14766"}],"version-history":[{"count":1,"href":"https:\/\/laprensacristiana.com\/index.php?rest_route=\/wp\/v2\/posts\/14766\/revisions"}],"predecessor-version":[{"id":14769,"href":"https:\/\/laprensacristiana.com\/index.php?rest_route=\/wp\/v2\/posts\/14766\/revisions\/14769"}],"wp:featuredmedia":[{"embeddable":true,"href":"https:\/\/laprensacristiana.com\/index.php?rest_route=\/wp\/v2\/media\/14767"}],"wp:attachment":[{"href":"https:\/\/laprensacristiana.com\/index.php?rest_route=%2Fwp%2Fv2%2Fmedia&parent=14766"}],"wp:term":[{"taxonomy":"category","embeddable":true,"href":"https:\/\/laprensacristiana.com\/index.php?rest_route=%2Fwp%2Fv2%2Fcategories&post=14766"},{"taxonomy":"post_tag","embeddable":true,"href":"https:\/\/laprensacristiana.com\/index.php?rest_route=%2Fwp%2Fv2%2Ftags&post=14766"}],"curies":[{"name":"wp","href":"https:\/\/api.w.org\/{rel}","templated":true}]}}