{"id":14781,"date":"2023-04-04T20:23:08","date_gmt":"2023-04-04T20:23:08","guid":{"rendered":"https:\/\/laprensacristiana.com\/?p=14781"},"modified":"2023-04-04T20:23:09","modified_gmt":"2023-04-04T20:23:09","slug":"oro-negro-a-precio-del-oro","status":"publish","type":"post","link":"https:\/\/laprensacristiana.com\/?p=14781","title":{"rendered":"Oro negro a precio del oro"},"content":{"rendered":"\n<p>Las malas noticias parecen perseguirnos. O se trata del clima que cambia a una velocidad sorprendente, o, los criminales de todo tipo hacen y deshacen con completa impunidad en nuestras ciudades y barrios, o, ahora, se trata del petr\u00f3leo y sus derivados que se van a las nubes , haciendo que todo suba y que el dinero no alcance.<\/p>\n\n\n\n<p>\u201cLa decisi\u00f3n sorpresiva de la OPEP y sus aliados de reducir dr\u00e1sticamente la producci\u00f3n de petr\u00f3leo pronto se sentir\u00e1 en los surtidores de gasolina de Estados Unidos.<\/p>\n\n\n\n<p>El grupo conocido como OPEP anunci\u00f3 este domingo que reducir\u00eda la producci\u00f3n de petr\u00f3leo en m\u00e1s de 1,6 millones de barriles por d\u00eda a partir de mayo y hasta fin de a\u00f1o. La noticia hizo que tanto los futuros del crudo Brent, el punto de referencia mundial del petr\u00f3leo, como el WTI, el punto de referencia de EE.UU., subieran alrededor de un 6% en las operaciones de este lunes.<\/p>\n\n\n\n<p>El anuncio del recorte de la producci\u00f3n tambi\u00e9n tuvo un impacto inmediato en los futuros de la gasolina, que pasar\u00e1n a los conductores estadounidenses mucho m\u00e1s r\u00e1pido que el aumento de los precios del petr\u00f3leo. El RBOB, el precio de la gasolina al por mayor m\u00e1s observado, subi\u00f3 alrededor de 8 centavos por gal\u00f3n, o alrededor del 3%, en las operaciones de la ma\u00f1ana.<\/p>\n\n\n\n<p>\u201cCreo que la OPEP est\u00e1 despertando al monstruo de la inflaci\u00f3n\u201d, dijo Tom Kloza, jefe global de an\u00e1lisis de energ\u00eda de OPIS, que rastrea los precios del gas para AAA (Asociaci\u00f3n Americana del Autom\u00f3vil). \u201cLa Casa Blanca tiene que estar conmocionada y muy enojada. Ciertamente altera el c\u00e1lculo por un tiempo\u201d.<\/p>\n\n\n\n<p>La larga cita anterior, de&nbsp; CNN, no hace sino reflejar la inquietud que la subida del precios del petr\u00f3leo, despierta en los consumidores, que no importa si conducen un autom\u00f3vil o andan de pie, se ver\u00e1n afectados en todos los productos que deban comprarse para vivir o sobrevivir, en el peor de los casos.<\/p>\n\n\n\n<p>Y este recorte en la producci\u00f3n del oro negro, significar\u00e1 inflaci\u00f3n a nivel mundial, otra vez, como si ese flagelo no nos doliera desde hace tiempo, cuando el dinero pierde m\u00e1s y m\u00e1s valor.<\/p>\n\n\n\n<p>Cuando el mayor cartel del petr\u00f3leo dice o hace algo, el resto del mundo escucha. La Organizaci\u00f3n de Pa\u00edses Exportadores de Petr\u00f3leo (OPEP) es una organizaci\u00f3n reconocida desde el 6 de noviembre de 1962 por la Organizaci\u00f3n de las Naciones Unidas (ONU), gracias a la resoluci\u00f3n n\u00famero 6.363.<\/p>\n\n\n\n<p>La OPEP tuvo su sede en Ginebra (Suiza) entre 1960 y 1965, despu\u00e9s la traslad\u00f3 a Viena, gracias a las facilidades que otorg\u00f3 el gobierno austr\u00edaco. La OPEP \u00abpuede tener una gran influencia en el mercado de petr\u00f3leo, especialmente si decide reducir o aumentar su nivel de producci\u00f3n\u00bb.<\/p>\n\n\n\n<p>El 43% de la producci\u00f3n mundial de petr\u00f3leo y el 81% de las reservas mundiales de petr\u00f3leo se encuentran en pa\u00edses miembros de la OPEP.\u200b Su dominio en las exportaciones de crudo, para el tercer trimestre del a\u00f1o 2016, se sit\u00faa en alrededor del 34,9%.3\u200b Adem\u00e1s, concentra la totalidad de la capacidad necesaria de producci\u00f3n de petr\u00f3leo del mundo, lo que, de facto, convierte a la Organizaci\u00f3n de Pa\u00edses Exportadores de Petr\u00f3leo en el banco central del mercado petrolero.<\/p>\n\n\n\n<p>No sabemos cu\u00e1ndo ni c\u00f3mo se acabar\u00e1 el oro negro. Lo que s\u00ed sabemos, es que su precio, su demanda y su necesidad comienza a valer tanto como el otro oro, el de verdad. A lo mejor, en un futuro no muy lejano, comenzaremos a acumular petr\u00f3leo en nuestras casas, porque lo podremos usar como moneda de cambio cuando compremos alimentos. Por qu\u00e9 no, \u00bfser\u00e1 que ya habremos comenzado el tiempo del fin?&nbsp;<\/p>\n\n\n\n<p>(Guillermo Serrano en Ideas y Voces).<\/p>\n","protected":false},"excerpt":{"rendered":"<p>Las malas noticias parecen perseguirnos. O se trata del clima que cambia a una velocidad sorprendente, o, los criminales de todo tipo hacen y deshacen con completa impunidad en nuestras ciudades y barrios, o, ahora, se trata del petr\u00f3leo y sus derivados que se van a las nubes , haciendo que todo suba y que [&hellip;]<\/p>\n","protected":false},"author":3,"featured_media":12597,"comment_status":"open","ping_status":"open","sticky":false,"template":"","format":"standard","meta":[],"categories":[113],"tags":[],"yoast_head":"<!-- This site is optimized with the Yoast SEO plugin v20.8 - https:\/\/yoast.com\/wordpress\/plugins\/seo\/ -->\n<title>Oro negro a precio del oro - La Prensa Cristiana<\/title>\n<meta name=\"robots\" content=\"index, follow, max-snippet:-1, max-image-preview:large, max-video-preview:-1\" \/>\n<link rel=\"canonical\" href=\"https:\/\/laprensacristiana.com\/?p=14781\" \/>\n<meta property=\"og:locale\" content=\"es_ES\" \/>\n<meta property=\"og:type\" content=\"article\" \/>\n<meta property=\"og:title\" content=\"Oro negro a precio del oro - La Prensa Cristiana\" \/>\n<meta property=\"og:description\" content=\"Las malas noticias parecen perseguirnos. O se trata del clima que cambia a una velocidad sorprendente, o, los criminales de todo tipo hacen y deshacen con completa impunidad en nuestras ciudades y barrios, o, ahora, se trata del petr\u00f3leo y sus derivados que se van a las nubes , haciendo que todo suba y que [&hellip;]\" \/>\n<meta property=\"og:url\" content=\"https:\/\/laprensacristiana.com\/?p=14781\" \/>\n<meta property=\"og:site_name\" content=\"La Prensa Cristiana\" \/>\n<meta property=\"article:published_time\" content=\"2023-04-04T20:23:08+00:00\" \/>\n<meta property=\"article:modified_time\" content=\"2023-04-04T20:23:09+00:00\" \/>\n<meta property=\"og:image\" content=\"https:\/\/laprensacristiana.com\/wp-content\/uploads\/2021\/09\/WhatsApp-Image-2021-09-27-at-08.58.18.jpeg\" \/>\n\t<meta property=\"og:image:width\" content=\"487\" \/>\n\t<meta property=\"og:image:height\" content=\"330\" \/>\n\t<meta property=\"og:image:type\" content=\"image\/jpeg\" \/>\n<meta name=\"author\" content=\"EDITOR\" \/>\n<meta name=\"twitter:card\" content=\"summary_large_image\" \/>\n<meta name=\"twitter:label1\" content=\"Escrito por\" \/>\n\t<meta name=\"twitter:data1\" content=\"EDITOR\" \/>\n\t<meta name=\"twitter:label2\" content=\"Tiempo de lectura\" \/>\n\t<meta name=\"twitter:data2\" content=\"3 minutos\" \/>\n<script type=\"application\/ld+json\" class=\"yoast-schema-graph\">{\"@context\":\"https:\/\/schema.org\",\"@graph\":[{\"@type\":\"WebPage\",\"@id\":\"https:\/\/laprensacristiana.com\/?p=14781\",\"url\":\"https:\/\/laprensacristiana.com\/?p=14781\",\"name\":\"Oro negro a precio del oro - La Prensa Cristiana\",\"isPartOf\":{\"@id\":\"https:\/\/laprensacristiana.com\/#website\"},\"datePublished\":\"2023-04-04T20:23:08+00:00\",\"dateModified\":\"2023-04-04T20:23:09+00:00\",\"author\":{\"@id\":\"https:\/\/laprensacristiana.com\/#\/schema\/person\/3e7d82c6bfd6b1fa67010f8f7cd5256e\"},\"breadcrumb\":{\"@id\":\"https:\/\/laprensacristiana.com\/?p=14781#breadcrumb\"},\"inLanguage\":\"es\",\"potentialAction\":[{\"@type\":\"ReadAction\",\"target\":[\"https:\/\/laprensacristiana.com\/?p=14781\"]}]},{\"@type\":\"BreadcrumbList\",\"@id\":\"https:\/\/laprensacristiana.com\/?p=14781#breadcrumb\",\"itemListElement\":[{\"@type\":\"ListItem\",\"position\":1,\"name\":\"Portada\",\"item\":\"https:\/\/laprensacristiana.com\/\"},{\"@type\":\"ListItem\",\"position\":2,\"name\":\"Oro negro a precio del oro\"}]},{\"@type\":\"WebSite\",\"@id\":\"https:\/\/laprensacristiana.com\/#website\",\"url\":\"https:\/\/laprensacristiana.com\/\",\"name\":\"La Prensa Cristiana\",\"description\":\"Anunciando Las Buenas Nuevas\",\"potentialAction\":[{\"@type\":\"SearchAction\",\"target\":{\"@type\":\"EntryPoint\",\"urlTemplate\":\"https:\/\/laprensacristiana.com\/?s={search_term_string}\"},\"query-input\":\"required name=search_term_string\"}],\"inLanguage\":\"es\"},{\"@type\":\"Person\",\"@id\":\"https:\/\/laprensacristiana.com\/#\/schema\/person\/3e7d82c6bfd6b1fa67010f8f7cd5256e\",\"name\":\"EDITOR\",\"image\":{\"@type\":\"ImageObject\",\"inLanguage\":\"es\",\"@id\":\"https:\/\/laprensacristiana.com\/#\/schema\/person\/image\/\",\"url\":\"https:\/\/secure.gravatar.com\/avatar\/72069dfb6c13772d9e8381e3638666d2?s=96&d=mm&r=g\",\"contentUrl\":\"https:\/\/secure.gravatar.com\/avatar\/72069dfb6c13772d9e8381e3638666d2?s=96&d=mm&r=g\",\"caption\":\"EDITOR\"},\"url\":\"https:\/\/laprensacristiana.com\/?author=3\"}]}<\/script>\n<!-- \/ Yoast SEO plugin. -->","yoast_head_json":{"title":"Oro negro a precio del oro - La Prensa Cristiana","robots":{"index":"index","follow":"follow","max-snippet":"max-snippet:-1","max-image-preview":"max-image-preview:large","max-video-preview":"max-video-preview:-1"},"canonical":"https:\/\/laprensacristiana.com\/?p=14781","og_locale":"es_ES","og_type":"article","og_title":"Oro negro a precio del oro - La Prensa Cristiana","og_description":"Las malas noticias parecen perseguirnos. O se trata del clima que cambia a una velocidad sorprendente, o, los criminales de todo tipo hacen y deshacen con completa impunidad en nuestras ciudades y barrios, o, ahora, se trata del petr\u00f3leo y sus derivados que se van a las nubes , haciendo que todo suba y que [&hellip;]","og_url":"https:\/\/laprensacristiana.com\/?p=14781","og_site_name":"La Prensa Cristiana","article_published_time":"2023-04-04T20:23:08+00:00","article_modified_time":"2023-04-04T20:23:09+00:00","og_image":[{"width":487,"height":330,"url":"https:\/\/laprensacristiana.com\/wp-content\/uploads\/2021\/09\/WhatsApp-Image-2021-09-27-at-08.58.18.jpeg","type":"image\/jpeg"}],"author":"EDITOR","twitter_card":"summary_large_image","twitter_misc":{"Escrito por":"EDITOR","Tiempo de lectura":"3 minutos"},"schema":{"@context":"https:\/\/schema.org","@graph":[{"@type":"WebPage","@id":"https:\/\/laprensacristiana.com\/?p=14781","url":"https:\/\/laprensacristiana.com\/?p=14781","name":"Oro negro a precio del oro - La Prensa Cristiana","isPartOf":{"@id":"https:\/\/laprensacristiana.com\/#website"},"datePublished":"2023-04-04T20:23:08+00:00","dateModified":"2023-04-04T20:23:09+00:00","author":{"@id":"https:\/\/laprensacristiana.com\/#\/schema\/person\/3e7d82c6bfd6b1fa67010f8f7cd5256e"},"breadcrumb":{"@id":"https:\/\/laprensacristiana.com\/?p=14781#breadcrumb"},"inLanguage":"es","potentialAction":[{"@type":"ReadAction","target":["https:\/\/laprensacristiana.com\/?p=14781"]}]},{"@type":"BreadcrumbList","@id":"https:\/\/laprensacristiana.com\/?p=14781#breadcrumb","itemListElement":[{"@type":"ListItem","position":1,"name":"Portada","item":"https:\/\/laprensacristiana.com\/"},{"@type":"ListItem","position":2,"name":"Oro negro a precio del oro"}]},{"@type":"WebSite","@id":"https:\/\/laprensacristiana.com\/#website","url":"https:\/\/laprensacristiana.com\/","name":"La Prensa Cristiana","description":"Anunciando Las Buenas Nuevas","potentialAction":[{"@type":"SearchAction","target":{"@type":"EntryPoint","urlTemplate":"https:\/\/laprensacristiana.com\/?s={search_term_string}"},"query-input":"required name=search_term_string"}],"inLanguage":"es"},{"@type":"Person","@id":"https:\/\/laprensacristiana.com\/#\/schema\/person\/3e7d82c6bfd6b1fa67010f8f7cd5256e","name":"EDITOR","image":{"@type":"ImageObject","inLanguage":"es","@id":"https:\/\/laprensacristiana.com\/#\/schema\/person\/image\/","url":"https:\/\/secure.gravatar.com\/avatar\/72069dfb6c13772d9e8381e3638666d2?s=96&d=mm&r=g","contentUrl":"https:\/\/secure.gravatar.com\/avatar\/72069dfb6c13772d9e8381e3638666d2?s=96&d=mm&r=g","caption":"EDITOR"},"url":"https:\/\/laprensacristiana.com\/?author=3"}]}},"_links":{"self":[{"href":"https:\/\/laprensacristiana.com\/index.php?rest_route=\/wp\/v2\/posts\/14781"}],"collection":[{"href":"https:\/\/laprensacristiana.com\/index.php?rest_route=\/wp\/v2\/posts"}],"about":[{"href":"https:\/\/laprensacristiana.com\/index.php?rest_route=\/wp\/v2\/types\/post"}],"author":[{"embeddable":true,"href":"https:\/\/laprensacristiana.com\/index.php?rest_route=\/wp\/v2\/users\/3"}],"replies":[{"embeddable":true,"href":"https:\/\/laprensacristiana.com\/index.php?rest_route=%2Fwp%2Fv2%2Fcomments&post=14781"}],"version-history":[{"count":1,"href":"https:\/\/laprensacristiana.com\/index.php?rest_route=\/wp\/v2\/posts\/14781\/revisions"}],"predecessor-version":[{"id":14782,"href":"https:\/\/laprensacristiana.com\/index.php?rest_route=\/wp\/v2\/posts\/14781\/revisions\/14782"}],"wp:featuredmedia":[{"embeddable":true,"href":"https:\/\/laprensacristiana.com\/index.php?rest_route=\/wp\/v2\/media\/12597"}],"wp:attachment":[{"href":"https:\/\/laprensacristiana.com\/index.php?rest_route=%2Fwp%2Fv2%2Fmedia&parent=14781"}],"wp:term":[{"taxonomy":"category","embeddable":true,"href":"https:\/\/laprensacristiana.com\/index.php?rest_route=%2Fwp%2Fv2%2Fcategories&post=14781"},{"taxonomy":"post_tag","embeddable":true,"href":"https:\/\/laprensacristiana.com\/index.php?rest_route=%2Fwp%2Fv2%2Ftags&post=14781"}],"curies":[{"name":"wp","href":"https:\/\/api.w.org\/{rel}","templated":true}]}}